{"id":55411,"date":"2020-03-18T11:14:19","date_gmt":"2020-03-18T17:14:19","guid":{"rendered":"http:\/\/quehacerpolitico.mx\/?p=55411"},"modified":"2020-03-18T11:14:19","modified_gmt":"2020-03-18T17:14:19","slug":"voces-del-periodista-desde-filomeno-mata-8-mouris-salloum-george-solo-falta-se-declare-suspension-de-poderes-federales","status":"publish","type":"post","link":"https:\/\/quehacerpolitico.mx\/?p=55411","title":{"rendered":"Voces del Periodista Desde Filomeno Mata 8\/\/\/Mouris Salloum George\/\/\/S\u00f3lo falta se declare suspensi\u00f3n de poderes federales"},"content":{"rendered":"<h1 class=\"entry-title penci-entry-title penci-title-\">S\u00f3lo falta se declare suspensi\u00f3n de poderes federales<br \/>\nPor Mouris Salloum George<\/h1>\n<p>Director General del Club de Periodistas de M\u00e9xico AC<\/p>\n<p>Conforme crea estado la <strong>esquizofrenia colectiva<\/strong> en M\u00e9xico, es posible que nos estemos acercando al momento en que fuerzas de la oposici\u00f3n partidistas lleguen al extremo de demandar la <strong><em>desaparici\u00f3n de poderes <\/em><\/strong>federales. No es tremendismo: Pruebas al canto.<\/p>\n<p>Camino de Quer\u00e9taro a la Ciudad de M\u00e9xico despu\u00e9s del primer extenuante <em>puente <\/em>primaveral, esta ma\u00f1ana el queretano coordinador de la bancada del PAN en el Senado, <strong>Mauricio Kuri Gonz\u00e1lez <\/strong>anunci\u00f3 su solicitud a la Junta de Coordinaci\u00f3n Pol\u00edtica de la C\u00e1mara alta de que se <strong>suspendan las actividades legislativas<\/strong> durante el periodo de la fase de contingencia por la propagaci\u00f3n del <strong><em>coronavirus<\/em><\/strong>.<\/p>\n<p>El Senado, que hoy suspendi\u00f3 su sesi\u00f3n ordinaria, tendr\u00eda al mediod\u00eda la reuni\u00f3n de la Junta de Coordinaci\u00f3n Pol\u00edtica. Al momento de escribir estos comentarios, no se confirmaba el encuentro. Seg\u00fan Kuri Gonz\u00e1lez, de aprobar el Senado el receso extraordinario, <strong>lo mismo debe hacer su correspondiente en San L\u00e1zaro<\/strong>.<\/p>\n<p>Graves algunos fen\u00f3menos contingentes en la escena pol\u00edtica nacional, la <em>pachorra <\/em>es la conducta que por sistema adoptan algunas corrientes partidistas que, sin embargo, no cesan en su <strong><em>grilla electorera <\/em><\/strong>rumbo a 2021.<\/p>\n<p><strong>Al cuarto para las 12, no bajan al pleno reformas electorales <\/strong><\/p>\n<p>A prop\u00f3sito de 2021, las comisiones de dictamen del Senado tienen pendientes de bajar al pleno los correspondientes a un paquete que abarca desde las leyes generales de <strong>Instituciones y Procedimientos Electorales <\/strong>y<strong> del Sistema de Medios de Impugnaci\u00f3n<\/strong>, hasta la de<strong> Partidos Pol\u00edticos<\/strong>, etc\u00e9tera.<\/p>\n<p>El grado de urgencia de aquellos procesos legislativos lo indica el hecho de que el Instituto Nacional Electoral (INE), una vez que se designen cuatro nuevos consejeros en San L\u00e1zaro, en septiembre-octubre inicia los preparativos de la gran jornada de 2021, con <strong>cambio en 15 gubernaturas, elecciones intermedias de diputados federales <\/strong>y, concurrente con \u00e9stas, la consulta popular sobre la<strong>permanencia del Presidente L\u00f3pez Obrador en Palacio Nacional<\/strong><\/p>\n<p>En otro casillero se encuentran la iniciativa espec\u00edfica de reforma del Poder Judicial de la Federaci\u00f3n y, en general, de la Reforma de la <strong>Justicia Penal<\/strong>.<\/p>\n<p><strong>Bloqueo sistem\u00e1tico al Sistema Nacional Anticorrupci\u00f3n<\/strong><\/p>\n<p>Ilustremos el <strong><em>tortuguismo <\/em><\/strong>en el Congreso de la Uni\u00f3n y espec\u00edficamente en el Senado: A finales de mayo de <strong>2015 <\/strong>(va a ser ya cinco a\u00f1os), el <strong><em>Diario Oficial de la Federaci\u00f3n <\/em><\/strong>public\u00f3 la incorporaci\u00f3n a la Constituci\u00f3n del <strong>Sistema Nacional Anticorrupci\u00f3n <\/strong>(SNA) para combatir la <strong><em>peor peste <\/em><\/strong>que afecta a la sociedad mexicana.<\/p>\n<p>Para que el Sistema cuente con una contralor\u00eda social, se propuso la figura del <strong>Comit\u00e9 de Participaci\u00f3n Ciudadana<\/strong>.<\/p>\n<p>Desde la pasada legislatura federal, por el lado de la bancada <strong>del PRI<\/strong> se interpusieron repetidos obst\u00e1culos a la puesta en marcha del SNA.<\/p>\n<p>Ahora en el Senado, dominado por la bancada del <strong>Movimiento Regeneraci\u00f3n Nacional <\/strong>(Morena) <strong><em>se hace labor de zapa<\/em><\/strong> a fin de impedir que sea integrado el comit\u00e9 de selecci\u00f3n para el Comit\u00e9 de Participaci\u00f3n Ciudadana, que debi\u00f3 estar formado desde noviembre de 2019.<\/p>\n<p>En tres ocasiones, la presidencia de la Comisi\u00f3n Anticorrupci\u00f3n ha convocado a sus miembros a esos efectos. Las tres ocasiones, la m\u00e1s reciente la semana pasada, la reuni\u00f3n se ha suspendido por falta de quorum. <strong>Seis senadores de Morena<\/strong>, con su ausencia por sistema, han reventado la intenci\u00f3n.<\/p>\n<p>Otro asunto cr\u00edtico, es el combate al<strong><em> outsourcing <\/em><\/strong>(triangulaci\u00f3n contractual laboral). En diciembre pasado, la Junta de Coordinaci\u00f3n Pol\u00edtica del Senado instruy\u00f3 a la presidenta de la directiva, M\u00f3nica Fern\u00e1ndez Balboa, que la iniciativa se mantengan en suspenso en espera de lo que resulte del <strong><em>Parlamento abierto<\/em><\/strong>.<\/p>\n<p>Para tranquilidad del senador panista, Kuri Gonz\u00e1lez, no se requiere de declaraci\u00f3n expresa de suspensi\u00f3n del periodo ordinario de sesiones. De todas formas, asuntos de reconocida trascendencia permanecen en la <strong><em>congeladora<\/em><\/strong>. Grave cuesti\u00f3n.<\/p>\n","protected":false},"excerpt":{"rendered":"<p>S\u00f3lo falta se declare suspensi\u00f3n de poderes federales Por Mouris Salloum George Director General del&#8230;<\/p>\n","protected":false},"author":2,"featured_media":55412,"comment_status":"open","ping_status":"open","sticky":false,"template":"","format":"standard","meta":{"_monsterinsights_skip_tracking":false,"_monsterinsights_sitenote_active":false,"_monsterinsights_sitenote_note":"","_monsterinsights_sitenote_category":0,"footnotes":""},"categories":[2],"tags":[],"class_list":["post-55411","post","type-post","status-publish","format-standard","has-post-thumbnail","hentry","category-noticias"],"yoast_head":"<!-- This site is optimized with the Yoast SEO plugin v27.3 - https:\/\/yoast.com\/product\/yoast-seo-wordpress\/ -->\n<title>Voces del Periodista Desde Filomeno Mata 8\/\/\/Mouris Salloum George\/\/\/S\u00f3lo falta se declare suspensi\u00f3n de poderes federales -<\/title>\n<meta name=\"robots\" content=\"index, follow, max-snippet:-1, max-image-preview:large, max-video-preview:-1\" \/>\n<link rel=\"canonical\" href=\"https:\/\/quehacerpolitico.mx\/?p=55411\" \/>\n<meta property=\"og:locale\" content=\"es_MX\" \/>\n<meta property=\"og:type\" content=\"article\" \/>\n<meta property=\"og:title\" content=\"Voces del Periodista Desde Filomeno Mata 8\/\/\/Mouris Salloum George\/\/\/S\u00f3lo falta se declare suspensi\u00f3n de poderes federales -\" \/>\n<meta property=\"og:description\" content=\"S\u00f3lo falta se declare suspensi\u00f3n de poderes federales Por Mouris Salloum George Director General del...\" \/>\n<meta property=\"og:url\" content=\"https:\/\/quehacerpolitico.mx\/?p=55411\" \/>\n<meta property=\"article:published_time\" content=\"2020-03-18T17:14:19+00:00\" \/>\n<meta name=\"author\" content=\"Redacci\u00f3n QP\" \/>\n<meta name=\"twitter:card\" content=\"summary_large_image\" \/>\n<meta name=\"twitter:label1\" content=\"Escrito por\" \/>\n\t<meta name=\"twitter:data1\" content=\"Redacci\u00f3n QP\" \/>\n\t<meta name=\"twitter:label2\" content=\"Tiempo de lectura\" \/>\n\t<meta name=\"twitter:data2\" content=\"3 minutos\" \/>\n<script type=\"application\/ld+json\" class=\"yoast-schema-graph\">{\"@context\":\"https:\\\/\\\/schema.org\",\"@graph\":[{\"@type\":\"Article\",\"@id\":\"https:\\\/\\\/quehacerpolitico.mx\\\/?p=55411#article\",\"isPartOf\":{\"@id\":\"https:\\\/\\\/quehacerpolitico.mx\\\/?p=55411\"},\"author\":{\"name\":\"Redacci\u00f3n QP\",\"@id\":\"https:\\\/\\\/quehacerpolitico.mx\\\/#\\\/schema\\\/person\\\/496d8ad2d1d3f8036101dca7ee39e585\"},\"headline\":\"Voces del Periodista Desde Filomeno Mata 8\\\/\\\/\\\/Mouris Salloum George\\\/\\\/\\\/S\u00f3lo falta se declare suspensi\u00f3n de poderes federales\",\"datePublished\":\"2020-03-18T17:14:19+00:00\",\"mainEntityOfPage\":{\"@id\":\"https:\\\/\\\/quehacerpolitico.mx\\\/?p=55411\"},\"wordCount\":703,\"commentCount\":0,\"image\":{\"@id\":\"https:\\\/\\\/quehacerpolitico.mx\\\/?p=55411#primaryimage\"},\"thumbnailUrl\":\"\",\"articleSection\":[\"Noticias\"],\"inLanguage\":\"es\",\"potentialAction\":[{\"@type\":\"CommentAction\",\"name\":\"Comment\",\"target\":[\"https:\\\/\\\/quehacerpolitico.mx\\\/?p=55411#respond\"]}]},{\"@type\":\"WebPage\",\"@id\":\"https:\\\/\\\/quehacerpolitico.mx\\\/?p=55411\",\"url\":\"https:\\\/\\\/quehacerpolitico.mx\\\/?p=55411\",\"name\":\"Voces del Periodista Desde Filomeno Mata 8\\\/\\\/\\\/Mouris Salloum George\\\/\\\/\\\/S\u00f3lo falta se declare suspensi\u00f3n de poderes federales -\",\"isPartOf\":{\"@id\":\"https:\\\/\\\/quehacerpolitico.mx\\\/#website\"},\"primaryImageOfPage\":{\"@id\":\"https:\\\/\\\/quehacerpolitico.mx\\\/?p=55411#primaryimage\"},\"image\":{\"@id\":\"https:\\\/\\\/quehacerpolitico.mx\\\/?p=55411#primaryimage\"},\"thumbnailUrl\":\"\",\"datePublished\":\"2020-03-18T17:14:19+00:00\",\"author\":{\"@id\":\"https:\\\/\\\/quehacerpolitico.mx\\\/#\\\/schema\\\/person\\\/496d8ad2d1d3f8036101dca7ee39e585\"},\"breadcrumb\":{\"@id\":\"https:\\\/\\\/quehacerpolitico.mx\\\/?p=55411#breadcrumb\"},\"inLanguage\":\"es\",\"potentialAction\":[{\"@type\":\"ReadAction\",\"target\":[\"https:\\\/\\\/quehacerpolitico.mx\\\/?p=55411\"]}]},{\"@type\":\"ImageObject\",\"inLanguage\":\"es\",\"@id\":\"https:\\\/\\\/quehacerpolitico.mx\\\/?p=55411#primaryimage\",\"url\":\"\",\"contentUrl\":\"\"},{\"@type\":\"BreadcrumbList\",\"@id\":\"https:\\\/\\\/quehacerpolitico.mx\\\/?p=55411#breadcrumb\",\"itemListElement\":[{\"@type\":\"ListItem\",\"position\":1,\"name\":\"Inicio\",\"item\":\"https:\\\/\\\/quehacerpolitico.mx\\\/\"},{\"@type\":\"ListItem\",\"position\":2,\"name\":\"Voces del Periodista Desde Filomeno Mata 8\\\/\\\/\\\/Mouris Salloum George\\\/\\\/\\\/S\u00f3lo falta se declare suspensi\u00f3n de poderes federales\"}]},{\"@type\":\"WebSite\",\"@id\":\"https:\\\/\\\/quehacerpolitico.mx\\\/#website\",\"url\":\"https:\\\/\\\/quehacerpolitico.mx\\\/\",\"name\":\"\",\"description\":\"\",\"potentialAction\":[{\"@type\":\"SearchAction\",\"target\":{\"@type\":\"EntryPoint\",\"urlTemplate\":\"https:\\\/\\\/quehacerpolitico.mx\\\/?s={search_term_string}\"},\"query-input\":{\"@type\":\"PropertyValueSpecification\",\"valueRequired\":true,\"valueName\":\"search_term_string\"}}],\"inLanguage\":\"es\"},{\"@type\":\"Person\",\"@id\":\"https:\\\/\\\/quehacerpolitico.mx\\\/#\\\/schema\\\/person\\\/496d8ad2d1d3f8036101dca7ee39e585\",\"name\":\"Redacci\u00f3n QP\",\"image\":{\"@type\":\"ImageObject\",\"inLanguage\":\"es\",\"@id\":\"https:\\\/\\\/secure.gravatar.com\\\/avatar\\\/c7164ed6fdec453195284ad24a5ae5b6e1eed2b848477fa2a4787ba9adf39a41?s=96&d=mm&r=g\",\"url\":\"https:\\\/\\\/secure.gravatar.com\\\/avatar\\\/c7164ed6fdec453195284ad24a5ae5b6e1eed2b848477fa2a4787ba9adf39a41?s=96&d=mm&r=g\",\"contentUrl\":\"https:\\\/\\\/secure.gravatar.com\\\/avatar\\\/c7164ed6fdec453195284ad24a5ae5b6e1eed2b848477fa2a4787ba9adf39a41?s=96&d=mm&r=g\",\"caption\":\"Redacci\u00f3n QP\"},\"url\":\"https:\\\/\\\/quehacerpolitico.mx\\\/?author=2\"}]}<\/script>\n<!-- \/ Yoast SEO plugin. -->","yoast_head_json":{"title":"Voces del Periodista Desde Filomeno Mata 8\/\/\/Mouris Salloum George\/\/\/S\u00f3lo falta se declare suspensi\u00f3n de poderes federales -","robots":{"index":"index","follow":"follow","max-snippet":"max-snippet:-1","max-image-preview":"max-image-preview:large","max-video-preview":"max-video-preview:-1"},"canonical":"https:\/\/quehacerpolitico.mx\/?p=55411","og_locale":"es_MX","og_type":"article","og_title":"Voces del Periodista Desde Filomeno Mata 8\/\/\/Mouris Salloum George\/\/\/S\u00f3lo falta se declare suspensi\u00f3n de poderes federales -","og_description":"S\u00f3lo falta se declare suspensi\u00f3n de poderes federales Por Mouris Salloum George Director General del...","og_url":"https:\/\/quehacerpolitico.mx\/?p=55411","article_published_time":"2020-03-18T17:14:19+00:00","author":"Redacci\u00f3n QP","twitter_card":"summary_large_image","twitter_misc":{"Escrito por":"Redacci\u00f3n QP","Tiempo de lectura":"3 minutos"},"schema":{"@context":"https:\/\/schema.org","@graph":[{"@type":"Article","@id":"https:\/\/quehacerpolitico.mx\/?p=55411#article","isPartOf":{"@id":"https:\/\/quehacerpolitico.mx\/?p=55411"},"author":{"name":"Redacci\u00f3n QP","@id":"https:\/\/quehacerpolitico.mx\/#\/schema\/person\/496d8ad2d1d3f8036101dca7ee39e585"},"headline":"Voces del Periodista Desde Filomeno Mata 8\/\/\/Mouris Salloum George\/\/\/S\u00f3lo falta se declare suspensi\u00f3n de poderes federales","datePublished":"2020-03-18T17:14:19+00:00","mainEntityOfPage":{"@id":"https:\/\/quehacerpolitico.mx\/?p=55411"},"wordCount":703,"commentCount":0,"image":{"@id":"https:\/\/quehacerpolitico.mx\/?p=55411#primaryimage"},"thumbnailUrl":"","articleSection":["Noticias"],"inLanguage":"es","potentialAction":[{"@type":"CommentAction","name":"Comment","target":["https:\/\/quehacerpolitico.mx\/?p=55411#respond"]}]},{"@type":"WebPage","@id":"https:\/\/quehacerpolitico.mx\/?p=55411","url":"https:\/\/quehacerpolitico.mx\/?p=55411","name":"Voces del Periodista Desde Filomeno Mata 8\/\/\/Mouris Salloum George\/\/\/S\u00f3lo falta se declare suspensi\u00f3n de poderes federales -","isPartOf":{"@id":"https:\/\/quehacerpolitico.mx\/#website"},"primaryImageOfPage":{"@id":"https:\/\/quehacerpolitico.mx\/?p=55411#primaryimage"},"image":{"@id":"https:\/\/quehacerpolitico.mx\/?p=55411#primaryimage"},"thumbnailUrl":"","datePublished":"2020-03-18T17:14:19+00:00","author":{"@id":"https:\/\/quehacerpolitico.mx\/#\/schema\/person\/496d8ad2d1d3f8036101dca7ee39e585"},"breadcrumb":{"@id":"https:\/\/quehacerpolitico.mx\/?p=55411#breadcrumb"},"inLanguage":"es","potentialAction":[{"@type":"ReadAction","target":["https:\/\/quehacerpolitico.mx\/?p=55411"]}]},{"@type":"ImageObject","inLanguage":"es","@id":"https:\/\/quehacerpolitico.mx\/?p=55411#primaryimage","url":"","contentUrl":""},{"@type":"BreadcrumbList","@id":"https:\/\/quehacerpolitico.mx\/?p=55411#breadcrumb","itemListElement":[{"@type":"ListItem","position":1,"name":"Inicio","item":"https:\/\/quehacerpolitico.mx\/"},{"@type":"ListItem","position":2,"name":"Voces del Periodista Desde Filomeno Mata 8\/\/\/Mouris Salloum George\/\/\/S\u00f3lo falta se declare suspensi\u00f3n de poderes federales"}]},{"@type":"WebSite","@id":"https:\/\/quehacerpolitico.mx\/#website","url":"https:\/\/quehacerpolitico.mx\/","name":"","description":"","potentialAction":[{"@type":"SearchAction","target":{"@type":"EntryPoint","urlTemplate":"https:\/\/quehacerpolitico.mx\/?s={search_term_string}"},"query-input":{"@type":"PropertyValueSpecification","valueRequired":true,"valueName":"search_term_string"}}],"inLanguage":"es"},{"@type":"Person","@id":"https:\/\/quehacerpolitico.mx\/#\/schema\/person\/496d8ad2d1d3f8036101dca7ee39e585","name":"Redacci\u00f3n QP","image":{"@type":"ImageObject","inLanguage":"es","@id":"https:\/\/secure.gravatar.com\/avatar\/c7164ed6fdec453195284ad24a5ae5b6e1eed2b848477fa2a4787ba9adf39a41?s=96&d=mm&r=g","url":"https:\/\/secure.gravatar.com\/avatar\/c7164ed6fdec453195284ad24a5ae5b6e1eed2b848477fa2a4787ba9adf39a41?s=96&d=mm&r=g","contentUrl":"https:\/\/secure.gravatar.com\/avatar\/c7164ed6fdec453195284ad24a5ae5b6e1eed2b848477fa2a4787ba9adf39a41?s=96&d=mm&r=g","caption":"Redacci\u00f3n QP"},"url":"https:\/\/quehacerpolitico.mx\/?author=2"}]}},"featured_image_urls":{"full":"","thumbnail":"","medium":"","medium_large":"","large":"","1536x1536":"","2048x2048":"","covernews-featured":"","covernews-medium":""},"author_info":{"display_name":"Redacci\u00f3n QP","author_link":"https:\/\/quehacerpolitico.mx\/?author=2"},"category_info":"<a href=\"https:\/\/quehacerpolitico.mx\/?cat=2\" rel=\"category\">Noticias<\/a>","tag_info":"Noticias","comment_count":"0","_links":{"self":[{"href":"https:\/\/quehacerpolitico.mx\/index.php?rest_route=\/wp\/v2\/posts\/55411","targetHints":{"allow":["GET"]}}],"collection":[{"href":"https:\/\/quehacerpolitico.mx\/index.php?rest_route=\/wp\/v2\/posts"}],"about":[{"href":"https:\/\/quehacerpolitico.mx\/index.php?rest_route=\/wp\/v2\/types\/post"}],"author":[{"embeddable":true,"href":"https:\/\/quehacerpolitico.mx\/index.php?rest_route=\/wp\/v2\/users\/2"}],"replies":[{"embeddable":true,"href":"https:\/\/quehacerpolitico.mx\/index.php?rest_route=%2Fwp%2Fv2%2Fcomments&post=55411"}],"version-history":[{"count":0,"href":"https:\/\/quehacerpolitico.mx\/index.php?rest_route=\/wp\/v2\/posts\/55411\/revisions"}],"wp:featuredmedia":[{"embeddable":true,"href":"https:\/\/quehacerpolitico.mx\/index.php?rest_route=\/"}],"wp:attachment":[{"href":"https:\/\/quehacerpolitico.mx\/index.php?rest_route=%2Fwp%2Fv2%2Fmedia&parent=55411"}],"wp:term":[{"taxonomy":"category","embeddable":true,"href":"https:\/\/quehacerpolitico.mx\/index.php?rest_route=%2Fwp%2Fv2%2Fcategories&post=55411"},{"taxonomy":"post_tag","embeddable":true,"href":"https:\/\/quehacerpolitico.mx\/index.php?rest_route=%2Fwp%2Fv2%2Ftags&post=55411"}],"curies":[{"name":"wp","href":"https:\/\/api.w.org\/{rel}","templated":true}]}}