{"id":55364,"date":"2020-03-17T21:47:12","date_gmt":"2020-03-18T03:47:12","guid":{"rendered":"http:\/\/quehacerpolitico.mx\/?p=55364"},"modified":"2020-03-17T21:47:12","modified_gmt":"2020-03-18T03:47:12","slug":"covid-19-el-virus-que-convirtio-a-san-lazaro-en-un-fantasma","status":"publish","type":"post","link":"https:\/\/quehacerpolitico.mx\/?p=55364","title":{"rendered":"COVID-19, el virus que convirti\u00f3 a San L\u00e1zaro en un &#8220;fantasma&#8221;"},"content":{"rendered":"<h1 class=\"news-title\">COVID-19, el virus que convirti\u00f3 a San L\u00e1zaro en un &#8220;fantasma&#8221;<br \/>\nPor Redacci\u00f3n QP<\/h1>\n<div class=\"news-subtitle\">\n<p>El recinto emblem\u00e1tico luce semivac\u00edo debido a los temores de un contagio masivo entre diputados y trabajadores<\/p>\n<\/div>\n<div class=\"social-share-box normal\">\n<div class=\"mod-photogallery\" data-pagination=\".swiper-pagination\" data-id=\"article-photogallery\">\n<div class=\"swiper-container swiper-container-horizontal\">\n<div class=\"swiper-wrapper\">\n<figure class=\"swiper-slide swiper-image active swiper-slide-active\" data-index=\"0\">\n<div class=\"swiper-responsive\" data-openfullscreen=\"\"><img loading=\"lazy\" decoding=\"async\" title=\"Para poder acceder al recinto, las pocas personas que trabajan ah\u00ed deben ser examinadas por personal de seguridad. NTX\/I. Hern\u00e1ndez\" src=\"https:\/\/www.informador.mx\/__export\/1584481450669\/sites\/elinformador\/img\/2020\/03\/17\/200317055__x33281599x.jpg_1970638775.jpg\" alt=\"Para poder acceder al recinto, las pocas personas que trabajan ah\u00ed deben ser examinadas por personal de seguridad. NTX\/I. Hern\u00e1ndez\" width=\"320\" height=\"320\" data-fullscreen=\"\/__export\/1584481450669\/sites\/elinformador\/img\/2020\/03\/17\/200317055__x33281599x.jpg_1709026569.jpg\" \/><\/div><figcaption class=\"swiper-caption\">Para poder acceder al recinto, las pocas personas que trabajan ah\u00ed deben ser examinadas por personal de seguridad. NTX\/I. Hern\u00e1ndez<\/figcaption><\/figure>\n<figure class=\"swiper-slide swiper-image swiper-slide-next\" data-index=\"0\">\n<div class=\"swiper-responsive\" data-openfullscreen=\"\"><button class=\"swiper-fullscreen icon icon__fullscreen_outline\"><\/button><img loading=\"lazy\" decoding=\"async\" title=\"Para poder acceder al recinto, las pocas personas que trabajan ah\u00ed deben ser examinadas por personal de seguridad. NTX\/I. Hern\u00e1ndez\" src=\"https:\/\/www.informador.mx\/__export\/1584481517013\/sites\/elinformador\/img\/2020\/03\/17\/200317056__x33281600x.jpg_1970638775.jpg\" alt=\"Para poder acceder al recinto, las pocas personas que trabajan ah\u00ed deben ser examinadas por personal de seguridad. NTX\/I. Hern\u00e1ndez\" width=\"320\" height=\"320\" data-fullscreen=\"\/__export\/1584481517013\/sites\/elinformador\/img\/2020\/03\/17\/200317056__x33281600x.jpg_1709026569.jpg\" \/><\/div><figcaption class=\"swiper-caption\">Para poder acceder al recinto, las pocas personas que trabajan ah\u00ed deben ser examinadas por personal de seguridad. NTX\/I. Hern\u00e1ndez<\/figcaption><\/figure>\n<figure class=\"swiper-slide swiper-image\" data-index=\"0\">\n<div class=\"swiper-responsive\" data-openfullscreen=\"\"><button class=\"swiper-fullscreen icon icon__fullscreen_outline\"><\/button><img loading=\"lazy\" decoding=\"async\" title=\"Para poder acceder al recinto, las pocas personas que trabajan ah\u00ed deben ser examinadas por personal de seguridad. NTX\/I. Hern\u00e1ndez\" src=\"https:\/\/www.informador.mx\/__export\/1584481538511\/sites\/elinformador\/img\/2020\/03\/17\/200317057__x33281601x.jpg_1970638775.jpg\" alt=\"Para poder acceder al recinto, las pocas personas que trabajan ah\u00ed deben ser examinadas por personal de seguridad. NTX\/I. Hern\u00e1ndez\" width=\"320\" height=\"320\" data-fullscreen=\"\/__export\/1584481538511\/sites\/elinformador\/img\/2020\/03\/17\/200317057__x33281601x.jpg_1709026569.jpg\" \/><\/div><figcaption class=\"swiper-caption\">Para poder acceder al recinto, las pocas personas que trabajan ah\u00ed deben ser examinadas por personal de seguridad. NTX\/I. Hern\u00e1ndez<\/figcaption><\/figure>\n<figure class=\"swiper-slide swiper-image\" data-index=\"0\">\n<div class=\"swiper-responsive\" data-openfullscreen=\"\"><button class=\"swiper-fullscreen icon icon__fullscreen_outline\"><\/button><img loading=\"lazy\" decoding=\"async\" title=\"Para poder acceder al recinto, las pocas personas que trabajan ah\u00ed deben ser examinadas por personal de seguridad. NTX\/I. Hern\u00e1ndez\" src=\"https:\/\/www.informador.mx\/__export\/1584481572435\/sites\/elinformador\/img\/2020\/03\/17\/200317058__x33281602x_1.jpg_1970638775.jpg\" alt=\"Para poder acceder al recinto, las pocas personas que trabajan ah\u00ed deben ser examinadas por personal de seguridad. NTX\/I. Hern\u00e1ndez\" width=\"320\" height=\"320\" data-fullscreen=\"\/__export\/1584481572435\/sites\/elinformador\/img\/2020\/03\/17\/200317058__x33281602x_1.jpg_1709026569.jpg\" \/><\/div><figcaption class=\"swiper-caption\">Para poder acceder al recinto, las pocas personas que trabajan ah\u00ed deben ser examinadas por personal de seguridad. NTX\/I. Hern\u00e1ndez<\/figcaption><\/figure>\n<\/div>\n<\/div>\n<\/div>\n<div class=\"news-body row\">\n<p>El Palacio Legislativo de San L\u00e1zaro, aquel edificio emblem\u00e1tico que se inaugur\u00f3 en 1982 como esa gran obra arquitect\u00f3nica, que albergar\u00eda a la Camara de Diputados\u00a0y el Senado, hoy es un monstruo sin alma, un fantasma.<\/p>\n<p><strong>El miedo de un contagio masivo entre diputados y trabajadores prendi\u00f3 las alertas y se tomaron medidas a partir de este martes<\/strong>. Muchos empleados tienen permiso para faltar y algunas \u00e1reas definieron guardias para evitar la presencia de m\u00e1s personal.<\/p>\n<p>Tambi\u00e9n se restringi\u00f3 el acceso de visitantes, debido a que se cancelaron todos los foros, conversatorios y reuniones de comisi\u00f3n hasta nuevo aviso.<\/p>\n<p>En todos los accesos, <strong>los elementos de resguardo (seguridad) portan guantes de l\u00e1tex, cubrebocas y un term\u00f3metro corporal con el que miden el calor de cada visitante.<\/strong><\/p>\n<p>Do\u00f1a &#8220;Tere&#8221; es secretaria de un diputado de Morena. Ingresa por la puerta vehicular ubicada en la calle de Emiliano Zapata. Un elemento de seguridad le avisa que para poder ingresar a la C\u00e1mara de Diputados le tiene que tomar la temperatura y, con un aparato, le se\u00f1ala a la frente y resulta 36.4 grados.<\/p>\n<p>A do\u00f1a Tere le hacen un segundo diagn\u00f3stico en el cuello y da 36 grados, &#8220;\u00a1est\u00e1 bien!&#8221;, describe el elemento de seguridad y le permite el acceso.<\/p>\n<p>A los coches tambi\u00e9n se les hace la prueba, a los conductores y pasajeros. Mismo protocolo, frente y cuello.<\/p>\n<p>El integrante de seguridad describe que se les hace las dos pruebas porque, <strong>debido al sol y al calor, los visitantes podr\u00edan traer una temperatura en el rostro y la m\u00e1s fiel es en cuello.<\/strong><\/p>\n<p>Relata que en todo lo que va del d\u00eda solamente a una persona le sali\u00f3 m\u00e1s de 37 grados, pero al medirle el cuello, ya sali\u00f3 en 36 grados.<\/p>\n<p>El protocolo para quien tiene m\u00e1s de 37 grados es no permitirle el acceso y pedirle que acuda a su cl\u00ednica m\u00e1s cercana. Se les anota en una lista y con eso se justifica su asistencia.<\/p>\n<p>En los pasillos de la C\u00e1mara de Diputados <strong>hay muy pocos empleados, solamente los elementales deambulan por esta sede legislativa<\/strong>. En d\u00edas de sesi\u00f3n ordinaria pueden confluir hasta siete mil personas; sin embargo, este martes no hay y la poblaci\u00f3n disminuye hasta en un 50%, es decir, solamente acuden aproximadamente tres mil personas.<\/p>\n<p>Las decenas de salones para reuniones de comisiones, foros, audiencias o entrevistas est\u00e1n cerrados con cadenas y candados, es decir, est\u00e1n vac\u00edos. Solamente algunas oficinas est\u00e1n abiertas, pero hay muy pocos diputados en San L\u00e1zaro.<\/p>\n<p>Incluso la presidenta de la C\u00e1mara de Diputados, Laura Rojas (PAN), supervis\u00f3 los protocolos de salubridad que se implementaron.<\/p>\n<p>Los integrantes de la Junta de Coordinaci\u00f3n Pol\u00edtica y de la Mesa Directiva de la C\u00e1mara de Diputados definir\u00e1n en unos minutos si se cancelan las sesiones ordinarias para evitar un posible contagio masivo.<\/p>\n<p>Con Informaci\u00f3n de n<\/p>\n<\/div>\n<\/div>\n","protected":false},"excerpt":{"rendered":"<p>COVID-19, el virus que convirti\u00f3 a San L\u00e1zaro en un &#8220;fantasma&#8221; Por Redacci\u00f3n QP El&#8230;<\/p>\n","protected":false},"author":2,"featured_media":55366,"comment_status":"open","ping_status":"open","sticky":false,"template":"","format":"standard","meta":{"_monsterinsights_skip_tracking":false,"_monsterinsights_sitenote_active":false,"_monsterinsights_sitenote_note":"","_monsterinsights_sitenote_category":0,"footnotes":""},"categories":[2],"tags":[],"class_list":["post-55364","post","type-post","status-publish","format-standard","has-post-thumbnail","hentry","category-noticias"],"yoast_head":"<!-- This site is optimized with the Yoast SEO plugin v27.3 - https:\/\/yoast.com\/product\/yoast-seo-wordpress\/ -->\n<title>COVID-19, el virus que convirti\u00f3 a San L\u00e1zaro en un &quot;fantasma&quot; -<\/title>\n<meta name=\"robots\" content=\"index, follow, max-snippet:-1, max-image-preview:large, max-video-preview:-1\" \/>\n<link rel=\"canonical\" href=\"https:\/\/quehacerpolitico.mx\/?p=55364\" \/>\n<meta property=\"og:locale\" content=\"es_MX\" \/>\n<meta property=\"og:type\" content=\"article\" \/>\n<meta property=\"og:title\" content=\"COVID-19, el virus que convirti\u00f3 a San L\u00e1zaro en un &quot;fantasma&quot; -\" \/>\n<meta property=\"og:description\" content=\"COVID-19, el virus que convirti\u00f3 a San L\u00e1zaro en un &#8220;fantasma&#8221; Por Redacci\u00f3n QP El...\" \/>\n<meta property=\"og:url\" content=\"https:\/\/quehacerpolitico.mx\/?p=55364\" \/>\n<meta property=\"article:published_time\" content=\"2020-03-18T03:47:12+00:00\" \/>\n<meta name=\"author\" content=\"Redacci\u00f3n QP\" \/>\n<meta name=\"twitter:card\" content=\"summary_large_image\" \/>\n<meta name=\"twitter:label1\" content=\"Escrito por\" \/>\n\t<meta name=\"twitter:data1\" content=\"Redacci\u00f3n QP\" \/>\n\t<meta name=\"twitter:label2\" content=\"Tiempo de lectura\" \/>\n\t<meta name=\"twitter:data2\" content=\"3 minutos\" \/>\n<script type=\"application\/ld+json\" class=\"yoast-schema-graph\">{\"@context\":\"https:\\\/\\\/schema.org\",\"@graph\":[{\"@type\":\"Article\",\"@id\":\"https:\\\/\\\/quehacerpolitico.mx\\\/?p=55364#article\",\"isPartOf\":{\"@id\":\"https:\\\/\\\/quehacerpolitico.mx\\\/?p=55364\"},\"author\":{\"name\":\"Redacci\u00f3n QP\",\"@id\":\"https:\\\/\\\/quehacerpolitico.mx\\\/#\\\/schema\\\/person\\\/496d8ad2d1d3f8036101dca7ee39e585\"},\"headline\":\"COVID-19, el virus que convirti\u00f3 a San L\u00e1zaro en un &#8220;fantasma&#8221;\",\"datePublished\":\"2020-03-18T03:47:12+00:00\",\"mainEntityOfPage\":{\"@id\":\"https:\\\/\\\/quehacerpolitico.mx\\\/?p=55364\"},\"wordCount\":638,\"commentCount\":0,\"image\":{\"@id\":\"https:\\\/\\\/quehacerpolitico.mx\\\/?p=55364#primaryimage\"},\"thumbnailUrl\":\"\",\"articleSection\":[\"Noticias\"],\"inLanguage\":\"es\",\"potentialAction\":[{\"@type\":\"CommentAction\",\"name\":\"Comment\",\"target\":[\"https:\\\/\\\/quehacerpolitico.mx\\\/?p=55364#respond\"]}]},{\"@type\":\"WebPage\",\"@id\":\"https:\\\/\\\/quehacerpolitico.mx\\\/?p=55364\",\"url\":\"https:\\\/\\\/quehacerpolitico.mx\\\/?p=55364\",\"name\":\"COVID-19, el virus que convirti\u00f3 a San L\u00e1zaro en un \\\"fantasma\\\" -\",\"isPartOf\":{\"@id\":\"https:\\\/\\\/quehacerpolitico.mx\\\/#website\"},\"primaryImageOfPage\":{\"@id\":\"https:\\\/\\\/quehacerpolitico.mx\\\/?p=55364#primaryimage\"},\"image\":{\"@id\":\"https:\\\/\\\/quehacerpolitico.mx\\\/?p=55364#primaryimage\"},\"thumbnailUrl\":\"\",\"datePublished\":\"2020-03-18T03:47:12+00:00\",\"author\":{\"@id\":\"https:\\\/\\\/quehacerpolitico.mx\\\/#\\\/schema\\\/person\\\/496d8ad2d1d3f8036101dca7ee39e585\"},\"breadcrumb\":{\"@id\":\"https:\\\/\\\/quehacerpolitico.mx\\\/?p=55364#breadcrumb\"},\"inLanguage\":\"es\",\"potentialAction\":[{\"@type\":\"ReadAction\",\"target\":[\"https:\\\/\\\/quehacerpolitico.mx\\\/?p=55364\"]}]},{\"@type\":\"ImageObject\",\"inLanguage\":\"es\",\"@id\":\"https:\\\/\\\/quehacerpolitico.mx\\\/?p=55364#primaryimage\",\"url\":\"\",\"contentUrl\":\"\"},{\"@type\":\"BreadcrumbList\",\"@id\":\"https:\\\/\\\/quehacerpolitico.mx\\\/?p=55364#breadcrumb\",\"itemListElement\":[{\"@type\":\"ListItem\",\"position\":1,\"name\":\"Inicio\",\"item\":\"https:\\\/\\\/quehacerpolitico.mx\\\/\"},{\"@type\":\"ListItem\",\"position\":2,\"name\":\"COVID-19, el virus que convirti\u00f3 a San L\u00e1zaro en un &#8220;fantasma&#8221;\"}]},{\"@type\":\"WebSite\",\"@id\":\"https:\\\/\\\/quehacerpolitico.mx\\\/#website\",\"url\":\"https:\\\/\\\/quehacerpolitico.mx\\\/\",\"name\":\"\",\"description\":\"\",\"potentialAction\":[{\"@type\":\"SearchAction\",\"target\":{\"@type\":\"EntryPoint\",\"urlTemplate\":\"https:\\\/\\\/quehacerpolitico.mx\\\/?s={search_term_string}\"},\"query-input\":{\"@type\":\"PropertyValueSpecification\",\"valueRequired\":true,\"valueName\":\"search_term_string\"}}],\"inLanguage\":\"es\"},{\"@type\":\"Person\",\"@id\":\"https:\\\/\\\/quehacerpolitico.mx\\\/#\\\/schema\\\/person\\\/496d8ad2d1d3f8036101dca7ee39e585\",\"name\":\"Redacci\u00f3n QP\",\"image\":{\"@type\":\"ImageObject\",\"inLanguage\":\"es\",\"@id\":\"https:\\\/\\\/secure.gravatar.com\\\/avatar\\\/c7164ed6fdec453195284ad24a5ae5b6e1eed2b848477fa2a4787ba9adf39a41?s=96&d=mm&r=g\",\"url\":\"https:\\\/\\\/secure.gravatar.com\\\/avatar\\\/c7164ed6fdec453195284ad24a5ae5b6e1eed2b848477fa2a4787ba9adf39a41?s=96&d=mm&r=g\",\"contentUrl\":\"https:\\\/\\\/secure.gravatar.com\\\/avatar\\\/c7164ed6fdec453195284ad24a5ae5b6e1eed2b848477fa2a4787ba9adf39a41?s=96&d=mm&r=g\",\"caption\":\"Redacci\u00f3n QP\"},\"url\":\"https:\\\/\\\/quehacerpolitico.mx\\\/?author=2\"}]}<\/script>\n<!-- \/ Yoast SEO plugin. -->","yoast_head_json":{"title":"COVID-19, el virus que convirti\u00f3 a San L\u00e1zaro en un \"fantasma\" -","robots":{"index":"index","follow":"follow","max-snippet":"max-snippet:-1","max-image-preview":"max-image-preview:large","max-video-preview":"max-video-preview:-1"},"canonical":"https:\/\/quehacerpolitico.mx\/?p=55364","og_locale":"es_MX","og_type":"article","og_title":"COVID-19, el virus que convirti\u00f3 a San L\u00e1zaro en un \"fantasma\" -","og_description":"COVID-19, el virus que convirti\u00f3 a San L\u00e1zaro en un &#8220;fantasma&#8221; Por Redacci\u00f3n QP El...","og_url":"https:\/\/quehacerpolitico.mx\/?p=55364","article_published_time":"2020-03-18T03:47:12+00:00","author":"Redacci\u00f3n QP","twitter_card":"summary_large_image","twitter_misc":{"Escrito por":"Redacci\u00f3n QP","Tiempo de lectura":"3 minutos"},"schema":{"@context":"https:\/\/schema.org","@graph":[{"@type":"Article","@id":"https:\/\/quehacerpolitico.mx\/?p=55364#article","isPartOf":{"@id":"https:\/\/quehacerpolitico.mx\/?p=55364"},"author":{"name":"Redacci\u00f3n QP","@id":"https:\/\/quehacerpolitico.mx\/#\/schema\/person\/496d8ad2d1d3f8036101dca7ee39e585"},"headline":"COVID-19, el virus que convirti\u00f3 a San L\u00e1zaro en un &#8220;fantasma&#8221;","datePublished":"2020-03-18T03:47:12+00:00","mainEntityOfPage":{"@id":"https:\/\/quehacerpolitico.mx\/?p=55364"},"wordCount":638,"commentCount":0,"image":{"@id":"https:\/\/quehacerpolitico.mx\/?p=55364#primaryimage"},"thumbnailUrl":"","articleSection":["Noticias"],"inLanguage":"es","potentialAction":[{"@type":"CommentAction","name":"Comment","target":["https:\/\/quehacerpolitico.mx\/?p=55364#respond"]}]},{"@type":"WebPage","@id":"https:\/\/quehacerpolitico.mx\/?p=55364","url":"https:\/\/quehacerpolitico.mx\/?p=55364","name":"COVID-19, el virus que convirti\u00f3 a San L\u00e1zaro en un \"fantasma\" -","isPartOf":{"@id":"https:\/\/quehacerpolitico.mx\/#website"},"primaryImageOfPage":{"@id":"https:\/\/quehacerpolitico.mx\/?p=55364#primaryimage"},"image":{"@id":"https:\/\/quehacerpolitico.mx\/?p=55364#primaryimage"},"thumbnailUrl":"","datePublished":"2020-03-18T03:47:12+00:00","author":{"@id":"https:\/\/quehacerpolitico.mx\/#\/schema\/person\/496d8ad2d1d3f8036101dca7ee39e585"},"breadcrumb":{"@id":"https:\/\/quehacerpolitico.mx\/?p=55364#breadcrumb"},"inLanguage":"es","potentialAction":[{"@type":"ReadAction","target":["https:\/\/quehacerpolitico.mx\/?p=55364"]}]},{"@type":"ImageObject","inLanguage":"es","@id":"https:\/\/quehacerpolitico.mx\/?p=55364#primaryimage","url":"","contentUrl":""},{"@type":"BreadcrumbList","@id":"https:\/\/quehacerpolitico.mx\/?p=55364#breadcrumb","itemListElement":[{"@type":"ListItem","position":1,"name":"Inicio","item":"https:\/\/quehacerpolitico.mx\/"},{"@type":"ListItem","position":2,"name":"COVID-19, el virus que convirti\u00f3 a San L\u00e1zaro en un &#8220;fantasma&#8221;"}]},{"@type":"WebSite","@id":"https:\/\/quehacerpolitico.mx\/#website","url":"https:\/\/quehacerpolitico.mx\/","name":"","description":"","potentialAction":[{"@type":"SearchAction","target":{"@type":"EntryPoint","urlTemplate":"https:\/\/quehacerpolitico.mx\/?s={search_term_string}"},"query-input":{"@type":"PropertyValueSpecification","valueRequired":true,"valueName":"search_term_string"}}],"inLanguage":"es"},{"@type":"Person","@id":"https:\/\/quehacerpolitico.mx\/#\/schema\/person\/496d8ad2d1d3f8036101dca7ee39e585","name":"Redacci\u00f3n QP","image":{"@type":"ImageObject","inLanguage":"es","@id":"https:\/\/secure.gravatar.com\/avatar\/c7164ed6fdec453195284ad24a5ae5b6e1eed2b848477fa2a4787ba9adf39a41?s=96&d=mm&r=g","url":"https:\/\/secure.gravatar.com\/avatar\/c7164ed6fdec453195284ad24a5ae5b6e1eed2b848477fa2a4787ba9adf39a41?s=96&d=mm&r=g","contentUrl":"https:\/\/secure.gravatar.com\/avatar\/c7164ed6fdec453195284ad24a5ae5b6e1eed2b848477fa2a4787ba9adf39a41?s=96&d=mm&r=g","caption":"Redacci\u00f3n QP"},"url":"https:\/\/quehacerpolitico.mx\/?author=2"}]}},"featured_image_urls":{"full":"","thumbnail":"","medium":"","medium_large":"","large":"","1536x1536":"","2048x2048":"","covernews-featured":"","covernews-medium":""},"author_info":{"display_name":"Redacci\u00f3n QP","author_link":"https:\/\/quehacerpolitico.mx\/?author=2"},"category_info":"<a href=\"https:\/\/quehacerpolitico.mx\/?cat=2\" rel=\"category\">Noticias<\/a>","tag_info":"Noticias","comment_count":"0","_links":{"self":[{"href":"https:\/\/quehacerpolitico.mx\/index.php?rest_route=\/wp\/v2\/posts\/55364","targetHints":{"allow":["GET"]}}],"collection":[{"href":"https:\/\/quehacerpolitico.mx\/index.php?rest_route=\/wp\/v2\/posts"}],"about":[{"href":"https:\/\/quehacerpolitico.mx\/index.php?rest_route=\/wp\/v2\/types\/post"}],"author":[{"embeddable":true,"href":"https:\/\/quehacerpolitico.mx\/index.php?rest_route=\/wp\/v2\/users\/2"}],"replies":[{"embeddable":true,"href":"https:\/\/quehacerpolitico.mx\/index.php?rest_route=%2Fwp%2Fv2%2Fcomments&post=55364"}],"version-history":[{"count":0,"href":"https:\/\/quehacerpolitico.mx\/index.php?rest_route=\/wp\/v2\/posts\/55364\/revisions"}],"wp:featuredmedia":[{"embeddable":true,"href":"https:\/\/quehacerpolitico.mx\/index.php?rest_route=\/"}],"wp:attachment":[{"href":"https:\/\/quehacerpolitico.mx\/index.php?rest_route=%2Fwp%2Fv2%2Fmedia&parent=55364"}],"wp:term":[{"taxonomy":"category","embeddable":true,"href":"https:\/\/quehacerpolitico.mx\/index.php?rest_route=%2Fwp%2Fv2%2Fcategories&post=55364"},{"taxonomy":"post_tag","embeddable":true,"href":"https:\/\/quehacerpolitico.mx\/index.php?rest_route=%2Fwp%2Fv2%2Ftags&post=55364"}],"curies":[{"name":"wp","href":"https:\/\/api.w.org\/{rel}","templated":true}]}}