{"id":55155,"date":"2020-03-14T15:16:01","date_gmt":"2020-03-14T21:16:01","guid":{"rendered":"http:\/\/quehacerpolitico.mx\/?p=55155"},"modified":"2020-03-14T15:16:01","modified_gmt":"2020-03-14T21:16:01","slug":"sep-cancela-eventos-deportivos-y-civicos-en-escuelas","status":"publish","type":"post","link":"https:\/\/quehacerpolitico.mx\/?p=55155","title":{"rendered":"SEP cancela eventos deportivos y c\u00edvicos en escuelas"},"content":{"rendered":"<h1 class=\"news-title\">SEP cancela eventos deportivos y c\u00edvicos en escuelas<br \/>\nPor Redacci\u00f3n QP<\/h1>\n<div class=\"news-subtitle\">\n<p>Este s\u00e1bado Nuevo Le\u00f3n confirm\u00f3 dos casos m\u00e1s de Covid-19 en el estado y Jalisco\u00a0anuncia dos primeros casos<\/p>\n<\/div>\n<div class=\"social-share-box normal\">\n<p>Para evitar m\u00e1s contagios de coronavirus en el pa\u00eds, la Secretar\u00eda de Educaci\u00f3n P\u00fablica (SEP) <strong>cancelar\u00e1 eventos deportivos y c\u00edvicos en escuelas del pa\u00eds.<\/strong><\/p>\n<p>Hasta la noche de ayer viernes, en M\u00e9xico sumaban 26 casos positivos de coronavirus, de acuerdo con funcionarios de la Secretar\u00eda de Salud. Adem\u00e1s, informaron, hay 105 casos sospechosos.<\/p>\n<p>Sin embargo, este s\u00e1bado Nuevo Le\u00f3n confirm\u00f3 dos casos m\u00e1s en el estado, con lo que llegaron a 4 casos de personas contagiadas de Covid-19. En tanto, Jalisco anunci\u00f3 los dos primeros casos en la entidad.<\/p>\n<h2>Sem\u00e1foro de las fases del coronavirus en M\u00e9xico<\/h2>\n<p>El gobierno federal, a trav\u00e9s de la Secretar\u00eda de Salud y la Direcci\u00f3n General de Epidemiolog\u00eda, ha determinado tres fases en la contingencia por el Covid-19 o coronavirus.<\/p>\n<p><strong>La primera fase es en la que nos encontramos actualmente es la de Importaci\u00f3n Viral<\/strong>, en un momento donde existe la confirmaci\u00f3n de 16 personas enfermas en territorio nacional.<\/p>\n<p><strong>Fase de importaci\u00f3n<\/strong><\/p>\n<p>Estar en la fase 1 de la contingencia representa que <strong>en el pa\u00eds se han presentado &#8220;decenas&#8221; de casos<\/strong> y que estos son importados, es decir que las personas que enfermaron viajaron al extranjero donde adquirieron la enfermedad.<\/p>\n<p>En este punto, es posible detectar el origen del contagio y no existen restricciones ni para el saludo de personas, ni para llevar a cabo eventos p\u00fablicos en espacios cerrados ni abiertos. Se difunde informaci\u00f3n en escuelas y universidades, as\u00ed como espacios de trabajo.<\/p>\n<p><strong>Fase de dispersi\u00f3n comunitaria<\/strong><\/p>\n<p>La segunda fase es la de Dispersi\u00f3n Comunitaria y es en la que se encuentran pa\u00edses como Alemania. En esta fase, los casos <strong>se cuentan por centenas y se pierde el origen de las infecciones<\/strong>. B\u00e1sicamente quiere decir que las personas se contagian unas a otras, independientemente de que hayan salido o no del pa\u00eds.<\/p>\n<p>A esta fase se podr\u00eda llegar entre 40 y 50 d\u00edas desde el registro del 1 caso, que representa cientos de casos.<\/p>\n<p>En dicha fase se pide evitar el saludo de beso y abrazo; se suspenden los eventos masivos, con asistencia de m\u00e1s de mil personas, en espacios cerrados y abiertos como teatros, cines, parques, conciertos, estadios, plazas, parques y playas.<\/p>\n<p>Tambi\u00e9n se aplican filtros sanitarios en escuelas y lugares de trabajo, para revisar a las personas que vayan ingresando y verificar que no presentan s\u00edntomas ni fiebre.<\/p>\n<p><strong>Fase de epidemia<\/strong><\/p>\n<p>La tercera fase es la de epidemia, al que <strong>se llegar\u00eda entre 2 y 3 semanas despu\u00e9s de haberse alcanzado el escenario 2, cuando ya los casos se cuentan por miles.<\/strong>\u00a0Espa\u00f1a se declar\u00f3 en esta fase.<\/p>\n<p>En el peor escenario que contempla la SSA para esta fase, el cual implicar\u00eda que no se hubiese aplicado ninguna medida para controlar la dispersi\u00f3n del virus ni se diera atenci\u00f3n a ninguna persona enferma, el Covid-19 infectar\u00eda a entre 0.5% y 1% de la poblaci\u00f3n total del pa\u00eds, lo que podr\u00eda representar hasta 1.2 millones de personas.<\/p>\n<p>Sin embargo, <strong>en las condiciones actuales se prev\u00e9 que pudieran enfermar entre 175 mil y 300 mil personas.<\/strong> De estas personas, se calcula que la minor\u00eda requerir\u00eda hospitalizaci\u00f3n en terapia intensiva y que m\u00e1s de 70% de las personas infectadas pudieran estar asintom\u00e1ticas, lo que quiere decir que solo ser\u00edan portadoras.<\/p>\n<p>En esta fase 3, tambi\u00e9n se pide evitar el saludo de beso y abrazo y se suspenden los eventos p\u00fablicos, adem\u00e1s de que se suspenden clases en escuelas donde haya brotes activos, as\u00ed como las actividades en centros laborales tambi\u00e9n con brotes activos.<\/p>\n<p>Con informaci\u00f3n de SUN<\/p>\n<\/div>\n","protected":false},"excerpt":{"rendered":"<p>SEP cancela eventos deportivos y c\u00edvicos en escuelas Por Redacci\u00f3n QP Este s\u00e1bado Nuevo Le\u00f3n&#8230;<\/p>\n","protected":false},"author":2,"featured_media":55156,"comment_status":"open","ping_status":"open","sticky":false,"template":"","format":"standard","meta":{"_monsterinsights_skip_tracking":false,"_monsterinsights_sitenote_active":false,"_monsterinsights_sitenote_note":"","_monsterinsights_sitenote_category":0,"footnotes":""},"categories":[2],"tags":[],"class_list":["post-55155","post","type-post","status-publish","format-standard","has-post-thumbnail","hentry","category-noticias"],"yoast_head":"<!-- This site is optimized with the Yoast SEO plugin v27.3 - https:\/\/yoast.com\/product\/yoast-seo-wordpress\/ -->\n<title>SEP cancela eventos deportivos y c\u00edvicos en escuelas -<\/title>\n<meta name=\"robots\" content=\"index, follow, max-snippet:-1, max-image-preview:large, max-video-preview:-1\" \/>\n<link rel=\"canonical\" href=\"https:\/\/quehacerpolitico.mx\/?p=55155\" \/>\n<meta property=\"og:locale\" content=\"es_MX\" \/>\n<meta property=\"og:type\" content=\"article\" \/>\n<meta property=\"og:title\" content=\"SEP cancela eventos deportivos y c\u00edvicos en escuelas -\" \/>\n<meta property=\"og:description\" content=\"SEP cancela eventos deportivos y c\u00edvicos en escuelas Por Redacci\u00f3n QP Este s\u00e1bado Nuevo Le\u00f3n...\" \/>\n<meta property=\"og:url\" content=\"https:\/\/quehacerpolitico.mx\/?p=55155\" \/>\n<meta property=\"article:published_time\" content=\"2020-03-14T21:16:01+00:00\" \/>\n<meta name=\"author\" content=\"Redacci\u00f3n QP\" \/>\n<meta name=\"twitter:card\" content=\"summary_large_image\" \/>\n<meta name=\"twitter:label1\" content=\"Escrito por\" \/>\n\t<meta name=\"twitter:data1\" content=\"Redacci\u00f3n QP\" \/>\n\t<meta name=\"twitter:label2\" content=\"Tiempo de lectura\" \/>\n\t<meta name=\"twitter:data2\" content=\"3 minutos\" \/>\n<script type=\"application\/ld+json\" class=\"yoast-schema-graph\">{\"@context\":\"https:\\\/\\\/schema.org\",\"@graph\":[{\"@type\":\"Article\",\"@id\":\"https:\\\/\\\/quehacerpolitico.mx\\\/?p=55155#article\",\"isPartOf\":{\"@id\":\"https:\\\/\\\/quehacerpolitico.mx\\\/?p=55155\"},\"author\":{\"name\":\"Redacci\u00f3n QP\",\"@id\":\"https:\\\/\\\/quehacerpolitico.mx\\\/#\\\/schema\\\/person\\\/496d8ad2d1d3f8036101dca7ee39e585\"},\"headline\":\"SEP cancela eventos deportivos y c\u00edvicos en escuelas\",\"datePublished\":\"2020-03-14T21:16:01+00:00\",\"mainEntityOfPage\":{\"@id\":\"https:\\\/\\\/quehacerpolitico.mx\\\/?p=55155\"},\"wordCount\":664,\"commentCount\":0,\"image\":{\"@id\":\"https:\\\/\\\/quehacerpolitico.mx\\\/?p=55155#primaryimage\"},\"thumbnailUrl\":\"\",\"articleSection\":[\"Noticias\"],\"inLanguage\":\"es\",\"potentialAction\":[{\"@type\":\"CommentAction\",\"name\":\"Comment\",\"target\":[\"https:\\\/\\\/quehacerpolitico.mx\\\/?p=55155#respond\"]}]},{\"@type\":\"WebPage\",\"@id\":\"https:\\\/\\\/quehacerpolitico.mx\\\/?p=55155\",\"url\":\"https:\\\/\\\/quehacerpolitico.mx\\\/?p=55155\",\"name\":\"SEP cancela eventos deportivos y c\u00edvicos en escuelas -\",\"isPartOf\":{\"@id\":\"https:\\\/\\\/quehacerpolitico.mx\\\/#website\"},\"primaryImageOfPage\":{\"@id\":\"https:\\\/\\\/quehacerpolitico.mx\\\/?p=55155#primaryimage\"},\"image\":{\"@id\":\"https:\\\/\\\/quehacerpolitico.mx\\\/?p=55155#primaryimage\"},\"thumbnailUrl\":\"\",\"datePublished\":\"2020-03-14T21:16:01+00:00\",\"author\":{\"@id\":\"https:\\\/\\\/quehacerpolitico.mx\\\/#\\\/schema\\\/person\\\/496d8ad2d1d3f8036101dca7ee39e585\"},\"breadcrumb\":{\"@id\":\"https:\\\/\\\/quehacerpolitico.mx\\\/?p=55155#breadcrumb\"},\"inLanguage\":\"es\",\"potentialAction\":[{\"@type\":\"ReadAction\",\"target\":[\"https:\\\/\\\/quehacerpolitico.mx\\\/?p=55155\"]}]},{\"@type\":\"ImageObject\",\"inLanguage\":\"es\",\"@id\":\"https:\\\/\\\/quehacerpolitico.mx\\\/?p=55155#primaryimage\",\"url\":\"\",\"contentUrl\":\"\"},{\"@type\":\"BreadcrumbList\",\"@id\":\"https:\\\/\\\/quehacerpolitico.mx\\\/?p=55155#breadcrumb\",\"itemListElement\":[{\"@type\":\"ListItem\",\"position\":1,\"name\":\"Inicio\",\"item\":\"https:\\\/\\\/quehacerpolitico.mx\\\/\"},{\"@type\":\"ListItem\",\"position\":2,\"name\":\"SEP cancela eventos deportivos y c\u00edvicos en escuelas\"}]},{\"@type\":\"WebSite\",\"@id\":\"https:\\\/\\\/quehacerpolitico.mx\\\/#website\",\"url\":\"https:\\\/\\\/quehacerpolitico.mx\\\/\",\"name\":\"\",\"description\":\"\",\"potentialAction\":[{\"@type\":\"SearchAction\",\"target\":{\"@type\":\"EntryPoint\",\"urlTemplate\":\"https:\\\/\\\/quehacerpolitico.mx\\\/?s={search_term_string}\"},\"query-input\":{\"@type\":\"PropertyValueSpecification\",\"valueRequired\":true,\"valueName\":\"search_term_string\"}}],\"inLanguage\":\"es\"},{\"@type\":\"Person\",\"@id\":\"https:\\\/\\\/quehacerpolitico.mx\\\/#\\\/schema\\\/person\\\/496d8ad2d1d3f8036101dca7ee39e585\",\"name\":\"Redacci\u00f3n QP\",\"image\":{\"@type\":\"ImageObject\",\"inLanguage\":\"es\",\"@id\":\"https:\\\/\\\/secure.gravatar.com\\\/avatar\\\/c7164ed6fdec453195284ad24a5ae5b6e1eed2b848477fa2a4787ba9adf39a41?s=96&d=mm&r=g\",\"url\":\"https:\\\/\\\/secure.gravatar.com\\\/avatar\\\/c7164ed6fdec453195284ad24a5ae5b6e1eed2b848477fa2a4787ba9adf39a41?s=96&d=mm&r=g\",\"contentUrl\":\"https:\\\/\\\/secure.gravatar.com\\\/avatar\\\/c7164ed6fdec453195284ad24a5ae5b6e1eed2b848477fa2a4787ba9adf39a41?s=96&d=mm&r=g\",\"caption\":\"Redacci\u00f3n QP\"},\"url\":\"https:\\\/\\\/quehacerpolitico.mx\\\/?author=2\"}]}<\/script>\n<!-- \/ Yoast SEO plugin. -->","yoast_head_json":{"title":"SEP cancela eventos deportivos y c\u00edvicos en escuelas -","robots":{"index":"index","follow":"follow","max-snippet":"max-snippet:-1","max-image-preview":"max-image-preview:large","max-video-preview":"max-video-preview:-1"},"canonical":"https:\/\/quehacerpolitico.mx\/?p=55155","og_locale":"es_MX","og_type":"article","og_title":"SEP cancela eventos deportivos y c\u00edvicos en escuelas -","og_description":"SEP cancela eventos deportivos y c\u00edvicos en escuelas Por Redacci\u00f3n QP Este s\u00e1bado Nuevo Le\u00f3n...","og_url":"https:\/\/quehacerpolitico.mx\/?p=55155","article_published_time":"2020-03-14T21:16:01+00:00","author":"Redacci\u00f3n QP","twitter_card":"summary_large_image","twitter_misc":{"Escrito por":"Redacci\u00f3n QP","Tiempo de lectura":"3 minutos"},"schema":{"@context":"https:\/\/schema.org","@graph":[{"@type":"Article","@id":"https:\/\/quehacerpolitico.mx\/?p=55155#article","isPartOf":{"@id":"https:\/\/quehacerpolitico.mx\/?p=55155"},"author":{"name":"Redacci\u00f3n QP","@id":"https:\/\/quehacerpolitico.mx\/#\/schema\/person\/496d8ad2d1d3f8036101dca7ee39e585"},"headline":"SEP cancela eventos deportivos y c\u00edvicos en escuelas","datePublished":"2020-03-14T21:16:01+00:00","mainEntityOfPage":{"@id":"https:\/\/quehacerpolitico.mx\/?p=55155"},"wordCount":664,"commentCount":0,"image":{"@id":"https:\/\/quehacerpolitico.mx\/?p=55155#primaryimage"},"thumbnailUrl":"","articleSection":["Noticias"],"inLanguage":"es","potentialAction":[{"@type":"CommentAction","name":"Comment","target":["https:\/\/quehacerpolitico.mx\/?p=55155#respond"]}]},{"@type":"WebPage","@id":"https:\/\/quehacerpolitico.mx\/?p=55155","url":"https:\/\/quehacerpolitico.mx\/?p=55155","name":"SEP cancela eventos deportivos y c\u00edvicos en escuelas -","isPartOf":{"@id":"https:\/\/quehacerpolitico.mx\/#website"},"primaryImageOfPage":{"@id":"https:\/\/quehacerpolitico.mx\/?p=55155#primaryimage"},"image":{"@id":"https:\/\/quehacerpolitico.mx\/?p=55155#primaryimage"},"thumbnailUrl":"","datePublished":"2020-03-14T21:16:01+00:00","author":{"@id":"https:\/\/quehacerpolitico.mx\/#\/schema\/person\/496d8ad2d1d3f8036101dca7ee39e585"},"breadcrumb":{"@id":"https:\/\/quehacerpolitico.mx\/?p=55155#breadcrumb"},"inLanguage":"es","potentialAction":[{"@type":"ReadAction","target":["https:\/\/quehacerpolitico.mx\/?p=55155"]}]},{"@type":"ImageObject","inLanguage":"es","@id":"https:\/\/quehacerpolitico.mx\/?p=55155#primaryimage","url":"","contentUrl":""},{"@type":"BreadcrumbList","@id":"https:\/\/quehacerpolitico.mx\/?p=55155#breadcrumb","itemListElement":[{"@type":"ListItem","position":1,"name":"Inicio","item":"https:\/\/quehacerpolitico.mx\/"},{"@type":"ListItem","position":2,"name":"SEP cancela eventos deportivos y c\u00edvicos en escuelas"}]},{"@type":"WebSite","@id":"https:\/\/quehacerpolitico.mx\/#website","url":"https:\/\/quehacerpolitico.mx\/","name":"","description":"","potentialAction":[{"@type":"SearchAction","target":{"@type":"EntryPoint","urlTemplate":"https:\/\/quehacerpolitico.mx\/?s={search_term_string}"},"query-input":{"@type":"PropertyValueSpecification","valueRequired":true,"valueName":"search_term_string"}}],"inLanguage":"es"},{"@type":"Person","@id":"https:\/\/quehacerpolitico.mx\/#\/schema\/person\/496d8ad2d1d3f8036101dca7ee39e585","name":"Redacci\u00f3n QP","image":{"@type":"ImageObject","inLanguage":"es","@id":"https:\/\/secure.gravatar.com\/avatar\/c7164ed6fdec453195284ad24a5ae5b6e1eed2b848477fa2a4787ba9adf39a41?s=96&d=mm&r=g","url":"https:\/\/secure.gravatar.com\/avatar\/c7164ed6fdec453195284ad24a5ae5b6e1eed2b848477fa2a4787ba9adf39a41?s=96&d=mm&r=g","contentUrl":"https:\/\/secure.gravatar.com\/avatar\/c7164ed6fdec453195284ad24a5ae5b6e1eed2b848477fa2a4787ba9adf39a41?s=96&d=mm&r=g","caption":"Redacci\u00f3n QP"},"url":"https:\/\/quehacerpolitico.mx\/?author=2"}]}},"featured_image_urls":{"full":"","thumbnail":"","medium":"","medium_large":"","large":"","1536x1536":"","2048x2048":"","covernews-featured":"","covernews-medium":""},"author_info":{"display_name":"Redacci\u00f3n QP","author_link":"https:\/\/quehacerpolitico.mx\/?author=2"},"category_info":"<a href=\"https:\/\/quehacerpolitico.mx\/?cat=2\" rel=\"category\">Noticias<\/a>","tag_info":"Noticias","comment_count":"0","_links":{"self":[{"href":"https:\/\/quehacerpolitico.mx\/index.php?rest_route=\/wp\/v2\/posts\/55155","targetHints":{"allow":["GET"]}}],"collection":[{"href":"https:\/\/quehacerpolitico.mx\/index.php?rest_route=\/wp\/v2\/posts"}],"about":[{"href":"https:\/\/quehacerpolitico.mx\/index.php?rest_route=\/wp\/v2\/types\/post"}],"author":[{"embeddable":true,"href":"https:\/\/quehacerpolitico.mx\/index.php?rest_route=\/wp\/v2\/users\/2"}],"replies":[{"embeddable":true,"href":"https:\/\/quehacerpolitico.mx\/index.php?rest_route=%2Fwp%2Fv2%2Fcomments&post=55155"}],"version-history":[{"count":0,"href":"https:\/\/quehacerpolitico.mx\/index.php?rest_route=\/wp\/v2\/posts\/55155\/revisions"}],"wp:featuredmedia":[{"embeddable":true,"href":"https:\/\/quehacerpolitico.mx\/index.php?rest_route=\/"}],"wp:attachment":[{"href":"https:\/\/quehacerpolitico.mx\/index.php?rest_route=%2Fwp%2Fv2%2Fmedia&parent=55155"}],"wp:term":[{"taxonomy":"category","embeddable":true,"href":"https:\/\/quehacerpolitico.mx\/index.php?rest_route=%2Fwp%2Fv2%2Fcategories&post=55155"},{"taxonomy":"post_tag","embeddable":true,"href":"https:\/\/quehacerpolitico.mx\/index.php?rest_route=%2Fwp%2Fv2%2Ftags&post=55155"}],"curies":[{"name":"wp","href":"https:\/\/api.w.org\/{rel}","templated":true}]}}