{"id":55149,"date":"2020-03-14T11:31:52","date_gmt":"2020-03-14T17:31:52","guid":{"rendered":"http:\/\/quehacerpolitico.mx\/?p=55149"},"modified":"2020-03-14T11:31:52","modified_gmt":"2020-03-14T17:31:52","slug":"voces-del-periodista-desde-filomeno-mata-8-mouris-salloum-george-cortoplacismo-enfermedad-endemica-en-mexico","status":"publish","type":"post","link":"https:\/\/quehacerpolitico.mx\/?p=55149","title":{"rendered":"Voces del Periodista Desde Filomeno Mata 8\/\/\/Mouris Salloum George\/\/\/Cortoplacismo, enfermedad end\u00e9mica en M\u00e9xico"},"content":{"rendered":"<h1 class=\"entry-title penci-entry-title penci-title-\">Cortoplacismo, enfermedad end\u00e9mica en M\u00e9xico<br \/>\nPor Mouris Salloum George<\/h1>\n<p>Director General del Club de Periodistas de M\u00e9xico AC<\/p>\n<p>La vieja sabidur\u00eda popular recomienda: <strong><em>Vale m\u00e1s prevenir que lamentar<\/em><\/strong>.<\/p>\n<p>En todos lados, pero particularmente en M\u00e9xico, ciertos pol\u00edticos encumbrados cultivan pretensiones de inmortalidad. Parad\u00f3jicamente, sin embargo, en su actuar <strong>carecen de visi\u00f3n de futuro.<\/strong><\/p>\n<p>El <strong><em>cortoplacismo<\/em><\/strong>, la inmediatez lucidora, es la incurable enfermedad que <strong>atrofia la conducci\u00f3n del Estado mexicano<\/strong>.<\/p>\n<p>Desde su exposici\u00f3n de motivos, el <strong>Plan Global de Desarrollo<\/strong> (1980), lanzado en la curva m\u00e1s pronunciada de la crisis econ\u00f3mica nacional, se advirti\u00f3 que si, en efecto, los factores externos inciden en el crecimiento de la econom\u00eda, <strong>no es menor el impacto de los factores internos<\/strong>.<\/p>\n<p>De aquel texto, rescatamos tres imperativos ineludibles, como <strong><em>piedra de toque<\/em><\/strong>, en la gesti\u00f3n de la Administraci\u00f3n P\u00fablica: Eficiencia, <strong>eficacia<\/strong> y control.<\/p>\n<p><strong>Planeaci\u00f3n democr\u00e1tica del desarrollo soberano<\/strong><\/p>\n<p>Desde el inicio de su mandato, el presidente<strong> Miguel de la Madrid<\/strong> tom\u00f3 nota de aquellas <strong><em>reglas de oro<\/em><\/strong> y acometi\u00f3 de inmediato reformas a la Constituci\u00f3n, para incorporar a su texto el <strong>cap\u00edtulo<\/strong> <strong>econ\u00f3mico<\/strong>.<\/p>\n<p>En su contenido destaca como responsabilidad del Estado la planeaci\u00f3n democr\u00e1tica del desarrollo nacional, que imprima <strong>permanencia<\/strong> al crecimiento de la econom\u00eda, de tal suerte que sea soporte para la independencia y la democratizaci\u00f3n pol\u00edtica, social y cultural de la naci\u00f3n.<\/p>\n<p>El primer Plan de Desarrollo Nacional (PDN) se bas\u00f3 en aquella idea-fuerza. El dise\u00f1o respond\u00eda a los dictados del <strong>nacionalismo<\/strong> <strong>revolucionario<\/strong>.<\/p>\n<p><strong>La posmodernidad regresiva nos devolvi\u00f3 al siglo XIX<\/strong><\/p>\n<p>En el siguiente sexenio, la tecnocracia dio el giro hacia el <strong>Estado neoliberal<\/strong>. Los dos primeros planes de desarrollo se quedaron en <strong>papel mojado<\/strong>. Los cuatro siguientes nos anunciaron la <strong><em>posmodernidad<\/em><\/strong>: El resultado es <strong>una profunda regresi\u00f3n de casi un siglo<\/strong>.<\/p>\n<p>Hoy, M\u00e9xico se encuentra en el <strong><em>ojo hurac\u00e1n<\/em><\/strong> de una nueva crisis econ\u00f3mica internacional de alcances insospechables, que amenaza la estabilidad de nuestro sistema pol\u00edtico. Otra vez, <strong>la excusa son los factores<\/strong> <strong>externos<\/strong>.<\/p>\n<p>\u00bfEs aceptable que, despu\u00e9s de una crisis recurrente que se ha prolongado <strong>casi medio siglo<\/strong>, se siga apelando a la anterior coartada? \u00bf<strong><em>Qu\u00e9 pas\u00f3 entonces con el sentido de previsi\u00f3n<\/em><\/strong>? \u00c9ste no es un asunto de coyuntura. Es cuesti\u00f3n de <strong>soberan\u00eda<\/strong> y de <strong>supervivencia como naci\u00f3n<\/strong>. M\u00e1s claro, ni el agua.<\/p>\n","protected":false},"excerpt":{"rendered":"<p>Cortoplacismo, enfermedad end\u00e9mica en M\u00e9xico Por Mouris Salloum George Director General del Club de Periodistas&#8230;<\/p>\n","protected":false},"author":2,"featured_media":55150,"comment_status":"open","ping_status":"open","sticky":false,"template":"","format":"standard","meta":{"_monsterinsights_skip_tracking":false,"_monsterinsights_sitenote_active":false,"_monsterinsights_sitenote_note":"","_monsterinsights_sitenote_category":0,"footnotes":""},"categories":[2],"tags":[],"class_list":["post-55149","post","type-post","status-publish","format-standard","has-post-thumbnail","hentry","category-noticias"],"yoast_head":"<!-- This site is optimized with the Yoast SEO plugin v27.3 - https:\/\/yoast.com\/product\/yoast-seo-wordpress\/ -->\n<title>Voces del Periodista Desde Filomeno Mata 8\/\/\/Mouris Salloum George\/\/\/Cortoplacismo, enfermedad end\u00e9mica en M\u00e9xico -<\/title>\n<meta name=\"robots\" content=\"index, follow, max-snippet:-1, max-image-preview:large, max-video-preview:-1\" \/>\n<link rel=\"canonical\" href=\"https:\/\/quehacerpolitico.mx\/?p=55149\" \/>\n<meta property=\"og:locale\" content=\"es_MX\" \/>\n<meta property=\"og:type\" content=\"article\" \/>\n<meta property=\"og:title\" content=\"Voces del Periodista Desde Filomeno Mata 8\/\/\/Mouris Salloum George\/\/\/Cortoplacismo, enfermedad end\u00e9mica en M\u00e9xico -\" \/>\n<meta property=\"og:description\" content=\"Cortoplacismo, enfermedad end\u00e9mica en M\u00e9xico Por Mouris Salloum George Director General del Club de Periodistas...\" \/>\n<meta property=\"og:url\" content=\"https:\/\/quehacerpolitico.mx\/?p=55149\" \/>\n<meta property=\"article:published_time\" content=\"2020-03-14T17:31:52+00:00\" \/>\n<meta name=\"author\" content=\"Redacci\u00f3n QP\" \/>\n<meta name=\"twitter:card\" content=\"summary_large_image\" \/>\n<meta name=\"twitter:label1\" content=\"Escrito por\" \/>\n\t<meta name=\"twitter:data1\" content=\"Redacci\u00f3n QP\" \/>\n\t<meta name=\"twitter:label2\" content=\"Tiempo de lectura\" \/>\n\t<meta name=\"twitter:data2\" content=\"2 minutos\" \/>\n<script type=\"application\/ld+json\" class=\"yoast-schema-graph\">{\"@context\":\"https:\\\/\\\/schema.org\",\"@graph\":[{\"@type\":\"Article\",\"@id\":\"https:\\\/\\\/quehacerpolitico.mx\\\/?p=55149#article\",\"isPartOf\":{\"@id\":\"https:\\\/\\\/quehacerpolitico.mx\\\/?p=55149\"},\"author\":{\"name\":\"Redacci\u00f3n QP\",\"@id\":\"https:\\\/\\\/quehacerpolitico.mx\\\/#\\\/schema\\\/person\\\/496d8ad2d1d3f8036101dca7ee39e585\"},\"headline\":\"Voces del Periodista Desde Filomeno Mata 8\\\/\\\/\\\/Mouris Salloum George\\\/\\\/\\\/Cortoplacismo, enfermedad end\u00e9mica en M\u00e9xico\",\"datePublished\":\"2020-03-14T17:31:52+00:00\",\"mainEntityOfPage\":{\"@id\":\"https:\\\/\\\/quehacerpolitico.mx\\\/?p=55149\"},\"wordCount\":429,\"commentCount\":0,\"image\":{\"@id\":\"https:\\\/\\\/quehacerpolitico.mx\\\/?p=55149#primaryimage\"},\"thumbnailUrl\":\"\",\"articleSection\":[\"Noticias\"],\"inLanguage\":\"es\",\"potentialAction\":[{\"@type\":\"CommentAction\",\"name\":\"Comment\",\"target\":[\"https:\\\/\\\/quehacerpolitico.mx\\\/?p=55149#respond\"]}]},{\"@type\":\"WebPage\",\"@id\":\"https:\\\/\\\/quehacerpolitico.mx\\\/?p=55149\",\"url\":\"https:\\\/\\\/quehacerpolitico.mx\\\/?p=55149\",\"name\":\"Voces del Periodista Desde Filomeno Mata 8\\\/\\\/\\\/Mouris Salloum George\\\/\\\/\\\/Cortoplacismo, enfermedad end\u00e9mica en M\u00e9xico -\",\"isPartOf\":{\"@id\":\"https:\\\/\\\/quehacerpolitico.mx\\\/#website\"},\"primaryImageOfPage\":{\"@id\":\"https:\\\/\\\/quehacerpolitico.mx\\\/?p=55149#primaryimage\"},\"image\":{\"@id\":\"https:\\\/\\\/quehacerpolitico.mx\\\/?p=55149#primaryimage\"},\"thumbnailUrl\":\"\",\"datePublished\":\"2020-03-14T17:31:52+00:00\",\"author\":{\"@id\":\"https:\\\/\\\/quehacerpolitico.mx\\\/#\\\/schema\\\/person\\\/496d8ad2d1d3f8036101dca7ee39e585\"},\"breadcrumb\":{\"@id\":\"https:\\\/\\\/quehacerpolitico.mx\\\/?p=55149#breadcrumb\"},\"inLanguage\":\"es\",\"potentialAction\":[{\"@type\":\"ReadAction\",\"target\":[\"https:\\\/\\\/quehacerpolitico.mx\\\/?p=55149\"]}]},{\"@type\":\"ImageObject\",\"inLanguage\":\"es\",\"@id\":\"https:\\\/\\\/quehacerpolitico.mx\\\/?p=55149#primaryimage\",\"url\":\"\",\"contentUrl\":\"\"},{\"@type\":\"BreadcrumbList\",\"@id\":\"https:\\\/\\\/quehacerpolitico.mx\\\/?p=55149#breadcrumb\",\"itemListElement\":[{\"@type\":\"ListItem\",\"position\":1,\"name\":\"Inicio\",\"item\":\"https:\\\/\\\/quehacerpolitico.mx\\\/\"},{\"@type\":\"ListItem\",\"position\":2,\"name\":\"Voces del Periodista Desde Filomeno Mata 8\\\/\\\/\\\/Mouris Salloum George\\\/\\\/\\\/Cortoplacismo, enfermedad end\u00e9mica en M\u00e9xico\"}]},{\"@type\":\"WebSite\",\"@id\":\"https:\\\/\\\/quehacerpolitico.mx\\\/#website\",\"url\":\"https:\\\/\\\/quehacerpolitico.mx\\\/\",\"name\":\"\",\"description\":\"\",\"potentialAction\":[{\"@type\":\"SearchAction\",\"target\":{\"@type\":\"EntryPoint\",\"urlTemplate\":\"https:\\\/\\\/quehacerpolitico.mx\\\/?s={search_term_string}\"},\"query-input\":{\"@type\":\"PropertyValueSpecification\",\"valueRequired\":true,\"valueName\":\"search_term_string\"}}],\"inLanguage\":\"es\"},{\"@type\":\"Person\",\"@id\":\"https:\\\/\\\/quehacerpolitico.mx\\\/#\\\/schema\\\/person\\\/496d8ad2d1d3f8036101dca7ee39e585\",\"name\":\"Redacci\u00f3n QP\",\"image\":{\"@type\":\"ImageObject\",\"inLanguage\":\"es\",\"@id\":\"https:\\\/\\\/secure.gravatar.com\\\/avatar\\\/c7164ed6fdec453195284ad24a5ae5b6e1eed2b848477fa2a4787ba9adf39a41?s=96&d=mm&r=g\",\"url\":\"https:\\\/\\\/secure.gravatar.com\\\/avatar\\\/c7164ed6fdec453195284ad24a5ae5b6e1eed2b848477fa2a4787ba9adf39a41?s=96&d=mm&r=g\",\"contentUrl\":\"https:\\\/\\\/secure.gravatar.com\\\/avatar\\\/c7164ed6fdec453195284ad24a5ae5b6e1eed2b848477fa2a4787ba9adf39a41?s=96&d=mm&r=g\",\"caption\":\"Redacci\u00f3n QP\"},\"url\":\"https:\\\/\\\/quehacerpolitico.mx\\\/?author=2\"}]}<\/script>\n<!-- \/ Yoast SEO plugin. -->","yoast_head_json":{"title":"Voces del Periodista Desde Filomeno Mata 8\/\/\/Mouris Salloum George\/\/\/Cortoplacismo, enfermedad end\u00e9mica en M\u00e9xico -","robots":{"index":"index","follow":"follow","max-snippet":"max-snippet:-1","max-image-preview":"max-image-preview:large","max-video-preview":"max-video-preview:-1"},"canonical":"https:\/\/quehacerpolitico.mx\/?p=55149","og_locale":"es_MX","og_type":"article","og_title":"Voces del Periodista Desde Filomeno Mata 8\/\/\/Mouris Salloum George\/\/\/Cortoplacismo, enfermedad end\u00e9mica en M\u00e9xico -","og_description":"Cortoplacismo, enfermedad end\u00e9mica en M\u00e9xico Por Mouris Salloum George Director General del Club de Periodistas...","og_url":"https:\/\/quehacerpolitico.mx\/?p=55149","article_published_time":"2020-03-14T17:31:52+00:00","author":"Redacci\u00f3n QP","twitter_card":"summary_large_image","twitter_misc":{"Escrito por":"Redacci\u00f3n QP","Tiempo de lectura":"2 minutos"},"schema":{"@context":"https:\/\/schema.org","@graph":[{"@type":"Article","@id":"https:\/\/quehacerpolitico.mx\/?p=55149#article","isPartOf":{"@id":"https:\/\/quehacerpolitico.mx\/?p=55149"},"author":{"name":"Redacci\u00f3n QP","@id":"https:\/\/quehacerpolitico.mx\/#\/schema\/person\/496d8ad2d1d3f8036101dca7ee39e585"},"headline":"Voces del Periodista Desde Filomeno Mata 8\/\/\/Mouris Salloum George\/\/\/Cortoplacismo, enfermedad end\u00e9mica en M\u00e9xico","datePublished":"2020-03-14T17:31:52+00:00","mainEntityOfPage":{"@id":"https:\/\/quehacerpolitico.mx\/?p=55149"},"wordCount":429,"commentCount":0,"image":{"@id":"https:\/\/quehacerpolitico.mx\/?p=55149#primaryimage"},"thumbnailUrl":"","articleSection":["Noticias"],"inLanguage":"es","potentialAction":[{"@type":"CommentAction","name":"Comment","target":["https:\/\/quehacerpolitico.mx\/?p=55149#respond"]}]},{"@type":"WebPage","@id":"https:\/\/quehacerpolitico.mx\/?p=55149","url":"https:\/\/quehacerpolitico.mx\/?p=55149","name":"Voces del Periodista Desde Filomeno Mata 8\/\/\/Mouris Salloum George\/\/\/Cortoplacismo, enfermedad end\u00e9mica en M\u00e9xico -","isPartOf":{"@id":"https:\/\/quehacerpolitico.mx\/#website"},"primaryImageOfPage":{"@id":"https:\/\/quehacerpolitico.mx\/?p=55149#primaryimage"},"image":{"@id":"https:\/\/quehacerpolitico.mx\/?p=55149#primaryimage"},"thumbnailUrl":"","datePublished":"2020-03-14T17:31:52+00:00","author":{"@id":"https:\/\/quehacerpolitico.mx\/#\/schema\/person\/496d8ad2d1d3f8036101dca7ee39e585"},"breadcrumb":{"@id":"https:\/\/quehacerpolitico.mx\/?p=55149#breadcrumb"},"inLanguage":"es","potentialAction":[{"@type":"ReadAction","target":["https:\/\/quehacerpolitico.mx\/?p=55149"]}]},{"@type":"ImageObject","inLanguage":"es","@id":"https:\/\/quehacerpolitico.mx\/?p=55149#primaryimage","url":"","contentUrl":""},{"@type":"BreadcrumbList","@id":"https:\/\/quehacerpolitico.mx\/?p=55149#breadcrumb","itemListElement":[{"@type":"ListItem","position":1,"name":"Inicio","item":"https:\/\/quehacerpolitico.mx\/"},{"@type":"ListItem","position":2,"name":"Voces del Periodista Desde Filomeno Mata 8\/\/\/Mouris Salloum George\/\/\/Cortoplacismo, enfermedad end\u00e9mica en M\u00e9xico"}]},{"@type":"WebSite","@id":"https:\/\/quehacerpolitico.mx\/#website","url":"https:\/\/quehacerpolitico.mx\/","name":"","description":"","potentialAction":[{"@type":"SearchAction","target":{"@type":"EntryPoint","urlTemplate":"https:\/\/quehacerpolitico.mx\/?s={search_term_string}"},"query-input":{"@type":"PropertyValueSpecification","valueRequired":true,"valueName":"search_term_string"}}],"inLanguage":"es"},{"@type":"Person","@id":"https:\/\/quehacerpolitico.mx\/#\/schema\/person\/496d8ad2d1d3f8036101dca7ee39e585","name":"Redacci\u00f3n QP","image":{"@type":"ImageObject","inLanguage":"es","@id":"https:\/\/secure.gravatar.com\/avatar\/c7164ed6fdec453195284ad24a5ae5b6e1eed2b848477fa2a4787ba9adf39a41?s=96&d=mm&r=g","url":"https:\/\/secure.gravatar.com\/avatar\/c7164ed6fdec453195284ad24a5ae5b6e1eed2b848477fa2a4787ba9adf39a41?s=96&d=mm&r=g","contentUrl":"https:\/\/secure.gravatar.com\/avatar\/c7164ed6fdec453195284ad24a5ae5b6e1eed2b848477fa2a4787ba9adf39a41?s=96&d=mm&r=g","caption":"Redacci\u00f3n QP"},"url":"https:\/\/quehacerpolitico.mx\/?author=2"}]}},"featured_image_urls":{"full":"","thumbnail":"","medium":"","medium_large":"","large":"","1536x1536":"","2048x2048":"","covernews-featured":"","covernews-medium":""},"author_info":{"display_name":"Redacci\u00f3n QP","author_link":"https:\/\/quehacerpolitico.mx\/?author=2"},"category_info":"<a href=\"https:\/\/quehacerpolitico.mx\/?cat=2\" rel=\"category\">Noticias<\/a>","tag_info":"Noticias","comment_count":"0","_links":{"self":[{"href":"https:\/\/quehacerpolitico.mx\/index.php?rest_route=\/wp\/v2\/posts\/55149","targetHints":{"allow":["GET"]}}],"collection":[{"href":"https:\/\/quehacerpolitico.mx\/index.php?rest_route=\/wp\/v2\/posts"}],"about":[{"href":"https:\/\/quehacerpolitico.mx\/index.php?rest_route=\/wp\/v2\/types\/post"}],"author":[{"embeddable":true,"href":"https:\/\/quehacerpolitico.mx\/index.php?rest_route=\/wp\/v2\/users\/2"}],"replies":[{"embeddable":true,"href":"https:\/\/quehacerpolitico.mx\/index.php?rest_route=%2Fwp%2Fv2%2Fcomments&post=55149"}],"version-history":[{"count":0,"href":"https:\/\/quehacerpolitico.mx\/index.php?rest_route=\/wp\/v2\/posts\/55149\/revisions"}],"wp:featuredmedia":[{"embeddable":true,"href":"https:\/\/quehacerpolitico.mx\/index.php?rest_route=\/"}],"wp:attachment":[{"href":"https:\/\/quehacerpolitico.mx\/index.php?rest_route=%2Fwp%2Fv2%2Fmedia&parent=55149"}],"wp:term":[{"taxonomy":"category","embeddable":true,"href":"https:\/\/quehacerpolitico.mx\/index.php?rest_route=%2Fwp%2Fv2%2Fcategories&post=55149"},{"taxonomy":"post_tag","embeddable":true,"href":"https:\/\/quehacerpolitico.mx\/index.php?rest_route=%2Fwp%2Fv2%2Ftags&post=55149"}],"curies":[{"name":"wp","href":"https:\/\/api.w.org\/{rel}","templated":true}]}}