{"id":55146,"date":"2020-03-14T11:18:00","date_gmt":"2020-03-14T17:18:00","guid":{"rendered":"http:\/\/quehacerpolitico.mx\/?p=55146"},"modified":"2020-03-14T11:18:00","modified_gmt":"2020-03-14T17:18:00","slug":"aumenta-a-cuatro-cifra-de-personas-con-coronavirus-en-nl","status":"publish","type":"post","link":"https:\/\/quehacerpolitico.mx\/?p=55146","title":{"rendered":"Aumenta a cuatro cifra de personas con coronavirus en NL"},"content":{"rendered":"<h1 class=\"news-title\">Aumenta a cuatro cifra de personas con coronavirus en NL<br \/>\nPor Redacci\u00f3n QP<\/h1>\n<p>Uno de los pacientes se encuentra internado en un hospital de la localidad, reportado como de grave<\/p>\n<p>La Secretar\u00eda de Salud de Nuevo Le\u00f3n inform\u00f3 que subi\u00f3 a cuatro la cifra de personas infectadas con coronavirus en la entidad.<\/p>\n<p>En conferencia de prensa, Manuel de la O Cavazos, titular de la dependencia, afirm\u00f3 que <strong>de los dos casos reportados hasta este viernes, se suman el de un joven de 30 a\u00f1os que viaj\u00f3 a Espa\u00f1a y otro de 71 a\u00f1os que estuvo en Aspen, Colorado<\/strong>, sin revelarse sus identidades.<\/p>\n<p>Asimismo, asegur\u00f3 que <strong>nueve personas m\u00e1s est\u00e1n siendo analizados en calidad de casos sospechosos<\/strong>, a la espera de alguna confirmaci\u00f3n de resultados.<\/p>\n<p>De la O Cavazos afirm\u00f3 que &#8220;<strong>los casos que tenemos son importados, no tenemos ning\u00fan caso de transmisi\u00f3n local<\/strong>&#8220;, esto a pregunta expresa sobre si los pacientes que ya se ten\u00edan, han infectado a alguno de su c\u00edrculo cercano.<\/p>\n<p>El titular de Salud estatal <strong>hizo un llamado a la poblaci\u00f3n a guardar la calma, no realizar compras de p\u00e1nico<\/strong> y atender las recomendaciones de la dependencia, adem\u00e1s de dejar en claro que esperan m\u00e1s casos en pr\u00f3ximos d\u00edas.<\/p>\n<p>&#8220;Quiero decirle a la poblaci\u00f3n que est\u00e9n tranquilos, guardar la calma, no realizar compras de p\u00e1nico porque vac\u00edan los estantes; no est\u00e9n comprando esos productos (por comprar), compren lo que necesiten; hemos reforzado las acciones en la familia y en los pacientes cercanos a nosotros&#8221;, exhort\u00f3.<\/p>\n<p>El funcionario tambi\u00e9n critic\u00f3 la postura de algunos pol\u00edticos de la localidad, de quienes asegur\u00f3 &#8220;est\u00e1n politizando&#8221; el tema repartiendo mascarillas entre la poblaci\u00f3n y &#8220;tratando de llevar agua a su molino&#8221;.<\/p>\n<p>&#8220;Recomiendo a los pol\u00edticos que no repartan mascarillas; si quieren hacerlo, que lo repartan entre el personal hospitalario&#8221;, declar\u00f3 de la O Cavazos.<\/p>\n<p>Reconoci\u00f3 que si bien el coronavirus no sobrevive a altas temperaturas, con la pr\u00f3xima temporada de primavera la ciudad no estar\u00e1 inmune a m\u00e1s contagios porque &#8220;el virus se sigue reproduciendo a pesar del calor, aun siguen los estudios cient\u00edficos&#8221;.<\/p>\n<p>Con informaci\u00f3n de NTX<\/p>\n","protected":false},"excerpt":{"rendered":"<p>Aumenta a cuatro cifra de personas con coronavirus en NL Por Redacci\u00f3n QP Uno de&#8230;<\/p>\n","protected":false},"author":2,"featured_media":55147,"comment_status":"open","ping_status":"open","sticky":false,"template":"","format":"standard","meta":{"_monsterinsights_skip_tracking":false,"_monsterinsights_sitenote_active":false,"_monsterinsights_sitenote_note":"","_monsterinsights_sitenote_category":0,"footnotes":""},"categories":[2],"tags":[],"class_list":["post-55146","post","type-post","status-publish","format-standard","has-post-thumbnail","hentry","category-noticias"],"yoast_head":"<!-- This site is optimized with the Yoast SEO plugin v27.3 - https:\/\/yoast.com\/product\/yoast-seo-wordpress\/ -->\n<title>Aumenta a cuatro cifra de personas con coronavirus en NL -<\/title>\n<meta name=\"robots\" content=\"index, follow, max-snippet:-1, max-image-preview:large, max-video-preview:-1\" \/>\n<link rel=\"canonical\" href=\"https:\/\/quehacerpolitico.mx\/?p=55146\" \/>\n<meta property=\"og:locale\" content=\"es_MX\" \/>\n<meta property=\"og:type\" content=\"article\" \/>\n<meta property=\"og:title\" content=\"Aumenta a cuatro cifra de personas con coronavirus en NL -\" \/>\n<meta property=\"og:description\" content=\"Aumenta a cuatro cifra de personas con coronavirus en NL Por Redacci\u00f3n QP Uno de...\" \/>\n<meta property=\"og:url\" content=\"https:\/\/quehacerpolitico.mx\/?p=55146\" \/>\n<meta property=\"article:published_time\" content=\"2020-03-14T17:18:00+00:00\" \/>\n<meta name=\"author\" content=\"Redacci\u00f3n QP\" \/>\n<meta name=\"twitter:card\" content=\"summary_large_image\" \/>\n<meta name=\"twitter:label1\" content=\"Escrito por\" \/>\n\t<meta name=\"twitter:data1\" content=\"Redacci\u00f3n QP\" \/>\n\t<meta name=\"twitter:label2\" content=\"Tiempo de lectura\" \/>\n\t<meta name=\"twitter:data2\" content=\"2 minutos\" \/>\n<script type=\"application\/ld+json\" class=\"yoast-schema-graph\">{\"@context\":\"https:\\\/\\\/schema.org\",\"@graph\":[{\"@type\":\"Article\",\"@id\":\"https:\\\/\\\/quehacerpolitico.mx\\\/?p=55146#article\",\"isPartOf\":{\"@id\":\"https:\\\/\\\/quehacerpolitico.mx\\\/?p=55146\"},\"author\":{\"name\":\"Redacci\u00f3n QP\",\"@id\":\"https:\\\/\\\/quehacerpolitico.mx\\\/#\\\/schema\\\/person\\\/496d8ad2d1d3f8036101dca7ee39e585\"},\"headline\":\"Aumenta a cuatro cifra de personas con coronavirus en NL\",\"datePublished\":\"2020-03-14T17:18:00+00:00\",\"mainEntityOfPage\":{\"@id\":\"https:\\\/\\\/quehacerpolitico.mx\\\/?p=55146\"},\"wordCount\":388,\"commentCount\":0,\"image\":{\"@id\":\"https:\\\/\\\/quehacerpolitico.mx\\\/?p=55146#primaryimage\"},\"thumbnailUrl\":\"\",\"articleSection\":[\"Noticias\"],\"inLanguage\":\"es\",\"potentialAction\":[{\"@type\":\"CommentAction\",\"name\":\"Comment\",\"target\":[\"https:\\\/\\\/quehacerpolitico.mx\\\/?p=55146#respond\"]}]},{\"@type\":\"WebPage\",\"@id\":\"https:\\\/\\\/quehacerpolitico.mx\\\/?p=55146\",\"url\":\"https:\\\/\\\/quehacerpolitico.mx\\\/?p=55146\",\"name\":\"Aumenta a cuatro cifra de personas con coronavirus en NL -\",\"isPartOf\":{\"@id\":\"https:\\\/\\\/quehacerpolitico.mx\\\/#website\"},\"primaryImageOfPage\":{\"@id\":\"https:\\\/\\\/quehacerpolitico.mx\\\/?p=55146#primaryimage\"},\"image\":{\"@id\":\"https:\\\/\\\/quehacerpolitico.mx\\\/?p=55146#primaryimage\"},\"thumbnailUrl\":\"\",\"datePublished\":\"2020-03-14T17:18:00+00:00\",\"author\":{\"@id\":\"https:\\\/\\\/quehacerpolitico.mx\\\/#\\\/schema\\\/person\\\/496d8ad2d1d3f8036101dca7ee39e585\"},\"breadcrumb\":{\"@id\":\"https:\\\/\\\/quehacerpolitico.mx\\\/?p=55146#breadcrumb\"},\"inLanguage\":\"es\",\"potentialAction\":[{\"@type\":\"ReadAction\",\"target\":[\"https:\\\/\\\/quehacerpolitico.mx\\\/?p=55146\"]}]},{\"@type\":\"ImageObject\",\"inLanguage\":\"es\",\"@id\":\"https:\\\/\\\/quehacerpolitico.mx\\\/?p=55146#primaryimage\",\"url\":\"\",\"contentUrl\":\"\"},{\"@type\":\"BreadcrumbList\",\"@id\":\"https:\\\/\\\/quehacerpolitico.mx\\\/?p=55146#breadcrumb\",\"itemListElement\":[{\"@type\":\"ListItem\",\"position\":1,\"name\":\"Inicio\",\"item\":\"https:\\\/\\\/quehacerpolitico.mx\\\/\"},{\"@type\":\"ListItem\",\"position\":2,\"name\":\"Aumenta a cuatro cifra de personas con coronavirus en NL\"}]},{\"@type\":\"WebSite\",\"@id\":\"https:\\\/\\\/quehacerpolitico.mx\\\/#website\",\"url\":\"https:\\\/\\\/quehacerpolitico.mx\\\/\",\"name\":\"\",\"description\":\"\",\"potentialAction\":[{\"@type\":\"SearchAction\",\"target\":{\"@type\":\"EntryPoint\",\"urlTemplate\":\"https:\\\/\\\/quehacerpolitico.mx\\\/?s={search_term_string}\"},\"query-input\":{\"@type\":\"PropertyValueSpecification\",\"valueRequired\":true,\"valueName\":\"search_term_string\"}}],\"inLanguage\":\"es\"},{\"@type\":\"Person\",\"@id\":\"https:\\\/\\\/quehacerpolitico.mx\\\/#\\\/schema\\\/person\\\/496d8ad2d1d3f8036101dca7ee39e585\",\"name\":\"Redacci\u00f3n QP\",\"image\":{\"@type\":\"ImageObject\",\"inLanguage\":\"es\",\"@id\":\"https:\\\/\\\/secure.gravatar.com\\\/avatar\\\/c7164ed6fdec453195284ad24a5ae5b6e1eed2b848477fa2a4787ba9adf39a41?s=96&d=mm&r=g\",\"url\":\"https:\\\/\\\/secure.gravatar.com\\\/avatar\\\/c7164ed6fdec453195284ad24a5ae5b6e1eed2b848477fa2a4787ba9adf39a41?s=96&d=mm&r=g\",\"contentUrl\":\"https:\\\/\\\/secure.gravatar.com\\\/avatar\\\/c7164ed6fdec453195284ad24a5ae5b6e1eed2b848477fa2a4787ba9adf39a41?s=96&d=mm&r=g\",\"caption\":\"Redacci\u00f3n QP\"},\"url\":\"https:\\\/\\\/quehacerpolitico.mx\\\/?author=2\"}]}<\/script>\n<!-- \/ Yoast SEO plugin. -->","yoast_head_json":{"title":"Aumenta a cuatro cifra de personas con coronavirus en NL -","robots":{"index":"index","follow":"follow","max-snippet":"max-snippet:-1","max-image-preview":"max-image-preview:large","max-video-preview":"max-video-preview:-1"},"canonical":"https:\/\/quehacerpolitico.mx\/?p=55146","og_locale":"es_MX","og_type":"article","og_title":"Aumenta a cuatro cifra de personas con coronavirus en NL -","og_description":"Aumenta a cuatro cifra de personas con coronavirus en NL Por Redacci\u00f3n QP Uno de...","og_url":"https:\/\/quehacerpolitico.mx\/?p=55146","article_published_time":"2020-03-14T17:18:00+00:00","author":"Redacci\u00f3n QP","twitter_card":"summary_large_image","twitter_misc":{"Escrito por":"Redacci\u00f3n QP","Tiempo de lectura":"2 minutos"},"schema":{"@context":"https:\/\/schema.org","@graph":[{"@type":"Article","@id":"https:\/\/quehacerpolitico.mx\/?p=55146#article","isPartOf":{"@id":"https:\/\/quehacerpolitico.mx\/?p=55146"},"author":{"name":"Redacci\u00f3n QP","@id":"https:\/\/quehacerpolitico.mx\/#\/schema\/person\/496d8ad2d1d3f8036101dca7ee39e585"},"headline":"Aumenta a cuatro cifra de personas con coronavirus en NL","datePublished":"2020-03-14T17:18:00+00:00","mainEntityOfPage":{"@id":"https:\/\/quehacerpolitico.mx\/?p=55146"},"wordCount":388,"commentCount":0,"image":{"@id":"https:\/\/quehacerpolitico.mx\/?p=55146#primaryimage"},"thumbnailUrl":"","articleSection":["Noticias"],"inLanguage":"es","potentialAction":[{"@type":"CommentAction","name":"Comment","target":["https:\/\/quehacerpolitico.mx\/?p=55146#respond"]}]},{"@type":"WebPage","@id":"https:\/\/quehacerpolitico.mx\/?p=55146","url":"https:\/\/quehacerpolitico.mx\/?p=55146","name":"Aumenta a cuatro cifra de personas con coronavirus en NL -","isPartOf":{"@id":"https:\/\/quehacerpolitico.mx\/#website"},"primaryImageOfPage":{"@id":"https:\/\/quehacerpolitico.mx\/?p=55146#primaryimage"},"image":{"@id":"https:\/\/quehacerpolitico.mx\/?p=55146#primaryimage"},"thumbnailUrl":"","datePublished":"2020-03-14T17:18:00+00:00","author":{"@id":"https:\/\/quehacerpolitico.mx\/#\/schema\/person\/496d8ad2d1d3f8036101dca7ee39e585"},"breadcrumb":{"@id":"https:\/\/quehacerpolitico.mx\/?p=55146#breadcrumb"},"inLanguage":"es","potentialAction":[{"@type":"ReadAction","target":["https:\/\/quehacerpolitico.mx\/?p=55146"]}]},{"@type":"ImageObject","inLanguage":"es","@id":"https:\/\/quehacerpolitico.mx\/?p=55146#primaryimage","url":"","contentUrl":""},{"@type":"BreadcrumbList","@id":"https:\/\/quehacerpolitico.mx\/?p=55146#breadcrumb","itemListElement":[{"@type":"ListItem","position":1,"name":"Inicio","item":"https:\/\/quehacerpolitico.mx\/"},{"@type":"ListItem","position":2,"name":"Aumenta a cuatro cifra de personas con coronavirus en NL"}]},{"@type":"WebSite","@id":"https:\/\/quehacerpolitico.mx\/#website","url":"https:\/\/quehacerpolitico.mx\/","name":"","description":"","potentialAction":[{"@type":"SearchAction","target":{"@type":"EntryPoint","urlTemplate":"https:\/\/quehacerpolitico.mx\/?s={search_term_string}"},"query-input":{"@type":"PropertyValueSpecification","valueRequired":true,"valueName":"search_term_string"}}],"inLanguage":"es"},{"@type":"Person","@id":"https:\/\/quehacerpolitico.mx\/#\/schema\/person\/496d8ad2d1d3f8036101dca7ee39e585","name":"Redacci\u00f3n QP","image":{"@type":"ImageObject","inLanguage":"es","@id":"https:\/\/secure.gravatar.com\/avatar\/c7164ed6fdec453195284ad24a5ae5b6e1eed2b848477fa2a4787ba9adf39a41?s=96&d=mm&r=g","url":"https:\/\/secure.gravatar.com\/avatar\/c7164ed6fdec453195284ad24a5ae5b6e1eed2b848477fa2a4787ba9adf39a41?s=96&d=mm&r=g","contentUrl":"https:\/\/secure.gravatar.com\/avatar\/c7164ed6fdec453195284ad24a5ae5b6e1eed2b848477fa2a4787ba9adf39a41?s=96&d=mm&r=g","caption":"Redacci\u00f3n QP"},"url":"https:\/\/quehacerpolitico.mx\/?author=2"}]}},"featured_image_urls":{"full":"","thumbnail":"","medium":"","medium_large":"","large":"","1536x1536":"","2048x2048":"","covernews-featured":"","covernews-medium":""},"author_info":{"display_name":"Redacci\u00f3n QP","author_link":"https:\/\/quehacerpolitico.mx\/?author=2"},"category_info":"<a href=\"https:\/\/quehacerpolitico.mx\/?cat=2\" rel=\"category\">Noticias<\/a>","tag_info":"Noticias","comment_count":"0","_links":{"self":[{"href":"https:\/\/quehacerpolitico.mx\/index.php?rest_route=\/wp\/v2\/posts\/55146","targetHints":{"allow":["GET"]}}],"collection":[{"href":"https:\/\/quehacerpolitico.mx\/index.php?rest_route=\/wp\/v2\/posts"}],"about":[{"href":"https:\/\/quehacerpolitico.mx\/index.php?rest_route=\/wp\/v2\/types\/post"}],"author":[{"embeddable":true,"href":"https:\/\/quehacerpolitico.mx\/index.php?rest_route=\/wp\/v2\/users\/2"}],"replies":[{"embeddable":true,"href":"https:\/\/quehacerpolitico.mx\/index.php?rest_route=%2Fwp%2Fv2%2Fcomments&post=55146"}],"version-history":[{"count":0,"href":"https:\/\/quehacerpolitico.mx\/index.php?rest_route=\/wp\/v2\/posts\/55146\/revisions"}],"wp:featuredmedia":[{"embeddable":true,"href":"https:\/\/quehacerpolitico.mx\/index.php?rest_route=\/"}],"wp:attachment":[{"href":"https:\/\/quehacerpolitico.mx\/index.php?rest_route=%2Fwp%2Fv2%2Fmedia&parent=55146"}],"wp:term":[{"taxonomy":"category","embeddable":true,"href":"https:\/\/quehacerpolitico.mx\/index.php?rest_route=%2Fwp%2Fv2%2Fcategories&post=55146"},{"taxonomy":"post_tag","embeddable":true,"href":"https:\/\/quehacerpolitico.mx\/index.php?rest_route=%2Fwp%2Fv2%2Ftags&post=55146"}],"curies":[{"name":"wp","href":"https:\/\/api.w.org\/{rel}","templated":true}]}}