{"id":55013,"date":"2020-03-12T08:28:09","date_gmt":"2020-03-12T14:28:09","guid":{"rendered":"http:\/\/quehacerpolitico.mx\/?p=55013"},"modified":"2020-03-12T08:28:09","modified_gmt":"2020-03-12T14:28:09","slug":"voces-del-periodista-desde-filomeno-mata-8-mouris-salloum-george-no-se-vea-a-los-mexicanos-como-enfermos-mentales","status":"publish","type":"post","link":"https:\/\/quehacerpolitico.mx\/?p=55013","title":{"rendered":"Voces del Periodista Desde Filomeno Mata 8\/\/\/Mouris Salloum George\/\/\/No se vea a los mexicanos como enfermos mentales"},"content":{"rendered":"<h1 class=\"entry-title penci-entry-title penci-title-\">No se vea a los mexicanos como enfermos mentales<br \/>\nPor Mouris Salloum George<\/h1>\n<p>Director General del Club de Periodistas de Mexico, AC<\/p>\n<p>En plena Segunda Guerra Mundial<strong>, Winston Churchill <\/strong>no se anduvo con aguas de borrajas ret\u00f3ricas. Demand\u00f3 a los brit\u00e1nicos <strong><em>sangre, sudor y l\u00e1grimas<\/em><\/strong>.<\/p>\n<p>Medio siglo despu\u00e9s, frente a la crisis recurrente, <strong>Miguel de la Madrid <em>no les dor\u00f3 la p\u00edldora <\/em><\/strong>a los mexicanos. Arranc\u00f3 su mandato anunciando la aplicaci\u00f3n de una estrategia de <strong>econom\u00eda de guerra <\/strong>y dise\u00f1\u00f3 y ejecut\u00f3 <strong><em>medidas dolorosas, pero necesarias<\/em><\/strong>. Los mexicanos apechugaron.<\/p>\n<p><strong><em>La generaci\u00f3n del cambio <\/em><\/strong>anunci\u00f3 el ingreso de M\u00e9xico <strong><em>al para\u00edso<\/em><\/strong> del Primer Mundo.<\/p>\n<p><strong>El profeta de San Crist\u00f3bal: Primero como Jap\u00f3n\u2026<\/strong><\/p>\n<p>A <strong>Vicente Fox<\/strong>, Ernesto Zedillo le dej\u00f3 finanzas, si no plenamente sanas, al menos estables. El <strong><em>profeta de San Crist\u00f3bal<\/em><\/strong>, siempre euf\u00f3rico, lleg\u00f3 a decir que a la econom\u00eda mexicana le faltaban unos cuantos d\u00f3lares para alcanzar el octavo lugar en la tabla mundial: <strong><em>Primero como Jap\u00f3n y luego como Alemania<\/em><\/strong>.<\/p>\n<p>En esa onda optimista, <strong>Felipe Calder\u00f3n <\/strong>lleg\u00f3 a blasonar que le heredada a Enrique Pe\u00f1a Nieto <strong><em>un barco de gran calado<\/em><\/strong>.<\/p>\n<p>En su etapa crepuscular, el mexiquense hizo decir a la Secretar\u00eda de Hacienda que le entregaban a Andr\u00e9s Manuel L\u00f3pez Obrador, <strong><em>finanzas p\u00fablicas solventes<\/em><\/strong>.<\/p>\n<p><strong>Los remesones de la Gran Recesi\u00f3n de 2008-2009<\/strong><\/p>\n<p>En la segunda mitad de la primera d\u00e9cada siglo XXI, estall\u00f3 la burbuja: <strong>Los Estados Unidos desencadenaron el gran colapso financiero <\/strong>de alcances universales. Los expertos hablaron de una <strong><em>Gran recesi\u00f3n<\/em><\/strong>.<\/p>\n<p>Al impacto de ese tsunami en M\u00e9xico se refiri\u00f3 Calder\u00f3n disfrazado de <strong><em>Jinete en la tormenta<\/em><\/strong>: Su buque insignia hab\u00eda remontado la tempestad sabia y heroicamente.<\/p>\n<p>A esa d\u00e9cada nos referimos: Si bien los mercados financieros internacionales manejaron la <strong>congesti\u00f3n y purga<\/strong> del sistema bancario, tuvieron en su favor que una producci\u00f3n petrolera astutamente planeada se manifest\u00f3 en un <strong>disparo de los precios<\/strong> <strong>mundiales del crudo<\/strong>, que dieron a las econom\u00edas m\u00e1s poderosas de occidente un profundo respiro. El crudo, en algunas sesiones, cruz\u00f3 la barrera de <strong>los 100 d\u00f3lares por barril<\/strong>.<\/p>\n<p><strong>La contrarreforma petrolera nos dej\u00f3 colgados de la brocha<\/strong><\/p>\n<p>Los impactos positivos en las econom\u00edas llamadas perif\u00e9ricas no fueron menores. M\u00e9xico, sin embargo, fue empinado en una <strong><em>contrarreforma petrolera <\/em><\/strong>que ech\u00f3 por la borda las expectativas de recuperaci\u00f3n. Este fue el esquema heredado por el PRI a la cuarta transformaci\u00f3n.<\/p>\n<p>Los efectos sicol\u00f3gicos del <strong><em>coronavirus<\/em><\/strong> -se antojar\u00edan prefabricados- han golpeado la l\u00ednea de flotaci\u00f3n de las econom\u00edas del Primer Mundo. Se recuerda ahora que, <strong><em>cuando los Estados Unidos estornuda, a M\u00e9xico le da pulmon\u00eda<\/em><\/strong>.<\/p>\n<p>El <strong><em>coronavirus <\/em><\/strong>no se ha tratado con autonom\u00eda, de manera de reducirlo a problema espec\u00edfico de Salud P\u00fablica. <strong><em>La mano invisible del mercado<\/em><\/strong>, bastante visible, ha tomado la oportunidad por los pelos.<\/p>\n<p>El eje <strong>Arabia Saudita-Rusia<\/strong> se ha encargado de trasladar la crisis de salud a la de la econom\u00eda al romperse el acuerdo de administraci\u00f3n de la producci\u00f3n, de manera de contener la ca\u00edda libre de los precios internacionales del petr\u00f3leo. Sus resultados son inciertos.<\/p>\n<p><strong>Consejo Coordinador Empresarial: El impacto podr\u00eda ser brutal<\/strong><\/p>\n<p>En recientes horas, el <strong>Consejo Coordinador Empresarial <\/strong>(CCE\/ c\u00fapula de c\u00fapula de los hombres de negocios) casi propone una declaraci\u00f3n de <strong>emergencia nacional <\/strong>a la vista de la crisis: <strong><em>Su impacto podr\u00eda ser brutal<\/em><\/strong>.<\/p>\n<p>Que no cunda el p\u00e1nico: Responde el secretario de Hacienda, <strong>Carlos Herrera<\/strong>: Desde el periodo de Ernesto Zedillo, <strong><em>M\u00e9xico est\u00e1 blindado contra las crisis externas<\/em><\/strong>.<\/p>\n<p>El doctor en gesti\u00f3n del erario federal pretende animar el esp\u00edritu nacional con una prescripci\u00f3n: <strong>Desde 1995, se construyen finanzas p\u00fablicas dise\u00f1adas sobre un marco de extraordinaria cautela<\/strong>.<\/p>\n<p>No, pues s\u00ed, pero el enfermito, desde el pasado cuarto de siglo, permanece <strong><em>grave, pero estable<\/em><\/strong>. \u00bfNo es lo que indican los reportes del magro comportamiento del <strong>Producto Bruto Interno <\/strong>(PIB) anual desde 1995?<\/p>\n<p>\u00bfPor qu\u00e9 los tecn\u00f3cratas <strong><em>le tienen pavor a la verdad verdadera<\/em><\/strong>? Todav\u00eda los mexicanos tienen reservas de <strong><em>sangre, sudor y l\u00e1grimas<\/em> <\/strong>para conocer y asimilar su perenne postraci\u00f3n: La emocional y f\u00edsica. Que no se les vea como <strong><em>enfermos mentales<\/em><\/strong><em>. <\/em>Vale.<\/p>\n","protected":false},"excerpt":{"rendered":"<p>No se vea a los mexicanos como enfermos mentales Por Mouris Salloum George Director General&#8230;<\/p>\n","protected":false},"author":2,"featured_media":55014,"comment_status":"open","ping_status":"open","sticky":false,"template":"","format":"standard","meta":{"_monsterinsights_skip_tracking":false,"_monsterinsights_sitenote_active":false,"_monsterinsights_sitenote_note":"","_monsterinsights_sitenote_category":0,"footnotes":""},"categories":[2],"tags":[],"class_list":["post-55013","post","type-post","status-publish","format-standard","has-post-thumbnail","hentry","category-noticias"],"yoast_head":"<!-- This site is optimized with the Yoast SEO plugin v27.3 - https:\/\/yoast.com\/product\/yoast-seo-wordpress\/ -->\n<title>Voces del Periodista Desde Filomeno Mata 8\/\/\/Mouris Salloum George\/\/\/No se vea a los mexicanos como enfermos mentales -<\/title>\n<meta name=\"robots\" content=\"index, follow, max-snippet:-1, max-image-preview:large, max-video-preview:-1\" \/>\n<link rel=\"canonical\" href=\"https:\/\/quehacerpolitico.mx\/?p=55013\" \/>\n<meta property=\"og:locale\" content=\"es_MX\" \/>\n<meta property=\"og:type\" content=\"article\" \/>\n<meta property=\"og:title\" content=\"Voces del Periodista Desde Filomeno Mata 8\/\/\/Mouris Salloum George\/\/\/No se vea a los mexicanos como enfermos mentales -\" \/>\n<meta property=\"og:description\" content=\"No se vea a los mexicanos como enfermos mentales Por Mouris Salloum George Director General...\" \/>\n<meta property=\"og:url\" content=\"https:\/\/quehacerpolitico.mx\/?p=55013\" \/>\n<meta property=\"article:published_time\" content=\"2020-03-12T14:28:09+00:00\" \/>\n<meta name=\"author\" content=\"Redacci\u00f3n QP\" \/>\n<meta name=\"twitter:card\" content=\"summary_large_image\" \/>\n<meta name=\"twitter:label1\" content=\"Escrito por\" \/>\n\t<meta name=\"twitter:data1\" content=\"Redacci\u00f3n QP\" \/>\n\t<meta name=\"twitter:label2\" content=\"Tiempo de lectura\" \/>\n\t<meta name=\"twitter:data2\" content=\"4 minutos\" \/>\n<script type=\"application\/ld+json\" class=\"yoast-schema-graph\">{\"@context\":\"https:\\\/\\\/schema.org\",\"@graph\":[{\"@type\":\"Article\",\"@id\":\"https:\\\/\\\/quehacerpolitico.mx\\\/?p=55013#article\",\"isPartOf\":{\"@id\":\"https:\\\/\\\/quehacerpolitico.mx\\\/?p=55013\"},\"author\":{\"name\":\"Redacci\u00f3n QP\",\"@id\":\"https:\\\/\\\/quehacerpolitico.mx\\\/#\\\/schema\\\/person\\\/496d8ad2d1d3f8036101dca7ee39e585\"},\"headline\":\"Voces del Periodista Desde Filomeno Mata 8\\\/\\\/\\\/Mouris Salloum George\\\/\\\/\\\/No se vea a los mexicanos como enfermos mentales\",\"datePublished\":\"2020-03-12T14:28:09+00:00\",\"mainEntityOfPage\":{\"@id\":\"https:\\\/\\\/quehacerpolitico.mx\\\/?p=55013\"},\"wordCount\":755,\"commentCount\":0,\"image\":{\"@id\":\"https:\\\/\\\/quehacerpolitico.mx\\\/?p=55013#primaryimage\"},\"thumbnailUrl\":\"\",\"articleSection\":[\"Noticias\"],\"inLanguage\":\"es\",\"potentialAction\":[{\"@type\":\"CommentAction\",\"name\":\"Comment\",\"target\":[\"https:\\\/\\\/quehacerpolitico.mx\\\/?p=55013#respond\"]}]},{\"@type\":\"WebPage\",\"@id\":\"https:\\\/\\\/quehacerpolitico.mx\\\/?p=55013\",\"url\":\"https:\\\/\\\/quehacerpolitico.mx\\\/?p=55013\",\"name\":\"Voces del Periodista Desde Filomeno Mata 8\\\/\\\/\\\/Mouris Salloum George\\\/\\\/\\\/No se vea a los mexicanos como enfermos mentales -\",\"isPartOf\":{\"@id\":\"https:\\\/\\\/quehacerpolitico.mx\\\/#website\"},\"primaryImageOfPage\":{\"@id\":\"https:\\\/\\\/quehacerpolitico.mx\\\/?p=55013#primaryimage\"},\"image\":{\"@id\":\"https:\\\/\\\/quehacerpolitico.mx\\\/?p=55013#primaryimage\"},\"thumbnailUrl\":\"\",\"datePublished\":\"2020-03-12T14:28:09+00:00\",\"author\":{\"@id\":\"https:\\\/\\\/quehacerpolitico.mx\\\/#\\\/schema\\\/person\\\/496d8ad2d1d3f8036101dca7ee39e585\"},\"breadcrumb\":{\"@id\":\"https:\\\/\\\/quehacerpolitico.mx\\\/?p=55013#breadcrumb\"},\"inLanguage\":\"es\",\"potentialAction\":[{\"@type\":\"ReadAction\",\"target\":[\"https:\\\/\\\/quehacerpolitico.mx\\\/?p=55013\"]}]},{\"@type\":\"ImageObject\",\"inLanguage\":\"es\",\"@id\":\"https:\\\/\\\/quehacerpolitico.mx\\\/?p=55013#primaryimage\",\"url\":\"\",\"contentUrl\":\"\"},{\"@type\":\"BreadcrumbList\",\"@id\":\"https:\\\/\\\/quehacerpolitico.mx\\\/?p=55013#breadcrumb\",\"itemListElement\":[{\"@type\":\"ListItem\",\"position\":1,\"name\":\"Inicio\",\"item\":\"https:\\\/\\\/quehacerpolitico.mx\\\/\"},{\"@type\":\"ListItem\",\"position\":2,\"name\":\"Voces del Periodista Desde Filomeno Mata 8\\\/\\\/\\\/Mouris Salloum George\\\/\\\/\\\/No se vea a los mexicanos como enfermos mentales\"}]},{\"@type\":\"WebSite\",\"@id\":\"https:\\\/\\\/quehacerpolitico.mx\\\/#website\",\"url\":\"https:\\\/\\\/quehacerpolitico.mx\\\/\",\"name\":\"\",\"description\":\"\",\"potentialAction\":[{\"@type\":\"SearchAction\",\"target\":{\"@type\":\"EntryPoint\",\"urlTemplate\":\"https:\\\/\\\/quehacerpolitico.mx\\\/?s={search_term_string}\"},\"query-input\":{\"@type\":\"PropertyValueSpecification\",\"valueRequired\":true,\"valueName\":\"search_term_string\"}}],\"inLanguage\":\"es\"},{\"@type\":\"Person\",\"@id\":\"https:\\\/\\\/quehacerpolitico.mx\\\/#\\\/schema\\\/person\\\/496d8ad2d1d3f8036101dca7ee39e585\",\"name\":\"Redacci\u00f3n QP\",\"image\":{\"@type\":\"ImageObject\",\"inLanguage\":\"es\",\"@id\":\"https:\\\/\\\/secure.gravatar.com\\\/avatar\\\/c7164ed6fdec453195284ad24a5ae5b6e1eed2b848477fa2a4787ba9adf39a41?s=96&d=mm&r=g\",\"url\":\"https:\\\/\\\/secure.gravatar.com\\\/avatar\\\/c7164ed6fdec453195284ad24a5ae5b6e1eed2b848477fa2a4787ba9adf39a41?s=96&d=mm&r=g\",\"contentUrl\":\"https:\\\/\\\/secure.gravatar.com\\\/avatar\\\/c7164ed6fdec453195284ad24a5ae5b6e1eed2b848477fa2a4787ba9adf39a41?s=96&d=mm&r=g\",\"caption\":\"Redacci\u00f3n QP\"},\"url\":\"https:\\\/\\\/quehacerpolitico.mx\\\/?author=2\"}]}<\/script>\n<!-- \/ Yoast SEO plugin. -->","yoast_head_json":{"title":"Voces del Periodista Desde Filomeno Mata 8\/\/\/Mouris Salloum George\/\/\/No se vea a los mexicanos como enfermos mentales -","robots":{"index":"index","follow":"follow","max-snippet":"max-snippet:-1","max-image-preview":"max-image-preview:large","max-video-preview":"max-video-preview:-1"},"canonical":"https:\/\/quehacerpolitico.mx\/?p=55013","og_locale":"es_MX","og_type":"article","og_title":"Voces del Periodista Desde Filomeno Mata 8\/\/\/Mouris Salloum George\/\/\/No se vea a los mexicanos como enfermos mentales -","og_description":"No se vea a los mexicanos como enfermos mentales Por Mouris Salloum George Director General...","og_url":"https:\/\/quehacerpolitico.mx\/?p=55013","article_published_time":"2020-03-12T14:28:09+00:00","author":"Redacci\u00f3n QP","twitter_card":"summary_large_image","twitter_misc":{"Escrito por":"Redacci\u00f3n QP","Tiempo de lectura":"4 minutos"},"schema":{"@context":"https:\/\/schema.org","@graph":[{"@type":"Article","@id":"https:\/\/quehacerpolitico.mx\/?p=55013#article","isPartOf":{"@id":"https:\/\/quehacerpolitico.mx\/?p=55013"},"author":{"name":"Redacci\u00f3n QP","@id":"https:\/\/quehacerpolitico.mx\/#\/schema\/person\/496d8ad2d1d3f8036101dca7ee39e585"},"headline":"Voces del Periodista Desde Filomeno Mata 8\/\/\/Mouris Salloum George\/\/\/No se vea a los mexicanos como enfermos mentales","datePublished":"2020-03-12T14:28:09+00:00","mainEntityOfPage":{"@id":"https:\/\/quehacerpolitico.mx\/?p=55013"},"wordCount":755,"commentCount":0,"image":{"@id":"https:\/\/quehacerpolitico.mx\/?p=55013#primaryimage"},"thumbnailUrl":"","articleSection":["Noticias"],"inLanguage":"es","potentialAction":[{"@type":"CommentAction","name":"Comment","target":["https:\/\/quehacerpolitico.mx\/?p=55013#respond"]}]},{"@type":"WebPage","@id":"https:\/\/quehacerpolitico.mx\/?p=55013","url":"https:\/\/quehacerpolitico.mx\/?p=55013","name":"Voces del Periodista Desde Filomeno Mata 8\/\/\/Mouris Salloum George\/\/\/No se vea a los mexicanos como enfermos mentales -","isPartOf":{"@id":"https:\/\/quehacerpolitico.mx\/#website"},"primaryImageOfPage":{"@id":"https:\/\/quehacerpolitico.mx\/?p=55013#primaryimage"},"image":{"@id":"https:\/\/quehacerpolitico.mx\/?p=55013#primaryimage"},"thumbnailUrl":"","datePublished":"2020-03-12T14:28:09+00:00","author":{"@id":"https:\/\/quehacerpolitico.mx\/#\/schema\/person\/496d8ad2d1d3f8036101dca7ee39e585"},"breadcrumb":{"@id":"https:\/\/quehacerpolitico.mx\/?p=55013#breadcrumb"},"inLanguage":"es","potentialAction":[{"@type":"ReadAction","target":["https:\/\/quehacerpolitico.mx\/?p=55013"]}]},{"@type":"ImageObject","inLanguage":"es","@id":"https:\/\/quehacerpolitico.mx\/?p=55013#primaryimage","url":"","contentUrl":""},{"@type":"BreadcrumbList","@id":"https:\/\/quehacerpolitico.mx\/?p=55013#breadcrumb","itemListElement":[{"@type":"ListItem","position":1,"name":"Inicio","item":"https:\/\/quehacerpolitico.mx\/"},{"@type":"ListItem","position":2,"name":"Voces del Periodista Desde Filomeno Mata 8\/\/\/Mouris Salloum George\/\/\/No se vea a los mexicanos como enfermos mentales"}]},{"@type":"WebSite","@id":"https:\/\/quehacerpolitico.mx\/#website","url":"https:\/\/quehacerpolitico.mx\/","name":"","description":"","potentialAction":[{"@type":"SearchAction","target":{"@type":"EntryPoint","urlTemplate":"https:\/\/quehacerpolitico.mx\/?s={search_term_string}"},"query-input":{"@type":"PropertyValueSpecification","valueRequired":true,"valueName":"search_term_string"}}],"inLanguage":"es"},{"@type":"Person","@id":"https:\/\/quehacerpolitico.mx\/#\/schema\/person\/496d8ad2d1d3f8036101dca7ee39e585","name":"Redacci\u00f3n QP","image":{"@type":"ImageObject","inLanguage":"es","@id":"https:\/\/secure.gravatar.com\/avatar\/c7164ed6fdec453195284ad24a5ae5b6e1eed2b848477fa2a4787ba9adf39a41?s=96&d=mm&r=g","url":"https:\/\/secure.gravatar.com\/avatar\/c7164ed6fdec453195284ad24a5ae5b6e1eed2b848477fa2a4787ba9adf39a41?s=96&d=mm&r=g","contentUrl":"https:\/\/secure.gravatar.com\/avatar\/c7164ed6fdec453195284ad24a5ae5b6e1eed2b848477fa2a4787ba9adf39a41?s=96&d=mm&r=g","caption":"Redacci\u00f3n QP"},"url":"https:\/\/quehacerpolitico.mx\/?author=2"}]}},"featured_image_urls":{"full":"","thumbnail":"","medium":"","medium_large":"","large":"","1536x1536":"","2048x2048":"","covernews-featured":"","covernews-medium":""},"author_info":{"display_name":"Redacci\u00f3n QP","author_link":"https:\/\/quehacerpolitico.mx\/?author=2"},"category_info":"<a href=\"https:\/\/quehacerpolitico.mx\/?cat=2\" rel=\"category\">Noticias<\/a>","tag_info":"Noticias","comment_count":"0","_links":{"self":[{"href":"https:\/\/quehacerpolitico.mx\/index.php?rest_route=\/wp\/v2\/posts\/55013","targetHints":{"allow":["GET"]}}],"collection":[{"href":"https:\/\/quehacerpolitico.mx\/index.php?rest_route=\/wp\/v2\/posts"}],"about":[{"href":"https:\/\/quehacerpolitico.mx\/index.php?rest_route=\/wp\/v2\/types\/post"}],"author":[{"embeddable":true,"href":"https:\/\/quehacerpolitico.mx\/index.php?rest_route=\/wp\/v2\/users\/2"}],"replies":[{"embeddable":true,"href":"https:\/\/quehacerpolitico.mx\/index.php?rest_route=%2Fwp%2Fv2%2Fcomments&post=55013"}],"version-history":[{"count":0,"href":"https:\/\/quehacerpolitico.mx\/index.php?rest_route=\/wp\/v2\/posts\/55013\/revisions"}],"wp:featuredmedia":[{"embeddable":true,"href":"https:\/\/quehacerpolitico.mx\/index.php?rest_route=\/"}],"wp:attachment":[{"href":"https:\/\/quehacerpolitico.mx\/index.php?rest_route=%2Fwp%2Fv2%2Fmedia&parent=55013"}],"wp:term":[{"taxonomy":"category","embeddable":true,"href":"https:\/\/quehacerpolitico.mx\/index.php?rest_route=%2Fwp%2Fv2%2Fcategories&post=55013"},{"taxonomy":"post_tag","embeddable":true,"href":"https:\/\/quehacerpolitico.mx\/index.php?rest_route=%2Fwp%2Fv2%2Ftags&post=55013"}],"curies":[{"name":"wp","href":"https:\/\/api.w.org\/{rel}","templated":true}]}}