{"id":55003,"date":"2020-03-11T23:12:03","date_gmt":"2020-03-12T05:12:03","guid":{"rendered":"http:\/\/quehacerpolitico.mx\/?p=55003"},"modified":"2020-03-11T23:12:03","modified_gmt":"2020-03-12T05:12:03","slug":"familia-de-cientifico-preso-en-eu-pide-ayuda-para-visa-humanitaria","status":"publish","type":"post","link":"https:\/\/quehacerpolitico.mx\/?p=55003","title":{"rendered":"Familia de cient\u00edfico preso en EU pide ayuda para visa humanitaria"},"content":{"rendered":"<h1 class=\"news-title\">Familia de cient\u00edfico preso en EU pide ayuda para visa humanitaria<br \/>\nPor Redacci\u00f3n QP<\/h1>\n<p>Denuncian que, a casi un mes de su detenci\u00f3n, H\u00e9ctor Cabrera Fuentes no cuenta con el respaldo de ninguna autoridad<\/p>\n<p>Los padres del cient\u00edfico oaxaque\u00f1o arrestado por cargos de espionaje contra Estados Unidos, H\u00e9ctor Cabrera Fuentes, buscan el apoyo de autoridades federales para obtener la visa humanitaria a fin de poder viajar al pa\u00eds vecino, donde su hijo enfrenta un proceso legal.<\/p>\n<blockquote><p>&#8220;El impacto que recibi\u00f3 nuestra familia fue demasiado duro, aunque hemos recibido el apoyo de algunas personas, el proceso es complicado&#8221;<\/p><\/blockquote>\n<p>En entrevista Nancy Cabrera y Lucila Fuentes, hermana y madre del cient\u00edfico, informaron que<strong>actualmente ya cuentan con un abogado a cargo de la defensa del caso.<\/strong><\/p>\n<div id=\"teads_ad\">\n<div id=\"div-gpt-ad-1548262875188-0\" data-google-query-id=\"CPbs-J-UlOgCFVW9TwodiLQEHA\">Sin embargo, realizan diversas recaudaciones de fondos para poder costear los viajes de los padres de H\u00e9ctor, quienes desean externar personalmente el apoyo a su hijo.Lo<\/div>\n<div data-google-query-id=\"CPbs-J-UlOgCFVW9TwodiLQEHA\">\n<p>Para poder costear los gastos legales de la defensa, la familia ha tenido que recurrir a pr\u00e9stamos y a recibir donativos de conocidos del cient\u00edfico para cubrir los elevados gastos del abogado defensor.<\/p>\n<p>&#8220;No est\u00e1bamos preparados para esto. El impacto que recibi\u00f3 nuestra familia fue demasiado duro, aunque hemos recibido el apoyo de algunas personas, el proceso es complicado&#8221;, se\u00f1ala Nancy, quien a\u00f1ade que a casi un mes de la detenci\u00f3n de su hermano, sucedida en Miami el pasado 16 de febrero junto con una mujer identificada como su esposa mexicana, no cuentan con el respaldo o acompa\u00f1amiento de ninguna autoridad.<\/p>\n<p>&#8220;Hemos tocado puertas y se nos han cerrado&#8221;, sentencia. De acuerdo con informaci\u00f3n que las propias autoridades locales han dado a la familia, no es competencia estatal brindarles apoyo, no obstante, desde hace algunos d\u00edas, la Defensor\u00eda de los Derechos Humanos del Pueblo de Oaxaca (DDHPO) les acompa\u00f1a en el proceso.<\/p>\n<p>En tanto, la canciller\u00eda mexicana representada por Marcelo Ebrard\u00a0est\u00e1 al tanto del caso desde el primer d\u00eda. Sin embargo, la familia tiene claro que no obtendr\u00e1n respaldo econ\u00f3mico del gobierno mexicano.<\/p>\n<p>&#8220;Ha sido muy dif\u00edcil enterarnos de la situaci\u00f3n legal de mi hermano. Las l\u00edneas telef\u00f3nicas y el correo electr\u00f3nico a trav\u00e9s del que nos comunicamos, est\u00e1n siendo filtrados, la comunicaci\u00f3n es controlada y limitada&#8221;, apunta.<\/p>\n<p>Cabrera Fuentes es un cardi\u00f3logo molecular de ra\u00edces zapotecas que ha desarrollado proyectos como una pomada regeneradora de quemaduras y un mecanismo de prevenci\u00f3n de infartos a trav\u00e9s de un bauman\u00f3metro e incluso advirti\u00f3 a las autoridades de salud mexicanas sobre<\/p>\n<p>Mientras que algunos de sus proyectos, que hoy se encuentran pausados, seg\u00fan su mam\u00e1, do\u00f1a Lucila, los hizo pensando en la comunidad mexicana, oaxaque\u00f1a y de El Espinal, su municipio de origen, en el Istmo de Tehuantepec.<\/p>\n<p>Es por toda esa ayuda desinteresada que en los lugares donde ha vivido, las personas se han unido a su causa para poder aportar medios para costear los gastos de su proceso.<\/p>\n<p><strong>El pasado 3 de marzo, Cabrera Fuentes fue acusado por el fiscal de espiar al gobierno de Estados Unidos por \u00f3rdenes del gobierno ruso<\/strong>. Durante su audiencia en una corte de Miami, Florida, se declar\u00f3 no culpable.<\/p>\n<p>El cient\u00edfico era investigador del Centro Nacional de Singapur, donde resid\u00eda antes de su aprehensi\u00f3n en Miami, tras la que acept\u00f3 haber aceptado tomar fotos de la matr\u00edcula del auto de un funcionario del gobierno estadounidense para informar su ubicaci\u00f3n.<\/p>\n<p>De acuerdo con el Miami Herald, <strong>Cabrera Fuentes acept\u00f3 estas tareas para que su esposa, una mujer rusa y sus hijas, pudieran obtener los documentos legales para residir en Rusia con \u00e9l.<\/strong><\/p>\n<p>&#8220;Para las personas es f\u00e1cil juzgar desde una perspectiva aislada, no comprendemos los problemas hasta que vivimos una situaci\u00f3n similar&#8230; es importante tener empat\u00eda, independientemente de los errores que las personas cometan&#8221;, apunta Nancy, su hermana.<\/p>\n<p>Ante ello, se\u00f1ala que continuamente, a trav\u00e9s de las redes sociales han recibido cr\u00edticas a la vida personal de su hermano; no obstante, indican que prefieren ignorar los comentarios de ese tipo y centrarse en quienes ofrecen su apoyo.<\/p>\n<p>Con Informaci\u00f3n de SUN<\/p>\n<\/div>\n<\/div>\n","protected":false},"excerpt":{"rendered":"<p>Familia de cient\u00edfico preso en EU pide ayuda para visa humanitaria Por Redacci\u00f3n QP Denuncian&#8230;<\/p>\n","protected":false},"author":2,"featured_media":55005,"comment_status":"open","ping_status":"open","sticky":false,"template":"","format":"standard","meta":{"_monsterinsights_skip_tracking":false,"_monsterinsights_sitenote_active":false,"_monsterinsights_sitenote_note":"","_monsterinsights_sitenote_category":0,"footnotes":""},"categories":[1,2],"tags":[],"class_list":["post-55003","post","type-post","status-publish","format-standard","has-post-thumbnail","hentry","category-sin-categoria","category-noticias"],"yoast_head":"<!-- This site is optimized with the Yoast SEO plugin v27.3 - https:\/\/yoast.com\/product\/yoast-seo-wordpress\/ -->\n<title>Familia de cient\u00edfico preso en EU pide ayuda para visa humanitaria -<\/title>\n<meta name=\"robots\" content=\"index, follow, max-snippet:-1, max-image-preview:large, max-video-preview:-1\" \/>\n<link rel=\"canonical\" href=\"https:\/\/quehacerpolitico.mx\/?p=55003\" \/>\n<meta property=\"og:locale\" content=\"es_MX\" \/>\n<meta property=\"og:type\" content=\"article\" \/>\n<meta property=\"og:title\" content=\"Familia de cient\u00edfico preso en EU pide ayuda para visa humanitaria -\" \/>\n<meta property=\"og:description\" content=\"Familia de cient\u00edfico preso en EU pide ayuda para visa humanitaria Por Redacci\u00f3n QP Denuncian...\" \/>\n<meta property=\"og:url\" content=\"https:\/\/quehacerpolitico.mx\/?p=55003\" \/>\n<meta property=\"article:published_time\" content=\"2020-03-12T05:12:03+00:00\" \/>\n<meta name=\"author\" content=\"Redacci\u00f3n QP\" \/>\n<meta name=\"twitter:card\" content=\"summary_large_image\" \/>\n<meta name=\"twitter:label1\" content=\"Escrito por\" \/>\n\t<meta name=\"twitter:data1\" content=\"Redacci\u00f3n QP\" \/>\n\t<meta name=\"twitter:label2\" content=\"Tiempo de lectura\" \/>\n\t<meta name=\"twitter:data2\" content=\"4 minutos\" \/>\n<script type=\"application\/ld+json\" class=\"yoast-schema-graph\">{\"@context\":\"https:\\\/\\\/schema.org\",\"@graph\":[{\"@type\":\"Article\",\"@id\":\"https:\\\/\\\/quehacerpolitico.mx\\\/?p=55003#article\",\"isPartOf\":{\"@id\":\"https:\\\/\\\/quehacerpolitico.mx\\\/?p=55003\"},\"author\":{\"name\":\"Redacci\u00f3n QP\",\"@id\":\"https:\\\/\\\/quehacerpolitico.mx\\\/#\\\/schema\\\/person\\\/496d8ad2d1d3f8036101dca7ee39e585\"},\"headline\":\"Familia de cient\u00edfico preso en EU pide ayuda para visa humanitaria\",\"datePublished\":\"2020-03-12T05:12:03+00:00\",\"mainEntityOfPage\":{\"@id\":\"https:\\\/\\\/quehacerpolitico.mx\\\/?p=55003\"},\"wordCount\":730,\"commentCount\":0,\"image\":{\"@id\":\"https:\\\/\\\/quehacerpolitico.mx\\\/?p=55003#primaryimage\"},\"thumbnailUrl\":\"\",\"articleSection\":[\"Internacionales\",\"Noticias\"],\"inLanguage\":\"es\",\"potentialAction\":[{\"@type\":\"CommentAction\",\"name\":\"Comment\",\"target\":[\"https:\\\/\\\/quehacerpolitico.mx\\\/?p=55003#respond\"]}]},{\"@type\":\"WebPage\",\"@id\":\"https:\\\/\\\/quehacerpolitico.mx\\\/?p=55003\",\"url\":\"https:\\\/\\\/quehacerpolitico.mx\\\/?p=55003\",\"name\":\"Familia de cient\u00edfico preso en EU pide ayuda para visa humanitaria -\",\"isPartOf\":{\"@id\":\"https:\\\/\\\/quehacerpolitico.mx\\\/#website\"},\"primaryImageOfPage\":{\"@id\":\"https:\\\/\\\/quehacerpolitico.mx\\\/?p=55003#primaryimage\"},\"image\":{\"@id\":\"https:\\\/\\\/quehacerpolitico.mx\\\/?p=55003#primaryimage\"},\"thumbnailUrl\":\"\",\"datePublished\":\"2020-03-12T05:12:03+00:00\",\"author\":{\"@id\":\"https:\\\/\\\/quehacerpolitico.mx\\\/#\\\/schema\\\/person\\\/496d8ad2d1d3f8036101dca7ee39e585\"},\"breadcrumb\":{\"@id\":\"https:\\\/\\\/quehacerpolitico.mx\\\/?p=55003#breadcrumb\"},\"inLanguage\":\"es\",\"potentialAction\":[{\"@type\":\"ReadAction\",\"target\":[\"https:\\\/\\\/quehacerpolitico.mx\\\/?p=55003\"]}]},{\"@type\":\"ImageObject\",\"inLanguage\":\"es\",\"@id\":\"https:\\\/\\\/quehacerpolitico.mx\\\/?p=55003#primaryimage\",\"url\":\"\",\"contentUrl\":\"\"},{\"@type\":\"BreadcrumbList\",\"@id\":\"https:\\\/\\\/quehacerpolitico.mx\\\/?p=55003#breadcrumb\",\"itemListElement\":[{\"@type\":\"ListItem\",\"position\":1,\"name\":\"Inicio\",\"item\":\"https:\\\/\\\/quehacerpolitico.mx\\\/\"},{\"@type\":\"ListItem\",\"position\":2,\"name\":\"Familia de cient\u00edfico preso en EU pide ayuda para visa humanitaria\"}]},{\"@type\":\"WebSite\",\"@id\":\"https:\\\/\\\/quehacerpolitico.mx\\\/#website\",\"url\":\"https:\\\/\\\/quehacerpolitico.mx\\\/\",\"name\":\"\",\"description\":\"\",\"potentialAction\":[{\"@type\":\"SearchAction\",\"target\":{\"@type\":\"EntryPoint\",\"urlTemplate\":\"https:\\\/\\\/quehacerpolitico.mx\\\/?s={search_term_string}\"},\"query-input\":{\"@type\":\"PropertyValueSpecification\",\"valueRequired\":true,\"valueName\":\"search_term_string\"}}],\"inLanguage\":\"es\"},{\"@type\":\"Person\",\"@id\":\"https:\\\/\\\/quehacerpolitico.mx\\\/#\\\/schema\\\/person\\\/496d8ad2d1d3f8036101dca7ee39e585\",\"name\":\"Redacci\u00f3n QP\",\"image\":{\"@type\":\"ImageObject\",\"inLanguage\":\"es\",\"@id\":\"https:\\\/\\\/secure.gravatar.com\\\/avatar\\\/c7164ed6fdec453195284ad24a5ae5b6e1eed2b848477fa2a4787ba9adf39a41?s=96&d=mm&r=g\",\"url\":\"https:\\\/\\\/secure.gravatar.com\\\/avatar\\\/c7164ed6fdec453195284ad24a5ae5b6e1eed2b848477fa2a4787ba9adf39a41?s=96&d=mm&r=g\",\"contentUrl\":\"https:\\\/\\\/secure.gravatar.com\\\/avatar\\\/c7164ed6fdec453195284ad24a5ae5b6e1eed2b848477fa2a4787ba9adf39a41?s=96&d=mm&r=g\",\"caption\":\"Redacci\u00f3n QP\"},\"url\":\"https:\\\/\\\/quehacerpolitico.mx\\\/?author=2\"}]}<\/script>\n<!-- \/ Yoast SEO plugin. -->","yoast_head_json":{"title":"Familia de cient\u00edfico preso en EU pide ayuda para visa humanitaria -","robots":{"index":"index","follow":"follow","max-snippet":"max-snippet:-1","max-image-preview":"max-image-preview:large","max-video-preview":"max-video-preview:-1"},"canonical":"https:\/\/quehacerpolitico.mx\/?p=55003","og_locale":"es_MX","og_type":"article","og_title":"Familia de cient\u00edfico preso en EU pide ayuda para visa humanitaria -","og_description":"Familia de cient\u00edfico preso en EU pide ayuda para visa humanitaria Por Redacci\u00f3n QP Denuncian...","og_url":"https:\/\/quehacerpolitico.mx\/?p=55003","article_published_time":"2020-03-12T05:12:03+00:00","author":"Redacci\u00f3n QP","twitter_card":"summary_large_image","twitter_misc":{"Escrito por":"Redacci\u00f3n QP","Tiempo de lectura":"4 minutos"},"schema":{"@context":"https:\/\/schema.org","@graph":[{"@type":"Article","@id":"https:\/\/quehacerpolitico.mx\/?p=55003#article","isPartOf":{"@id":"https:\/\/quehacerpolitico.mx\/?p=55003"},"author":{"name":"Redacci\u00f3n QP","@id":"https:\/\/quehacerpolitico.mx\/#\/schema\/person\/496d8ad2d1d3f8036101dca7ee39e585"},"headline":"Familia de cient\u00edfico preso en EU pide ayuda para visa humanitaria","datePublished":"2020-03-12T05:12:03+00:00","mainEntityOfPage":{"@id":"https:\/\/quehacerpolitico.mx\/?p=55003"},"wordCount":730,"commentCount":0,"image":{"@id":"https:\/\/quehacerpolitico.mx\/?p=55003#primaryimage"},"thumbnailUrl":"","articleSection":["Internacionales","Noticias"],"inLanguage":"es","potentialAction":[{"@type":"CommentAction","name":"Comment","target":["https:\/\/quehacerpolitico.mx\/?p=55003#respond"]}]},{"@type":"WebPage","@id":"https:\/\/quehacerpolitico.mx\/?p=55003","url":"https:\/\/quehacerpolitico.mx\/?p=55003","name":"Familia de cient\u00edfico preso en EU pide ayuda para visa humanitaria -","isPartOf":{"@id":"https:\/\/quehacerpolitico.mx\/#website"},"primaryImageOfPage":{"@id":"https:\/\/quehacerpolitico.mx\/?p=55003#primaryimage"},"image":{"@id":"https:\/\/quehacerpolitico.mx\/?p=55003#primaryimage"},"thumbnailUrl":"","datePublished":"2020-03-12T05:12:03+00:00","author":{"@id":"https:\/\/quehacerpolitico.mx\/#\/schema\/person\/496d8ad2d1d3f8036101dca7ee39e585"},"breadcrumb":{"@id":"https:\/\/quehacerpolitico.mx\/?p=55003#breadcrumb"},"inLanguage":"es","potentialAction":[{"@type":"ReadAction","target":["https:\/\/quehacerpolitico.mx\/?p=55003"]}]},{"@type":"ImageObject","inLanguage":"es","@id":"https:\/\/quehacerpolitico.mx\/?p=55003#primaryimage","url":"","contentUrl":""},{"@type":"BreadcrumbList","@id":"https:\/\/quehacerpolitico.mx\/?p=55003#breadcrumb","itemListElement":[{"@type":"ListItem","position":1,"name":"Inicio","item":"https:\/\/quehacerpolitico.mx\/"},{"@type":"ListItem","position":2,"name":"Familia de cient\u00edfico preso en EU pide ayuda para visa humanitaria"}]},{"@type":"WebSite","@id":"https:\/\/quehacerpolitico.mx\/#website","url":"https:\/\/quehacerpolitico.mx\/","name":"","description":"","potentialAction":[{"@type":"SearchAction","target":{"@type":"EntryPoint","urlTemplate":"https:\/\/quehacerpolitico.mx\/?s={search_term_string}"},"query-input":{"@type":"PropertyValueSpecification","valueRequired":true,"valueName":"search_term_string"}}],"inLanguage":"es"},{"@type":"Person","@id":"https:\/\/quehacerpolitico.mx\/#\/schema\/person\/496d8ad2d1d3f8036101dca7ee39e585","name":"Redacci\u00f3n QP","image":{"@type":"ImageObject","inLanguage":"es","@id":"https:\/\/secure.gravatar.com\/avatar\/c7164ed6fdec453195284ad24a5ae5b6e1eed2b848477fa2a4787ba9adf39a41?s=96&d=mm&r=g","url":"https:\/\/secure.gravatar.com\/avatar\/c7164ed6fdec453195284ad24a5ae5b6e1eed2b848477fa2a4787ba9adf39a41?s=96&d=mm&r=g","contentUrl":"https:\/\/secure.gravatar.com\/avatar\/c7164ed6fdec453195284ad24a5ae5b6e1eed2b848477fa2a4787ba9adf39a41?s=96&d=mm&r=g","caption":"Redacci\u00f3n QP"},"url":"https:\/\/quehacerpolitico.mx\/?author=2"}]}},"featured_image_urls":{"full":"","thumbnail":"","medium":"","medium_large":"","large":"","1536x1536":"","2048x2048":"","covernews-featured":"","covernews-medium":""},"author_info":{"display_name":"Redacci\u00f3n QP","author_link":"https:\/\/quehacerpolitico.mx\/?author=2"},"category_info":"<a href=\"https:\/\/quehacerpolitico.mx\/?cat=1\" rel=\"category\">Internacionales<\/a> <a href=\"https:\/\/quehacerpolitico.mx\/?cat=2\" rel=\"category\">Noticias<\/a>","tag_info":"Noticias","comment_count":"0","_links":{"self":[{"href":"https:\/\/quehacerpolitico.mx\/index.php?rest_route=\/wp\/v2\/posts\/55003","targetHints":{"allow":["GET"]}}],"collection":[{"href":"https:\/\/quehacerpolitico.mx\/index.php?rest_route=\/wp\/v2\/posts"}],"about":[{"href":"https:\/\/quehacerpolitico.mx\/index.php?rest_route=\/wp\/v2\/types\/post"}],"author":[{"embeddable":true,"href":"https:\/\/quehacerpolitico.mx\/index.php?rest_route=\/wp\/v2\/users\/2"}],"replies":[{"embeddable":true,"href":"https:\/\/quehacerpolitico.mx\/index.php?rest_route=%2Fwp%2Fv2%2Fcomments&post=55003"}],"version-history":[{"count":0,"href":"https:\/\/quehacerpolitico.mx\/index.php?rest_route=\/wp\/v2\/posts\/55003\/revisions"}],"wp:featuredmedia":[{"embeddable":true,"href":"https:\/\/quehacerpolitico.mx\/index.php?rest_route=\/"}],"wp:attachment":[{"href":"https:\/\/quehacerpolitico.mx\/index.php?rest_route=%2Fwp%2Fv2%2Fmedia&parent=55003"}],"wp:term":[{"taxonomy":"category","embeddable":true,"href":"https:\/\/quehacerpolitico.mx\/index.php?rest_route=%2Fwp%2Fv2%2Fcategories&post=55003"},{"taxonomy":"post_tag","embeddable":true,"href":"https:\/\/quehacerpolitico.mx\/index.php?rest_route=%2Fwp%2Fv2%2Ftags&post=55003"}],"curies":[{"name":"wp","href":"https:\/\/api.w.org\/{rel}","templated":true}]}}