{"id":54993,"date":"2020-03-11T22:43:09","date_gmt":"2020-03-12T04:43:09","guid":{"rendered":"http:\/\/quehacerpolitico.mx\/?p=54993"},"modified":"2020-03-11T22:43:09","modified_gmt":"2020-03-12T04:43:09","slug":"la-dea-anuncia-acusacion-de-reemplazo-contra-el-mencho","status":"publish","type":"post","link":"https:\/\/quehacerpolitico.mx\/?p=54993","title":{"rendered":"La DEA anuncia acusaci\u00f3n de reemplazo contra &#8220;El Mencho&#8221;"},"content":{"rendered":"<h1 class=\"news-title\">La DEA anuncia acusaci\u00f3n de reemplazo contra &#8220;El Mencho&#8221;<br \/>\nPor Redacci\u00f3n QP<\/h1>\n<p>El Departamento de Estado estadounidense anuncia una recompensa de 10 millones de d\u00f3lares, una de las mayores en la historia, por informaci\u00f3n que conduzca al arresto del capo<\/p>\n<p>El Departamento de Justicia y la Administraci\u00f3n para el Control de Drogas (DEA, por sus siglas en ingl\u00e9s) anunci\u00f3 este mi\u00e9rcoles una acusaci\u00f3n de reemplazo contra el l\u00edder del Cartel Nueva Generaci\u00f3n\u00a0(CNG), Nemesio Oseguera Cervantes, &#8220;El Mencho&#8221;, por los cargos de &#8220;presunta empresa criminal&#8221; (delincuencia organizada).<\/p>\n<p>Adem\u00e1s, el Departamento del Tesoro de los Estados Unidos <strong>design\u00f3 a &#8220;El Mencho&#8221; como un &#8220;traficante de narc\u00f3ticos especialmente designado&#8221;<\/strong> de conformidad con la Ley de Designaci\u00f3n de Narcotraficantes de Narc\u00f3ticos Extranjeros, mientras que, y el Departamento de Estado de los Estados Unidos emiti\u00f3 una recompensa de 10 millones de d\u00f3lares, una de las mayores en la historia, por informaci\u00f3n que conduzca al arresto de Oseguera Cervantes, originario de Aguililla, Michoacan.<\/p>\n<div id=\"teads_ad\">\n<div id=\"div-gpt-ad-1548262875188-0\" data-google-query-id=\"CPTMse2OlOgCFVK_wAodopYLvg\">\n<div id=\"google_ads_iframe_\/1001694\/INF_intext_1_0__container__\">El capo michoacano <strong>es requerido por la Corte Federal del Distrito Oeste de Texas por los delitos de tr\u00e1fico de coca\u00edna, metanfetaminas y mariguana.<\/strong><\/div>\n<\/div>\n<\/div>\n<p>En M\u00e9xico, <strong>se le acusa de los delitos de delincuencia organizada, contra la salud y secuestro.<\/strong><\/p>\n<p>En agosto de 2018, la entonces Procuradur\u00eda General de la Rep\u00fablica (PGR) elev\u00f3 de dos a 30 millones de pesos la recompensa para quien o quienes aporten informaci\u00f3n valiosa que lleve a la captura de Oseguera Cervantes, conocido tambi\u00e9n como &#8220;El Gallero&#8221; y\/o &#8220;El Se\u00f1or de los Gallos&#8221;.<\/p>\n<p>Ese mismo a\u00f1o, se le gir\u00f3 una orden de aprehensi\u00f3n por el secuestro y asesinato de los agentes ministeriales Octavio Mart\u00ednez Quiroz y Alfonso Hern\u00e1ndez Villavicencio, ocurrido entre los l\u00edmites de Jalisco y Nayarit,\u00a0en febrero de 2018.<\/p>\n<p>La Unidad Especializada en Investigaci\u00f3n de Delitos en Materia de Secuestro estableci\u00f3 que &#8220;El Mencho&#8221; orden\u00f3 el asesinato de los agentes ministeriales secuestrados y exhibidos en un video publicado en redes sociales.<\/p>\n<p>Seg\u00fan la DEA, el C\u00e1rtel Nueva Generaci\u00f3n &#8220;es una de las organizaciones criminales transnacionales de m\u00e1s r\u00e1pido crecimiento en M\u00e9xico, y se encuentra entre los productores de metanfetamina m\u00e1s prol\u00edficos del mundo&#8221;.<\/p>\n<p>Asimismo, resalta, es responsable de una proporci\u00f3n significativa de drogas que ingresan a los Estados Unidos y de niveles elevados de violencia en M\u00e9xico.<\/p>\n<p>Con informaci\u00f3n de SUN<\/p>\n","protected":false},"excerpt":{"rendered":"<p>La DEA anuncia acusaci\u00f3n de reemplazo contra &#8220;El Mencho&#8221; Por Redacci\u00f3n QP El Departamento de&#8230;<\/p>\n","protected":false},"author":2,"featured_media":54994,"comment_status":"open","ping_status":"open","sticky":false,"template":"","format":"standard","meta":{"_monsterinsights_skip_tracking":false,"_monsterinsights_sitenote_active":false,"_monsterinsights_sitenote_note":"","_monsterinsights_sitenote_category":0,"footnotes":""},"categories":[2],"tags":[],"class_list":["post-54993","post","type-post","status-publish","format-standard","has-post-thumbnail","hentry","category-noticias"],"yoast_head":"<!-- This site is optimized with the Yoast SEO plugin v27.3 - https:\/\/yoast.com\/product\/yoast-seo-wordpress\/ -->\n<title>La DEA anuncia acusaci\u00f3n de reemplazo contra &quot;El Mencho&quot; -<\/title>\n<meta name=\"robots\" content=\"index, follow, max-snippet:-1, max-image-preview:large, max-video-preview:-1\" \/>\n<link rel=\"canonical\" href=\"https:\/\/quehacerpolitico.mx\/?p=54993\" \/>\n<meta property=\"og:locale\" content=\"es_MX\" \/>\n<meta property=\"og:type\" content=\"article\" \/>\n<meta property=\"og:title\" content=\"La DEA anuncia acusaci\u00f3n de reemplazo contra &quot;El Mencho&quot; -\" \/>\n<meta property=\"og:description\" content=\"La DEA anuncia acusaci\u00f3n de reemplazo contra &#8220;El Mencho&#8221; Por Redacci\u00f3n QP El Departamento de...\" \/>\n<meta property=\"og:url\" content=\"https:\/\/quehacerpolitico.mx\/?p=54993\" \/>\n<meta property=\"article:published_time\" content=\"2020-03-12T04:43:09+00:00\" \/>\n<meta name=\"author\" content=\"Redacci\u00f3n QP\" \/>\n<meta name=\"twitter:card\" content=\"summary_large_image\" \/>\n<meta name=\"twitter:label1\" content=\"Escrito por\" \/>\n\t<meta name=\"twitter:data1\" content=\"Redacci\u00f3n QP\" \/>\n\t<meta name=\"twitter:label2\" content=\"Tiempo de lectura\" \/>\n\t<meta name=\"twitter:data2\" content=\"2 minutos\" \/>\n<script type=\"application\/ld+json\" class=\"yoast-schema-graph\">{\"@context\":\"https:\\\/\\\/schema.org\",\"@graph\":[{\"@type\":\"Article\",\"@id\":\"https:\\\/\\\/quehacerpolitico.mx\\\/?p=54993#article\",\"isPartOf\":{\"@id\":\"https:\\\/\\\/quehacerpolitico.mx\\\/?p=54993\"},\"author\":{\"name\":\"Redacci\u00f3n QP\",\"@id\":\"https:\\\/\\\/quehacerpolitico.mx\\\/#\\\/schema\\\/person\\\/496d8ad2d1d3f8036101dca7ee39e585\"},\"headline\":\"La DEA anuncia acusaci\u00f3n de reemplazo contra &#8220;El Mencho&#8221;\",\"datePublished\":\"2020-03-12T04:43:09+00:00\",\"mainEntityOfPage\":{\"@id\":\"https:\\\/\\\/quehacerpolitico.mx\\\/?p=54993\"},\"wordCount\":423,\"commentCount\":0,\"image\":{\"@id\":\"https:\\\/\\\/quehacerpolitico.mx\\\/?p=54993#primaryimage\"},\"thumbnailUrl\":\"\",\"articleSection\":[\"Noticias\"],\"inLanguage\":\"es\",\"potentialAction\":[{\"@type\":\"CommentAction\",\"name\":\"Comment\",\"target\":[\"https:\\\/\\\/quehacerpolitico.mx\\\/?p=54993#respond\"]}]},{\"@type\":\"WebPage\",\"@id\":\"https:\\\/\\\/quehacerpolitico.mx\\\/?p=54993\",\"url\":\"https:\\\/\\\/quehacerpolitico.mx\\\/?p=54993\",\"name\":\"La DEA anuncia acusaci\u00f3n de reemplazo contra \\\"El Mencho\\\" -\",\"isPartOf\":{\"@id\":\"https:\\\/\\\/quehacerpolitico.mx\\\/#website\"},\"primaryImageOfPage\":{\"@id\":\"https:\\\/\\\/quehacerpolitico.mx\\\/?p=54993#primaryimage\"},\"image\":{\"@id\":\"https:\\\/\\\/quehacerpolitico.mx\\\/?p=54993#primaryimage\"},\"thumbnailUrl\":\"\",\"datePublished\":\"2020-03-12T04:43:09+00:00\",\"author\":{\"@id\":\"https:\\\/\\\/quehacerpolitico.mx\\\/#\\\/schema\\\/person\\\/496d8ad2d1d3f8036101dca7ee39e585\"},\"breadcrumb\":{\"@id\":\"https:\\\/\\\/quehacerpolitico.mx\\\/?p=54993#breadcrumb\"},\"inLanguage\":\"es\",\"potentialAction\":[{\"@type\":\"ReadAction\",\"target\":[\"https:\\\/\\\/quehacerpolitico.mx\\\/?p=54993\"]}]},{\"@type\":\"ImageObject\",\"inLanguage\":\"es\",\"@id\":\"https:\\\/\\\/quehacerpolitico.mx\\\/?p=54993#primaryimage\",\"url\":\"\",\"contentUrl\":\"\"},{\"@type\":\"BreadcrumbList\",\"@id\":\"https:\\\/\\\/quehacerpolitico.mx\\\/?p=54993#breadcrumb\",\"itemListElement\":[{\"@type\":\"ListItem\",\"position\":1,\"name\":\"Inicio\",\"item\":\"https:\\\/\\\/quehacerpolitico.mx\\\/\"},{\"@type\":\"ListItem\",\"position\":2,\"name\":\"La DEA anuncia acusaci\u00f3n de reemplazo contra &#8220;El Mencho&#8221;\"}]},{\"@type\":\"WebSite\",\"@id\":\"https:\\\/\\\/quehacerpolitico.mx\\\/#website\",\"url\":\"https:\\\/\\\/quehacerpolitico.mx\\\/\",\"name\":\"\",\"description\":\"\",\"potentialAction\":[{\"@type\":\"SearchAction\",\"target\":{\"@type\":\"EntryPoint\",\"urlTemplate\":\"https:\\\/\\\/quehacerpolitico.mx\\\/?s={search_term_string}\"},\"query-input\":{\"@type\":\"PropertyValueSpecification\",\"valueRequired\":true,\"valueName\":\"search_term_string\"}}],\"inLanguage\":\"es\"},{\"@type\":\"Person\",\"@id\":\"https:\\\/\\\/quehacerpolitico.mx\\\/#\\\/schema\\\/person\\\/496d8ad2d1d3f8036101dca7ee39e585\",\"name\":\"Redacci\u00f3n QP\",\"image\":{\"@type\":\"ImageObject\",\"inLanguage\":\"es\",\"@id\":\"https:\\\/\\\/secure.gravatar.com\\\/avatar\\\/c7164ed6fdec453195284ad24a5ae5b6e1eed2b848477fa2a4787ba9adf39a41?s=96&d=mm&r=g\",\"url\":\"https:\\\/\\\/secure.gravatar.com\\\/avatar\\\/c7164ed6fdec453195284ad24a5ae5b6e1eed2b848477fa2a4787ba9adf39a41?s=96&d=mm&r=g\",\"contentUrl\":\"https:\\\/\\\/secure.gravatar.com\\\/avatar\\\/c7164ed6fdec453195284ad24a5ae5b6e1eed2b848477fa2a4787ba9adf39a41?s=96&d=mm&r=g\",\"caption\":\"Redacci\u00f3n QP\"},\"url\":\"https:\\\/\\\/quehacerpolitico.mx\\\/?author=2\"}]}<\/script>\n<!-- \/ Yoast SEO plugin. -->","yoast_head_json":{"title":"La DEA anuncia acusaci\u00f3n de reemplazo contra \"El Mencho\" -","robots":{"index":"index","follow":"follow","max-snippet":"max-snippet:-1","max-image-preview":"max-image-preview:large","max-video-preview":"max-video-preview:-1"},"canonical":"https:\/\/quehacerpolitico.mx\/?p=54993","og_locale":"es_MX","og_type":"article","og_title":"La DEA anuncia acusaci\u00f3n de reemplazo contra \"El Mencho\" -","og_description":"La DEA anuncia acusaci\u00f3n de reemplazo contra &#8220;El Mencho&#8221; Por Redacci\u00f3n QP El Departamento de...","og_url":"https:\/\/quehacerpolitico.mx\/?p=54993","article_published_time":"2020-03-12T04:43:09+00:00","author":"Redacci\u00f3n QP","twitter_card":"summary_large_image","twitter_misc":{"Escrito por":"Redacci\u00f3n QP","Tiempo de lectura":"2 minutos"},"schema":{"@context":"https:\/\/schema.org","@graph":[{"@type":"Article","@id":"https:\/\/quehacerpolitico.mx\/?p=54993#article","isPartOf":{"@id":"https:\/\/quehacerpolitico.mx\/?p=54993"},"author":{"name":"Redacci\u00f3n QP","@id":"https:\/\/quehacerpolitico.mx\/#\/schema\/person\/496d8ad2d1d3f8036101dca7ee39e585"},"headline":"La DEA anuncia acusaci\u00f3n de reemplazo contra &#8220;El Mencho&#8221;","datePublished":"2020-03-12T04:43:09+00:00","mainEntityOfPage":{"@id":"https:\/\/quehacerpolitico.mx\/?p=54993"},"wordCount":423,"commentCount":0,"image":{"@id":"https:\/\/quehacerpolitico.mx\/?p=54993#primaryimage"},"thumbnailUrl":"","articleSection":["Noticias"],"inLanguage":"es","potentialAction":[{"@type":"CommentAction","name":"Comment","target":["https:\/\/quehacerpolitico.mx\/?p=54993#respond"]}]},{"@type":"WebPage","@id":"https:\/\/quehacerpolitico.mx\/?p=54993","url":"https:\/\/quehacerpolitico.mx\/?p=54993","name":"La DEA anuncia acusaci\u00f3n de reemplazo contra \"El Mencho\" -","isPartOf":{"@id":"https:\/\/quehacerpolitico.mx\/#website"},"primaryImageOfPage":{"@id":"https:\/\/quehacerpolitico.mx\/?p=54993#primaryimage"},"image":{"@id":"https:\/\/quehacerpolitico.mx\/?p=54993#primaryimage"},"thumbnailUrl":"","datePublished":"2020-03-12T04:43:09+00:00","author":{"@id":"https:\/\/quehacerpolitico.mx\/#\/schema\/person\/496d8ad2d1d3f8036101dca7ee39e585"},"breadcrumb":{"@id":"https:\/\/quehacerpolitico.mx\/?p=54993#breadcrumb"},"inLanguage":"es","potentialAction":[{"@type":"ReadAction","target":["https:\/\/quehacerpolitico.mx\/?p=54993"]}]},{"@type":"ImageObject","inLanguage":"es","@id":"https:\/\/quehacerpolitico.mx\/?p=54993#primaryimage","url":"","contentUrl":""},{"@type":"BreadcrumbList","@id":"https:\/\/quehacerpolitico.mx\/?p=54993#breadcrumb","itemListElement":[{"@type":"ListItem","position":1,"name":"Inicio","item":"https:\/\/quehacerpolitico.mx\/"},{"@type":"ListItem","position":2,"name":"La DEA anuncia acusaci\u00f3n de reemplazo contra &#8220;El Mencho&#8221;"}]},{"@type":"WebSite","@id":"https:\/\/quehacerpolitico.mx\/#website","url":"https:\/\/quehacerpolitico.mx\/","name":"","description":"","potentialAction":[{"@type":"SearchAction","target":{"@type":"EntryPoint","urlTemplate":"https:\/\/quehacerpolitico.mx\/?s={search_term_string}"},"query-input":{"@type":"PropertyValueSpecification","valueRequired":true,"valueName":"search_term_string"}}],"inLanguage":"es"},{"@type":"Person","@id":"https:\/\/quehacerpolitico.mx\/#\/schema\/person\/496d8ad2d1d3f8036101dca7ee39e585","name":"Redacci\u00f3n QP","image":{"@type":"ImageObject","inLanguage":"es","@id":"https:\/\/secure.gravatar.com\/avatar\/c7164ed6fdec453195284ad24a5ae5b6e1eed2b848477fa2a4787ba9adf39a41?s=96&d=mm&r=g","url":"https:\/\/secure.gravatar.com\/avatar\/c7164ed6fdec453195284ad24a5ae5b6e1eed2b848477fa2a4787ba9adf39a41?s=96&d=mm&r=g","contentUrl":"https:\/\/secure.gravatar.com\/avatar\/c7164ed6fdec453195284ad24a5ae5b6e1eed2b848477fa2a4787ba9adf39a41?s=96&d=mm&r=g","caption":"Redacci\u00f3n QP"},"url":"https:\/\/quehacerpolitico.mx\/?author=2"}]}},"featured_image_urls":{"full":"","thumbnail":"","medium":"","medium_large":"","large":"","1536x1536":"","2048x2048":"","covernews-featured":"","covernews-medium":""},"author_info":{"display_name":"Redacci\u00f3n QP","author_link":"https:\/\/quehacerpolitico.mx\/?author=2"},"category_info":"<a href=\"https:\/\/quehacerpolitico.mx\/?cat=2\" rel=\"category\">Noticias<\/a>","tag_info":"Noticias","comment_count":"0","_links":{"self":[{"href":"https:\/\/quehacerpolitico.mx\/index.php?rest_route=\/wp\/v2\/posts\/54993","targetHints":{"allow":["GET"]}}],"collection":[{"href":"https:\/\/quehacerpolitico.mx\/index.php?rest_route=\/wp\/v2\/posts"}],"about":[{"href":"https:\/\/quehacerpolitico.mx\/index.php?rest_route=\/wp\/v2\/types\/post"}],"author":[{"embeddable":true,"href":"https:\/\/quehacerpolitico.mx\/index.php?rest_route=\/wp\/v2\/users\/2"}],"replies":[{"embeddable":true,"href":"https:\/\/quehacerpolitico.mx\/index.php?rest_route=%2Fwp%2Fv2%2Fcomments&post=54993"}],"version-history":[{"count":0,"href":"https:\/\/quehacerpolitico.mx\/index.php?rest_route=\/wp\/v2\/posts\/54993\/revisions"}],"wp:featuredmedia":[{"embeddable":true,"href":"https:\/\/quehacerpolitico.mx\/index.php?rest_route=\/"}],"wp:attachment":[{"href":"https:\/\/quehacerpolitico.mx\/index.php?rest_route=%2Fwp%2Fv2%2Fmedia&parent=54993"}],"wp:term":[{"taxonomy":"category","embeddable":true,"href":"https:\/\/quehacerpolitico.mx\/index.php?rest_route=%2Fwp%2Fv2%2Fcategories&post=54993"},{"taxonomy":"post_tag","embeddable":true,"href":"https:\/\/quehacerpolitico.mx\/index.php?rest_route=%2Fwp%2Fv2%2Ftags&post=54993"}],"curies":[{"name":"wp","href":"https:\/\/api.w.org\/{rel}","templated":true}]}}