{"id":54896,"date":"2020-03-10T21:19:00","date_gmt":"2020-03-11T03:19:00","guid":{"rendered":"http:\/\/quehacerpolitico.mx\/?p=54896"},"modified":"2020-03-10T21:19:00","modified_gmt":"2020-03-11T03:19:00","slug":"durazo-pide-renuncia-de-funcionarios-de-la-sspc-ligados-a-garcia-luna","status":"publish","type":"post","link":"https:\/\/quehacerpolitico.mx\/?p=54896","title":{"rendered":"Durazo pide renuncia de funcionarios de la SSPC ligados a Garc\u00eda Luna"},"content":{"rendered":"<h1 class=\"news-title\">Durazo pide renuncia de funcionarios de la SSPC ligados a Garc\u00eda Luna<br \/>\nPor Redacci\u00f3n QP<\/h1>\n<p>El funcionario asegura que investigan al personal, as\u00ed como su grado de responsabilidad en las decisiones que tom\u00f3 Garc\u00eda Luna<\/p>\n<p>El secretario de Seguridad y Protecci\u00f3n Ciudadana, Alfonso Durazo, dio a conocer que pidi\u00f3 la renuncia a actuales funcionarios en la dependencia que est\u00e1n ligados a Genaro Garc\u00eda Luna, quien actualmente est\u00e1 preso en Estados Unidos acusado de v\u00ednculos con grupos del narcotr\u00e1fico.<\/p>\n<blockquote><p>&#8220;Tenemos el prop\u00f3sito de que ninguna persona vinculada al ex secretario de Seguridad P\u00fablica forme parte de nuestro equipo de trabajo&#8221;<\/p><\/blockquote>\n<p>Entrevistado al llegar a Palacio Nacional, previo a la ceremonia oficial por la visita del presidente de Colombia a M\u00e9xico, Ivan Duque, afirm\u00f3 que <strong>se indaga al interior de la Secretar\u00eda que encabeza el actuar de funcionarios que siguen activos y su grado de responsabilidad en las decisiones que tom\u00f3 Garc\u00eda Luna.<\/strong><\/p>\n<blockquote class=\"twitter-tweet\" data-width=\"550\" data-dnt=\"true\">\n<p lang=\"es\" dir=\"ltr\">Baia baia<\/p>\n<p>\u00bfNexos con Genaro Garc\u00eda Luna? \u00a1que renuncien!<\/p>\n<p>El secretario de Seguridad, Alfonso Durazo, inform\u00f3 que han pedido la renuncia a directores de \u00e1rea y generales por su relaci\u00f3n con el exsecretario de Seguridad, detenido en EE. UU.<a href=\"https:\/\/t.co\/PqujqjeHt6\">pic.twitter.com\/PqujqjeHt6<\/a><\/p>\n<p>&mdash; Ruido en la Red (@RuidoEnLaRed) <a href=\"https:\/\/twitter.com\/RuidoEnLaRed\/status\/1237462012785037313?ref_src=twsrc%5Etfw\">March 10, 2020<\/a><\/p><\/blockquote>\n<p><script async src=\"https:\/\/platform.twitter.com\/widgets.js\" charset=\"utf-8\"><\/script><\/p>\n<p>&#8220;Tenemos el prop\u00f3sito de que ninguna persona vinculada al ex secretario de Seguridad P\u00fablica forme parte de nuestro equipo de trabajo. Los riesgos de la permanencia de ese personal ser\u00edan altos porque hay que recordar que, en la cultura pol\u00edtica de nuestro pa\u00eds, las relaciones personales se convierten en relaciones pol\u00edticas y con frecuencia en complicidades, eso es lo que queremos evitar&#8221;, expres\u00f3.<\/p>\n<p>Aunque no detall\u00f3 el n\u00famero de colaboradores a los que se les pidi\u00f3 la renuncia, el titular de la Secretar\u00eda de Seguridad y Protecci\u00f3n Ciudadana (SSPC) indic\u00f3 &#8220;que son varios&#8221; funcionarios con puestos de directores de \u00e1rea o directores generales, mismos a los que se les investiga.<\/p>\n<p>&#8220;Estamos buscando, por el nivel de responsabilidad que tienen, que no haya personas que, por su relaci\u00f3n con Garc\u00eda Luna, o que la relaci\u00f3n que hayan tenido con Garc\u00eda Luna, haya derivado en una complicidad&#8221;, explic\u00f3 el funcionario federal.<\/p>\n<p>Con Informaci\u00f3n de NTX<\/p>\n","protected":false},"excerpt":{"rendered":"<p>Durazo pide renuncia de funcionarios de la SSPC ligados a Garc\u00eda Luna Por Redacci\u00f3n QP&#8230;<\/p>\n","protected":false},"author":2,"featured_media":54897,"comment_status":"open","ping_status":"open","sticky":false,"template":"","format":"standard","meta":{"_monsterinsights_skip_tracking":false,"_monsterinsights_sitenote_active":false,"_monsterinsights_sitenote_note":"","_monsterinsights_sitenote_category":0,"footnotes":""},"categories":[2],"tags":[],"class_list":["post-54896","post","type-post","status-publish","format-standard","has-post-thumbnail","hentry","category-noticias"],"yoast_head":"<!-- This site is optimized with the Yoast SEO plugin v27.3 - https:\/\/yoast.com\/product\/yoast-seo-wordpress\/ -->\n<title>Durazo pide renuncia de funcionarios de la SSPC ligados a Garc\u00eda Luna -<\/title>\n<meta name=\"robots\" content=\"index, follow, max-snippet:-1, max-image-preview:large, max-video-preview:-1\" \/>\n<link rel=\"canonical\" href=\"https:\/\/quehacerpolitico.mx\/?p=54896\" \/>\n<meta property=\"og:locale\" content=\"es_MX\" \/>\n<meta property=\"og:type\" content=\"article\" \/>\n<meta property=\"og:title\" content=\"Durazo pide renuncia de funcionarios de la SSPC ligados a Garc\u00eda Luna -\" \/>\n<meta property=\"og:description\" content=\"Durazo pide renuncia de funcionarios de la SSPC ligados a Garc\u00eda Luna Por Redacci\u00f3n QP...\" \/>\n<meta property=\"og:url\" content=\"https:\/\/quehacerpolitico.mx\/?p=54896\" \/>\n<meta property=\"article:published_time\" content=\"2020-03-11T03:19:00+00:00\" \/>\n<meta name=\"author\" content=\"Redacci\u00f3n QP\" \/>\n<meta name=\"twitter:card\" content=\"summary_large_image\" \/>\n<meta name=\"twitter:label1\" content=\"Escrito por\" \/>\n\t<meta name=\"twitter:data1\" content=\"Redacci\u00f3n QP\" \/>\n\t<meta name=\"twitter:label2\" content=\"Tiempo de lectura\" \/>\n\t<meta name=\"twitter:data2\" content=\"2 minutos\" \/>\n<script type=\"application\/ld+json\" class=\"yoast-schema-graph\">{\"@context\":\"https:\\\/\\\/schema.org\",\"@graph\":[{\"@type\":\"Article\",\"@id\":\"https:\\\/\\\/quehacerpolitico.mx\\\/?p=54896#article\",\"isPartOf\":{\"@id\":\"https:\\\/\\\/quehacerpolitico.mx\\\/?p=54896\"},\"author\":{\"name\":\"Redacci\u00f3n QP\",\"@id\":\"https:\\\/\\\/quehacerpolitico.mx\\\/#\\\/schema\\\/person\\\/496d8ad2d1d3f8036101dca7ee39e585\"},\"headline\":\"Durazo pide renuncia de funcionarios de la SSPC ligados a Garc\u00eda Luna\",\"datePublished\":\"2020-03-11T03:19:00+00:00\",\"mainEntityOfPage\":{\"@id\":\"https:\\\/\\\/quehacerpolitico.mx\\\/?p=54896\"},\"wordCount\":350,\"commentCount\":0,\"image\":{\"@id\":\"https:\\\/\\\/quehacerpolitico.mx\\\/?p=54896#primaryimage\"},\"thumbnailUrl\":\"\",\"articleSection\":[\"Noticias\"],\"inLanguage\":\"es\",\"potentialAction\":[{\"@type\":\"CommentAction\",\"name\":\"Comment\",\"target\":[\"https:\\\/\\\/quehacerpolitico.mx\\\/?p=54896#respond\"]}]},{\"@type\":\"WebPage\",\"@id\":\"https:\\\/\\\/quehacerpolitico.mx\\\/?p=54896\",\"url\":\"https:\\\/\\\/quehacerpolitico.mx\\\/?p=54896\",\"name\":\"Durazo pide renuncia de funcionarios de la SSPC ligados a Garc\u00eda Luna -\",\"isPartOf\":{\"@id\":\"https:\\\/\\\/quehacerpolitico.mx\\\/#website\"},\"primaryImageOfPage\":{\"@id\":\"https:\\\/\\\/quehacerpolitico.mx\\\/?p=54896#primaryimage\"},\"image\":{\"@id\":\"https:\\\/\\\/quehacerpolitico.mx\\\/?p=54896#primaryimage\"},\"thumbnailUrl\":\"\",\"datePublished\":\"2020-03-11T03:19:00+00:00\",\"author\":{\"@id\":\"https:\\\/\\\/quehacerpolitico.mx\\\/#\\\/schema\\\/person\\\/496d8ad2d1d3f8036101dca7ee39e585\"},\"breadcrumb\":{\"@id\":\"https:\\\/\\\/quehacerpolitico.mx\\\/?p=54896#breadcrumb\"},\"inLanguage\":\"es\",\"potentialAction\":[{\"@type\":\"ReadAction\",\"target\":[\"https:\\\/\\\/quehacerpolitico.mx\\\/?p=54896\"]}]},{\"@type\":\"ImageObject\",\"inLanguage\":\"es\",\"@id\":\"https:\\\/\\\/quehacerpolitico.mx\\\/?p=54896#primaryimage\",\"url\":\"\",\"contentUrl\":\"\"},{\"@type\":\"BreadcrumbList\",\"@id\":\"https:\\\/\\\/quehacerpolitico.mx\\\/?p=54896#breadcrumb\",\"itemListElement\":[{\"@type\":\"ListItem\",\"position\":1,\"name\":\"Inicio\",\"item\":\"https:\\\/\\\/quehacerpolitico.mx\\\/\"},{\"@type\":\"ListItem\",\"position\":2,\"name\":\"Durazo pide renuncia de funcionarios de la SSPC ligados a Garc\u00eda Luna\"}]},{\"@type\":\"WebSite\",\"@id\":\"https:\\\/\\\/quehacerpolitico.mx\\\/#website\",\"url\":\"https:\\\/\\\/quehacerpolitico.mx\\\/\",\"name\":\"\",\"description\":\"\",\"potentialAction\":[{\"@type\":\"SearchAction\",\"target\":{\"@type\":\"EntryPoint\",\"urlTemplate\":\"https:\\\/\\\/quehacerpolitico.mx\\\/?s={search_term_string}\"},\"query-input\":{\"@type\":\"PropertyValueSpecification\",\"valueRequired\":true,\"valueName\":\"search_term_string\"}}],\"inLanguage\":\"es\"},{\"@type\":\"Person\",\"@id\":\"https:\\\/\\\/quehacerpolitico.mx\\\/#\\\/schema\\\/person\\\/496d8ad2d1d3f8036101dca7ee39e585\",\"name\":\"Redacci\u00f3n QP\",\"image\":{\"@type\":\"ImageObject\",\"inLanguage\":\"es\",\"@id\":\"https:\\\/\\\/secure.gravatar.com\\\/avatar\\\/c7164ed6fdec453195284ad24a5ae5b6e1eed2b848477fa2a4787ba9adf39a41?s=96&d=mm&r=g\",\"url\":\"https:\\\/\\\/secure.gravatar.com\\\/avatar\\\/c7164ed6fdec453195284ad24a5ae5b6e1eed2b848477fa2a4787ba9adf39a41?s=96&d=mm&r=g\",\"contentUrl\":\"https:\\\/\\\/secure.gravatar.com\\\/avatar\\\/c7164ed6fdec453195284ad24a5ae5b6e1eed2b848477fa2a4787ba9adf39a41?s=96&d=mm&r=g\",\"caption\":\"Redacci\u00f3n QP\"},\"url\":\"https:\\\/\\\/quehacerpolitico.mx\\\/?author=2\"}]}<\/script>\n<!-- \/ Yoast SEO plugin. -->","yoast_head_json":{"title":"Durazo pide renuncia de funcionarios de la SSPC ligados a Garc\u00eda Luna -","robots":{"index":"index","follow":"follow","max-snippet":"max-snippet:-1","max-image-preview":"max-image-preview:large","max-video-preview":"max-video-preview:-1"},"canonical":"https:\/\/quehacerpolitico.mx\/?p=54896","og_locale":"es_MX","og_type":"article","og_title":"Durazo pide renuncia de funcionarios de la SSPC ligados a Garc\u00eda Luna -","og_description":"Durazo pide renuncia de funcionarios de la SSPC ligados a Garc\u00eda Luna Por Redacci\u00f3n QP...","og_url":"https:\/\/quehacerpolitico.mx\/?p=54896","article_published_time":"2020-03-11T03:19:00+00:00","author":"Redacci\u00f3n QP","twitter_card":"summary_large_image","twitter_misc":{"Escrito por":"Redacci\u00f3n QP","Tiempo de lectura":"2 minutos"},"schema":{"@context":"https:\/\/schema.org","@graph":[{"@type":"Article","@id":"https:\/\/quehacerpolitico.mx\/?p=54896#article","isPartOf":{"@id":"https:\/\/quehacerpolitico.mx\/?p=54896"},"author":{"name":"Redacci\u00f3n QP","@id":"https:\/\/quehacerpolitico.mx\/#\/schema\/person\/496d8ad2d1d3f8036101dca7ee39e585"},"headline":"Durazo pide renuncia de funcionarios de la SSPC ligados a Garc\u00eda Luna","datePublished":"2020-03-11T03:19:00+00:00","mainEntityOfPage":{"@id":"https:\/\/quehacerpolitico.mx\/?p=54896"},"wordCount":350,"commentCount":0,"image":{"@id":"https:\/\/quehacerpolitico.mx\/?p=54896#primaryimage"},"thumbnailUrl":"","articleSection":["Noticias"],"inLanguage":"es","potentialAction":[{"@type":"CommentAction","name":"Comment","target":["https:\/\/quehacerpolitico.mx\/?p=54896#respond"]}]},{"@type":"WebPage","@id":"https:\/\/quehacerpolitico.mx\/?p=54896","url":"https:\/\/quehacerpolitico.mx\/?p=54896","name":"Durazo pide renuncia de funcionarios de la SSPC ligados a Garc\u00eda Luna -","isPartOf":{"@id":"https:\/\/quehacerpolitico.mx\/#website"},"primaryImageOfPage":{"@id":"https:\/\/quehacerpolitico.mx\/?p=54896#primaryimage"},"image":{"@id":"https:\/\/quehacerpolitico.mx\/?p=54896#primaryimage"},"thumbnailUrl":"","datePublished":"2020-03-11T03:19:00+00:00","author":{"@id":"https:\/\/quehacerpolitico.mx\/#\/schema\/person\/496d8ad2d1d3f8036101dca7ee39e585"},"breadcrumb":{"@id":"https:\/\/quehacerpolitico.mx\/?p=54896#breadcrumb"},"inLanguage":"es","potentialAction":[{"@type":"ReadAction","target":["https:\/\/quehacerpolitico.mx\/?p=54896"]}]},{"@type":"ImageObject","inLanguage":"es","@id":"https:\/\/quehacerpolitico.mx\/?p=54896#primaryimage","url":"","contentUrl":""},{"@type":"BreadcrumbList","@id":"https:\/\/quehacerpolitico.mx\/?p=54896#breadcrumb","itemListElement":[{"@type":"ListItem","position":1,"name":"Inicio","item":"https:\/\/quehacerpolitico.mx\/"},{"@type":"ListItem","position":2,"name":"Durazo pide renuncia de funcionarios de la SSPC ligados a Garc\u00eda Luna"}]},{"@type":"WebSite","@id":"https:\/\/quehacerpolitico.mx\/#website","url":"https:\/\/quehacerpolitico.mx\/","name":"","description":"","potentialAction":[{"@type":"SearchAction","target":{"@type":"EntryPoint","urlTemplate":"https:\/\/quehacerpolitico.mx\/?s={search_term_string}"},"query-input":{"@type":"PropertyValueSpecification","valueRequired":true,"valueName":"search_term_string"}}],"inLanguage":"es"},{"@type":"Person","@id":"https:\/\/quehacerpolitico.mx\/#\/schema\/person\/496d8ad2d1d3f8036101dca7ee39e585","name":"Redacci\u00f3n QP","image":{"@type":"ImageObject","inLanguage":"es","@id":"https:\/\/secure.gravatar.com\/avatar\/c7164ed6fdec453195284ad24a5ae5b6e1eed2b848477fa2a4787ba9adf39a41?s=96&d=mm&r=g","url":"https:\/\/secure.gravatar.com\/avatar\/c7164ed6fdec453195284ad24a5ae5b6e1eed2b848477fa2a4787ba9adf39a41?s=96&d=mm&r=g","contentUrl":"https:\/\/secure.gravatar.com\/avatar\/c7164ed6fdec453195284ad24a5ae5b6e1eed2b848477fa2a4787ba9adf39a41?s=96&d=mm&r=g","caption":"Redacci\u00f3n QP"},"url":"https:\/\/quehacerpolitico.mx\/?author=2"}]}},"featured_image_urls":{"full":"","thumbnail":"","medium":"","medium_large":"","large":"","1536x1536":"","2048x2048":"","covernews-featured":"","covernews-medium":""},"author_info":{"display_name":"Redacci\u00f3n QP","author_link":"https:\/\/quehacerpolitico.mx\/?author=2"},"category_info":"<a href=\"https:\/\/quehacerpolitico.mx\/?cat=2\" rel=\"category\">Noticias<\/a>","tag_info":"Noticias","comment_count":"0","_links":{"self":[{"href":"https:\/\/quehacerpolitico.mx\/index.php?rest_route=\/wp\/v2\/posts\/54896","targetHints":{"allow":["GET"]}}],"collection":[{"href":"https:\/\/quehacerpolitico.mx\/index.php?rest_route=\/wp\/v2\/posts"}],"about":[{"href":"https:\/\/quehacerpolitico.mx\/index.php?rest_route=\/wp\/v2\/types\/post"}],"author":[{"embeddable":true,"href":"https:\/\/quehacerpolitico.mx\/index.php?rest_route=\/wp\/v2\/users\/2"}],"replies":[{"embeddable":true,"href":"https:\/\/quehacerpolitico.mx\/index.php?rest_route=%2Fwp%2Fv2%2Fcomments&post=54896"}],"version-history":[{"count":0,"href":"https:\/\/quehacerpolitico.mx\/index.php?rest_route=\/wp\/v2\/posts\/54896\/revisions"}],"wp:featuredmedia":[{"embeddable":true,"href":"https:\/\/quehacerpolitico.mx\/index.php?rest_route=\/"}],"wp:attachment":[{"href":"https:\/\/quehacerpolitico.mx\/index.php?rest_route=%2Fwp%2Fv2%2Fmedia&parent=54896"}],"wp:term":[{"taxonomy":"category","embeddable":true,"href":"https:\/\/quehacerpolitico.mx\/index.php?rest_route=%2Fwp%2Fv2%2Fcategories&post=54896"},{"taxonomy":"post_tag","embeddable":true,"href":"https:\/\/quehacerpolitico.mx\/index.php?rest_route=%2Fwp%2Fv2%2Ftags&post=54896"}],"curies":[{"name":"wp","href":"https:\/\/api.w.org\/{rel}","templated":true}]}}