{"id":54885,"date":"2020-03-10T20:26:32","date_gmt":"2020-03-11T02:26:32","guid":{"rendered":"http:\/\/quehacerpolitico.mx\/?p=54885"},"modified":"2020-03-10T20:26:32","modified_gmt":"2020-03-11T02:26:32","slug":"policia-frustra-asalto-afuera-de-torre-diana-en-la-cdmx-y-desata-balacera","status":"publish","type":"post","link":"https:\/\/quehacerpolitico.mx\/?p=54885","title":{"rendered":"Polic\u00eda frustra asalto afuera de Torre Diana en la CDMX y desata balacera"},"content":{"rendered":"<h1 class=\"news-title\">Polic\u00eda frustra asalto afuera de Torre Diana en la CDMX y desata balacera<br \/>\nPor Redacci\u00f3n QP<\/h1>\n<p>Un conductor de Uber que transitaba en la zona result\u00f3 herido y fue trasladado a un hospital<\/p>\n<p>Un intento de robo a una persona que sal\u00eda de una Casa de Cambio desencaden\u00f3 una balacera sobre las calles de R\u00edo Misisipi, justo a la altura de la Diana Cazadora en la Ciudad de M\u00e9xico, y dej\u00f3 una persona lesionada, as\u00ed lo inform\u00f3 la secretar\u00eda de Seguridad Ciudadana.<\/p>\n<p>Primeras versiones en el lugar de los hechos refieren que <strong>dos sujetos en moto intentaron asaltar a una persona, pero un polic\u00eda capitalino frustr\u00f3 el hecho, pues accion\u00f3 su arma de cargo.<\/strong><\/p>\n<blockquote class=\"twitter-tweet\" data-width=\"550\" data-dnt=\"true\">\n<p lang=\"es\" dir=\"ltr\">Un elemento de la <a href=\"https:\/\/twitter.com\/ssp_cdmx?ref_src=twsrc%5Etfw\">@SSP_CDMX<\/a> frustr\u00f3 un asalto a una persona que sal\u00eda de una casa de cambio en R\u00edo Misisipi, adem\u00e1s repeli\u00f3 la agresi\u00f3n.<\/p>\n<p>En el lugar result\u00f3 herido un conductor de taxi que transitaba por la zona. <a href=\"https:\/\/t.co\/R4lAjLfVf7\">pic.twitter.com\/R4lAjLfVf7<\/a><\/p>\n<p>&mdash; Ruido en la Red (@RuidoEnLaRed) <a href=\"https:\/\/twitter.com\/RuidoEnLaRed\/status\/1237488469322194944?ref_src=twsrc%5Etfw\">March 10, 2020<\/a><\/p><\/blockquote>\n<p><script async src=\"https:\/\/platform.twitter.com\/widgets.js\" charset=\"utf-8\"><\/script><\/p>\n<p>Por el intercambio de disparos, una bala impact\u00f3 a un conductor de Uber que transitaba en la zona, por lo que tuvo que ser trasladado a un hospital.<\/p>\n<p><strong>Una de las balas rompi\u00f3 uno de los cristales de la Torre Diana.<\/strong><\/p>\n<h4>Lo balean para robarle 80 mil pesos<\/h4>\n<p>En un hecho similar, <strong>un hombre de nacionalidad australiana fue herido de bala el lunes por dos delincuentes, quienes le robaron 80 mil pesos en efectivo.<\/strong><\/p>\n<p>Los hechos ocurrieron la tarde de ayer, pasadas las 15:00 horas, en las calles de Medell\u00edn y Tabasco, colonia Roma Norte, alcald\u00eda Cuauht\u00e9moc, despu\u00e9s de que la v\u00edctima sali\u00f3 de una casa de cambio ubicada en la avenida Insurgentes y Yucat\u00e1n.<\/p>\n<p>Tres realizar una transacci\u00f3n, el hombre de 64 a\u00f1os avanz\u00f3 varias cuadras y fue interceptado por dos hombres a bordo de una motocicleta.<\/p>\n<p>Pese a que otras personas caminaban por el lugar, antes de arrebatarle el dinero, los agresores le dispararon en una pierna a la v\u00edctima para luego robarle el efectivo y huir sin que nadie pudiera detenerlos.<\/p>\n<p>Tras la agresi\u00f3n llegaron al lugar param\u00e9dicos, quienes llevaron al herido hasta el hospital Dalinde para que fuera atendido.<\/p>\n<p>Con informaci\u00f3n de SUN<\/p>\n","protected":false},"excerpt":{"rendered":"<p>Polic\u00eda frustra asalto afuera de Torre Diana en la CDMX y desata balacera Por Redacci\u00f3n&#8230;<\/p>\n","protected":false},"author":2,"featured_media":54886,"comment_status":"open","ping_status":"open","sticky":false,"template":"","format":"standard","meta":{"_monsterinsights_skip_tracking":false,"_monsterinsights_sitenote_active":false,"_monsterinsights_sitenote_note":"","_monsterinsights_sitenote_category":0,"footnotes":""},"categories":[55],"tags":[],"class_list":["post-54885","post","type-post","status-publish","format-standard","has-post-thumbnail","hentry","category-cdmx"],"yoast_head":"<!-- This site is optimized with the Yoast SEO plugin v27.3 - https:\/\/yoast.com\/product\/yoast-seo-wordpress\/ -->\n<title>Polic\u00eda frustra asalto afuera de Torre Diana en la CDMX y desata balacera -<\/title>\n<meta name=\"robots\" content=\"index, follow, max-snippet:-1, max-image-preview:large, max-video-preview:-1\" \/>\n<link rel=\"canonical\" href=\"https:\/\/quehacerpolitico.mx\/?p=54885\" \/>\n<meta property=\"og:locale\" content=\"es_MX\" \/>\n<meta property=\"og:type\" content=\"article\" \/>\n<meta property=\"og:title\" content=\"Polic\u00eda frustra asalto afuera de Torre Diana en la CDMX y desata balacera -\" \/>\n<meta property=\"og:description\" content=\"Polic\u00eda frustra asalto afuera de Torre Diana en la CDMX y desata balacera Por Redacci\u00f3n...\" \/>\n<meta property=\"og:url\" content=\"https:\/\/quehacerpolitico.mx\/?p=54885\" \/>\n<meta property=\"article:published_time\" content=\"2020-03-11T02:26:32+00:00\" \/>\n<meta name=\"author\" content=\"Redacci\u00f3n QP\" \/>\n<meta name=\"twitter:card\" content=\"summary_large_image\" \/>\n<meta name=\"twitter:label1\" content=\"Escrito por\" \/>\n\t<meta name=\"twitter:data1\" content=\"Redacci\u00f3n QP\" \/>\n\t<meta name=\"twitter:label2\" content=\"Tiempo de lectura\" \/>\n\t<meta name=\"twitter:data2\" content=\"2 minutos\" \/>\n<script type=\"application\/ld+json\" class=\"yoast-schema-graph\">{\"@context\":\"https:\\\/\\\/schema.org\",\"@graph\":[{\"@type\":\"Article\",\"@id\":\"https:\\\/\\\/quehacerpolitico.mx\\\/?p=54885#article\",\"isPartOf\":{\"@id\":\"https:\\\/\\\/quehacerpolitico.mx\\\/?p=54885\"},\"author\":{\"name\":\"Redacci\u00f3n QP\",\"@id\":\"https:\\\/\\\/quehacerpolitico.mx\\\/#\\\/schema\\\/person\\\/496d8ad2d1d3f8036101dca7ee39e585\"},\"headline\":\"Polic\u00eda frustra asalto afuera de Torre Diana en la CDMX y desata balacera\",\"datePublished\":\"2020-03-11T02:26:32+00:00\",\"mainEntityOfPage\":{\"@id\":\"https:\\\/\\\/quehacerpolitico.mx\\\/?p=54885\"},\"wordCount\":346,\"commentCount\":0,\"image\":{\"@id\":\"https:\\\/\\\/quehacerpolitico.mx\\\/?p=54885#primaryimage\"},\"thumbnailUrl\":\"\",\"articleSection\":[\"CDMX\"],\"inLanguage\":\"es\",\"potentialAction\":[{\"@type\":\"CommentAction\",\"name\":\"Comment\",\"target\":[\"https:\\\/\\\/quehacerpolitico.mx\\\/?p=54885#respond\"]}]},{\"@type\":\"WebPage\",\"@id\":\"https:\\\/\\\/quehacerpolitico.mx\\\/?p=54885\",\"url\":\"https:\\\/\\\/quehacerpolitico.mx\\\/?p=54885\",\"name\":\"Polic\u00eda frustra asalto afuera de Torre Diana en la CDMX y desata balacera -\",\"isPartOf\":{\"@id\":\"https:\\\/\\\/quehacerpolitico.mx\\\/#website\"},\"primaryImageOfPage\":{\"@id\":\"https:\\\/\\\/quehacerpolitico.mx\\\/?p=54885#primaryimage\"},\"image\":{\"@id\":\"https:\\\/\\\/quehacerpolitico.mx\\\/?p=54885#primaryimage\"},\"thumbnailUrl\":\"\",\"datePublished\":\"2020-03-11T02:26:32+00:00\",\"author\":{\"@id\":\"https:\\\/\\\/quehacerpolitico.mx\\\/#\\\/schema\\\/person\\\/496d8ad2d1d3f8036101dca7ee39e585\"},\"breadcrumb\":{\"@id\":\"https:\\\/\\\/quehacerpolitico.mx\\\/?p=54885#breadcrumb\"},\"inLanguage\":\"es\",\"potentialAction\":[{\"@type\":\"ReadAction\",\"target\":[\"https:\\\/\\\/quehacerpolitico.mx\\\/?p=54885\"]}]},{\"@type\":\"ImageObject\",\"inLanguage\":\"es\",\"@id\":\"https:\\\/\\\/quehacerpolitico.mx\\\/?p=54885#primaryimage\",\"url\":\"\",\"contentUrl\":\"\"},{\"@type\":\"BreadcrumbList\",\"@id\":\"https:\\\/\\\/quehacerpolitico.mx\\\/?p=54885#breadcrumb\",\"itemListElement\":[{\"@type\":\"ListItem\",\"position\":1,\"name\":\"Inicio\",\"item\":\"https:\\\/\\\/quehacerpolitico.mx\\\/\"},{\"@type\":\"ListItem\",\"position\":2,\"name\":\"Polic\u00eda frustra asalto afuera de Torre Diana en la CDMX y desata balacera\"}]},{\"@type\":\"WebSite\",\"@id\":\"https:\\\/\\\/quehacerpolitico.mx\\\/#website\",\"url\":\"https:\\\/\\\/quehacerpolitico.mx\\\/\",\"name\":\"\",\"description\":\"\",\"potentialAction\":[{\"@type\":\"SearchAction\",\"target\":{\"@type\":\"EntryPoint\",\"urlTemplate\":\"https:\\\/\\\/quehacerpolitico.mx\\\/?s={search_term_string}\"},\"query-input\":{\"@type\":\"PropertyValueSpecification\",\"valueRequired\":true,\"valueName\":\"search_term_string\"}}],\"inLanguage\":\"es\"},{\"@type\":\"Person\",\"@id\":\"https:\\\/\\\/quehacerpolitico.mx\\\/#\\\/schema\\\/person\\\/496d8ad2d1d3f8036101dca7ee39e585\",\"name\":\"Redacci\u00f3n QP\",\"image\":{\"@type\":\"ImageObject\",\"inLanguage\":\"es\",\"@id\":\"https:\\\/\\\/secure.gravatar.com\\\/avatar\\\/c7164ed6fdec453195284ad24a5ae5b6e1eed2b848477fa2a4787ba9adf39a41?s=96&d=mm&r=g\",\"url\":\"https:\\\/\\\/secure.gravatar.com\\\/avatar\\\/c7164ed6fdec453195284ad24a5ae5b6e1eed2b848477fa2a4787ba9adf39a41?s=96&d=mm&r=g\",\"contentUrl\":\"https:\\\/\\\/secure.gravatar.com\\\/avatar\\\/c7164ed6fdec453195284ad24a5ae5b6e1eed2b848477fa2a4787ba9adf39a41?s=96&d=mm&r=g\",\"caption\":\"Redacci\u00f3n QP\"},\"url\":\"https:\\\/\\\/quehacerpolitico.mx\\\/?author=2\"}]}<\/script>\n<!-- \/ Yoast SEO plugin. -->","yoast_head_json":{"title":"Polic\u00eda frustra asalto afuera de Torre Diana en la CDMX y desata balacera -","robots":{"index":"index","follow":"follow","max-snippet":"max-snippet:-1","max-image-preview":"max-image-preview:large","max-video-preview":"max-video-preview:-1"},"canonical":"https:\/\/quehacerpolitico.mx\/?p=54885","og_locale":"es_MX","og_type":"article","og_title":"Polic\u00eda frustra asalto afuera de Torre Diana en la CDMX y desata balacera -","og_description":"Polic\u00eda frustra asalto afuera de Torre Diana en la CDMX y desata balacera Por Redacci\u00f3n...","og_url":"https:\/\/quehacerpolitico.mx\/?p=54885","article_published_time":"2020-03-11T02:26:32+00:00","author":"Redacci\u00f3n QP","twitter_card":"summary_large_image","twitter_misc":{"Escrito por":"Redacci\u00f3n QP","Tiempo de lectura":"2 minutos"},"schema":{"@context":"https:\/\/schema.org","@graph":[{"@type":"Article","@id":"https:\/\/quehacerpolitico.mx\/?p=54885#article","isPartOf":{"@id":"https:\/\/quehacerpolitico.mx\/?p=54885"},"author":{"name":"Redacci\u00f3n QP","@id":"https:\/\/quehacerpolitico.mx\/#\/schema\/person\/496d8ad2d1d3f8036101dca7ee39e585"},"headline":"Polic\u00eda frustra asalto afuera de Torre Diana en la CDMX y desata balacera","datePublished":"2020-03-11T02:26:32+00:00","mainEntityOfPage":{"@id":"https:\/\/quehacerpolitico.mx\/?p=54885"},"wordCount":346,"commentCount":0,"image":{"@id":"https:\/\/quehacerpolitico.mx\/?p=54885#primaryimage"},"thumbnailUrl":"","articleSection":["CDMX"],"inLanguage":"es","potentialAction":[{"@type":"CommentAction","name":"Comment","target":["https:\/\/quehacerpolitico.mx\/?p=54885#respond"]}]},{"@type":"WebPage","@id":"https:\/\/quehacerpolitico.mx\/?p=54885","url":"https:\/\/quehacerpolitico.mx\/?p=54885","name":"Polic\u00eda frustra asalto afuera de Torre Diana en la CDMX y desata balacera -","isPartOf":{"@id":"https:\/\/quehacerpolitico.mx\/#website"},"primaryImageOfPage":{"@id":"https:\/\/quehacerpolitico.mx\/?p=54885#primaryimage"},"image":{"@id":"https:\/\/quehacerpolitico.mx\/?p=54885#primaryimage"},"thumbnailUrl":"","datePublished":"2020-03-11T02:26:32+00:00","author":{"@id":"https:\/\/quehacerpolitico.mx\/#\/schema\/person\/496d8ad2d1d3f8036101dca7ee39e585"},"breadcrumb":{"@id":"https:\/\/quehacerpolitico.mx\/?p=54885#breadcrumb"},"inLanguage":"es","potentialAction":[{"@type":"ReadAction","target":["https:\/\/quehacerpolitico.mx\/?p=54885"]}]},{"@type":"ImageObject","inLanguage":"es","@id":"https:\/\/quehacerpolitico.mx\/?p=54885#primaryimage","url":"","contentUrl":""},{"@type":"BreadcrumbList","@id":"https:\/\/quehacerpolitico.mx\/?p=54885#breadcrumb","itemListElement":[{"@type":"ListItem","position":1,"name":"Inicio","item":"https:\/\/quehacerpolitico.mx\/"},{"@type":"ListItem","position":2,"name":"Polic\u00eda frustra asalto afuera de Torre Diana en la CDMX y desata balacera"}]},{"@type":"WebSite","@id":"https:\/\/quehacerpolitico.mx\/#website","url":"https:\/\/quehacerpolitico.mx\/","name":"","description":"","potentialAction":[{"@type":"SearchAction","target":{"@type":"EntryPoint","urlTemplate":"https:\/\/quehacerpolitico.mx\/?s={search_term_string}"},"query-input":{"@type":"PropertyValueSpecification","valueRequired":true,"valueName":"search_term_string"}}],"inLanguage":"es"},{"@type":"Person","@id":"https:\/\/quehacerpolitico.mx\/#\/schema\/person\/496d8ad2d1d3f8036101dca7ee39e585","name":"Redacci\u00f3n QP","image":{"@type":"ImageObject","inLanguage":"es","@id":"https:\/\/secure.gravatar.com\/avatar\/c7164ed6fdec453195284ad24a5ae5b6e1eed2b848477fa2a4787ba9adf39a41?s=96&d=mm&r=g","url":"https:\/\/secure.gravatar.com\/avatar\/c7164ed6fdec453195284ad24a5ae5b6e1eed2b848477fa2a4787ba9adf39a41?s=96&d=mm&r=g","contentUrl":"https:\/\/secure.gravatar.com\/avatar\/c7164ed6fdec453195284ad24a5ae5b6e1eed2b848477fa2a4787ba9adf39a41?s=96&d=mm&r=g","caption":"Redacci\u00f3n QP"},"url":"https:\/\/quehacerpolitico.mx\/?author=2"}]}},"featured_image_urls":{"full":"","thumbnail":"","medium":"","medium_large":"","large":"","1536x1536":"","2048x2048":"","covernews-featured":"","covernews-medium":""},"author_info":{"display_name":"Redacci\u00f3n QP","author_link":"https:\/\/quehacerpolitico.mx\/?author=2"},"category_info":"<a href=\"https:\/\/quehacerpolitico.mx\/?cat=55\" rel=\"category\">CDMX<\/a>","tag_info":"CDMX","comment_count":"0","_links":{"self":[{"href":"https:\/\/quehacerpolitico.mx\/index.php?rest_route=\/wp\/v2\/posts\/54885","targetHints":{"allow":["GET"]}}],"collection":[{"href":"https:\/\/quehacerpolitico.mx\/index.php?rest_route=\/wp\/v2\/posts"}],"about":[{"href":"https:\/\/quehacerpolitico.mx\/index.php?rest_route=\/wp\/v2\/types\/post"}],"author":[{"embeddable":true,"href":"https:\/\/quehacerpolitico.mx\/index.php?rest_route=\/wp\/v2\/users\/2"}],"replies":[{"embeddable":true,"href":"https:\/\/quehacerpolitico.mx\/index.php?rest_route=%2Fwp%2Fv2%2Fcomments&post=54885"}],"version-history":[{"count":0,"href":"https:\/\/quehacerpolitico.mx\/index.php?rest_route=\/wp\/v2\/posts\/54885\/revisions"}],"wp:featuredmedia":[{"embeddable":true,"href":"https:\/\/quehacerpolitico.mx\/index.php?rest_route=\/"}],"wp:attachment":[{"href":"https:\/\/quehacerpolitico.mx\/index.php?rest_route=%2Fwp%2Fv2%2Fmedia&parent=54885"}],"wp:term":[{"taxonomy":"category","embeddable":true,"href":"https:\/\/quehacerpolitico.mx\/index.php?rest_route=%2Fwp%2Fv2%2Fcategories&post=54885"},{"taxonomy":"post_tag","embeddable":true,"href":"https:\/\/quehacerpolitico.mx\/index.php?rest_route=%2Fwp%2Fv2%2Ftags&post=54885"}],"curies":[{"name":"wp","href":"https:\/\/api.w.org\/{rel}","templated":true}]}}