{"id":54767,"date":"2020-03-09T10:17:45","date_gmt":"2020-03-09T16:17:45","guid":{"rendered":"http:\/\/quehacerpolitico.mx\/?p=54767"},"modified":"2020-03-09T10:17:45","modified_gmt":"2020-03-09T16:17:45","slug":"las-movilizaciones-para-hoy-lunes-09-de-marzo-del-2020-en-la-cdmx","status":"publish","type":"post","link":"https:\/\/quehacerpolitico.mx\/?p=54767","title":{"rendered":"Las Movilizaciones para hoy lunes 09 de Marzo del 2020 en la CDMX"},"content":{"rendered":"<p>Las Movilizaciones para hoy lunes 09 de Marzo del 2020 en la CDMX<br \/>\nPor Redacci\u00f3n QP<\/p>\n<p>Distintas alcald\u00edas ser\u00e1n afectadas por las marchas y manifestaciones en la CDMX<\/p>\n<blockquote class=\"twitter-tweet\" data-width=\"550\" data-dnt=\"true\">\n<p lang=\"es\" dir=\"ltr\"><a href=\"https:\/\/twitter.com\/hashtag\/Ent%C3%A9rate?src=hash&amp;ref_src=twsrc%5Etfw\">#Ent\u00e9rate<\/a> <a href=\"https:\/\/twitter.com\/hashtag\/FelizLunes?src=hash&amp;ref_src=twsrc%5Etfw\">#FelizLunes<\/a> \u26a0\ufe0f Te compartimos las movilizaciones sociales que se tienen previstas para este lunes 9 de marzo en la <a href=\"https:\/\/twitter.com\/hashtag\/CDMX?src=hash&amp;ref_src=twsrc%5Etfw\">#CDMX<\/a>. <a href=\"https:\/\/twitter.com\/hashtag\/MovilidadCDMX?src=hash&amp;ref_src=twsrc%5Etfw\">#MovilidadCDMX<\/a> <a href=\"https:\/\/twitter.com\/hashtag\/C5?src=hash&amp;ref_src=twsrc%5Etfw\">#C5<\/a> <a href=\"https:\/\/t.co\/knlRJiKHt9\">pic.twitter.com\/knlRJiKHt9<\/a><\/p>\n<p>&mdash; C5 CDMX (@C5_CDMX) <a href=\"https:\/\/twitter.com\/C5_CDMX\/status\/1237006366398722051?ref_src=twsrc%5Etfw\">March 9, 2020<\/a><\/p><\/blockquote>\n<p><script async src=\"https:\/\/platform.twitter.com\/widgets.js\" charset=\"utf-8\"><\/script><\/p>\n<p>Para este lunes <strong>9\u00a0de marzo 2020<\/strong> se esperan varias<strong>\u00a0marchas\u00a0<\/strong>en diferentes alcald\u00edas de la <strong>Ciudad de M\u00e9xico<\/strong>, alertaron autoridades capitalinas, por lo que sugirieron a los automovilistas y poblaci\u00f3n en general tomarlo en cuenta para evitar retrasos en sus traslados.<\/p>\n<p>A las 10:00 horas se prev\u00e9 una caminata en el \u00c1ngel de la Independencia.<\/p>\n<p>La caminata \u201cPor la paz, la igualdad y respeto entre hombres y mujeres\u201d es en rechazo al paro nacional \u201cUn D\u00eda sin Nosotras\u201d y en apoyo a la \u201cCuarta Transformaci\u00f3n\u201d, implementada por el presidente Andr\u00e9s Manuel L\u00f3pez Obrador.<\/p>\n<p>Al t\u00e9rmino de la caminata se realizar\u00e1 un mitin con la participaci\u00f3n de oradores que aborden temas alusivos a los ejes de la convocatoria.<\/p>\n<p>No se descarta se sumen en apoyo otras organizaciones sociales y la afectaci\u00f3n de vialidades durante el desarrollo de sus actividades.<\/p>\n<p>Tambi\u00e9n a las 10:00 horas integrantes del movimiento \u201cRolando Aldana Berm\u00fadez\u201d se manifestar\u00e1n para exigir a la jefa de Gobierno de la Ciudad de M\u00e9xico, Claudia Sheinbaum, visibilice la violencia de g\u00e9nero que sufren las mujeres polic\u00eda dentro de su trabajo.<\/p>\n<p>La manifestaci\u00f3n se llevar\u00e1 a cabo en el Edificio Virreinal, ubicado en avenida Plaza de la Constituci\u00f3n #2, colonia Centro Hist\u00f3rico, en la alcald\u00eda Cuauht\u00e9moc.<\/p>\n<p>A las 12:00 horas grupos feministas realizar\u00e1n una manifestaci\u00f3n en el marco del Paro Nacional \u201cUn D\u00eda sin Nosotras\u201d, con el fin de exigir un alto a la violencia de g\u00e9nero, los feminicidios y en demanda de justicia para las v\u00edctimas.<\/p>\n<p>La concentraci\u00f3n ser\u00e1 en la Antimonumenta \u201cVivas nos Queremos\u201d, ubicado en avenida Ju\u00e1rez s\/n, colonia Centro, en la alcald\u00eda Cuauht\u00e9moc.<\/p>\n<p>A las 14:00 horas integrantes del colectivo aliadas UACM realizar\u00e1n una protesta en la sede de la alcald\u00eda Cuauht\u00e9moc para exigir a las autoridades la entrega de videos de las c\u00e1maras de seguridad y se investiguen los hechos ocurridos durante la marcha del domingo 8 de Marzo, donde resultaron heridas por quemaduras varias manifestantes.<\/p>\n<p>Este grupo de manifestantes consideran que fue un ataque directo hacia los contingentes feministas.<\/p>\n<p>Tambi\u00e9n a las 14:00 horas integrantes del colectivo feminista \u201cBrujas Riot\u201d y V\u00edctimas Del Feminicidio y Desaparici\u00f3n se manifestar\u00e1n en la sede del Partido Acci\u00f3n Nacional (PAN), ubicado en avenida Coyoac\u00e1n #1546, colonia Del Valle Centro, en la alcald\u00eda Benito Ju\u00e1rez.<\/p>\n<p>La manifestaci\u00f3n es para mostrar su rechazo en contra del Partido Acci\u00f3n Nacional (PAN) por presuntamente usar el movimiento feminista para intereses pol\u00edticos.<\/p>\n<p>A las 17:00 horas integrantes del Colectivo Libres y Combativas MX, y del Sindicato de Estudiantes realizar\u00e1n mitin en el Hemiciclo a Ju\u00e1rez para manifestarse en contra de la violencia machista y el capitalismo.<\/p>\n<p>No se descarta que en apoyo se sumen otras organizaciones sociales en defensa de los derechos de las mujeres y colectivos feministas; as\u00ed como la realizaci\u00f3n de pintas y la afectaci\u00f3n de vialidades durante el desarrollo de sus actividades.<\/p>\n<p>Durante el d\u00eda, elementos de la Polic\u00eda Bancaria Industrial (PBI) realizar\u00e1n un paro de labores, para exigir la renuncia de Jos\u00e9 Arturo Blanco Hern\u00e1ndez, titular de la Polic\u00eda Bancaria e Industrial (PBI), por presuntamente fomentar la corrupci\u00f3n dentro de la corporaci\u00f3n policiaca.<\/p>\n<p>Se prev\u00e9 una concentraci\u00f3n de polic\u00edas en las oficinas administrativas de la PBI<br \/>\n(PBI), ubicadas en avenida Sur de los 100 Metros s\/n, colonia Nueva Vallejo 1a. Secci\u00f3n, en la alcald\u00eda Gustavo A. Madero.<\/p>\n<p>En todas las manifestaciones y concentraciones no se descarta la posible afectaci\u00f3n de vialidades durante el desarrollo de sus actividades.<\/p>\n<p>Con informaci\u00f3n del C5<\/p>\n","protected":false},"excerpt":{"rendered":"<p>Las Movilizaciones para hoy lunes 09 de Marzo del 2020 en la CDMX Por Redacci\u00f3n&#8230;<\/p>\n","protected":false},"author":2,"featured_media":54708,"comment_status":"open","ping_status":"open","sticky":false,"template":"","format":"standard","meta":{"_monsterinsights_skip_tracking":false,"_monsterinsights_sitenote_active":false,"_monsterinsights_sitenote_note":"","_monsterinsights_sitenote_category":0,"footnotes":""},"categories":[55],"tags":[],"class_list":["post-54767","post","type-post","status-publish","format-standard","has-post-thumbnail","hentry","category-cdmx"],"yoast_head":"<!-- This site is optimized with the Yoast SEO plugin v27.3 - https:\/\/yoast.com\/product\/yoast-seo-wordpress\/ -->\n<title>Las Movilizaciones para hoy lunes 09 de Marzo del 2020 en la CDMX -<\/title>\n<meta name=\"robots\" content=\"index, follow, max-snippet:-1, max-image-preview:large, max-video-preview:-1\" \/>\n<link rel=\"canonical\" href=\"https:\/\/quehacerpolitico.mx\/?p=54767\" \/>\n<meta property=\"og:locale\" content=\"es_MX\" \/>\n<meta property=\"og:type\" content=\"article\" \/>\n<meta property=\"og:title\" content=\"Las Movilizaciones para hoy lunes 09 de Marzo del 2020 en la CDMX -\" \/>\n<meta property=\"og:description\" content=\"Las Movilizaciones para hoy lunes 09 de Marzo del 2020 en la CDMX Por Redacci\u00f3n...\" \/>\n<meta property=\"og:url\" content=\"https:\/\/quehacerpolitico.mx\/?p=54767\" \/>\n<meta property=\"article:published_time\" content=\"2020-03-09T16:17:45+00:00\" \/>\n<meta name=\"author\" content=\"Redacci\u00f3n QP\" \/>\n<meta name=\"twitter:card\" content=\"summary_large_image\" \/>\n<meta name=\"twitter:label1\" content=\"Escrito por\" \/>\n\t<meta name=\"twitter:data1\" content=\"Redacci\u00f3n QP\" \/>\n\t<meta name=\"twitter:label2\" content=\"Tiempo de lectura\" \/>\n\t<meta name=\"twitter:data2\" content=\"3 minutos\" \/>\n<script type=\"application\/ld+json\" class=\"yoast-schema-graph\">{\"@context\":\"https:\\\/\\\/schema.org\",\"@graph\":[{\"@type\":\"Article\",\"@id\":\"https:\\\/\\\/quehacerpolitico.mx\\\/?p=54767#article\",\"isPartOf\":{\"@id\":\"https:\\\/\\\/quehacerpolitico.mx\\\/?p=54767\"},\"author\":{\"name\":\"Redacci\u00f3n QP\",\"@id\":\"https:\\\/\\\/quehacerpolitico.mx\\\/#\\\/schema\\\/person\\\/496d8ad2d1d3f8036101dca7ee39e585\"},\"headline\":\"Las Movilizaciones para hoy lunes 09 de Marzo del 2020 en la CDMX\",\"datePublished\":\"2020-03-09T16:17:45+00:00\",\"mainEntityOfPage\":{\"@id\":\"https:\\\/\\\/quehacerpolitico.mx\\\/?p=54767\"},\"wordCount\":670,\"commentCount\":0,\"image\":{\"@id\":\"https:\\\/\\\/quehacerpolitico.mx\\\/?p=54767#primaryimage\"},\"thumbnailUrl\":\"\",\"articleSection\":[\"CDMX\"],\"inLanguage\":\"es\",\"potentialAction\":[{\"@type\":\"CommentAction\",\"name\":\"Comment\",\"target\":[\"https:\\\/\\\/quehacerpolitico.mx\\\/?p=54767#respond\"]}]},{\"@type\":\"WebPage\",\"@id\":\"https:\\\/\\\/quehacerpolitico.mx\\\/?p=54767\",\"url\":\"https:\\\/\\\/quehacerpolitico.mx\\\/?p=54767\",\"name\":\"Las Movilizaciones para hoy lunes 09 de Marzo del 2020 en la CDMX -\",\"isPartOf\":{\"@id\":\"https:\\\/\\\/quehacerpolitico.mx\\\/#website\"},\"primaryImageOfPage\":{\"@id\":\"https:\\\/\\\/quehacerpolitico.mx\\\/?p=54767#primaryimage\"},\"image\":{\"@id\":\"https:\\\/\\\/quehacerpolitico.mx\\\/?p=54767#primaryimage\"},\"thumbnailUrl\":\"\",\"datePublished\":\"2020-03-09T16:17:45+00:00\",\"author\":{\"@id\":\"https:\\\/\\\/quehacerpolitico.mx\\\/#\\\/schema\\\/person\\\/496d8ad2d1d3f8036101dca7ee39e585\"},\"breadcrumb\":{\"@id\":\"https:\\\/\\\/quehacerpolitico.mx\\\/?p=54767#breadcrumb\"},\"inLanguage\":\"es\",\"potentialAction\":[{\"@type\":\"ReadAction\",\"target\":[\"https:\\\/\\\/quehacerpolitico.mx\\\/?p=54767\"]}]},{\"@type\":\"ImageObject\",\"inLanguage\":\"es\",\"@id\":\"https:\\\/\\\/quehacerpolitico.mx\\\/?p=54767#primaryimage\",\"url\":\"\",\"contentUrl\":\"\"},{\"@type\":\"BreadcrumbList\",\"@id\":\"https:\\\/\\\/quehacerpolitico.mx\\\/?p=54767#breadcrumb\",\"itemListElement\":[{\"@type\":\"ListItem\",\"position\":1,\"name\":\"Inicio\",\"item\":\"https:\\\/\\\/quehacerpolitico.mx\\\/\"},{\"@type\":\"ListItem\",\"position\":2,\"name\":\"Las Movilizaciones para hoy lunes 09 de Marzo del 2020 en la CDMX\"}]},{\"@type\":\"WebSite\",\"@id\":\"https:\\\/\\\/quehacerpolitico.mx\\\/#website\",\"url\":\"https:\\\/\\\/quehacerpolitico.mx\\\/\",\"name\":\"\",\"description\":\"\",\"potentialAction\":[{\"@type\":\"SearchAction\",\"target\":{\"@type\":\"EntryPoint\",\"urlTemplate\":\"https:\\\/\\\/quehacerpolitico.mx\\\/?s={search_term_string}\"},\"query-input\":{\"@type\":\"PropertyValueSpecification\",\"valueRequired\":true,\"valueName\":\"search_term_string\"}}],\"inLanguage\":\"es\"},{\"@type\":\"Person\",\"@id\":\"https:\\\/\\\/quehacerpolitico.mx\\\/#\\\/schema\\\/person\\\/496d8ad2d1d3f8036101dca7ee39e585\",\"name\":\"Redacci\u00f3n QP\",\"image\":{\"@type\":\"ImageObject\",\"inLanguage\":\"es\",\"@id\":\"https:\\\/\\\/secure.gravatar.com\\\/avatar\\\/c7164ed6fdec453195284ad24a5ae5b6e1eed2b848477fa2a4787ba9adf39a41?s=96&d=mm&r=g\",\"url\":\"https:\\\/\\\/secure.gravatar.com\\\/avatar\\\/c7164ed6fdec453195284ad24a5ae5b6e1eed2b848477fa2a4787ba9adf39a41?s=96&d=mm&r=g\",\"contentUrl\":\"https:\\\/\\\/secure.gravatar.com\\\/avatar\\\/c7164ed6fdec453195284ad24a5ae5b6e1eed2b848477fa2a4787ba9adf39a41?s=96&d=mm&r=g\",\"caption\":\"Redacci\u00f3n QP\"},\"url\":\"https:\\\/\\\/quehacerpolitico.mx\\\/?author=2\"}]}<\/script>\n<!-- \/ Yoast SEO plugin. -->","yoast_head_json":{"title":"Las Movilizaciones para hoy lunes 09 de Marzo del 2020 en la CDMX -","robots":{"index":"index","follow":"follow","max-snippet":"max-snippet:-1","max-image-preview":"max-image-preview:large","max-video-preview":"max-video-preview:-1"},"canonical":"https:\/\/quehacerpolitico.mx\/?p=54767","og_locale":"es_MX","og_type":"article","og_title":"Las Movilizaciones para hoy lunes 09 de Marzo del 2020 en la CDMX -","og_description":"Las Movilizaciones para hoy lunes 09 de Marzo del 2020 en la CDMX Por Redacci\u00f3n...","og_url":"https:\/\/quehacerpolitico.mx\/?p=54767","article_published_time":"2020-03-09T16:17:45+00:00","author":"Redacci\u00f3n QP","twitter_card":"summary_large_image","twitter_misc":{"Escrito por":"Redacci\u00f3n QP","Tiempo de lectura":"3 minutos"},"schema":{"@context":"https:\/\/schema.org","@graph":[{"@type":"Article","@id":"https:\/\/quehacerpolitico.mx\/?p=54767#article","isPartOf":{"@id":"https:\/\/quehacerpolitico.mx\/?p=54767"},"author":{"name":"Redacci\u00f3n QP","@id":"https:\/\/quehacerpolitico.mx\/#\/schema\/person\/496d8ad2d1d3f8036101dca7ee39e585"},"headline":"Las Movilizaciones para hoy lunes 09 de Marzo del 2020 en la CDMX","datePublished":"2020-03-09T16:17:45+00:00","mainEntityOfPage":{"@id":"https:\/\/quehacerpolitico.mx\/?p=54767"},"wordCount":670,"commentCount":0,"image":{"@id":"https:\/\/quehacerpolitico.mx\/?p=54767#primaryimage"},"thumbnailUrl":"","articleSection":["CDMX"],"inLanguage":"es","potentialAction":[{"@type":"CommentAction","name":"Comment","target":["https:\/\/quehacerpolitico.mx\/?p=54767#respond"]}]},{"@type":"WebPage","@id":"https:\/\/quehacerpolitico.mx\/?p=54767","url":"https:\/\/quehacerpolitico.mx\/?p=54767","name":"Las Movilizaciones para hoy lunes 09 de Marzo del 2020 en la CDMX -","isPartOf":{"@id":"https:\/\/quehacerpolitico.mx\/#website"},"primaryImageOfPage":{"@id":"https:\/\/quehacerpolitico.mx\/?p=54767#primaryimage"},"image":{"@id":"https:\/\/quehacerpolitico.mx\/?p=54767#primaryimage"},"thumbnailUrl":"","datePublished":"2020-03-09T16:17:45+00:00","author":{"@id":"https:\/\/quehacerpolitico.mx\/#\/schema\/person\/496d8ad2d1d3f8036101dca7ee39e585"},"breadcrumb":{"@id":"https:\/\/quehacerpolitico.mx\/?p=54767#breadcrumb"},"inLanguage":"es","potentialAction":[{"@type":"ReadAction","target":["https:\/\/quehacerpolitico.mx\/?p=54767"]}]},{"@type":"ImageObject","inLanguage":"es","@id":"https:\/\/quehacerpolitico.mx\/?p=54767#primaryimage","url":"","contentUrl":""},{"@type":"BreadcrumbList","@id":"https:\/\/quehacerpolitico.mx\/?p=54767#breadcrumb","itemListElement":[{"@type":"ListItem","position":1,"name":"Inicio","item":"https:\/\/quehacerpolitico.mx\/"},{"@type":"ListItem","position":2,"name":"Las Movilizaciones para hoy lunes 09 de Marzo del 2020 en la CDMX"}]},{"@type":"WebSite","@id":"https:\/\/quehacerpolitico.mx\/#website","url":"https:\/\/quehacerpolitico.mx\/","name":"","description":"","potentialAction":[{"@type":"SearchAction","target":{"@type":"EntryPoint","urlTemplate":"https:\/\/quehacerpolitico.mx\/?s={search_term_string}"},"query-input":{"@type":"PropertyValueSpecification","valueRequired":true,"valueName":"search_term_string"}}],"inLanguage":"es"},{"@type":"Person","@id":"https:\/\/quehacerpolitico.mx\/#\/schema\/person\/496d8ad2d1d3f8036101dca7ee39e585","name":"Redacci\u00f3n QP","image":{"@type":"ImageObject","inLanguage":"es","@id":"https:\/\/secure.gravatar.com\/avatar\/c7164ed6fdec453195284ad24a5ae5b6e1eed2b848477fa2a4787ba9adf39a41?s=96&d=mm&r=g","url":"https:\/\/secure.gravatar.com\/avatar\/c7164ed6fdec453195284ad24a5ae5b6e1eed2b848477fa2a4787ba9adf39a41?s=96&d=mm&r=g","contentUrl":"https:\/\/secure.gravatar.com\/avatar\/c7164ed6fdec453195284ad24a5ae5b6e1eed2b848477fa2a4787ba9adf39a41?s=96&d=mm&r=g","caption":"Redacci\u00f3n QP"},"url":"https:\/\/quehacerpolitico.mx\/?author=2"}]}},"featured_image_urls":{"full":"","thumbnail":"","medium":"","medium_large":"","large":"","1536x1536":"","2048x2048":"","covernews-featured":"","covernews-medium":""},"author_info":{"display_name":"Redacci\u00f3n QP","author_link":"https:\/\/quehacerpolitico.mx\/?author=2"},"category_info":"<a href=\"https:\/\/quehacerpolitico.mx\/?cat=55\" rel=\"category\">CDMX<\/a>","tag_info":"CDMX","comment_count":"0","_links":{"self":[{"href":"https:\/\/quehacerpolitico.mx\/index.php?rest_route=\/wp\/v2\/posts\/54767","targetHints":{"allow":["GET"]}}],"collection":[{"href":"https:\/\/quehacerpolitico.mx\/index.php?rest_route=\/wp\/v2\/posts"}],"about":[{"href":"https:\/\/quehacerpolitico.mx\/index.php?rest_route=\/wp\/v2\/types\/post"}],"author":[{"embeddable":true,"href":"https:\/\/quehacerpolitico.mx\/index.php?rest_route=\/wp\/v2\/users\/2"}],"replies":[{"embeddable":true,"href":"https:\/\/quehacerpolitico.mx\/index.php?rest_route=%2Fwp%2Fv2%2Fcomments&post=54767"}],"version-history":[{"count":0,"href":"https:\/\/quehacerpolitico.mx\/index.php?rest_route=\/wp\/v2\/posts\/54767\/revisions"}],"wp:featuredmedia":[{"embeddable":true,"href":"https:\/\/quehacerpolitico.mx\/index.php?rest_route=\/"}],"wp:attachment":[{"href":"https:\/\/quehacerpolitico.mx\/index.php?rest_route=%2Fwp%2Fv2%2Fmedia&parent=54767"}],"wp:term":[{"taxonomy":"category","embeddable":true,"href":"https:\/\/quehacerpolitico.mx\/index.php?rest_route=%2Fwp%2Fv2%2Fcategories&post=54767"},{"taxonomy":"post_tag","embeddable":true,"href":"https:\/\/quehacerpolitico.mx\/index.php?rest_route=%2Fwp%2Fv2%2Ftags&post=54767"}],"curies":[{"name":"wp","href":"https:\/\/api.w.org\/{rel}","templated":true}]}}