{"id":54599,"date":"2020-03-06T20:01:10","date_gmt":"2020-03-06T20:01:10","guid":{"rendered":"http:\/\/quehacerpolitico.mx\/?p=54599"},"modified":"2020-03-06T20:01:10","modified_gmt":"2020-03-06T20:01:10","slug":"habra-asesoria-contra-la-violencia-laboral","status":"publish","type":"post","link":"https:\/\/quehacerpolitico.mx\/?p=54599","title":{"rendered":"Habr\u00e1 asesor\u00eda contra la violencia laboral"},"content":{"rendered":"<div class=\"titulo\">Habr\u00e1 asesor\u00eda contra la violencia laboral<\/div>\n<div class=\"desarrollo\">Por Redacci\u00f3n QP<\/div>\n<div>\n<p>Luego de dar a conocer que el 26.6 por ciento de las mujeres que trabajan o trabajaron han experimentado alg\u00fan acto violento en el \u00e1mbito laboral, el Gobierno Federal asegur\u00f3 que contar\u00e1n con asesor\u00eda y un m\u00e9todo a seguir a fin de evitar ser v\u00edctima de ese tipo de actos.<\/p>\n<p>Destac\u00f3 que en las empresas se dar\u00e1 informaci\u00f3n mediante un protocolo que se publicar\u00e1 de manera gradual y que ser\u00e1 adicional a los lineamientos para interponer una denuncia.<\/p>\n<p>La Secretar\u00eda del Trabajo federal precis\u00f3 que se cre\u00f3 el Protocolo para Prevenir, Atender y Erradicar la Violencia Laboral, mediante el cual se puede identificar el tipo de violencia laboral que se divide en: acoso sexual y hostigamiento sexual; y acoso laboral.<\/p>\n<p>El protocolo tiene el objetivo de definir el procedimiento, v\u00edas y\/o mecanismos para brindar atenci\u00f3n a las presuntas v\u00edctimas de alg\u00fan caso de violencia laboral, y se\u00f1alar las v\u00edas e instancias competentes al interior y exterior del centro de trabajo que puedan apoyar en esos temas en materia laboral.<\/p>\n<p>https:\/\/www.facebook.com\/stpsmx\/videos\/201165127835946\/<\/p>\n<p>Adem\u00e1s\u00a0promover una cultura organizacional de igualdad de g\u00e9nero y un clima laboral propicio para la erradicaci\u00f3n de la violencia laboral en el centro de trabajo.<\/p>\n<p>Dicho documento plantea medidas de protecci\u00f3n y modificaci\u00f3n de conducta, que pueden ser, a reserva de las denuncias ante otras autoridades y atendiendo a la gravedad del caso, la terminaci\u00f3n de la relaci\u00f3n laboral, el cambio de \u00e1rea o de horario, y restricciones de acercamiento, entre otros.<\/p>\n<p>Con informaci\u00f3n de NTX<\/p>\n<\/div>\n","protected":false},"excerpt":{"rendered":"<p>Habr\u00e1 asesor\u00eda contra la violencia laboral Por Redacci\u00f3n QP Luego de dar a conocer que&#8230;<\/p>\n","protected":false},"author":2,"featured_media":54600,"comment_status":"open","ping_status":"open","sticky":false,"template":"","format":"standard","meta":{"_monsterinsights_skip_tracking":false,"_monsterinsights_sitenote_active":false,"_monsterinsights_sitenote_note":"","_monsterinsights_sitenote_category":0,"footnotes":""},"categories":[2],"tags":[],"class_list":["post-54599","post","type-post","status-publish","format-standard","has-post-thumbnail","hentry","category-noticias"],"yoast_head":"<!-- This site is optimized with the Yoast SEO plugin v27.3 - https:\/\/yoast.com\/product\/yoast-seo-wordpress\/ -->\n<title>Habr\u00e1 asesor\u00eda contra la violencia laboral -<\/title>\n<meta name=\"robots\" content=\"index, follow, max-snippet:-1, max-image-preview:large, max-video-preview:-1\" \/>\n<link rel=\"canonical\" href=\"https:\/\/quehacerpolitico.mx\/?p=54599\" \/>\n<meta property=\"og:locale\" content=\"es_MX\" \/>\n<meta property=\"og:type\" content=\"article\" \/>\n<meta property=\"og:title\" content=\"Habr\u00e1 asesor\u00eda contra la violencia laboral -\" \/>\n<meta property=\"og:description\" content=\"Habr\u00e1 asesor\u00eda contra la violencia laboral Por Redacci\u00f3n QP Luego de dar a conocer que...\" \/>\n<meta property=\"og:url\" content=\"https:\/\/quehacerpolitico.mx\/?p=54599\" \/>\n<meta property=\"article:published_time\" content=\"2020-03-06T20:01:10+00:00\" \/>\n<meta name=\"author\" content=\"Redacci\u00f3n QP\" \/>\n<meta name=\"twitter:card\" content=\"summary_large_image\" \/>\n<meta name=\"twitter:label1\" content=\"Escrito por\" \/>\n\t<meta name=\"twitter:data1\" content=\"Redacci\u00f3n QP\" \/>\n\t<meta name=\"twitter:label2\" content=\"Tiempo de lectura\" \/>\n\t<meta name=\"twitter:data2\" content=\"1 minuto\" \/>\n<script type=\"application\/ld+json\" class=\"yoast-schema-graph\">{\"@context\":\"https:\\\/\\\/schema.org\",\"@graph\":[{\"@type\":\"Article\",\"@id\":\"https:\\\/\\\/quehacerpolitico.mx\\\/?p=54599#article\",\"isPartOf\":{\"@id\":\"https:\\\/\\\/quehacerpolitico.mx\\\/?p=54599\"},\"author\":{\"name\":\"Redacci\u00f3n QP\",\"@id\":\"https:\\\/\\\/quehacerpolitico.mx\\\/#\\\/schema\\\/person\\\/496d8ad2d1d3f8036101dca7ee39e585\"},\"headline\":\"Habr\u00e1 asesor\u00eda contra la violencia laboral\",\"datePublished\":\"2020-03-06T20:01:10+00:00\",\"mainEntityOfPage\":{\"@id\":\"https:\\\/\\\/quehacerpolitico.mx\\\/?p=54599\"},\"wordCount\":291,\"commentCount\":0,\"image\":{\"@id\":\"https:\\\/\\\/quehacerpolitico.mx\\\/?p=54599#primaryimage\"},\"thumbnailUrl\":\"\",\"articleSection\":[\"Noticias\"],\"inLanguage\":\"es\",\"potentialAction\":[{\"@type\":\"CommentAction\",\"name\":\"Comment\",\"target\":[\"https:\\\/\\\/quehacerpolitico.mx\\\/?p=54599#respond\"]}]},{\"@type\":\"WebPage\",\"@id\":\"https:\\\/\\\/quehacerpolitico.mx\\\/?p=54599\",\"url\":\"https:\\\/\\\/quehacerpolitico.mx\\\/?p=54599\",\"name\":\"Habr\u00e1 asesor\u00eda contra la violencia laboral -\",\"isPartOf\":{\"@id\":\"https:\\\/\\\/quehacerpolitico.mx\\\/#website\"},\"primaryImageOfPage\":{\"@id\":\"https:\\\/\\\/quehacerpolitico.mx\\\/?p=54599#primaryimage\"},\"image\":{\"@id\":\"https:\\\/\\\/quehacerpolitico.mx\\\/?p=54599#primaryimage\"},\"thumbnailUrl\":\"\",\"datePublished\":\"2020-03-06T20:01:10+00:00\",\"author\":{\"@id\":\"https:\\\/\\\/quehacerpolitico.mx\\\/#\\\/schema\\\/person\\\/496d8ad2d1d3f8036101dca7ee39e585\"},\"breadcrumb\":{\"@id\":\"https:\\\/\\\/quehacerpolitico.mx\\\/?p=54599#breadcrumb\"},\"inLanguage\":\"es\",\"potentialAction\":[{\"@type\":\"ReadAction\",\"target\":[\"https:\\\/\\\/quehacerpolitico.mx\\\/?p=54599\"]}]},{\"@type\":\"ImageObject\",\"inLanguage\":\"es\",\"@id\":\"https:\\\/\\\/quehacerpolitico.mx\\\/?p=54599#primaryimage\",\"url\":\"\",\"contentUrl\":\"\"},{\"@type\":\"BreadcrumbList\",\"@id\":\"https:\\\/\\\/quehacerpolitico.mx\\\/?p=54599#breadcrumb\",\"itemListElement\":[{\"@type\":\"ListItem\",\"position\":1,\"name\":\"Inicio\",\"item\":\"https:\\\/\\\/quehacerpolitico.mx\\\/\"},{\"@type\":\"ListItem\",\"position\":2,\"name\":\"Habr\u00e1 asesor\u00eda contra la violencia laboral\"}]},{\"@type\":\"WebSite\",\"@id\":\"https:\\\/\\\/quehacerpolitico.mx\\\/#website\",\"url\":\"https:\\\/\\\/quehacerpolitico.mx\\\/\",\"name\":\"\",\"description\":\"\",\"potentialAction\":[{\"@type\":\"SearchAction\",\"target\":{\"@type\":\"EntryPoint\",\"urlTemplate\":\"https:\\\/\\\/quehacerpolitico.mx\\\/?s={search_term_string}\"},\"query-input\":{\"@type\":\"PropertyValueSpecification\",\"valueRequired\":true,\"valueName\":\"search_term_string\"}}],\"inLanguage\":\"es\"},{\"@type\":\"Person\",\"@id\":\"https:\\\/\\\/quehacerpolitico.mx\\\/#\\\/schema\\\/person\\\/496d8ad2d1d3f8036101dca7ee39e585\",\"name\":\"Redacci\u00f3n QP\",\"image\":{\"@type\":\"ImageObject\",\"inLanguage\":\"es\",\"@id\":\"https:\\\/\\\/secure.gravatar.com\\\/avatar\\\/c7164ed6fdec453195284ad24a5ae5b6e1eed2b848477fa2a4787ba9adf39a41?s=96&d=mm&r=g\",\"url\":\"https:\\\/\\\/secure.gravatar.com\\\/avatar\\\/c7164ed6fdec453195284ad24a5ae5b6e1eed2b848477fa2a4787ba9adf39a41?s=96&d=mm&r=g\",\"contentUrl\":\"https:\\\/\\\/secure.gravatar.com\\\/avatar\\\/c7164ed6fdec453195284ad24a5ae5b6e1eed2b848477fa2a4787ba9adf39a41?s=96&d=mm&r=g\",\"caption\":\"Redacci\u00f3n QP\"},\"url\":\"https:\\\/\\\/quehacerpolitico.mx\\\/?author=2\"}]}<\/script>\n<!-- \/ Yoast SEO plugin. -->","yoast_head_json":{"title":"Habr\u00e1 asesor\u00eda contra la violencia laboral -","robots":{"index":"index","follow":"follow","max-snippet":"max-snippet:-1","max-image-preview":"max-image-preview:large","max-video-preview":"max-video-preview:-1"},"canonical":"https:\/\/quehacerpolitico.mx\/?p=54599","og_locale":"es_MX","og_type":"article","og_title":"Habr\u00e1 asesor\u00eda contra la violencia laboral -","og_description":"Habr\u00e1 asesor\u00eda contra la violencia laboral Por Redacci\u00f3n QP Luego de dar a conocer que...","og_url":"https:\/\/quehacerpolitico.mx\/?p=54599","article_published_time":"2020-03-06T20:01:10+00:00","author":"Redacci\u00f3n QP","twitter_card":"summary_large_image","twitter_misc":{"Escrito por":"Redacci\u00f3n QP","Tiempo de lectura":"1 minuto"},"schema":{"@context":"https:\/\/schema.org","@graph":[{"@type":"Article","@id":"https:\/\/quehacerpolitico.mx\/?p=54599#article","isPartOf":{"@id":"https:\/\/quehacerpolitico.mx\/?p=54599"},"author":{"name":"Redacci\u00f3n QP","@id":"https:\/\/quehacerpolitico.mx\/#\/schema\/person\/496d8ad2d1d3f8036101dca7ee39e585"},"headline":"Habr\u00e1 asesor\u00eda contra la violencia laboral","datePublished":"2020-03-06T20:01:10+00:00","mainEntityOfPage":{"@id":"https:\/\/quehacerpolitico.mx\/?p=54599"},"wordCount":291,"commentCount":0,"image":{"@id":"https:\/\/quehacerpolitico.mx\/?p=54599#primaryimage"},"thumbnailUrl":"","articleSection":["Noticias"],"inLanguage":"es","potentialAction":[{"@type":"CommentAction","name":"Comment","target":["https:\/\/quehacerpolitico.mx\/?p=54599#respond"]}]},{"@type":"WebPage","@id":"https:\/\/quehacerpolitico.mx\/?p=54599","url":"https:\/\/quehacerpolitico.mx\/?p=54599","name":"Habr\u00e1 asesor\u00eda contra la violencia laboral -","isPartOf":{"@id":"https:\/\/quehacerpolitico.mx\/#website"},"primaryImageOfPage":{"@id":"https:\/\/quehacerpolitico.mx\/?p=54599#primaryimage"},"image":{"@id":"https:\/\/quehacerpolitico.mx\/?p=54599#primaryimage"},"thumbnailUrl":"","datePublished":"2020-03-06T20:01:10+00:00","author":{"@id":"https:\/\/quehacerpolitico.mx\/#\/schema\/person\/496d8ad2d1d3f8036101dca7ee39e585"},"breadcrumb":{"@id":"https:\/\/quehacerpolitico.mx\/?p=54599#breadcrumb"},"inLanguage":"es","potentialAction":[{"@type":"ReadAction","target":["https:\/\/quehacerpolitico.mx\/?p=54599"]}]},{"@type":"ImageObject","inLanguage":"es","@id":"https:\/\/quehacerpolitico.mx\/?p=54599#primaryimage","url":"","contentUrl":""},{"@type":"BreadcrumbList","@id":"https:\/\/quehacerpolitico.mx\/?p=54599#breadcrumb","itemListElement":[{"@type":"ListItem","position":1,"name":"Inicio","item":"https:\/\/quehacerpolitico.mx\/"},{"@type":"ListItem","position":2,"name":"Habr\u00e1 asesor\u00eda contra la violencia laboral"}]},{"@type":"WebSite","@id":"https:\/\/quehacerpolitico.mx\/#website","url":"https:\/\/quehacerpolitico.mx\/","name":"","description":"","potentialAction":[{"@type":"SearchAction","target":{"@type":"EntryPoint","urlTemplate":"https:\/\/quehacerpolitico.mx\/?s={search_term_string}"},"query-input":{"@type":"PropertyValueSpecification","valueRequired":true,"valueName":"search_term_string"}}],"inLanguage":"es"},{"@type":"Person","@id":"https:\/\/quehacerpolitico.mx\/#\/schema\/person\/496d8ad2d1d3f8036101dca7ee39e585","name":"Redacci\u00f3n QP","image":{"@type":"ImageObject","inLanguage":"es","@id":"https:\/\/secure.gravatar.com\/avatar\/c7164ed6fdec453195284ad24a5ae5b6e1eed2b848477fa2a4787ba9adf39a41?s=96&d=mm&r=g","url":"https:\/\/secure.gravatar.com\/avatar\/c7164ed6fdec453195284ad24a5ae5b6e1eed2b848477fa2a4787ba9adf39a41?s=96&d=mm&r=g","contentUrl":"https:\/\/secure.gravatar.com\/avatar\/c7164ed6fdec453195284ad24a5ae5b6e1eed2b848477fa2a4787ba9adf39a41?s=96&d=mm&r=g","caption":"Redacci\u00f3n QP"},"url":"https:\/\/quehacerpolitico.mx\/?author=2"}]}},"featured_image_urls":{"full":"","thumbnail":"","medium":"","medium_large":"","large":"","1536x1536":"","2048x2048":"","covernews-featured":"","covernews-medium":""},"author_info":{"display_name":"Redacci\u00f3n QP","author_link":"https:\/\/quehacerpolitico.mx\/?author=2"},"category_info":"<a href=\"https:\/\/quehacerpolitico.mx\/?cat=2\" rel=\"category\">Noticias<\/a>","tag_info":"Noticias","comment_count":"0","_links":{"self":[{"href":"https:\/\/quehacerpolitico.mx\/index.php?rest_route=\/wp\/v2\/posts\/54599","targetHints":{"allow":["GET"]}}],"collection":[{"href":"https:\/\/quehacerpolitico.mx\/index.php?rest_route=\/wp\/v2\/posts"}],"about":[{"href":"https:\/\/quehacerpolitico.mx\/index.php?rest_route=\/wp\/v2\/types\/post"}],"author":[{"embeddable":true,"href":"https:\/\/quehacerpolitico.mx\/index.php?rest_route=\/wp\/v2\/users\/2"}],"replies":[{"embeddable":true,"href":"https:\/\/quehacerpolitico.mx\/index.php?rest_route=%2Fwp%2Fv2%2Fcomments&post=54599"}],"version-history":[{"count":0,"href":"https:\/\/quehacerpolitico.mx\/index.php?rest_route=\/wp\/v2\/posts\/54599\/revisions"}],"wp:featuredmedia":[{"embeddable":true,"href":"https:\/\/quehacerpolitico.mx\/index.php?rest_route=\/"}],"wp:attachment":[{"href":"https:\/\/quehacerpolitico.mx\/index.php?rest_route=%2Fwp%2Fv2%2Fmedia&parent=54599"}],"wp:term":[{"taxonomy":"category","embeddable":true,"href":"https:\/\/quehacerpolitico.mx\/index.php?rest_route=%2Fwp%2Fv2%2Fcategories&post=54599"},{"taxonomy":"post_tag","embeddable":true,"href":"https:\/\/quehacerpolitico.mx\/index.php?rest_route=%2Fwp%2Fv2%2Ftags&post=54599"}],"curies":[{"name":"wp","href":"https:\/\/api.w.org\/{rel}","templated":true}]}}