{"id":54555,"date":"2020-03-05T23:12:41","date_gmt":"2020-03-05T23:12:41","guid":{"rendered":"http:\/\/quehacerpolitico.mx\/?p=54555"},"modified":"2020-03-05T23:12:41","modified_gmt":"2020-03-05T23:12:41","slug":"por-riesgo-de-fuga-hija-de-el-mencho-se-quedara-en-prision","status":"publish","type":"post","link":"https:\/\/quehacerpolitico.mx\/?p=54555","title":{"rendered":"Por riesgo de fuga, hija de &#8220;El Mencho&#8221; se quedar\u00e1 en prisi\u00f3n"},"content":{"rendered":"<h1 class=\"news-title\">Por riesgo de fuga, hija de &#8220;El Mencho&#8221; se quedar\u00e1 en prisi\u00f3n<br \/>\nPor Redacci\u00f3n QP<\/h1>\n<p>El gobierno aleg\u00f3 el alto &#8220;riesgo de fuga&#8221; de &#8220;La Negra&#8221;, un factor determinante en el que la juez Howell estuvo de acuerdo y, por tanto, orden\u00f3 la detenci\u00f3n permanente previa al juicio<\/p>\n<p>Jessica Johanna Oseguera Gonz\u00e1lez &#8220;La Negra&#8221;, permanecer\u00e1 en una c\u00e1rcel mientras espera su juicio en Estados Unidos. La hija de Nemesio Oseguera Cervantes &#8220;El Mencho&#8221;, l\u00edder del C\u00e1rtel Nueva Generaci\u00f3n, vio c\u00f3mo la autorizaci\u00f3n de libertad bajo fianza conseguida hace un par de d\u00edas era denegada definitivamente por la juez del caso, Beryl Howell, en una orden presentada este jueves por la tarde, horas antes de una audiencia programada en la Corte federal del Distrito de Columbia donde se iba a tratar el tema.<\/p>\n<p><strong>Howell, en un documento de 18 p\u00e1ginas, revirti\u00f3 la decisi\u00f3n de la magistrada RobinMeriweather, quien hab\u00eda propuesto la libertad bajo fianza de &#8220;La Negra&#8221;<\/strong>, garantizada por un terreno valorado en 500 mil d\u00f3lares propiedad de su t\u00eda Azucena Oseguera, situado en la localidad de Perris, en California, adem\u00e1s de arresto domiciliario en un apartamento de la zona noroeste de la ciudad de Washington, entrega de todos sus pasaportes y monitoreo de las autoridades estadounidenses bajo un programa de alta intensidad.<\/p>\n<div id=\"teads_ad\">\n<div id=\"div-gpt-ad-1548262875188-0\" data-google-query-id=\"CIiLueuJhegCFZMaAQoddnMDLw\">\n<div id=\"google_ads_iframe_\/1001694\/INF_intext_1_0__container__\">&#8220;Bas\u00e1ndome en la evidencia de las partes (\u2026) incluyendo evidencias que no se presentaron ante la magistrada (Meriweather), <strong>se aprueba la moci\u00f3n del gobierno y la orden de la magistrada de liberar la acusada es revertida&#8221;, resumi\u00f3 Howell en su orden<\/strong>, revisada por El\u00a0Universal.<\/div>\n<\/div>\n<\/div>\n<p>El gobierno aleg\u00f3 el alto &#8220;riesgo de fuga&#8221; de &#8220;La Negra&#8221;, un factor determinante en el que la juez Howell estuvo de acuerdo y, por tanto, orden\u00f3 la detenci\u00f3n permanente previa al juicio.<\/p>\n<p><strong>Oseguera Gonz\u00e1lez est\u00e1 acusada de cinco delitos por involucramiento en transacciones o tratos relacionados con propiedades de una persona extranjera designada en la lista negra del Departamento del Tesoro<\/strong>, que podr\u00edan condenarla a hasta 10 a\u00f1os de c\u00e1rcel por cada violaci\u00f3n.<\/p>\n<p>En una audiencia de principios de semana, el gobierno vincul\u00f3 a &#8220;La Negra&#8221; con empresas que serv\u00edan de apoyo financiero no solo al C\u00e1rtel Nueva Generaci\u00f3n\u00a0liderado por su padre, tambi\u00e9n &#8220;Los Cuinis&#8221; encabezados por uno de sus t\u00edos, Abigail Gonz\u00e1lez Valencia.<\/p>\n<p>&#8220;La naturaleza de las circunstancias de las acusaciones en este caso, incluyendo que la acusada estaba presuntamente en un rol de liderazgo en organizaciones que prove\u00edan asistencia material a uno de los c\u00e1rteles mexicanos m\u00e1s violentos y est\u00e1 cercanamente relacionada como hija y hermana de l\u00edderes de este c\u00e1rtel, claramente apoyan la detenci\u00f3n&#8221;, a\u00f1adi\u00f3 la juez.<\/p>\n<p><strong>&#8220;La Negra&#8221; fue arrestada el pasado 26 de febrero al salir de la misma corte federal en la que ser\u00e1 juzgada<\/strong>, donde asisti\u00f3 a la audiencia de detenci\u00f3n de su hermano, Rub\u00e9n Oseguera &#8220;Menchito&#8221;, acusado de ser uno de los l\u00edderes del C\u00e1rtel\u00a0Nueva Generaci\u00f3n\u00a0y que enfrentar\u00e1 varios cargos por narcotr\u00e1fico.<\/p>\n<p><strong>La pr\u00f3xima audiencia de &#8220;La Negra&#8221; ser\u00e1 el pr\u00f3ximo 17 de abril.<\/strong><\/p>\n<p>Con informaci\u00f3n de SUN<\/p>\n","protected":false},"excerpt":{"rendered":"<p>Por riesgo de fuga, hija de &#8220;El Mencho&#8221; se quedar\u00e1 en prisi\u00f3n Por Redacci\u00f3n QP&#8230;<\/p>\n","protected":false},"author":2,"featured_media":54557,"comment_status":"open","ping_status":"open","sticky":false,"template":"","format":"standard","meta":{"_monsterinsights_skip_tracking":false,"_monsterinsights_sitenote_active":false,"_monsterinsights_sitenote_note":"","_monsterinsights_sitenote_category":0,"footnotes":""},"categories":[2],"tags":[],"class_list":["post-54555","post","type-post","status-publish","format-standard","has-post-thumbnail","hentry","category-noticias"],"yoast_head":"<!-- This site is optimized with the Yoast SEO plugin v27.3 - https:\/\/yoast.com\/product\/yoast-seo-wordpress\/ -->\n<title>Por riesgo de fuga, hija de &quot;El Mencho&quot; se quedar\u00e1 en prisi\u00f3n -<\/title>\n<meta name=\"robots\" content=\"index, follow, max-snippet:-1, max-image-preview:large, max-video-preview:-1\" \/>\n<link rel=\"canonical\" href=\"https:\/\/quehacerpolitico.mx\/?p=54555\" \/>\n<meta property=\"og:locale\" content=\"es_MX\" \/>\n<meta property=\"og:type\" content=\"article\" \/>\n<meta property=\"og:title\" content=\"Por riesgo de fuga, hija de &quot;El Mencho&quot; se quedar\u00e1 en prisi\u00f3n -\" \/>\n<meta property=\"og:description\" content=\"Por riesgo de fuga, hija de &#8220;El Mencho&#8221; se quedar\u00e1 en prisi\u00f3n Por Redacci\u00f3n QP...\" \/>\n<meta property=\"og:url\" content=\"https:\/\/quehacerpolitico.mx\/?p=54555\" \/>\n<meta property=\"article:published_time\" content=\"2020-03-05T23:12:41+00:00\" \/>\n<meta name=\"author\" content=\"Redacci\u00f3n QP\" \/>\n<meta name=\"twitter:card\" content=\"summary_large_image\" \/>\n<meta name=\"twitter:label1\" content=\"Escrito por\" \/>\n\t<meta name=\"twitter:data1\" content=\"Redacci\u00f3n QP\" \/>\n\t<meta name=\"twitter:label2\" content=\"Tiempo de lectura\" \/>\n\t<meta name=\"twitter:data2\" content=\"3 minutos\" \/>\n<script type=\"application\/ld+json\" class=\"yoast-schema-graph\">{\"@context\":\"https:\\\/\\\/schema.org\",\"@graph\":[{\"@type\":\"Article\",\"@id\":\"https:\\\/\\\/quehacerpolitico.mx\\\/?p=54555#article\",\"isPartOf\":{\"@id\":\"https:\\\/\\\/quehacerpolitico.mx\\\/?p=54555\"},\"author\":{\"name\":\"Redacci\u00f3n QP\",\"@id\":\"https:\\\/\\\/quehacerpolitico.mx\\\/#\\\/schema\\\/person\\\/496d8ad2d1d3f8036101dca7ee39e585\"},\"headline\":\"Por riesgo de fuga, hija de &#8220;El Mencho&#8221; se quedar\u00e1 en prisi\u00f3n\",\"datePublished\":\"2020-03-05T23:12:41+00:00\",\"mainEntityOfPage\":{\"@id\":\"https:\\\/\\\/quehacerpolitico.mx\\\/?p=54555\"},\"wordCount\":551,\"commentCount\":0,\"image\":{\"@id\":\"https:\\\/\\\/quehacerpolitico.mx\\\/?p=54555#primaryimage\"},\"thumbnailUrl\":\"\",\"articleSection\":[\"Noticias\"],\"inLanguage\":\"es\",\"potentialAction\":[{\"@type\":\"CommentAction\",\"name\":\"Comment\",\"target\":[\"https:\\\/\\\/quehacerpolitico.mx\\\/?p=54555#respond\"]}]},{\"@type\":\"WebPage\",\"@id\":\"https:\\\/\\\/quehacerpolitico.mx\\\/?p=54555\",\"url\":\"https:\\\/\\\/quehacerpolitico.mx\\\/?p=54555\",\"name\":\"Por riesgo de fuga, hija de \\\"El Mencho\\\" se quedar\u00e1 en prisi\u00f3n -\",\"isPartOf\":{\"@id\":\"https:\\\/\\\/quehacerpolitico.mx\\\/#website\"},\"primaryImageOfPage\":{\"@id\":\"https:\\\/\\\/quehacerpolitico.mx\\\/?p=54555#primaryimage\"},\"image\":{\"@id\":\"https:\\\/\\\/quehacerpolitico.mx\\\/?p=54555#primaryimage\"},\"thumbnailUrl\":\"\",\"datePublished\":\"2020-03-05T23:12:41+00:00\",\"author\":{\"@id\":\"https:\\\/\\\/quehacerpolitico.mx\\\/#\\\/schema\\\/person\\\/496d8ad2d1d3f8036101dca7ee39e585\"},\"breadcrumb\":{\"@id\":\"https:\\\/\\\/quehacerpolitico.mx\\\/?p=54555#breadcrumb\"},\"inLanguage\":\"es\",\"potentialAction\":[{\"@type\":\"ReadAction\",\"target\":[\"https:\\\/\\\/quehacerpolitico.mx\\\/?p=54555\"]}]},{\"@type\":\"ImageObject\",\"inLanguage\":\"es\",\"@id\":\"https:\\\/\\\/quehacerpolitico.mx\\\/?p=54555#primaryimage\",\"url\":\"\",\"contentUrl\":\"\"},{\"@type\":\"BreadcrumbList\",\"@id\":\"https:\\\/\\\/quehacerpolitico.mx\\\/?p=54555#breadcrumb\",\"itemListElement\":[{\"@type\":\"ListItem\",\"position\":1,\"name\":\"Inicio\",\"item\":\"https:\\\/\\\/quehacerpolitico.mx\\\/\"},{\"@type\":\"ListItem\",\"position\":2,\"name\":\"Por riesgo de fuga, hija de &#8220;El Mencho&#8221; se quedar\u00e1 en prisi\u00f3n\"}]},{\"@type\":\"WebSite\",\"@id\":\"https:\\\/\\\/quehacerpolitico.mx\\\/#website\",\"url\":\"https:\\\/\\\/quehacerpolitico.mx\\\/\",\"name\":\"\",\"description\":\"\",\"potentialAction\":[{\"@type\":\"SearchAction\",\"target\":{\"@type\":\"EntryPoint\",\"urlTemplate\":\"https:\\\/\\\/quehacerpolitico.mx\\\/?s={search_term_string}\"},\"query-input\":{\"@type\":\"PropertyValueSpecification\",\"valueRequired\":true,\"valueName\":\"search_term_string\"}}],\"inLanguage\":\"es\"},{\"@type\":\"Person\",\"@id\":\"https:\\\/\\\/quehacerpolitico.mx\\\/#\\\/schema\\\/person\\\/496d8ad2d1d3f8036101dca7ee39e585\",\"name\":\"Redacci\u00f3n QP\",\"image\":{\"@type\":\"ImageObject\",\"inLanguage\":\"es\",\"@id\":\"https:\\\/\\\/secure.gravatar.com\\\/avatar\\\/c7164ed6fdec453195284ad24a5ae5b6e1eed2b848477fa2a4787ba9adf39a41?s=96&d=mm&r=g\",\"url\":\"https:\\\/\\\/secure.gravatar.com\\\/avatar\\\/c7164ed6fdec453195284ad24a5ae5b6e1eed2b848477fa2a4787ba9adf39a41?s=96&d=mm&r=g\",\"contentUrl\":\"https:\\\/\\\/secure.gravatar.com\\\/avatar\\\/c7164ed6fdec453195284ad24a5ae5b6e1eed2b848477fa2a4787ba9adf39a41?s=96&d=mm&r=g\",\"caption\":\"Redacci\u00f3n QP\"},\"url\":\"https:\\\/\\\/quehacerpolitico.mx\\\/?author=2\"}]}<\/script>\n<!-- \/ Yoast SEO plugin. -->","yoast_head_json":{"title":"Por riesgo de fuga, hija de \"El Mencho\" se quedar\u00e1 en prisi\u00f3n -","robots":{"index":"index","follow":"follow","max-snippet":"max-snippet:-1","max-image-preview":"max-image-preview:large","max-video-preview":"max-video-preview:-1"},"canonical":"https:\/\/quehacerpolitico.mx\/?p=54555","og_locale":"es_MX","og_type":"article","og_title":"Por riesgo de fuga, hija de \"El Mencho\" se quedar\u00e1 en prisi\u00f3n -","og_description":"Por riesgo de fuga, hija de &#8220;El Mencho&#8221; se quedar\u00e1 en prisi\u00f3n Por Redacci\u00f3n QP...","og_url":"https:\/\/quehacerpolitico.mx\/?p=54555","article_published_time":"2020-03-05T23:12:41+00:00","author":"Redacci\u00f3n QP","twitter_card":"summary_large_image","twitter_misc":{"Escrito por":"Redacci\u00f3n QP","Tiempo de lectura":"3 minutos"},"schema":{"@context":"https:\/\/schema.org","@graph":[{"@type":"Article","@id":"https:\/\/quehacerpolitico.mx\/?p=54555#article","isPartOf":{"@id":"https:\/\/quehacerpolitico.mx\/?p=54555"},"author":{"name":"Redacci\u00f3n QP","@id":"https:\/\/quehacerpolitico.mx\/#\/schema\/person\/496d8ad2d1d3f8036101dca7ee39e585"},"headline":"Por riesgo de fuga, hija de &#8220;El Mencho&#8221; se quedar\u00e1 en prisi\u00f3n","datePublished":"2020-03-05T23:12:41+00:00","mainEntityOfPage":{"@id":"https:\/\/quehacerpolitico.mx\/?p=54555"},"wordCount":551,"commentCount":0,"image":{"@id":"https:\/\/quehacerpolitico.mx\/?p=54555#primaryimage"},"thumbnailUrl":"","articleSection":["Noticias"],"inLanguage":"es","potentialAction":[{"@type":"CommentAction","name":"Comment","target":["https:\/\/quehacerpolitico.mx\/?p=54555#respond"]}]},{"@type":"WebPage","@id":"https:\/\/quehacerpolitico.mx\/?p=54555","url":"https:\/\/quehacerpolitico.mx\/?p=54555","name":"Por riesgo de fuga, hija de \"El Mencho\" se quedar\u00e1 en prisi\u00f3n -","isPartOf":{"@id":"https:\/\/quehacerpolitico.mx\/#website"},"primaryImageOfPage":{"@id":"https:\/\/quehacerpolitico.mx\/?p=54555#primaryimage"},"image":{"@id":"https:\/\/quehacerpolitico.mx\/?p=54555#primaryimage"},"thumbnailUrl":"","datePublished":"2020-03-05T23:12:41+00:00","author":{"@id":"https:\/\/quehacerpolitico.mx\/#\/schema\/person\/496d8ad2d1d3f8036101dca7ee39e585"},"breadcrumb":{"@id":"https:\/\/quehacerpolitico.mx\/?p=54555#breadcrumb"},"inLanguage":"es","potentialAction":[{"@type":"ReadAction","target":["https:\/\/quehacerpolitico.mx\/?p=54555"]}]},{"@type":"ImageObject","inLanguage":"es","@id":"https:\/\/quehacerpolitico.mx\/?p=54555#primaryimage","url":"","contentUrl":""},{"@type":"BreadcrumbList","@id":"https:\/\/quehacerpolitico.mx\/?p=54555#breadcrumb","itemListElement":[{"@type":"ListItem","position":1,"name":"Inicio","item":"https:\/\/quehacerpolitico.mx\/"},{"@type":"ListItem","position":2,"name":"Por riesgo de fuga, hija de &#8220;El Mencho&#8221; se quedar\u00e1 en prisi\u00f3n"}]},{"@type":"WebSite","@id":"https:\/\/quehacerpolitico.mx\/#website","url":"https:\/\/quehacerpolitico.mx\/","name":"","description":"","potentialAction":[{"@type":"SearchAction","target":{"@type":"EntryPoint","urlTemplate":"https:\/\/quehacerpolitico.mx\/?s={search_term_string}"},"query-input":{"@type":"PropertyValueSpecification","valueRequired":true,"valueName":"search_term_string"}}],"inLanguage":"es"},{"@type":"Person","@id":"https:\/\/quehacerpolitico.mx\/#\/schema\/person\/496d8ad2d1d3f8036101dca7ee39e585","name":"Redacci\u00f3n QP","image":{"@type":"ImageObject","inLanguage":"es","@id":"https:\/\/secure.gravatar.com\/avatar\/c7164ed6fdec453195284ad24a5ae5b6e1eed2b848477fa2a4787ba9adf39a41?s=96&d=mm&r=g","url":"https:\/\/secure.gravatar.com\/avatar\/c7164ed6fdec453195284ad24a5ae5b6e1eed2b848477fa2a4787ba9adf39a41?s=96&d=mm&r=g","contentUrl":"https:\/\/secure.gravatar.com\/avatar\/c7164ed6fdec453195284ad24a5ae5b6e1eed2b848477fa2a4787ba9adf39a41?s=96&d=mm&r=g","caption":"Redacci\u00f3n QP"},"url":"https:\/\/quehacerpolitico.mx\/?author=2"}]}},"featured_image_urls":{"full":"","thumbnail":"","medium":"","medium_large":"","large":"","1536x1536":"","2048x2048":"","covernews-featured":"","covernews-medium":""},"author_info":{"display_name":"Redacci\u00f3n QP","author_link":"https:\/\/quehacerpolitico.mx\/?author=2"},"category_info":"<a href=\"https:\/\/quehacerpolitico.mx\/?cat=2\" rel=\"category\">Noticias<\/a>","tag_info":"Noticias","comment_count":"0","_links":{"self":[{"href":"https:\/\/quehacerpolitico.mx\/index.php?rest_route=\/wp\/v2\/posts\/54555","targetHints":{"allow":["GET"]}}],"collection":[{"href":"https:\/\/quehacerpolitico.mx\/index.php?rest_route=\/wp\/v2\/posts"}],"about":[{"href":"https:\/\/quehacerpolitico.mx\/index.php?rest_route=\/wp\/v2\/types\/post"}],"author":[{"embeddable":true,"href":"https:\/\/quehacerpolitico.mx\/index.php?rest_route=\/wp\/v2\/users\/2"}],"replies":[{"embeddable":true,"href":"https:\/\/quehacerpolitico.mx\/index.php?rest_route=%2Fwp%2Fv2%2Fcomments&post=54555"}],"version-history":[{"count":0,"href":"https:\/\/quehacerpolitico.mx\/index.php?rest_route=\/wp\/v2\/posts\/54555\/revisions"}],"wp:featuredmedia":[{"embeddable":true,"href":"https:\/\/quehacerpolitico.mx\/index.php?rest_route=\/"}],"wp:attachment":[{"href":"https:\/\/quehacerpolitico.mx\/index.php?rest_route=%2Fwp%2Fv2%2Fmedia&parent=54555"}],"wp:term":[{"taxonomy":"category","embeddable":true,"href":"https:\/\/quehacerpolitico.mx\/index.php?rest_route=%2Fwp%2Fv2%2Fcategories&post=54555"},{"taxonomy":"post_tag","embeddable":true,"href":"https:\/\/quehacerpolitico.mx\/index.php?rest_route=%2Fwp%2Fv2%2Ftags&post=54555"}],"curies":[{"name":"wp","href":"https:\/\/api.w.org\/{rel}","templated":true}]}}