{"id":54275,"date":"2020-03-04T04:38:38","date_gmt":"2020-03-04T04:38:38","guid":{"rendered":"http:\/\/quehacerpolitico.mx\/?p=54275"},"modified":"2020-03-04T04:38:38","modified_gmt":"2020-03-04T04:38:38","slug":"en-la-mira-cuatro-obispos-mexicanos-por-pederastia","status":"publish","type":"post","link":"https:\/\/quehacerpolitico.mx\/?p=54275","title":{"rendered":"En la mira, cuatro obispos mexicanos por pederastia"},"content":{"rendered":"<h1 class=\"news-title\">En la mira, cuatro obispos mexicanos por pederastia<br \/>\nPor Redacci\u00f3n QP<\/h1>\n<p>Franco Coppola, representante del Vaticano en M\u00e9xico, informa que los prelados acumulan denuncias, sobre todo, por encubrir los abusos<\/p>\n<p>El representante del Vaticano\u00a0en M\u00e9xico, Franco Coppola, indic\u00f3 el martes que la nunciatura envi\u00f3 denuncias de cuatro obispos mexicanos a sus superiores para que sean investigados como parte del intento de la Iglesia Cat\u00f3lica para acabar con la pederastia clerical y su encubrimiento.<\/p>\n<p>Coppola no aclar\u00f3 de qu\u00e9 se les acusa, pero indic\u00f3 que <strong>de las decenas de denuncias que han llegado a un correo electr\u00f3nico habilitado recientemente por la nunciatura, la mayor\u00eda son por casos de encubrimiento.<\/strong><\/p>\n<p>La Santa Sede anunci\u00f3 el lunes que dos altos investigadores -Charles Scicluna, arzobispo de Malta y secretario adjunto de la Congregaci\u00f3n para la Doctrina de la Fe, y Jordi Bertomeu- estar\u00e1n en la Ciudad de M\u00e9xico del 20 al 27 de marzo y mantendr\u00e1n reuniones con los obispos mexicanos, los superiores de las \u00f3rdenes religiosas y las v\u00edctimas que quieran hablar con ellos y a quienes garantizan total confidencialidad.<\/p>\n<p>La misi\u00f3n del Vaticano, similar a otra que tuvo los mismos enviados a Chile en 2018, tiene lugar por la &#8220;gravedad&#8221; de la situaci\u00f3n en el pa\u00eds, indic\u00f3 Coppola, y porque M\u00e9xico, al tener una gran presencia de la Iglesia Cat\u00f3lica\u00a0puede convertirse en un modelo, bueno o malo, de c\u00f3mo enfrentar los abusos sexuales.<\/p>\n<p>Asimismo, <strong>reconoci\u00f3 que hay desconfianza y &#8220;miedo&#8221;<\/strong>, pues algunos de los que se han dirigido a \u00e9l no dieron su nombre completo cuando le contactaron, pero confi\u00f3 en que todo aquel que quiera denunciar se anime a hablar.<\/p>\n<p>Las v\u00edctimas mexicanas, sin embargo, se muestran esc\u00e9pticas.<\/p>\n<p>&#8220;Los resultados de esta visita se deben medir exclusivamente a partir de hechos, de informes, porque ya estoy cansada de la simulaci\u00f3n que opera a todos los niveles de la Iglesia&#8221;, dijo a The Associated Press Biani L\u00f3pez-Ant\u00fanez, v\u00edctima de un Legionario de Cristo que era director de una escuela en Canc\u00fan y que abuso sexualmente de ella entre los ocho y los diez a\u00f1os.<\/p>\n<p>M\u00e9xico, el segundo pa\u00eds con m\u00e1s cat\u00f3licos del mundo, ha acumulado desde hace d\u00e9cadas denuncias de abusos sexuales de sacerdotes y de su encubrimiento por parte la de alta jerarqu\u00eda eclesi\u00e1stica. Tambi\u00e9n ha visto c\u00f3mo en el \u00faltimo a\u00f1o nuevas v\u00edctimas, como L\u00f3pez-Ant\u00fanez, han levantado la voz por delitos sufridos hace m\u00e1s de 20 a\u00f1os dejando en evidencia las asignaturas pendientes de la Iglesia, que aunque dice apostar por una pol\u00edtica de &#8220;tolerancia cero&#8221; <strong>sigue sin ofrecer justicia, reparaci\u00f3n integral y garant\u00eda de no repetici\u00f3n.<\/strong><\/p>\n<p>Con informaci\u00f3n de AP<\/p>\n","protected":false},"excerpt":{"rendered":"<p>En la mira, cuatro obispos mexicanos por pederastia Por Redacci\u00f3n QP Franco Coppola, representante del&#8230;<\/p>\n","protected":false},"author":2,"featured_media":54276,"comment_status":"open","ping_status":"open","sticky":false,"template":"","format":"standard","meta":{"_monsterinsights_skip_tracking":false,"_monsterinsights_sitenote_active":false,"_monsterinsights_sitenote_note":"","_monsterinsights_sitenote_category":0,"footnotes":""},"categories":[2],"tags":[],"class_list":["post-54275","post","type-post","status-publish","format-standard","has-post-thumbnail","hentry","category-noticias"],"yoast_head":"<!-- This site is optimized with the Yoast SEO plugin v27.3 - https:\/\/yoast.com\/product\/yoast-seo-wordpress\/ -->\n<title>En la mira, cuatro obispos mexicanos por pederastia -<\/title>\n<meta name=\"robots\" content=\"index, follow, max-snippet:-1, max-image-preview:large, max-video-preview:-1\" \/>\n<link rel=\"canonical\" href=\"https:\/\/quehacerpolitico.mx\/?p=54275\" \/>\n<meta property=\"og:locale\" content=\"es_MX\" \/>\n<meta property=\"og:type\" content=\"article\" \/>\n<meta property=\"og:title\" content=\"En la mira, cuatro obispos mexicanos por pederastia -\" \/>\n<meta property=\"og:description\" content=\"En la mira, cuatro obispos mexicanos por pederastia Por Redacci\u00f3n QP Franco Coppola, representante del...\" \/>\n<meta property=\"og:url\" content=\"https:\/\/quehacerpolitico.mx\/?p=54275\" \/>\n<meta property=\"article:published_time\" content=\"2020-03-04T04:38:38+00:00\" \/>\n<meta name=\"author\" content=\"Redacci\u00f3n QP\" \/>\n<meta name=\"twitter:card\" content=\"summary_large_image\" \/>\n<meta name=\"twitter:label1\" content=\"Escrito por\" \/>\n\t<meta name=\"twitter:data1\" content=\"Redacci\u00f3n QP\" \/>\n\t<meta name=\"twitter:label2\" content=\"Tiempo de lectura\" \/>\n\t<meta name=\"twitter:data2\" content=\"2 minutos\" \/>\n<script type=\"application\/ld+json\" class=\"yoast-schema-graph\">{\"@context\":\"https:\\\/\\\/schema.org\",\"@graph\":[{\"@type\":\"Article\",\"@id\":\"https:\\\/\\\/quehacerpolitico.mx\\\/?p=54275#article\",\"isPartOf\":{\"@id\":\"https:\\\/\\\/quehacerpolitico.mx\\\/?p=54275\"},\"author\":{\"name\":\"Redacci\u00f3n QP\",\"@id\":\"https:\\\/\\\/quehacerpolitico.mx\\\/#\\\/schema\\\/person\\\/496d8ad2d1d3f8036101dca7ee39e585\"},\"headline\":\"En la mira, cuatro obispos mexicanos por pederastia\",\"datePublished\":\"2020-03-04T04:38:38+00:00\",\"mainEntityOfPage\":{\"@id\":\"https:\\\/\\\/quehacerpolitico.mx\\\/?p=54275\"},\"wordCount\":482,\"commentCount\":0,\"image\":{\"@id\":\"https:\\\/\\\/quehacerpolitico.mx\\\/?p=54275#primaryimage\"},\"thumbnailUrl\":\"\",\"articleSection\":[\"Noticias\"],\"inLanguage\":\"es\",\"potentialAction\":[{\"@type\":\"CommentAction\",\"name\":\"Comment\",\"target\":[\"https:\\\/\\\/quehacerpolitico.mx\\\/?p=54275#respond\"]}]},{\"@type\":\"WebPage\",\"@id\":\"https:\\\/\\\/quehacerpolitico.mx\\\/?p=54275\",\"url\":\"https:\\\/\\\/quehacerpolitico.mx\\\/?p=54275\",\"name\":\"En la mira, cuatro obispos mexicanos por pederastia -\",\"isPartOf\":{\"@id\":\"https:\\\/\\\/quehacerpolitico.mx\\\/#website\"},\"primaryImageOfPage\":{\"@id\":\"https:\\\/\\\/quehacerpolitico.mx\\\/?p=54275#primaryimage\"},\"image\":{\"@id\":\"https:\\\/\\\/quehacerpolitico.mx\\\/?p=54275#primaryimage\"},\"thumbnailUrl\":\"\",\"datePublished\":\"2020-03-04T04:38:38+00:00\",\"author\":{\"@id\":\"https:\\\/\\\/quehacerpolitico.mx\\\/#\\\/schema\\\/person\\\/496d8ad2d1d3f8036101dca7ee39e585\"},\"breadcrumb\":{\"@id\":\"https:\\\/\\\/quehacerpolitico.mx\\\/?p=54275#breadcrumb\"},\"inLanguage\":\"es\",\"potentialAction\":[{\"@type\":\"ReadAction\",\"target\":[\"https:\\\/\\\/quehacerpolitico.mx\\\/?p=54275\"]}]},{\"@type\":\"ImageObject\",\"inLanguage\":\"es\",\"@id\":\"https:\\\/\\\/quehacerpolitico.mx\\\/?p=54275#primaryimage\",\"url\":\"\",\"contentUrl\":\"\"},{\"@type\":\"BreadcrumbList\",\"@id\":\"https:\\\/\\\/quehacerpolitico.mx\\\/?p=54275#breadcrumb\",\"itemListElement\":[{\"@type\":\"ListItem\",\"position\":1,\"name\":\"Inicio\",\"item\":\"https:\\\/\\\/quehacerpolitico.mx\\\/\"},{\"@type\":\"ListItem\",\"position\":2,\"name\":\"En la mira, cuatro obispos mexicanos por pederastia\"}]},{\"@type\":\"WebSite\",\"@id\":\"https:\\\/\\\/quehacerpolitico.mx\\\/#website\",\"url\":\"https:\\\/\\\/quehacerpolitico.mx\\\/\",\"name\":\"\",\"description\":\"\",\"potentialAction\":[{\"@type\":\"SearchAction\",\"target\":{\"@type\":\"EntryPoint\",\"urlTemplate\":\"https:\\\/\\\/quehacerpolitico.mx\\\/?s={search_term_string}\"},\"query-input\":{\"@type\":\"PropertyValueSpecification\",\"valueRequired\":true,\"valueName\":\"search_term_string\"}}],\"inLanguage\":\"es\"},{\"@type\":\"Person\",\"@id\":\"https:\\\/\\\/quehacerpolitico.mx\\\/#\\\/schema\\\/person\\\/496d8ad2d1d3f8036101dca7ee39e585\",\"name\":\"Redacci\u00f3n QP\",\"image\":{\"@type\":\"ImageObject\",\"inLanguage\":\"es\",\"@id\":\"https:\\\/\\\/secure.gravatar.com\\\/avatar\\\/c7164ed6fdec453195284ad24a5ae5b6e1eed2b848477fa2a4787ba9adf39a41?s=96&d=mm&r=g\",\"url\":\"https:\\\/\\\/secure.gravatar.com\\\/avatar\\\/c7164ed6fdec453195284ad24a5ae5b6e1eed2b848477fa2a4787ba9adf39a41?s=96&d=mm&r=g\",\"contentUrl\":\"https:\\\/\\\/secure.gravatar.com\\\/avatar\\\/c7164ed6fdec453195284ad24a5ae5b6e1eed2b848477fa2a4787ba9adf39a41?s=96&d=mm&r=g\",\"caption\":\"Redacci\u00f3n QP\"},\"url\":\"https:\\\/\\\/quehacerpolitico.mx\\\/?author=2\"}]}<\/script>\n<!-- \/ Yoast SEO plugin. -->","yoast_head_json":{"title":"En la mira, cuatro obispos mexicanos por pederastia -","robots":{"index":"index","follow":"follow","max-snippet":"max-snippet:-1","max-image-preview":"max-image-preview:large","max-video-preview":"max-video-preview:-1"},"canonical":"https:\/\/quehacerpolitico.mx\/?p=54275","og_locale":"es_MX","og_type":"article","og_title":"En la mira, cuatro obispos mexicanos por pederastia -","og_description":"En la mira, cuatro obispos mexicanos por pederastia Por Redacci\u00f3n QP Franco Coppola, representante del...","og_url":"https:\/\/quehacerpolitico.mx\/?p=54275","article_published_time":"2020-03-04T04:38:38+00:00","author":"Redacci\u00f3n QP","twitter_card":"summary_large_image","twitter_misc":{"Escrito por":"Redacci\u00f3n QP","Tiempo de lectura":"2 minutos"},"schema":{"@context":"https:\/\/schema.org","@graph":[{"@type":"Article","@id":"https:\/\/quehacerpolitico.mx\/?p=54275#article","isPartOf":{"@id":"https:\/\/quehacerpolitico.mx\/?p=54275"},"author":{"name":"Redacci\u00f3n QP","@id":"https:\/\/quehacerpolitico.mx\/#\/schema\/person\/496d8ad2d1d3f8036101dca7ee39e585"},"headline":"En la mira, cuatro obispos mexicanos por pederastia","datePublished":"2020-03-04T04:38:38+00:00","mainEntityOfPage":{"@id":"https:\/\/quehacerpolitico.mx\/?p=54275"},"wordCount":482,"commentCount":0,"image":{"@id":"https:\/\/quehacerpolitico.mx\/?p=54275#primaryimage"},"thumbnailUrl":"","articleSection":["Noticias"],"inLanguage":"es","potentialAction":[{"@type":"CommentAction","name":"Comment","target":["https:\/\/quehacerpolitico.mx\/?p=54275#respond"]}]},{"@type":"WebPage","@id":"https:\/\/quehacerpolitico.mx\/?p=54275","url":"https:\/\/quehacerpolitico.mx\/?p=54275","name":"En la mira, cuatro obispos mexicanos por pederastia -","isPartOf":{"@id":"https:\/\/quehacerpolitico.mx\/#website"},"primaryImageOfPage":{"@id":"https:\/\/quehacerpolitico.mx\/?p=54275#primaryimage"},"image":{"@id":"https:\/\/quehacerpolitico.mx\/?p=54275#primaryimage"},"thumbnailUrl":"","datePublished":"2020-03-04T04:38:38+00:00","author":{"@id":"https:\/\/quehacerpolitico.mx\/#\/schema\/person\/496d8ad2d1d3f8036101dca7ee39e585"},"breadcrumb":{"@id":"https:\/\/quehacerpolitico.mx\/?p=54275#breadcrumb"},"inLanguage":"es","potentialAction":[{"@type":"ReadAction","target":["https:\/\/quehacerpolitico.mx\/?p=54275"]}]},{"@type":"ImageObject","inLanguage":"es","@id":"https:\/\/quehacerpolitico.mx\/?p=54275#primaryimage","url":"","contentUrl":""},{"@type":"BreadcrumbList","@id":"https:\/\/quehacerpolitico.mx\/?p=54275#breadcrumb","itemListElement":[{"@type":"ListItem","position":1,"name":"Inicio","item":"https:\/\/quehacerpolitico.mx\/"},{"@type":"ListItem","position":2,"name":"En la mira, cuatro obispos mexicanos por pederastia"}]},{"@type":"WebSite","@id":"https:\/\/quehacerpolitico.mx\/#website","url":"https:\/\/quehacerpolitico.mx\/","name":"","description":"","potentialAction":[{"@type":"SearchAction","target":{"@type":"EntryPoint","urlTemplate":"https:\/\/quehacerpolitico.mx\/?s={search_term_string}"},"query-input":{"@type":"PropertyValueSpecification","valueRequired":true,"valueName":"search_term_string"}}],"inLanguage":"es"},{"@type":"Person","@id":"https:\/\/quehacerpolitico.mx\/#\/schema\/person\/496d8ad2d1d3f8036101dca7ee39e585","name":"Redacci\u00f3n QP","image":{"@type":"ImageObject","inLanguage":"es","@id":"https:\/\/secure.gravatar.com\/avatar\/c7164ed6fdec453195284ad24a5ae5b6e1eed2b848477fa2a4787ba9adf39a41?s=96&d=mm&r=g","url":"https:\/\/secure.gravatar.com\/avatar\/c7164ed6fdec453195284ad24a5ae5b6e1eed2b848477fa2a4787ba9adf39a41?s=96&d=mm&r=g","contentUrl":"https:\/\/secure.gravatar.com\/avatar\/c7164ed6fdec453195284ad24a5ae5b6e1eed2b848477fa2a4787ba9adf39a41?s=96&d=mm&r=g","caption":"Redacci\u00f3n QP"},"url":"https:\/\/quehacerpolitico.mx\/?author=2"}]}},"featured_image_urls":{"full":"","thumbnail":"","medium":"","medium_large":"","large":"","1536x1536":"","2048x2048":"","covernews-featured":"","covernews-medium":""},"author_info":{"display_name":"Redacci\u00f3n QP","author_link":"https:\/\/quehacerpolitico.mx\/?author=2"},"category_info":"<a href=\"https:\/\/quehacerpolitico.mx\/?cat=2\" rel=\"category\">Noticias<\/a>","tag_info":"Noticias","comment_count":"0","_links":{"self":[{"href":"https:\/\/quehacerpolitico.mx\/index.php?rest_route=\/wp\/v2\/posts\/54275","targetHints":{"allow":["GET"]}}],"collection":[{"href":"https:\/\/quehacerpolitico.mx\/index.php?rest_route=\/wp\/v2\/posts"}],"about":[{"href":"https:\/\/quehacerpolitico.mx\/index.php?rest_route=\/wp\/v2\/types\/post"}],"author":[{"embeddable":true,"href":"https:\/\/quehacerpolitico.mx\/index.php?rest_route=\/wp\/v2\/users\/2"}],"replies":[{"embeddable":true,"href":"https:\/\/quehacerpolitico.mx\/index.php?rest_route=%2Fwp%2Fv2%2Fcomments&post=54275"}],"version-history":[{"count":0,"href":"https:\/\/quehacerpolitico.mx\/index.php?rest_route=\/wp\/v2\/posts\/54275\/revisions"}],"wp:featuredmedia":[{"embeddable":true,"href":"https:\/\/quehacerpolitico.mx\/index.php?rest_route=\/"}],"wp:attachment":[{"href":"https:\/\/quehacerpolitico.mx\/index.php?rest_route=%2Fwp%2Fv2%2Fmedia&parent=54275"}],"wp:term":[{"taxonomy":"category","embeddable":true,"href":"https:\/\/quehacerpolitico.mx\/index.php?rest_route=%2Fwp%2Fv2%2Fcategories&post=54275"},{"taxonomy":"post_tag","embeddable":true,"href":"https:\/\/quehacerpolitico.mx\/index.php?rest_route=%2Fwp%2Fv2%2Ftags&post=54275"}],"curies":[{"name":"wp","href":"https:\/\/api.w.org\/{rel}","templated":true}]}}