{"id":54272,"date":"2020-03-04T04:27:29","date_gmt":"2020-03-04T04:27:29","guid":{"rendered":"http:\/\/quehacerpolitico.mx\/?p=54272"},"modified":"2020-03-04T04:27:29","modified_gmt":"2020-03-04T04:27:29","slug":"morena-pide-a-dif-capitalino-apoyar-a-hijos-de-presuntos-homicidas-de-fatima","status":"publish","type":"post","link":"https:\/\/quehacerpolitico.mx\/?p=54272","title":{"rendered":"Morena pide a DIF capitalino apoyar a hijos de presuntos homicidas de F\u00e1tima"},"content":{"rendered":"<h1 class=\"news-title\">Morena pide a DIF capitalino apoyar a hijos de presuntos homicidas de F\u00e1tima<br \/>\nPor Redacci\u00f3n QP<\/h1>\n<p>La pareja conformada por Giovana &#8220;N&#8221; y Mario &#8220;N&#8221;, se\u00f1alados\u00a0como responsables de diversos delitos cometidos contra la ni\u00f1a F\u00e1tima,\u00a0procrearon tres hijos: 2 ni\u00f1as de 3 y 5 a\u00f1os y un ni\u00f1o de 7<\/p>\n<p>El grupo parlamentario de Morena en la C\u00e1mara de Diputados present\u00f3 un punto de acuerdo para que el Sistema para el Desarrollo Integral de la Familia de la Ciudad de M\u00e9xico y a la Procuradur\u00eda de Protecci\u00f3n de Derechos de Ni\u00f1as, Ni\u00f1os y Adolescentes de la Ciudad de M\u00e9xico <strong>le den asesor\u00eda, vigilancia y respeto a los derechos humanos de los hijos de los presuntos feminicidas de la ni\u00f1a F\u00e1tima.<\/strong><\/p>\n<p>A trav\u00e9s de la diputada Nelly Minerva Carrasco, se busca el apoyo para que\u00a0los hijos de Giovana &#8220;N&#8221; y Mario &#8220;N&#8221; sean protegidos despu\u00e9s de que fueron detenidos y se encuentran recluidos en distintos penales de la capital del pa\u00eds por el presunto secuestro y asesinato de F\u00e1tima.<\/p>\n<div id=\"teads_ad\">\n<div id=\"div-gpt-ad-1548262875188-0\" data-google-query-id=\"CNvW28P8_-cCFRSVAQodtB0NQw\">\n<div id=\"google_ads_iframe_\/1001694\/INF_intext_1_0__container__\">&#8220;Se exhorta al Sistema para el Desarrollo Integral de la Familia de la Ciudad de M\u00e9xico y a la Procuradur\u00eda de Protecci\u00f3n de Derechos de Ni\u00f1as, Ni\u00f1os y Adolescentes de la Ciudad de M\u00e9xico, para que, en el \u00e1mbito de sus facultades, se avoquen a la asesor\u00eda y vigilancia sobre bienestar y respeto de los derechos humanos y del inter\u00e9s superior de las ni\u00f1as y el ni\u00f1o hijos de la pareja de Giovana &#8216;N&#8217; y Mario &#8216;N&#8217;, se\u00f1alados como probables responsables de diversos delitos; sin detrimento de los procedimientos legales determinar\u00e1n en su momento, respecto su custodia y patria potestad&#8221;, explic\u00f3 en su documento presentado en la Gaceta Parlamentaria de este martes.<\/div>\n<\/div>\n<\/div>\n<div class=\"banner b2\">\n<div id=\"div-gpt-ad-1505954097040-2\" data-google-query-id=\"CLuW4cP8_-cCFRSVAQodtB0NQw\">\n<p>La legisladora de Morena tambi\u00e9n exhorta a las mismas autoridades para que <strong>promuevan la inclusi\u00f3n de ni\u00f1as, ni\u00f1os a programas locales y federales para que accedan al sano desarrollo, f\u00edsico, emocional, cultural y educativo.<\/strong><\/p>\n<p>&#8220;Se exhorta a las mismas autoridades, a fin de que por su conducto se promueva la inclusi\u00f3n de las ni\u00f1as y el ni\u00f1o en los programas locales y federales de apoyo para procurar su acceso al sano desarrollo, f\u00edsico, emocional, cultural y educativo&#8221;, explic\u00f3.<\/p>\n<div class=\"banner\">\n<div id=\"div-gpt-ad-1556909760762-0\" data-google-query-id=\"CLyX4cP8_-cCFRSVAQodtB0NQw\">\n<p>En su documento, recuerda que el pasado 12 de febrero del 2020, se present\u00f3 denuncia por la desaparici\u00f3n, de la ni\u00f1a F\u00e1tima &#8220;N&#8221;, un d\u00eda antes; misma que se hizo p\u00fablica por diversos medios de comunicaci\u00f3n.<\/p>\n<p>El d\u00eda 15 del mismo mes y a\u00f1o, se informaba sobre el lamentable hallazgo del cuerpo sin vida de la menor, ya el d\u00eda 17, el tema de la desaparici\u00f3n y sus consecuencias, era &#8220;trending topic&#8221; en redes sociales.<\/p>\n<p>El 20 de febrero del 2020, en la colonia la Palma, del paraje conocido como Tlazala, del Municipio Isidro Fabela, Estado de M\u00e9xico, fueron detenidos Giovana \u201cN\u201d.<\/p>\n<p>&#8220;Respecto a los lamentables hechos, relacionados con el terrible y cruel asesinato cometido contra la ni\u00f1a F\u00e1tima, que por supuesto, la suscrita condena y exige un debido procedimiento e irrestricta aplicaci\u00f3n de la ley, se hacen las siguientes observaciones: La detenci\u00f3n de los probables autores materiales, se realiz\u00f3 en la localidad de La Palma en Tlazala, pertenecientes al municipio de Isidro Fabela, que se encuentra dentro del Distrito Electoral 4 Federal, por el que la suscrita fue electa&#8221;.<\/p>\n<p><strong>Se ha reportado oficialmente que, en la pareja se\u00f1alada como autores materiales,\u00a0procrearon tres hijos: 2 ni\u00f1as de 3 y 5 a\u00f1os y un ni\u00f1o de 7, mismos a los que llevaron y mantuvieron con ellos durante su escape y ocultamiento<\/strong>; con independencia de los procedimientos de cualquier \u00edndole que se instauren contra los responsables, deben respetarse y prevalecer los derechos humanos, as\u00ed como el inter\u00e9s superior de las ni\u00f1as y ni\u00f1o, descendientes de la pareja en comento.<\/p>\n<p>Por eso, &#8220;es procedente exhortar al Sistema para el Desarrollo Integral de la Familia de la Ciudad de M\u00e9xico (DIF) y a la Procuradur\u00eda de Protecci\u00f3n de Derechos de Ni\u00f1as, Ni\u00f1os y Adolescentes, de donde son originarios, para que se avoque a la supervisi\u00f3n y vigilancia sobre bienestar y respeto de los derechos de las ni\u00f1as y el ni\u00f1o referidos y en su caso, orientaci\u00f3n a quien en derecho corresponda; en el entendido de que las autoridades y procedimientos legales determinar\u00e1n en su momento, respecto su custodia y patria potestad.<\/p>\n<p>Con informaci\u00f3n de SUN<\/p>\n<\/div>\n<\/div>\n<\/div>\n<\/div>\n","protected":false},"excerpt":{"rendered":"<p>Morena pide a DIF capitalino apoyar a hijos de presuntos homicidas de F\u00e1tima Por Redacci\u00f3n&#8230;<\/p>\n","protected":false},"author":2,"featured_media":54273,"comment_status":"open","ping_status":"open","sticky":false,"template":"","format":"standard","meta":{"_monsterinsights_skip_tracking":false,"_monsterinsights_sitenote_active":false,"_monsterinsights_sitenote_note":"","_monsterinsights_sitenote_category":0,"footnotes":""},"categories":[2],"tags":[],"class_list":["post-54272","post","type-post","status-publish","format-standard","has-post-thumbnail","hentry","category-noticias"],"yoast_head":"<!-- This site is optimized with the Yoast SEO plugin v27.3 - https:\/\/yoast.com\/product\/yoast-seo-wordpress\/ -->\n<title>Morena pide a DIF capitalino apoyar a hijos de presuntos homicidas de F\u00e1tima -<\/title>\n<meta name=\"robots\" content=\"index, follow, max-snippet:-1, max-image-preview:large, max-video-preview:-1\" \/>\n<link rel=\"canonical\" href=\"https:\/\/quehacerpolitico.mx\/?p=54272\" \/>\n<meta property=\"og:locale\" content=\"es_MX\" \/>\n<meta property=\"og:type\" content=\"article\" \/>\n<meta property=\"og:title\" content=\"Morena pide a DIF capitalino apoyar a hijos de presuntos homicidas de F\u00e1tima -\" \/>\n<meta property=\"og:description\" content=\"Morena pide a DIF capitalino apoyar a hijos de presuntos homicidas de F\u00e1tima Por Redacci\u00f3n...\" \/>\n<meta property=\"og:url\" content=\"https:\/\/quehacerpolitico.mx\/?p=54272\" \/>\n<meta property=\"article:published_time\" content=\"2020-03-04T04:27:29+00:00\" \/>\n<meta name=\"author\" content=\"Redacci\u00f3n QP\" \/>\n<meta name=\"twitter:card\" content=\"summary_large_image\" \/>\n<meta name=\"twitter:label1\" content=\"Escrito por\" \/>\n\t<meta name=\"twitter:data1\" content=\"Redacci\u00f3n QP\" \/>\n\t<meta name=\"twitter:label2\" content=\"Tiempo de lectura\" \/>\n\t<meta name=\"twitter:data2\" content=\"4 minutos\" \/>\n<script type=\"application\/ld+json\" class=\"yoast-schema-graph\">{\"@context\":\"https:\\\/\\\/schema.org\",\"@graph\":[{\"@type\":\"Article\",\"@id\":\"https:\\\/\\\/quehacerpolitico.mx\\\/?p=54272#article\",\"isPartOf\":{\"@id\":\"https:\\\/\\\/quehacerpolitico.mx\\\/?p=54272\"},\"author\":{\"name\":\"Redacci\u00f3n QP\",\"@id\":\"https:\\\/\\\/quehacerpolitico.mx\\\/#\\\/schema\\\/person\\\/496d8ad2d1d3f8036101dca7ee39e585\"},\"headline\":\"Morena pide a DIF capitalino apoyar a hijos de presuntos homicidas de F\u00e1tima\",\"datePublished\":\"2020-03-04T04:27:29+00:00\",\"mainEntityOfPage\":{\"@id\":\"https:\\\/\\\/quehacerpolitico.mx\\\/?p=54272\"},\"wordCount\":787,\"commentCount\":0,\"image\":{\"@id\":\"https:\\\/\\\/quehacerpolitico.mx\\\/?p=54272#primaryimage\"},\"thumbnailUrl\":\"\",\"articleSection\":[\"Noticias\"],\"inLanguage\":\"es\",\"potentialAction\":[{\"@type\":\"CommentAction\",\"name\":\"Comment\",\"target\":[\"https:\\\/\\\/quehacerpolitico.mx\\\/?p=54272#respond\"]}]},{\"@type\":\"WebPage\",\"@id\":\"https:\\\/\\\/quehacerpolitico.mx\\\/?p=54272\",\"url\":\"https:\\\/\\\/quehacerpolitico.mx\\\/?p=54272\",\"name\":\"Morena pide a DIF capitalino apoyar a hijos de presuntos homicidas de F\u00e1tima -\",\"isPartOf\":{\"@id\":\"https:\\\/\\\/quehacerpolitico.mx\\\/#website\"},\"primaryImageOfPage\":{\"@id\":\"https:\\\/\\\/quehacerpolitico.mx\\\/?p=54272#primaryimage\"},\"image\":{\"@id\":\"https:\\\/\\\/quehacerpolitico.mx\\\/?p=54272#primaryimage\"},\"thumbnailUrl\":\"\",\"datePublished\":\"2020-03-04T04:27:29+00:00\",\"author\":{\"@id\":\"https:\\\/\\\/quehacerpolitico.mx\\\/#\\\/schema\\\/person\\\/496d8ad2d1d3f8036101dca7ee39e585\"},\"breadcrumb\":{\"@id\":\"https:\\\/\\\/quehacerpolitico.mx\\\/?p=54272#breadcrumb\"},\"inLanguage\":\"es\",\"potentialAction\":[{\"@type\":\"ReadAction\",\"target\":[\"https:\\\/\\\/quehacerpolitico.mx\\\/?p=54272\"]}]},{\"@type\":\"ImageObject\",\"inLanguage\":\"es\",\"@id\":\"https:\\\/\\\/quehacerpolitico.mx\\\/?p=54272#primaryimage\",\"url\":\"\",\"contentUrl\":\"\"},{\"@type\":\"BreadcrumbList\",\"@id\":\"https:\\\/\\\/quehacerpolitico.mx\\\/?p=54272#breadcrumb\",\"itemListElement\":[{\"@type\":\"ListItem\",\"position\":1,\"name\":\"Inicio\",\"item\":\"https:\\\/\\\/quehacerpolitico.mx\\\/\"},{\"@type\":\"ListItem\",\"position\":2,\"name\":\"Morena pide a DIF capitalino apoyar a hijos de presuntos homicidas de F\u00e1tima\"}]},{\"@type\":\"WebSite\",\"@id\":\"https:\\\/\\\/quehacerpolitico.mx\\\/#website\",\"url\":\"https:\\\/\\\/quehacerpolitico.mx\\\/\",\"name\":\"\",\"description\":\"\",\"potentialAction\":[{\"@type\":\"SearchAction\",\"target\":{\"@type\":\"EntryPoint\",\"urlTemplate\":\"https:\\\/\\\/quehacerpolitico.mx\\\/?s={search_term_string}\"},\"query-input\":{\"@type\":\"PropertyValueSpecification\",\"valueRequired\":true,\"valueName\":\"search_term_string\"}}],\"inLanguage\":\"es\"},{\"@type\":\"Person\",\"@id\":\"https:\\\/\\\/quehacerpolitico.mx\\\/#\\\/schema\\\/person\\\/496d8ad2d1d3f8036101dca7ee39e585\",\"name\":\"Redacci\u00f3n QP\",\"image\":{\"@type\":\"ImageObject\",\"inLanguage\":\"es\",\"@id\":\"https:\\\/\\\/secure.gravatar.com\\\/avatar\\\/c7164ed6fdec453195284ad24a5ae5b6e1eed2b848477fa2a4787ba9adf39a41?s=96&d=mm&r=g\",\"url\":\"https:\\\/\\\/secure.gravatar.com\\\/avatar\\\/c7164ed6fdec453195284ad24a5ae5b6e1eed2b848477fa2a4787ba9adf39a41?s=96&d=mm&r=g\",\"contentUrl\":\"https:\\\/\\\/secure.gravatar.com\\\/avatar\\\/c7164ed6fdec453195284ad24a5ae5b6e1eed2b848477fa2a4787ba9adf39a41?s=96&d=mm&r=g\",\"caption\":\"Redacci\u00f3n QP\"},\"url\":\"https:\\\/\\\/quehacerpolitico.mx\\\/?author=2\"}]}<\/script>\n<!-- \/ Yoast SEO plugin. -->","yoast_head_json":{"title":"Morena pide a DIF capitalino apoyar a hijos de presuntos homicidas de F\u00e1tima -","robots":{"index":"index","follow":"follow","max-snippet":"max-snippet:-1","max-image-preview":"max-image-preview:large","max-video-preview":"max-video-preview:-1"},"canonical":"https:\/\/quehacerpolitico.mx\/?p=54272","og_locale":"es_MX","og_type":"article","og_title":"Morena pide a DIF capitalino apoyar a hijos de presuntos homicidas de F\u00e1tima -","og_description":"Morena pide a DIF capitalino apoyar a hijos de presuntos homicidas de F\u00e1tima Por Redacci\u00f3n...","og_url":"https:\/\/quehacerpolitico.mx\/?p=54272","article_published_time":"2020-03-04T04:27:29+00:00","author":"Redacci\u00f3n QP","twitter_card":"summary_large_image","twitter_misc":{"Escrito por":"Redacci\u00f3n QP","Tiempo de lectura":"4 minutos"},"schema":{"@context":"https:\/\/schema.org","@graph":[{"@type":"Article","@id":"https:\/\/quehacerpolitico.mx\/?p=54272#article","isPartOf":{"@id":"https:\/\/quehacerpolitico.mx\/?p=54272"},"author":{"name":"Redacci\u00f3n QP","@id":"https:\/\/quehacerpolitico.mx\/#\/schema\/person\/496d8ad2d1d3f8036101dca7ee39e585"},"headline":"Morena pide a DIF capitalino apoyar a hijos de presuntos homicidas de F\u00e1tima","datePublished":"2020-03-04T04:27:29+00:00","mainEntityOfPage":{"@id":"https:\/\/quehacerpolitico.mx\/?p=54272"},"wordCount":787,"commentCount":0,"image":{"@id":"https:\/\/quehacerpolitico.mx\/?p=54272#primaryimage"},"thumbnailUrl":"","articleSection":["Noticias"],"inLanguage":"es","potentialAction":[{"@type":"CommentAction","name":"Comment","target":["https:\/\/quehacerpolitico.mx\/?p=54272#respond"]}]},{"@type":"WebPage","@id":"https:\/\/quehacerpolitico.mx\/?p=54272","url":"https:\/\/quehacerpolitico.mx\/?p=54272","name":"Morena pide a DIF capitalino apoyar a hijos de presuntos homicidas de F\u00e1tima -","isPartOf":{"@id":"https:\/\/quehacerpolitico.mx\/#website"},"primaryImageOfPage":{"@id":"https:\/\/quehacerpolitico.mx\/?p=54272#primaryimage"},"image":{"@id":"https:\/\/quehacerpolitico.mx\/?p=54272#primaryimage"},"thumbnailUrl":"","datePublished":"2020-03-04T04:27:29+00:00","author":{"@id":"https:\/\/quehacerpolitico.mx\/#\/schema\/person\/496d8ad2d1d3f8036101dca7ee39e585"},"breadcrumb":{"@id":"https:\/\/quehacerpolitico.mx\/?p=54272#breadcrumb"},"inLanguage":"es","potentialAction":[{"@type":"ReadAction","target":["https:\/\/quehacerpolitico.mx\/?p=54272"]}]},{"@type":"ImageObject","inLanguage":"es","@id":"https:\/\/quehacerpolitico.mx\/?p=54272#primaryimage","url":"","contentUrl":""},{"@type":"BreadcrumbList","@id":"https:\/\/quehacerpolitico.mx\/?p=54272#breadcrumb","itemListElement":[{"@type":"ListItem","position":1,"name":"Inicio","item":"https:\/\/quehacerpolitico.mx\/"},{"@type":"ListItem","position":2,"name":"Morena pide a DIF capitalino apoyar a hijos de presuntos homicidas de F\u00e1tima"}]},{"@type":"WebSite","@id":"https:\/\/quehacerpolitico.mx\/#website","url":"https:\/\/quehacerpolitico.mx\/","name":"","description":"","potentialAction":[{"@type":"SearchAction","target":{"@type":"EntryPoint","urlTemplate":"https:\/\/quehacerpolitico.mx\/?s={search_term_string}"},"query-input":{"@type":"PropertyValueSpecification","valueRequired":true,"valueName":"search_term_string"}}],"inLanguage":"es"},{"@type":"Person","@id":"https:\/\/quehacerpolitico.mx\/#\/schema\/person\/496d8ad2d1d3f8036101dca7ee39e585","name":"Redacci\u00f3n QP","image":{"@type":"ImageObject","inLanguage":"es","@id":"https:\/\/secure.gravatar.com\/avatar\/c7164ed6fdec453195284ad24a5ae5b6e1eed2b848477fa2a4787ba9adf39a41?s=96&d=mm&r=g","url":"https:\/\/secure.gravatar.com\/avatar\/c7164ed6fdec453195284ad24a5ae5b6e1eed2b848477fa2a4787ba9adf39a41?s=96&d=mm&r=g","contentUrl":"https:\/\/secure.gravatar.com\/avatar\/c7164ed6fdec453195284ad24a5ae5b6e1eed2b848477fa2a4787ba9adf39a41?s=96&d=mm&r=g","caption":"Redacci\u00f3n QP"},"url":"https:\/\/quehacerpolitico.mx\/?author=2"}]}},"featured_image_urls":{"full":"","thumbnail":"","medium":"","medium_large":"","large":"","1536x1536":"","2048x2048":"","covernews-featured":"","covernews-medium":""},"author_info":{"display_name":"Redacci\u00f3n QP","author_link":"https:\/\/quehacerpolitico.mx\/?author=2"},"category_info":"<a href=\"https:\/\/quehacerpolitico.mx\/?cat=2\" rel=\"category\">Noticias<\/a>","tag_info":"Noticias","comment_count":"0","_links":{"self":[{"href":"https:\/\/quehacerpolitico.mx\/index.php?rest_route=\/wp\/v2\/posts\/54272","targetHints":{"allow":["GET"]}}],"collection":[{"href":"https:\/\/quehacerpolitico.mx\/index.php?rest_route=\/wp\/v2\/posts"}],"about":[{"href":"https:\/\/quehacerpolitico.mx\/index.php?rest_route=\/wp\/v2\/types\/post"}],"author":[{"embeddable":true,"href":"https:\/\/quehacerpolitico.mx\/index.php?rest_route=\/wp\/v2\/users\/2"}],"replies":[{"embeddable":true,"href":"https:\/\/quehacerpolitico.mx\/index.php?rest_route=%2Fwp%2Fv2%2Fcomments&post=54272"}],"version-history":[{"count":0,"href":"https:\/\/quehacerpolitico.mx\/index.php?rest_route=\/wp\/v2\/posts\/54272\/revisions"}],"wp:featuredmedia":[{"embeddable":true,"href":"https:\/\/quehacerpolitico.mx\/index.php?rest_route=\/"}],"wp:attachment":[{"href":"https:\/\/quehacerpolitico.mx\/index.php?rest_route=%2Fwp%2Fv2%2Fmedia&parent=54272"}],"wp:term":[{"taxonomy":"category","embeddable":true,"href":"https:\/\/quehacerpolitico.mx\/index.php?rest_route=%2Fwp%2Fv2%2Fcategories&post=54272"},{"taxonomy":"post_tag","embeddable":true,"href":"https:\/\/quehacerpolitico.mx\/index.php?rest_route=%2Fwp%2Fv2%2Ftags&post=54272"}],"curies":[{"name":"wp","href":"https:\/\/api.w.org\/{rel}","templated":true}]}}