{"id":54130,"date":"2020-03-03T03:27:42","date_gmt":"2020-03-03T03:27:42","guid":{"rendered":"http:\/\/quehacerpolitico.mx\/?p=54130"},"modified":"2020-03-03T03:27:42","modified_gmt":"2020-03-03T03:27:42","slug":"reportan-dos-casos-sospechosos-de-coronavirus-en-yucatan","status":"publish","type":"post","link":"https:\/\/quehacerpolitico.mx\/?p=54130","title":{"rendered":"Reportan dos casos sospechosos de coronavirus en Yucat\u00e1n"},"content":{"rendered":"<h1 class=\"news-title\">Reportan dos casos sospechosos de coronavirus en Yucat\u00e1n<br \/>\nPor Redacci\u00f3n QP<\/h1>\n<p>Aunque son dos casos que a\u00fan no est\u00e1n confirmados, presentan algunos s\u00edntomas asociados al virus<\/p>\n<p>Los Servicios de Salud en Yucat\u00e1n revelaron que hay dos casos sospechosos de coronavirus (COVID-19). Aunque son dos casos que a\u00fan no est\u00e1n confirmados, presentan algunos s\u00edntomas asociados al virus.<\/p>\n<p>La Secretar\u00eda de Salud de Yucat\u00e1n (SSY), siguiendo la instrucci\u00f3n del gobernador Mauricio Vila de salvaguardar la salud de la poblaci\u00f3n <strong>aplicando oportunamente los protocolos sanitarios y mantenerla puntualmente informada<\/strong>, dio a conocer en un comunicado.<\/p>\n<p>Ante ello, <strong>el titular del ramo de la Secretar\u00eda de Salud en Yucat\u00e1n, Mauricio Sauri Vivas, informo que se les han brindado las medidas establecidas en los protocolos para atender la salud<\/strong>, as\u00ed como las adecuadas medidas de aislamiento que contribuyan a evitar contagios, y romper los mecanismos de transmisi\u00f3n.<\/p>\n<p>De igual manera, <strong>siguiendo la normatividad, se trabaja en coordinaci\u00f3n con el Laboratorio Estatal de Salud P\u00fablica (LESP) para aplicaci\u00f3n de an\u00e1lisis para descartar o confirmar esa enfermedad.<\/strong><\/p>\n<p>En cuanto a los pacientes, ambos cuentan con antecedente de viaje, uno de ellos a Jap\u00f3n y el otro a Italia.<\/p>\n<p><strong>Los dos pacientes presentan sintomatolog\u00edaleve y est\u00e1n aislados en sus domicilios en apego a las medidas protocolarias<\/strong>, con el monitoreo y seguimiento epidemiol\u00f3gico correspondiente.<\/p>\n<p>Se informa tambi\u00e9n que en cuanto se tengan los resultados de los an\u00e1lisis de ambos pacientes que descarten o confirmen si se trata o no de Coronavirus COVID-19, se informar\u00e1, concluye el comunicado.<\/p>\n<div>\n<div class=\"ckeditor-em\">\n<div id=\"ig-b6d6dde8-8971-baf3-c0c2-d5061de205ad\" class=\"infogram-embed\" data-id=\"8bb18f67-d790-43a5-9526-6dcd0489af94\" data-title=\"C\u00f3mo protegerse\" data-type=\"interactive\" data-processed=\"1\"><iframe title=\"C\u00f3mo protegerse\" src=\"https:\/\/e.infogram.com\/8bb18f67-d790-43a5-9526-6dcd0489af94?parent_url=https%3A%2F%2Fwww.informador.mx%2Fmexico%2FReportan-dos-casos-sospechosos-de-coronavirus-en-Yucatan-20200302-0103.html&amp;src=embed#async_embed\" frameborder=\"0\" scrolling=\"no\" allowfullscreen=\"allowfullscreen\" data-mce-fragment=\"1\"><\/iframe><\/div>\n<div><a href=\"https:\/\/infogram.com\/8bb18f67-d790-43a5-9526-6dcd0489af94\" target=\"_blank\" rel=\"noopener\">C\u00f3mo protegerse<\/a><br \/>\n<a href=\"https:\/\/infogram.com\/\" target=\"_blank\" rel=\"nofollow noopener\">Infogram<\/a><\/div>\n<\/div>\n<\/div>\n<p>Con Informaci\u00f3n de SUN<\/p>\n","protected":false},"excerpt":{"rendered":"<p>Reportan dos casos sospechosos de coronavirus en Yucat\u00e1n Por Redacci\u00f3n QP Aunque son dos casos&#8230;<\/p>\n","protected":false},"author":2,"featured_media":54131,"comment_status":"open","ping_status":"open","sticky":false,"template":"","format":"standard","meta":{"_monsterinsights_skip_tracking":false,"_monsterinsights_sitenote_active":false,"_monsterinsights_sitenote_note":"","_monsterinsights_sitenote_category":0,"footnotes":""},"categories":[2],"tags":[],"class_list":["post-54130","post","type-post","status-publish","format-standard","has-post-thumbnail","hentry","category-noticias"],"yoast_head":"<!-- This site is optimized with the Yoast SEO plugin v27.3 - https:\/\/yoast.com\/product\/yoast-seo-wordpress\/ -->\n<title>Reportan dos casos sospechosos de coronavirus en Yucat\u00e1n -<\/title>\n<meta name=\"robots\" content=\"index, follow, max-snippet:-1, max-image-preview:large, max-video-preview:-1\" \/>\n<link rel=\"canonical\" href=\"https:\/\/quehacerpolitico.mx\/?p=54130\" \/>\n<meta property=\"og:locale\" content=\"es_MX\" \/>\n<meta property=\"og:type\" content=\"article\" \/>\n<meta property=\"og:title\" content=\"Reportan dos casos sospechosos de coronavirus en Yucat\u00e1n -\" \/>\n<meta property=\"og:description\" content=\"Reportan dos casos sospechosos de coronavirus en Yucat\u00e1n Por Redacci\u00f3n QP Aunque son dos casos...\" \/>\n<meta property=\"og:url\" content=\"https:\/\/quehacerpolitico.mx\/?p=54130\" \/>\n<meta property=\"article:published_time\" content=\"2020-03-03T03:27:42+00:00\" \/>\n<meta name=\"author\" content=\"Redacci\u00f3n QP\" \/>\n<meta name=\"twitter:card\" content=\"summary_large_image\" \/>\n<meta name=\"twitter:label1\" content=\"Escrito por\" \/>\n\t<meta name=\"twitter:data1\" content=\"Redacci\u00f3n QP\" \/>\n\t<meta name=\"twitter:label2\" content=\"Tiempo de lectura\" \/>\n\t<meta name=\"twitter:data2\" content=\"1 minuto\" \/>\n<script type=\"application\/ld+json\" class=\"yoast-schema-graph\">{\"@context\":\"https:\\\/\\\/schema.org\",\"@graph\":[{\"@type\":\"Article\",\"@id\":\"https:\\\/\\\/quehacerpolitico.mx\\\/?p=54130#article\",\"isPartOf\":{\"@id\":\"https:\\\/\\\/quehacerpolitico.mx\\\/?p=54130\"},\"author\":{\"name\":\"Redacci\u00f3n QP\",\"@id\":\"https:\\\/\\\/quehacerpolitico.mx\\\/#\\\/schema\\\/person\\\/496d8ad2d1d3f8036101dca7ee39e585\"},\"headline\":\"Reportan dos casos sospechosos de coronavirus en Yucat\u00e1n\",\"datePublished\":\"2020-03-03T03:27:42+00:00\",\"mainEntityOfPage\":{\"@id\":\"https:\\\/\\\/quehacerpolitico.mx\\\/?p=54130\"},\"wordCount\":292,\"commentCount\":0,\"image\":{\"@id\":\"https:\\\/\\\/quehacerpolitico.mx\\\/?p=54130#primaryimage\"},\"thumbnailUrl\":\"\",\"articleSection\":[\"Noticias\"],\"inLanguage\":\"es\",\"potentialAction\":[{\"@type\":\"CommentAction\",\"name\":\"Comment\",\"target\":[\"https:\\\/\\\/quehacerpolitico.mx\\\/?p=54130#respond\"]}]},{\"@type\":\"WebPage\",\"@id\":\"https:\\\/\\\/quehacerpolitico.mx\\\/?p=54130\",\"url\":\"https:\\\/\\\/quehacerpolitico.mx\\\/?p=54130\",\"name\":\"Reportan dos casos sospechosos de coronavirus en Yucat\u00e1n -\",\"isPartOf\":{\"@id\":\"https:\\\/\\\/quehacerpolitico.mx\\\/#website\"},\"primaryImageOfPage\":{\"@id\":\"https:\\\/\\\/quehacerpolitico.mx\\\/?p=54130#primaryimage\"},\"image\":{\"@id\":\"https:\\\/\\\/quehacerpolitico.mx\\\/?p=54130#primaryimage\"},\"thumbnailUrl\":\"\",\"datePublished\":\"2020-03-03T03:27:42+00:00\",\"author\":{\"@id\":\"https:\\\/\\\/quehacerpolitico.mx\\\/#\\\/schema\\\/person\\\/496d8ad2d1d3f8036101dca7ee39e585\"},\"breadcrumb\":{\"@id\":\"https:\\\/\\\/quehacerpolitico.mx\\\/?p=54130#breadcrumb\"},\"inLanguage\":\"es\",\"potentialAction\":[{\"@type\":\"ReadAction\",\"target\":[\"https:\\\/\\\/quehacerpolitico.mx\\\/?p=54130\"]}]},{\"@type\":\"ImageObject\",\"inLanguage\":\"es\",\"@id\":\"https:\\\/\\\/quehacerpolitico.mx\\\/?p=54130#primaryimage\",\"url\":\"\",\"contentUrl\":\"\"},{\"@type\":\"BreadcrumbList\",\"@id\":\"https:\\\/\\\/quehacerpolitico.mx\\\/?p=54130#breadcrumb\",\"itemListElement\":[{\"@type\":\"ListItem\",\"position\":1,\"name\":\"Inicio\",\"item\":\"https:\\\/\\\/quehacerpolitico.mx\\\/\"},{\"@type\":\"ListItem\",\"position\":2,\"name\":\"Reportan dos casos sospechosos de coronavirus en Yucat\u00e1n\"}]},{\"@type\":\"WebSite\",\"@id\":\"https:\\\/\\\/quehacerpolitico.mx\\\/#website\",\"url\":\"https:\\\/\\\/quehacerpolitico.mx\\\/\",\"name\":\"\",\"description\":\"\",\"potentialAction\":[{\"@type\":\"SearchAction\",\"target\":{\"@type\":\"EntryPoint\",\"urlTemplate\":\"https:\\\/\\\/quehacerpolitico.mx\\\/?s={search_term_string}\"},\"query-input\":{\"@type\":\"PropertyValueSpecification\",\"valueRequired\":true,\"valueName\":\"search_term_string\"}}],\"inLanguage\":\"es\"},{\"@type\":\"Person\",\"@id\":\"https:\\\/\\\/quehacerpolitico.mx\\\/#\\\/schema\\\/person\\\/496d8ad2d1d3f8036101dca7ee39e585\",\"name\":\"Redacci\u00f3n QP\",\"image\":{\"@type\":\"ImageObject\",\"inLanguage\":\"es\",\"@id\":\"https:\\\/\\\/secure.gravatar.com\\\/avatar\\\/c7164ed6fdec453195284ad24a5ae5b6e1eed2b848477fa2a4787ba9adf39a41?s=96&d=mm&r=g\",\"url\":\"https:\\\/\\\/secure.gravatar.com\\\/avatar\\\/c7164ed6fdec453195284ad24a5ae5b6e1eed2b848477fa2a4787ba9adf39a41?s=96&d=mm&r=g\",\"contentUrl\":\"https:\\\/\\\/secure.gravatar.com\\\/avatar\\\/c7164ed6fdec453195284ad24a5ae5b6e1eed2b848477fa2a4787ba9adf39a41?s=96&d=mm&r=g\",\"caption\":\"Redacci\u00f3n QP\"},\"url\":\"https:\\\/\\\/quehacerpolitico.mx\\\/?author=2\"}]}<\/script>\n<!-- \/ Yoast SEO plugin. -->","yoast_head_json":{"title":"Reportan dos casos sospechosos de coronavirus en Yucat\u00e1n -","robots":{"index":"index","follow":"follow","max-snippet":"max-snippet:-1","max-image-preview":"max-image-preview:large","max-video-preview":"max-video-preview:-1"},"canonical":"https:\/\/quehacerpolitico.mx\/?p=54130","og_locale":"es_MX","og_type":"article","og_title":"Reportan dos casos sospechosos de coronavirus en Yucat\u00e1n -","og_description":"Reportan dos casos sospechosos de coronavirus en Yucat\u00e1n Por Redacci\u00f3n QP Aunque son dos casos...","og_url":"https:\/\/quehacerpolitico.mx\/?p=54130","article_published_time":"2020-03-03T03:27:42+00:00","author":"Redacci\u00f3n QP","twitter_card":"summary_large_image","twitter_misc":{"Escrito por":"Redacci\u00f3n QP","Tiempo de lectura":"1 minuto"},"schema":{"@context":"https:\/\/schema.org","@graph":[{"@type":"Article","@id":"https:\/\/quehacerpolitico.mx\/?p=54130#article","isPartOf":{"@id":"https:\/\/quehacerpolitico.mx\/?p=54130"},"author":{"name":"Redacci\u00f3n QP","@id":"https:\/\/quehacerpolitico.mx\/#\/schema\/person\/496d8ad2d1d3f8036101dca7ee39e585"},"headline":"Reportan dos casos sospechosos de coronavirus en Yucat\u00e1n","datePublished":"2020-03-03T03:27:42+00:00","mainEntityOfPage":{"@id":"https:\/\/quehacerpolitico.mx\/?p=54130"},"wordCount":292,"commentCount":0,"image":{"@id":"https:\/\/quehacerpolitico.mx\/?p=54130#primaryimage"},"thumbnailUrl":"","articleSection":["Noticias"],"inLanguage":"es","potentialAction":[{"@type":"CommentAction","name":"Comment","target":["https:\/\/quehacerpolitico.mx\/?p=54130#respond"]}]},{"@type":"WebPage","@id":"https:\/\/quehacerpolitico.mx\/?p=54130","url":"https:\/\/quehacerpolitico.mx\/?p=54130","name":"Reportan dos casos sospechosos de coronavirus en Yucat\u00e1n -","isPartOf":{"@id":"https:\/\/quehacerpolitico.mx\/#website"},"primaryImageOfPage":{"@id":"https:\/\/quehacerpolitico.mx\/?p=54130#primaryimage"},"image":{"@id":"https:\/\/quehacerpolitico.mx\/?p=54130#primaryimage"},"thumbnailUrl":"","datePublished":"2020-03-03T03:27:42+00:00","author":{"@id":"https:\/\/quehacerpolitico.mx\/#\/schema\/person\/496d8ad2d1d3f8036101dca7ee39e585"},"breadcrumb":{"@id":"https:\/\/quehacerpolitico.mx\/?p=54130#breadcrumb"},"inLanguage":"es","potentialAction":[{"@type":"ReadAction","target":["https:\/\/quehacerpolitico.mx\/?p=54130"]}]},{"@type":"ImageObject","inLanguage":"es","@id":"https:\/\/quehacerpolitico.mx\/?p=54130#primaryimage","url":"","contentUrl":""},{"@type":"BreadcrumbList","@id":"https:\/\/quehacerpolitico.mx\/?p=54130#breadcrumb","itemListElement":[{"@type":"ListItem","position":1,"name":"Inicio","item":"https:\/\/quehacerpolitico.mx\/"},{"@type":"ListItem","position":2,"name":"Reportan dos casos sospechosos de coronavirus en Yucat\u00e1n"}]},{"@type":"WebSite","@id":"https:\/\/quehacerpolitico.mx\/#website","url":"https:\/\/quehacerpolitico.mx\/","name":"","description":"","potentialAction":[{"@type":"SearchAction","target":{"@type":"EntryPoint","urlTemplate":"https:\/\/quehacerpolitico.mx\/?s={search_term_string}"},"query-input":{"@type":"PropertyValueSpecification","valueRequired":true,"valueName":"search_term_string"}}],"inLanguage":"es"},{"@type":"Person","@id":"https:\/\/quehacerpolitico.mx\/#\/schema\/person\/496d8ad2d1d3f8036101dca7ee39e585","name":"Redacci\u00f3n QP","image":{"@type":"ImageObject","inLanguage":"es","@id":"https:\/\/secure.gravatar.com\/avatar\/c7164ed6fdec453195284ad24a5ae5b6e1eed2b848477fa2a4787ba9adf39a41?s=96&d=mm&r=g","url":"https:\/\/secure.gravatar.com\/avatar\/c7164ed6fdec453195284ad24a5ae5b6e1eed2b848477fa2a4787ba9adf39a41?s=96&d=mm&r=g","contentUrl":"https:\/\/secure.gravatar.com\/avatar\/c7164ed6fdec453195284ad24a5ae5b6e1eed2b848477fa2a4787ba9adf39a41?s=96&d=mm&r=g","caption":"Redacci\u00f3n QP"},"url":"https:\/\/quehacerpolitico.mx\/?author=2"}]}},"featured_image_urls":{"full":"","thumbnail":"","medium":"","medium_large":"","large":"","1536x1536":"","2048x2048":"","covernews-featured":"","covernews-medium":""},"author_info":{"display_name":"Redacci\u00f3n QP","author_link":"https:\/\/quehacerpolitico.mx\/?author=2"},"category_info":"<a href=\"https:\/\/quehacerpolitico.mx\/?cat=2\" rel=\"category\">Noticias<\/a>","tag_info":"Noticias","comment_count":"0","_links":{"self":[{"href":"https:\/\/quehacerpolitico.mx\/index.php?rest_route=\/wp\/v2\/posts\/54130","targetHints":{"allow":["GET"]}}],"collection":[{"href":"https:\/\/quehacerpolitico.mx\/index.php?rest_route=\/wp\/v2\/posts"}],"about":[{"href":"https:\/\/quehacerpolitico.mx\/index.php?rest_route=\/wp\/v2\/types\/post"}],"author":[{"embeddable":true,"href":"https:\/\/quehacerpolitico.mx\/index.php?rest_route=\/wp\/v2\/users\/2"}],"replies":[{"embeddable":true,"href":"https:\/\/quehacerpolitico.mx\/index.php?rest_route=%2Fwp%2Fv2%2Fcomments&post=54130"}],"version-history":[{"count":0,"href":"https:\/\/quehacerpolitico.mx\/index.php?rest_route=\/wp\/v2\/posts\/54130\/revisions"}],"wp:featuredmedia":[{"embeddable":true,"href":"https:\/\/quehacerpolitico.mx\/index.php?rest_route=\/"}],"wp:attachment":[{"href":"https:\/\/quehacerpolitico.mx\/index.php?rest_route=%2Fwp%2Fv2%2Fmedia&parent=54130"}],"wp:term":[{"taxonomy":"category","embeddable":true,"href":"https:\/\/quehacerpolitico.mx\/index.php?rest_route=%2Fwp%2Fv2%2Fcategories&post=54130"},{"taxonomy":"post_tag","embeddable":true,"href":"https:\/\/quehacerpolitico.mx\/index.php?rest_route=%2Fwp%2Fv2%2Ftags&post=54130"}],"curies":[{"name":"wp","href":"https:\/\/api.w.org\/{rel}","templated":true}]}}