{"id":54071,"date":"2020-03-02T01:50:46","date_gmt":"2020-03-02T01:50:46","guid":{"rendered":"http:\/\/quehacerpolitico.mx\/?p=54071"},"modified":"2020-03-02T01:50:46","modified_gmt":"2020-03-02T01:50:46","slug":"internacionales-carolina-alonso-romei-italia-prolonga-cierres-por-coronavirus-en-zona-roja","status":"publish","type":"post","link":"https:\/\/quehacerpolitico.mx\/?p=54071","title":{"rendered":"Internacionales\/\/\/Carolina Alonso Romei\/\/\/Italia prolonga cierres por coronavirus en &#8220;zona roja&#8221;"},"content":{"rendered":"<h1 class=\"news-title\">Italia prolonga cierres por coronavirus en &#8220;zona roja&#8221;<br \/>\nPor Carolina Alonso Romei<\/h1>\n<p>Internacionalista<\/p>\n<p>Al menos hasta el 8 de marzo permanecer\u00e1n\u00a0cerrados comercios, museos y escuelas en 11\u00a0municipios<\/p>\n<p><strong>El Gobierno italiano ha firmado un nuevo decreto por el que prorroga <\/strong>al menos hasta el 8 de marzo, <strong>el cierre de comercios, museos y escuelas en los 11 municipios m\u00e1s afectados<\/strong>por el coronavirus, en las regiones de Lombard\u00eda y V\u00e9neto, considerados &#8220;zona roja&#8221;.<\/p>\n<p>El Ejecutivo italiano ha dividido al pa\u00eds en tres zonas: la roja, la m\u00e1s castigada y que comprende estos 11 municipios; la amarilla, que incluye el resto de localidades de Lombard\u00eda, V\u00e9neto y Emilia Roma\u00f1a, tres regiones que son las que m\u00e1s casos acumulan y finalmente el resto del territorio nacional para el que se han dispuesto otras medidas.<\/p>\n<p>El Ejecutivo <strong>mantiene aislada la &#8220;zona roja&#8221;, en la que viven unas 50 mil personas<\/strong>, donde se proh\u00edbe el acceso o la salida, se mantienen suspendidos eventos de cualquier tipo, las escuelas seguir\u00e1n cerradas, igual que los museos, institutos culturales y comercios.<\/p>\n<p>Las oficinas p\u00fablicas y las dem\u00e1s empresas mantendr\u00e1n interrumpida su habitual actividad, excepto aquellas que desarrollen una labor esencial y estrictamente necesaria, y el servicio de transportes no funcionar\u00e1 por el momento.<\/p>\n<p>En la zona amarilla, sin embargo, se mantienen cancelados los eventos deportivos y el resto de competiciones que aglutinen a masa de gente, pero se permite que estas se celebren a puerta cerrada.<\/p>\n<p>La apertura de lugares de culto estar\u00e1 condicionada a la adopci\u00f3n de medidas de prevenci\u00f3n para evitar aglomeraciones y los museos podr\u00e1n abrir, siempre que garanticen que el n\u00famero de personas que accede ser\u00e1 limitado y dentro de unas cuotas.<\/p>\n<p>Las escuelas estar\u00e1n cerradas; los bares y restaurantes podr\u00e1n abrir siempre que sus clientes respeten entre ellos la distancia de un metro, y habr\u00e1 una limitaci\u00f3n para el acceso de familiares y visitantes a los hospitales.<\/p>\n<p>En el resto del pa\u00eds se exigir\u00e1 que los edificios de la administraci\u00f3n p\u00fablica y el resto de locales abiertos al p\u00fablico dispongan de soluciones desinfectantes para la higiene de las manos; los alcaldes promover\u00e1n la difusi\u00f3n de informaci\u00f3n en locales comerciales y las empresas de transporte p\u00fablico adoptar\u00e1n iniciativas extraordinarias para prevenir la propagaci\u00f3n del covid-19.<\/p>\n<p>Las medidas estar\u00e1n vigentes al menos hasta el 8 de marzo.<\/p>\n<p>Seg\u00fan el \u00faltimo balance oficial de Protecci\u00f3n Civil, Italia registra ya un total de<strong> mil 694 contagios,<\/strong> entre los que se contabilizan <strong>mil 577 pacientes<\/strong> que actualmente padecen el virus, 34 que han fallecido y 83 personas que se han curado.<\/p>\n<p>Del n\u00famero total de enfermos, la mitad est\u00e1 en aislamiento domiciliario, porque o no tienen s\u00edntomas o son muy leves; mientras que el 41% est\u00e1n hospitalizados y solo 140 enfermos est\u00e1n recibiendo cuidados intensivos, el equivalente al 9 % a los pacientes totales, inform\u00f3 este domingo el jefe de Protecci\u00f3n Civil, Angelo Borrelli.<\/p>\n<div>\n<div class=\"ckeditor-em\">\n<div id=\"ig-fe9ec757-ca97-fcb7-c4ff-17e34d941ec9\" class=\"infogram-embed\" data-id=\"8bb18f67-d790-43a5-9526-6dcd0489af94\" data-title=\"Coronavirus: C\u00f3mo protegerse\" data-type=\"interactive\" data-processed=\"1\"><iframe title=\"Coronavirus: C\u00f3mo protegerse\" src=\"https:\/\/e.infogram.com\/8bb18f67-d790-43a5-9526-6dcd0489af94?parent_url=https%3A%2F%2Fwww.informador.mx%2Finternacional%2FItalia-prolonga-cierres-por-coronavirus-en-zona-roja--20200301-0067.html&amp;src=embed#async_embed\" frameborder=\"0\" scrolling=\"no\" allowfullscreen=\"allowfullscreen\" data-mce-fragment=\"1\"><\/iframe><\/div>\n<div><a href=\"https:\/\/infogram.com\/8bb18f67-d790-43a5-9526-6dcd0489af94\" target=\"_blank\" rel=\"noopener\">Coronavirus: C\u00f3mo protegerse<\/a><br \/>\n<a href=\"https:\/\/infogram.com\/\" target=\"_blank\" rel=\"nofollow noopener\">Infogram<\/a><\/div>\n<\/div>\n<\/div>\n<p>Con Informaci\u00f3n de EFE<\/p>\n","protected":false},"excerpt":{"rendered":"<p>Italia prolonga cierres por coronavirus en &#8220;zona roja&#8221; Por Carolina Alonso Romei Internacionalista Al menos&#8230;<\/p>\n","protected":false},"author":2,"featured_media":54072,"comment_status":"open","ping_status":"open","sticky":false,"template":"","format":"standard","meta":{"_monsterinsights_skip_tracking":false,"_monsterinsights_sitenote_active":false,"_monsterinsights_sitenote_note":"","_monsterinsights_sitenote_category":0,"footnotes":""},"categories":[1],"tags":[],"class_list":["post-54071","post","type-post","status-publish","format-standard","has-post-thumbnail","hentry","category-sin-categoria"],"yoast_head":"<!-- This site is optimized with the Yoast SEO plugin v27.3 - https:\/\/yoast.com\/product\/yoast-seo-wordpress\/ -->\n<title>Internacionales\/\/\/Carolina Alonso Romei\/\/\/Italia prolonga cierres por coronavirus en &quot;zona roja&quot; -<\/title>\n<meta name=\"robots\" content=\"index, follow, max-snippet:-1, max-image-preview:large, max-video-preview:-1\" \/>\n<link rel=\"canonical\" href=\"https:\/\/quehacerpolitico.mx\/?p=54071\" \/>\n<meta property=\"og:locale\" content=\"es_MX\" \/>\n<meta property=\"og:type\" content=\"article\" \/>\n<meta property=\"og:title\" content=\"Internacionales\/\/\/Carolina Alonso Romei\/\/\/Italia prolonga cierres por coronavirus en &quot;zona roja&quot; -\" \/>\n<meta property=\"og:description\" content=\"Italia prolonga cierres por coronavirus en &#8220;zona roja&#8221; Por Carolina Alonso Romei Internacionalista Al menos...\" \/>\n<meta property=\"og:url\" content=\"https:\/\/quehacerpolitico.mx\/?p=54071\" \/>\n<meta property=\"article:published_time\" content=\"2020-03-02T01:50:46+00:00\" \/>\n<meta name=\"author\" content=\"Redacci\u00f3n QP\" \/>\n<meta name=\"twitter:card\" content=\"summary_large_image\" \/>\n<meta name=\"twitter:label1\" content=\"Escrito por\" \/>\n\t<meta name=\"twitter:data1\" content=\"Redacci\u00f3n QP\" \/>\n\t<meta name=\"twitter:label2\" content=\"Tiempo de lectura\" \/>\n\t<meta name=\"twitter:data2\" content=\"3 minutos\" \/>\n<script type=\"application\/ld+json\" class=\"yoast-schema-graph\">{\"@context\":\"https:\\\/\\\/schema.org\",\"@graph\":[{\"@type\":\"Article\",\"@id\":\"https:\\\/\\\/quehacerpolitico.mx\\\/?p=54071#article\",\"isPartOf\":{\"@id\":\"https:\\\/\\\/quehacerpolitico.mx\\\/?p=54071\"},\"author\":{\"name\":\"Redacci\u00f3n QP\",\"@id\":\"https:\\\/\\\/quehacerpolitico.mx\\\/#\\\/schema\\\/person\\\/496d8ad2d1d3f8036101dca7ee39e585\"},\"headline\":\"Internacionales\\\/\\\/\\\/Carolina Alonso Romei\\\/\\\/\\\/Italia prolonga cierres por coronavirus en &#8220;zona roja&#8221;\",\"datePublished\":\"2020-03-02T01:50:46+00:00\",\"mainEntityOfPage\":{\"@id\":\"https:\\\/\\\/quehacerpolitico.mx\\\/?p=54071\"},\"wordCount\":524,\"commentCount\":0,\"image\":{\"@id\":\"https:\\\/\\\/quehacerpolitico.mx\\\/?p=54071#primaryimage\"},\"thumbnailUrl\":\"\",\"articleSection\":[\"Internacionales\"],\"inLanguage\":\"es\",\"potentialAction\":[{\"@type\":\"CommentAction\",\"name\":\"Comment\",\"target\":[\"https:\\\/\\\/quehacerpolitico.mx\\\/?p=54071#respond\"]}]},{\"@type\":\"WebPage\",\"@id\":\"https:\\\/\\\/quehacerpolitico.mx\\\/?p=54071\",\"url\":\"https:\\\/\\\/quehacerpolitico.mx\\\/?p=54071\",\"name\":\"Internacionales\\\/\\\/\\\/Carolina Alonso Romei\\\/\\\/\\\/Italia prolonga cierres por coronavirus en \\\"zona roja\\\" -\",\"isPartOf\":{\"@id\":\"https:\\\/\\\/quehacerpolitico.mx\\\/#website\"},\"primaryImageOfPage\":{\"@id\":\"https:\\\/\\\/quehacerpolitico.mx\\\/?p=54071#primaryimage\"},\"image\":{\"@id\":\"https:\\\/\\\/quehacerpolitico.mx\\\/?p=54071#primaryimage\"},\"thumbnailUrl\":\"\",\"datePublished\":\"2020-03-02T01:50:46+00:00\",\"author\":{\"@id\":\"https:\\\/\\\/quehacerpolitico.mx\\\/#\\\/schema\\\/person\\\/496d8ad2d1d3f8036101dca7ee39e585\"},\"breadcrumb\":{\"@id\":\"https:\\\/\\\/quehacerpolitico.mx\\\/?p=54071#breadcrumb\"},\"inLanguage\":\"es\",\"potentialAction\":[{\"@type\":\"ReadAction\",\"target\":[\"https:\\\/\\\/quehacerpolitico.mx\\\/?p=54071\"]}]},{\"@type\":\"ImageObject\",\"inLanguage\":\"es\",\"@id\":\"https:\\\/\\\/quehacerpolitico.mx\\\/?p=54071#primaryimage\",\"url\":\"\",\"contentUrl\":\"\"},{\"@type\":\"BreadcrumbList\",\"@id\":\"https:\\\/\\\/quehacerpolitico.mx\\\/?p=54071#breadcrumb\",\"itemListElement\":[{\"@type\":\"ListItem\",\"position\":1,\"name\":\"Inicio\",\"item\":\"https:\\\/\\\/quehacerpolitico.mx\\\/\"},{\"@type\":\"ListItem\",\"position\":2,\"name\":\"Internacionales\\\/\\\/\\\/Carolina Alonso Romei\\\/\\\/\\\/Italia prolonga cierres por coronavirus en &#8220;zona roja&#8221;\"}]},{\"@type\":\"WebSite\",\"@id\":\"https:\\\/\\\/quehacerpolitico.mx\\\/#website\",\"url\":\"https:\\\/\\\/quehacerpolitico.mx\\\/\",\"name\":\"\",\"description\":\"\",\"potentialAction\":[{\"@type\":\"SearchAction\",\"target\":{\"@type\":\"EntryPoint\",\"urlTemplate\":\"https:\\\/\\\/quehacerpolitico.mx\\\/?s={search_term_string}\"},\"query-input\":{\"@type\":\"PropertyValueSpecification\",\"valueRequired\":true,\"valueName\":\"search_term_string\"}}],\"inLanguage\":\"es\"},{\"@type\":\"Person\",\"@id\":\"https:\\\/\\\/quehacerpolitico.mx\\\/#\\\/schema\\\/person\\\/496d8ad2d1d3f8036101dca7ee39e585\",\"name\":\"Redacci\u00f3n QP\",\"image\":{\"@type\":\"ImageObject\",\"inLanguage\":\"es\",\"@id\":\"https:\\\/\\\/secure.gravatar.com\\\/avatar\\\/c7164ed6fdec453195284ad24a5ae5b6e1eed2b848477fa2a4787ba9adf39a41?s=96&d=mm&r=g\",\"url\":\"https:\\\/\\\/secure.gravatar.com\\\/avatar\\\/c7164ed6fdec453195284ad24a5ae5b6e1eed2b848477fa2a4787ba9adf39a41?s=96&d=mm&r=g\",\"contentUrl\":\"https:\\\/\\\/secure.gravatar.com\\\/avatar\\\/c7164ed6fdec453195284ad24a5ae5b6e1eed2b848477fa2a4787ba9adf39a41?s=96&d=mm&r=g\",\"caption\":\"Redacci\u00f3n QP\"},\"url\":\"https:\\\/\\\/quehacerpolitico.mx\\\/?author=2\"}]}<\/script>\n<!-- \/ Yoast SEO plugin. -->","yoast_head_json":{"title":"Internacionales\/\/\/Carolina Alonso Romei\/\/\/Italia prolonga cierres por coronavirus en \"zona roja\" -","robots":{"index":"index","follow":"follow","max-snippet":"max-snippet:-1","max-image-preview":"max-image-preview:large","max-video-preview":"max-video-preview:-1"},"canonical":"https:\/\/quehacerpolitico.mx\/?p=54071","og_locale":"es_MX","og_type":"article","og_title":"Internacionales\/\/\/Carolina Alonso Romei\/\/\/Italia prolonga cierres por coronavirus en \"zona roja\" -","og_description":"Italia prolonga cierres por coronavirus en &#8220;zona roja&#8221; Por Carolina Alonso Romei Internacionalista Al menos...","og_url":"https:\/\/quehacerpolitico.mx\/?p=54071","article_published_time":"2020-03-02T01:50:46+00:00","author":"Redacci\u00f3n QP","twitter_card":"summary_large_image","twitter_misc":{"Escrito por":"Redacci\u00f3n QP","Tiempo de lectura":"3 minutos"},"schema":{"@context":"https:\/\/schema.org","@graph":[{"@type":"Article","@id":"https:\/\/quehacerpolitico.mx\/?p=54071#article","isPartOf":{"@id":"https:\/\/quehacerpolitico.mx\/?p=54071"},"author":{"name":"Redacci\u00f3n QP","@id":"https:\/\/quehacerpolitico.mx\/#\/schema\/person\/496d8ad2d1d3f8036101dca7ee39e585"},"headline":"Internacionales\/\/\/Carolina Alonso Romei\/\/\/Italia prolonga cierres por coronavirus en &#8220;zona roja&#8221;","datePublished":"2020-03-02T01:50:46+00:00","mainEntityOfPage":{"@id":"https:\/\/quehacerpolitico.mx\/?p=54071"},"wordCount":524,"commentCount":0,"image":{"@id":"https:\/\/quehacerpolitico.mx\/?p=54071#primaryimage"},"thumbnailUrl":"","articleSection":["Internacionales"],"inLanguage":"es","potentialAction":[{"@type":"CommentAction","name":"Comment","target":["https:\/\/quehacerpolitico.mx\/?p=54071#respond"]}]},{"@type":"WebPage","@id":"https:\/\/quehacerpolitico.mx\/?p=54071","url":"https:\/\/quehacerpolitico.mx\/?p=54071","name":"Internacionales\/\/\/Carolina Alonso Romei\/\/\/Italia prolonga cierres por coronavirus en \"zona roja\" -","isPartOf":{"@id":"https:\/\/quehacerpolitico.mx\/#website"},"primaryImageOfPage":{"@id":"https:\/\/quehacerpolitico.mx\/?p=54071#primaryimage"},"image":{"@id":"https:\/\/quehacerpolitico.mx\/?p=54071#primaryimage"},"thumbnailUrl":"","datePublished":"2020-03-02T01:50:46+00:00","author":{"@id":"https:\/\/quehacerpolitico.mx\/#\/schema\/person\/496d8ad2d1d3f8036101dca7ee39e585"},"breadcrumb":{"@id":"https:\/\/quehacerpolitico.mx\/?p=54071#breadcrumb"},"inLanguage":"es","potentialAction":[{"@type":"ReadAction","target":["https:\/\/quehacerpolitico.mx\/?p=54071"]}]},{"@type":"ImageObject","inLanguage":"es","@id":"https:\/\/quehacerpolitico.mx\/?p=54071#primaryimage","url":"","contentUrl":""},{"@type":"BreadcrumbList","@id":"https:\/\/quehacerpolitico.mx\/?p=54071#breadcrumb","itemListElement":[{"@type":"ListItem","position":1,"name":"Inicio","item":"https:\/\/quehacerpolitico.mx\/"},{"@type":"ListItem","position":2,"name":"Internacionales\/\/\/Carolina Alonso Romei\/\/\/Italia prolonga cierres por coronavirus en &#8220;zona roja&#8221;"}]},{"@type":"WebSite","@id":"https:\/\/quehacerpolitico.mx\/#website","url":"https:\/\/quehacerpolitico.mx\/","name":"","description":"","potentialAction":[{"@type":"SearchAction","target":{"@type":"EntryPoint","urlTemplate":"https:\/\/quehacerpolitico.mx\/?s={search_term_string}"},"query-input":{"@type":"PropertyValueSpecification","valueRequired":true,"valueName":"search_term_string"}}],"inLanguage":"es"},{"@type":"Person","@id":"https:\/\/quehacerpolitico.mx\/#\/schema\/person\/496d8ad2d1d3f8036101dca7ee39e585","name":"Redacci\u00f3n QP","image":{"@type":"ImageObject","inLanguage":"es","@id":"https:\/\/secure.gravatar.com\/avatar\/c7164ed6fdec453195284ad24a5ae5b6e1eed2b848477fa2a4787ba9adf39a41?s=96&d=mm&r=g","url":"https:\/\/secure.gravatar.com\/avatar\/c7164ed6fdec453195284ad24a5ae5b6e1eed2b848477fa2a4787ba9adf39a41?s=96&d=mm&r=g","contentUrl":"https:\/\/secure.gravatar.com\/avatar\/c7164ed6fdec453195284ad24a5ae5b6e1eed2b848477fa2a4787ba9adf39a41?s=96&d=mm&r=g","caption":"Redacci\u00f3n QP"},"url":"https:\/\/quehacerpolitico.mx\/?author=2"}]}},"featured_image_urls":{"full":"","thumbnail":"","medium":"","medium_large":"","large":"","1536x1536":"","2048x2048":"","covernews-featured":"","covernews-medium":""},"author_info":{"display_name":"Redacci\u00f3n QP","author_link":"https:\/\/quehacerpolitico.mx\/?author=2"},"category_info":"<a href=\"https:\/\/quehacerpolitico.mx\/?cat=1\" rel=\"category\">Internacionales<\/a>","tag_info":"Internacionales","comment_count":"0","_links":{"self":[{"href":"https:\/\/quehacerpolitico.mx\/index.php?rest_route=\/wp\/v2\/posts\/54071","targetHints":{"allow":["GET"]}}],"collection":[{"href":"https:\/\/quehacerpolitico.mx\/index.php?rest_route=\/wp\/v2\/posts"}],"about":[{"href":"https:\/\/quehacerpolitico.mx\/index.php?rest_route=\/wp\/v2\/types\/post"}],"author":[{"embeddable":true,"href":"https:\/\/quehacerpolitico.mx\/index.php?rest_route=\/wp\/v2\/users\/2"}],"replies":[{"embeddable":true,"href":"https:\/\/quehacerpolitico.mx\/index.php?rest_route=%2Fwp%2Fv2%2Fcomments&post=54071"}],"version-history":[{"count":0,"href":"https:\/\/quehacerpolitico.mx\/index.php?rest_route=\/wp\/v2\/posts\/54071\/revisions"}],"wp:featuredmedia":[{"embeddable":true,"href":"https:\/\/quehacerpolitico.mx\/index.php?rest_route=\/"}],"wp:attachment":[{"href":"https:\/\/quehacerpolitico.mx\/index.php?rest_route=%2Fwp%2Fv2%2Fmedia&parent=54071"}],"wp:term":[{"taxonomy":"category","embeddable":true,"href":"https:\/\/quehacerpolitico.mx\/index.php?rest_route=%2Fwp%2Fv2%2Fcategories&post=54071"},{"taxonomy":"post_tag","embeddable":true,"href":"https:\/\/quehacerpolitico.mx\/index.php?rest_route=%2Fwp%2Fv2%2Ftags&post=54071"}],"curies":[{"name":"wp","href":"https:\/\/api.w.org\/{rel}","templated":true}]}}