{"id":54052,"date":"2020-03-02T00:45:47","date_gmt":"2020-03-02T00:45:47","guid":{"rendered":"http:\/\/quehacerpolitico.mx\/?p=54052"},"modified":"2020-03-02T00:45:47","modified_gmt":"2020-03-02T00:45:47","slug":"confirman-primer-caso-de-coronavirus-en-chiapas","status":"publish","type":"post","link":"https:\/\/quehacerpolitico.mx\/?p=54052","title":{"rendered":"Confirman primer caso de coronavirus en Chiapas"},"content":{"rendered":"<h1 class=\"news-title\">Confirman primer caso de coronavirus en Chiapas<br \/>\nPor Redacci\u00f3n QP<\/h1>\n<p>Mexicana\u00a0contagiada estudiaba en Mil\u00e1n, Italia, informa\u00a0Secretar\u00eda de Salud estatal<\/p>\n<p><strong>La Secretar\u00eda de Salud del Chiapas confirm\u00f3 el primer caso<\/strong> de coronavirus en la entidad.<\/p>\n<p>La contagiada es una <strong>mujer de 18 a\u00f1os que regres\u00f3 a Tuxtla Guti\u00e9rrez desde Mil\u00e1n, Italia<\/strong>, donde estaba estudiando, inform\u00f3 Jos\u00e9 Manuel Cruz Castellanos, secretario de Salud estatal.<\/p>\n<p>En rueda de prensa, detall\u00f3 que ayer se realiz\u00f3 una prueba en el laboratorio estatal de salud p\u00fablica, la cual dio positiva y fue canalizada al Instituto Nacional de Enfermedades Respiratorias (INER), en Ciudad de M\u00e9xico.\u00a0 &#8220;Mandamos a confirmar anoche, y hoy nos confirman la positividad en el INER&#8221;, enfatiz\u00f3 Cruz Castellanos.<\/p>\n<p>El funcionario estatal refiri\u00f3 que la adolescente comenz\u00f3 con los s\u00edntomas el pasado martes 25 de febrero. &#8220;Pudimos detectar este caso justo en la fase que no nos va a producir mayor problema, porque ayer nos dimos a la tarea de investigar el caso&#8221;, explic\u00f3.<\/p>\n<p>https:\/\/www.facebook.com\/AlertaChiapasOficial\/videos\/212356756796517\/<\/p>\n<p>Se trata de <strong>un caso asintom\u00e1tico<\/strong> y la joven est\u00e1 en su casa bajo protocolos de vigiliancia epidemiol\u00f3gica.\u00a0Otros 14 familiares y personas\u00a0con los que tuvo contacto han sido investigados y tampoco presentan s\u00edntomas.<\/p>\n<p>El funcionario detall\u00f3 que la paciente, residente de\u00a0Tuxtla Guti\u00e9rrez, fue compa\u00f1era de escuela en Mil\u00e1n de la joven de Torre\u00f3n, de Coahuila, que este s\u00e1bado se confirm\u00f3 como el cuarto caso de covid-19 en el pa\u00eds.<\/p>\n<p>Ambas volvieron a M\u00e9xico luego de que la instituci\u00f3n cerrara por el brote de coronavirus en el norte de Italia.<\/p>\n<p>Los otros dos casos confirmados en Ciudad de M\u00e9xico y el de Sinaloa, est\u00e1n relacionados con un viaje de trabajo que realizaron tambi\u00e9n al norte de Italia.<\/p>\n<p>De manera adicional, la Secretar\u00eda federal de Salud inform\u00f3 este s\u00e1bado que analiza a un portador del coronavirus, que dio positivo en las pruebas del COVID-19, pero que no ha desarrollado la enfermedad y es asintom\u00e1tico, por lo que no se considera dentro de los casos oficiales.<\/p>\n<div>\n<div class=\"ckeditor-em\">\n<div id=\"ig-b5ef988f-7b5c-0d27-731a-eaa43fdf3bd0\" class=\"infogram-embed\" data-id=\"8bb18f67-d790-43a5-9526-6dcd0489af94\" data-title=\"Coronavirus: C\u00f3mo protegerse\" data-type=\"interactive\" data-processed=\"1\">\u00a0<iframe title=\"Coronavirus: C\u00f3mo protegerse\" src=\"https:\/\/e.infogram.com\/8bb18f67-d790-43a5-9526-6dcd0489af94?parent_url=https%3A%2F%2Fwww.informador.mx%2Fmexico%2FConfirman-primer-caso-de-coronavirus-en-Chiapas-20200301-0050.html&amp;src=embed#async_embed\" frameborder=\"0\" scrolling=\"no\" allowfullscreen=\"allowfullscreen\" data-mce-fragment=\"1\"><\/iframe><\/div>\n<div><a href=\"https:\/\/infogram.com\/8bb18f67-d790-43a5-9526-6dcd0489af94\" target=\"_blank\" rel=\"noopener\">Coronavirus: C\u00f3mo protegerse<\/a><br \/>\n<a href=\"https:\/\/infogram.com\/\" target=\"_blank\" rel=\"nofollow noopener\">Infogram<\/a><\/div>\n<\/div>\n<\/div>\n<p>Con Informaci\u00f3n de EFE\/SUN<\/p>\n","protected":false},"excerpt":{"rendered":"<p>Confirman primer caso de coronavirus en Chiapas Por Redacci\u00f3n QP Mexicana\u00a0contagiada estudiaba en Mil\u00e1n, Italia,&#8230;<\/p>\n","protected":false},"author":2,"featured_media":54053,"comment_status":"open","ping_status":"open","sticky":false,"template":"","format":"standard","meta":{"_monsterinsights_skip_tracking":false,"_monsterinsights_sitenote_active":false,"_monsterinsights_sitenote_note":"","_monsterinsights_sitenote_category":0,"footnotes":""},"categories":[2],"tags":[],"class_list":["post-54052","post","type-post","status-publish","format-standard","has-post-thumbnail","hentry","category-noticias"],"yoast_head":"<!-- This site is optimized with the Yoast SEO plugin v27.3 - https:\/\/yoast.com\/product\/yoast-seo-wordpress\/ -->\n<title>Confirman primer caso de coronavirus en Chiapas -<\/title>\n<meta name=\"robots\" content=\"index, follow, max-snippet:-1, max-image-preview:large, max-video-preview:-1\" \/>\n<link rel=\"canonical\" href=\"https:\/\/quehacerpolitico.mx\/?p=54052\" \/>\n<meta property=\"og:locale\" content=\"es_MX\" \/>\n<meta property=\"og:type\" content=\"article\" \/>\n<meta property=\"og:title\" content=\"Confirman primer caso de coronavirus en Chiapas -\" \/>\n<meta property=\"og:description\" content=\"Confirman primer caso de coronavirus en Chiapas Por Redacci\u00f3n QP Mexicana\u00a0contagiada estudiaba en Mil\u00e1n, Italia,...\" \/>\n<meta property=\"og:url\" content=\"https:\/\/quehacerpolitico.mx\/?p=54052\" \/>\n<meta property=\"article:published_time\" content=\"2020-03-02T00:45:47+00:00\" \/>\n<meta name=\"author\" content=\"Redacci\u00f3n QP\" \/>\n<meta name=\"twitter:card\" content=\"summary_large_image\" \/>\n<meta name=\"twitter:label1\" content=\"Escrito por\" \/>\n\t<meta name=\"twitter:data1\" content=\"Redacci\u00f3n QP\" \/>\n\t<meta name=\"twitter:label2\" content=\"Tiempo de lectura\" \/>\n\t<meta name=\"twitter:data2\" content=\"2 minutos\" \/>\n<script type=\"application\/ld+json\" class=\"yoast-schema-graph\">{\"@context\":\"https:\\\/\\\/schema.org\",\"@graph\":[{\"@type\":\"Article\",\"@id\":\"https:\\\/\\\/quehacerpolitico.mx\\\/?p=54052#article\",\"isPartOf\":{\"@id\":\"https:\\\/\\\/quehacerpolitico.mx\\\/?p=54052\"},\"author\":{\"name\":\"Redacci\u00f3n QP\",\"@id\":\"https:\\\/\\\/quehacerpolitico.mx\\\/#\\\/schema\\\/person\\\/496d8ad2d1d3f8036101dca7ee39e585\"},\"headline\":\"Confirman primer caso de coronavirus en Chiapas\",\"datePublished\":\"2020-03-02T00:45:47+00:00\",\"mainEntityOfPage\":{\"@id\":\"https:\\\/\\\/quehacerpolitico.mx\\\/?p=54052\"},\"wordCount\":375,\"commentCount\":0,\"image\":{\"@id\":\"https:\\\/\\\/quehacerpolitico.mx\\\/?p=54052#primaryimage\"},\"thumbnailUrl\":\"\",\"articleSection\":[\"Noticias\"],\"inLanguage\":\"es\",\"potentialAction\":[{\"@type\":\"CommentAction\",\"name\":\"Comment\",\"target\":[\"https:\\\/\\\/quehacerpolitico.mx\\\/?p=54052#respond\"]}]},{\"@type\":\"WebPage\",\"@id\":\"https:\\\/\\\/quehacerpolitico.mx\\\/?p=54052\",\"url\":\"https:\\\/\\\/quehacerpolitico.mx\\\/?p=54052\",\"name\":\"Confirman primer caso de coronavirus en Chiapas -\",\"isPartOf\":{\"@id\":\"https:\\\/\\\/quehacerpolitico.mx\\\/#website\"},\"primaryImageOfPage\":{\"@id\":\"https:\\\/\\\/quehacerpolitico.mx\\\/?p=54052#primaryimage\"},\"image\":{\"@id\":\"https:\\\/\\\/quehacerpolitico.mx\\\/?p=54052#primaryimage\"},\"thumbnailUrl\":\"\",\"datePublished\":\"2020-03-02T00:45:47+00:00\",\"author\":{\"@id\":\"https:\\\/\\\/quehacerpolitico.mx\\\/#\\\/schema\\\/person\\\/496d8ad2d1d3f8036101dca7ee39e585\"},\"breadcrumb\":{\"@id\":\"https:\\\/\\\/quehacerpolitico.mx\\\/?p=54052#breadcrumb\"},\"inLanguage\":\"es\",\"potentialAction\":[{\"@type\":\"ReadAction\",\"target\":[\"https:\\\/\\\/quehacerpolitico.mx\\\/?p=54052\"]}]},{\"@type\":\"ImageObject\",\"inLanguage\":\"es\",\"@id\":\"https:\\\/\\\/quehacerpolitico.mx\\\/?p=54052#primaryimage\",\"url\":\"\",\"contentUrl\":\"\"},{\"@type\":\"BreadcrumbList\",\"@id\":\"https:\\\/\\\/quehacerpolitico.mx\\\/?p=54052#breadcrumb\",\"itemListElement\":[{\"@type\":\"ListItem\",\"position\":1,\"name\":\"Inicio\",\"item\":\"https:\\\/\\\/quehacerpolitico.mx\\\/\"},{\"@type\":\"ListItem\",\"position\":2,\"name\":\"Confirman primer caso de coronavirus en Chiapas\"}]},{\"@type\":\"WebSite\",\"@id\":\"https:\\\/\\\/quehacerpolitico.mx\\\/#website\",\"url\":\"https:\\\/\\\/quehacerpolitico.mx\\\/\",\"name\":\"\",\"description\":\"\",\"potentialAction\":[{\"@type\":\"SearchAction\",\"target\":{\"@type\":\"EntryPoint\",\"urlTemplate\":\"https:\\\/\\\/quehacerpolitico.mx\\\/?s={search_term_string}\"},\"query-input\":{\"@type\":\"PropertyValueSpecification\",\"valueRequired\":true,\"valueName\":\"search_term_string\"}}],\"inLanguage\":\"es\"},{\"@type\":\"Person\",\"@id\":\"https:\\\/\\\/quehacerpolitico.mx\\\/#\\\/schema\\\/person\\\/496d8ad2d1d3f8036101dca7ee39e585\",\"name\":\"Redacci\u00f3n QP\",\"image\":{\"@type\":\"ImageObject\",\"inLanguage\":\"es\",\"@id\":\"https:\\\/\\\/secure.gravatar.com\\\/avatar\\\/c7164ed6fdec453195284ad24a5ae5b6e1eed2b848477fa2a4787ba9adf39a41?s=96&d=mm&r=g\",\"url\":\"https:\\\/\\\/secure.gravatar.com\\\/avatar\\\/c7164ed6fdec453195284ad24a5ae5b6e1eed2b848477fa2a4787ba9adf39a41?s=96&d=mm&r=g\",\"contentUrl\":\"https:\\\/\\\/secure.gravatar.com\\\/avatar\\\/c7164ed6fdec453195284ad24a5ae5b6e1eed2b848477fa2a4787ba9adf39a41?s=96&d=mm&r=g\",\"caption\":\"Redacci\u00f3n QP\"},\"url\":\"https:\\\/\\\/quehacerpolitico.mx\\\/?author=2\"}]}<\/script>\n<!-- \/ Yoast SEO plugin. -->","yoast_head_json":{"title":"Confirman primer caso de coronavirus en Chiapas -","robots":{"index":"index","follow":"follow","max-snippet":"max-snippet:-1","max-image-preview":"max-image-preview:large","max-video-preview":"max-video-preview:-1"},"canonical":"https:\/\/quehacerpolitico.mx\/?p=54052","og_locale":"es_MX","og_type":"article","og_title":"Confirman primer caso de coronavirus en Chiapas -","og_description":"Confirman primer caso de coronavirus en Chiapas Por Redacci\u00f3n QP Mexicana\u00a0contagiada estudiaba en Mil\u00e1n, Italia,...","og_url":"https:\/\/quehacerpolitico.mx\/?p=54052","article_published_time":"2020-03-02T00:45:47+00:00","author":"Redacci\u00f3n QP","twitter_card":"summary_large_image","twitter_misc":{"Escrito por":"Redacci\u00f3n QP","Tiempo de lectura":"2 minutos"},"schema":{"@context":"https:\/\/schema.org","@graph":[{"@type":"Article","@id":"https:\/\/quehacerpolitico.mx\/?p=54052#article","isPartOf":{"@id":"https:\/\/quehacerpolitico.mx\/?p=54052"},"author":{"name":"Redacci\u00f3n QP","@id":"https:\/\/quehacerpolitico.mx\/#\/schema\/person\/496d8ad2d1d3f8036101dca7ee39e585"},"headline":"Confirman primer caso de coronavirus en Chiapas","datePublished":"2020-03-02T00:45:47+00:00","mainEntityOfPage":{"@id":"https:\/\/quehacerpolitico.mx\/?p=54052"},"wordCount":375,"commentCount":0,"image":{"@id":"https:\/\/quehacerpolitico.mx\/?p=54052#primaryimage"},"thumbnailUrl":"","articleSection":["Noticias"],"inLanguage":"es","potentialAction":[{"@type":"CommentAction","name":"Comment","target":["https:\/\/quehacerpolitico.mx\/?p=54052#respond"]}]},{"@type":"WebPage","@id":"https:\/\/quehacerpolitico.mx\/?p=54052","url":"https:\/\/quehacerpolitico.mx\/?p=54052","name":"Confirman primer caso de coronavirus en Chiapas -","isPartOf":{"@id":"https:\/\/quehacerpolitico.mx\/#website"},"primaryImageOfPage":{"@id":"https:\/\/quehacerpolitico.mx\/?p=54052#primaryimage"},"image":{"@id":"https:\/\/quehacerpolitico.mx\/?p=54052#primaryimage"},"thumbnailUrl":"","datePublished":"2020-03-02T00:45:47+00:00","author":{"@id":"https:\/\/quehacerpolitico.mx\/#\/schema\/person\/496d8ad2d1d3f8036101dca7ee39e585"},"breadcrumb":{"@id":"https:\/\/quehacerpolitico.mx\/?p=54052#breadcrumb"},"inLanguage":"es","potentialAction":[{"@type":"ReadAction","target":["https:\/\/quehacerpolitico.mx\/?p=54052"]}]},{"@type":"ImageObject","inLanguage":"es","@id":"https:\/\/quehacerpolitico.mx\/?p=54052#primaryimage","url":"","contentUrl":""},{"@type":"BreadcrumbList","@id":"https:\/\/quehacerpolitico.mx\/?p=54052#breadcrumb","itemListElement":[{"@type":"ListItem","position":1,"name":"Inicio","item":"https:\/\/quehacerpolitico.mx\/"},{"@type":"ListItem","position":2,"name":"Confirman primer caso de coronavirus en Chiapas"}]},{"@type":"WebSite","@id":"https:\/\/quehacerpolitico.mx\/#website","url":"https:\/\/quehacerpolitico.mx\/","name":"","description":"","potentialAction":[{"@type":"SearchAction","target":{"@type":"EntryPoint","urlTemplate":"https:\/\/quehacerpolitico.mx\/?s={search_term_string}"},"query-input":{"@type":"PropertyValueSpecification","valueRequired":true,"valueName":"search_term_string"}}],"inLanguage":"es"},{"@type":"Person","@id":"https:\/\/quehacerpolitico.mx\/#\/schema\/person\/496d8ad2d1d3f8036101dca7ee39e585","name":"Redacci\u00f3n QP","image":{"@type":"ImageObject","inLanguage":"es","@id":"https:\/\/secure.gravatar.com\/avatar\/c7164ed6fdec453195284ad24a5ae5b6e1eed2b848477fa2a4787ba9adf39a41?s=96&d=mm&r=g","url":"https:\/\/secure.gravatar.com\/avatar\/c7164ed6fdec453195284ad24a5ae5b6e1eed2b848477fa2a4787ba9adf39a41?s=96&d=mm&r=g","contentUrl":"https:\/\/secure.gravatar.com\/avatar\/c7164ed6fdec453195284ad24a5ae5b6e1eed2b848477fa2a4787ba9adf39a41?s=96&d=mm&r=g","caption":"Redacci\u00f3n QP"},"url":"https:\/\/quehacerpolitico.mx\/?author=2"}]}},"featured_image_urls":{"full":"","thumbnail":"","medium":"","medium_large":"","large":"","1536x1536":"","2048x2048":"","covernews-featured":"","covernews-medium":""},"author_info":{"display_name":"Redacci\u00f3n QP","author_link":"https:\/\/quehacerpolitico.mx\/?author=2"},"category_info":"<a href=\"https:\/\/quehacerpolitico.mx\/?cat=2\" rel=\"category\">Noticias<\/a>","tag_info":"Noticias","comment_count":"0","_links":{"self":[{"href":"https:\/\/quehacerpolitico.mx\/index.php?rest_route=\/wp\/v2\/posts\/54052","targetHints":{"allow":["GET"]}}],"collection":[{"href":"https:\/\/quehacerpolitico.mx\/index.php?rest_route=\/wp\/v2\/posts"}],"about":[{"href":"https:\/\/quehacerpolitico.mx\/index.php?rest_route=\/wp\/v2\/types\/post"}],"author":[{"embeddable":true,"href":"https:\/\/quehacerpolitico.mx\/index.php?rest_route=\/wp\/v2\/users\/2"}],"replies":[{"embeddable":true,"href":"https:\/\/quehacerpolitico.mx\/index.php?rest_route=%2Fwp%2Fv2%2Fcomments&post=54052"}],"version-history":[{"count":0,"href":"https:\/\/quehacerpolitico.mx\/index.php?rest_route=\/wp\/v2\/posts\/54052\/revisions"}],"wp:featuredmedia":[{"embeddable":true,"href":"https:\/\/quehacerpolitico.mx\/index.php?rest_route=\/"}],"wp:attachment":[{"href":"https:\/\/quehacerpolitico.mx\/index.php?rest_route=%2Fwp%2Fv2%2Fmedia&parent=54052"}],"wp:term":[{"taxonomy":"category","embeddable":true,"href":"https:\/\/quehacerpolitico.mx\/index.php?rest_route=%2Fwp%2Fv2%2Fcategories&post=54052"},{"taxonomy":"post_tag","embeddable":true,"href":"https:\/\/quehacerpolitico.mx\/index.php?rest_route=%2Fwp%2Fv2%2Ftags&post=54052"}],"curies":[{"name":"wp","href":"https:\/\/api.w.org\/{rel}","templated":true}]}}