{"id":54028,"date":"2020-03-01T19:42:38","date_gmt":"2020-03-01T19:42:38","guid":{"rendered":"http:\/\/quehacerpolitico.mx\/?p=54028"},"modified":"2020-03-01T19:42:38","modified_gmt":"2020-03-01T19:42:38","slug":"amlo-contiene-protesta-en-macuspana","status":"publish","type":"post","link":"https:\/\/quehacerpolitico.mx\/?p=54028","title":{"rendered":"AMLO contiene protesta en Macuspana"},"content":{"rendered":"<div class=\"titulo\">AMLO contiene protesta en Macuspana<\/div>\n<div class=\"desarrollo\">Por Redacci\u00f3n QP<\/div>\n<div>\n<p>Visiblemente molesto, el presidente Andr\u00e9s Manuel L\u00f3pez Obrador emiti\u00f3 un rega\u00f1o a los pobladores del municipio que lo vio nacer ante los gritos que hac\u00edan contra Roberto Villapaldo, presidente municipal.<\/p>\n<p>Los macuspenses relataron que Villalpando se ha dedicado a robar y pocas son las acciones que su gobierno ha emprendido por el bien de la comunidad.<\/p>\n<p>\u201c\u00c9l es un ratero, no merece estar donde est\u00e1, est\u00e1 enga\u00f1ando a la gente\u201d, coment\u00f3 Celeste Rodr\u00edguez, una asistente al evento.<\/p>\n<blockquote class=\"twitter-tweet\" data-width=\"550\" data-dnt=\"true\">\n<p lang=\"es\" dir=\"ltr\"><a href=\"https:\/\/twitter.com\/hashtag\/ENVIVO?src=hash&amp;ref_src=twsrc%5Etfw\">#ENVIVO<\/a> | AMLO encabeza di\u00e1logo en <a href=\"https:\/\/twitter.com\/hashtag\/Tabasco?src=hash&amp;ref_src=twsrc%5Etfw\">#Tabasco<\/a> sobre el Programa Mejoramiento Urbano<\/p>\n<p>S\u00edguelo por <a href=\"https:\/\/twitter.com\/hashtag\/Periscope?src=hash&amp;ref_src=twsrc%5Etfw\">#Periscope<\/a> <a href=\"https:\/\/t.co\/V6e59vmoGu\">https:\/\/t.co\/V6e59vmoGu<\/a><\/p>\n<p>&mdash; Milenio (@Milenio) <a href=\"https:\/\/twitter.com\/Milenio\/status\/1234150499798179841?ref_src=twsrc%5Etfw\">March 1, 2020<\/a><\/p><\/blockquote>\n<p><script async src=\"https:\/\/platform.twitter.com\/widgets.js\" charset=\"utf-8\"><\/script><\/p>\n<p>El mandatario federal se confront\u00f3 en diversas ocasiones a los asistentes quienes le reprocharon que no haya bajado el precio de la luz ni se hayan condonado los adeudos que datan de la resistencia civil pac\u00edfica que \u00e9l encabez\u00f3 en los a\u00f1os 80.<\/p>\n<p>L\u00f3pez Obrador exigi\u00f3 a los macuspanenses dejar de lado la politiquer\u00eda y estar en unidad en torno a la cuarta transformaci\u00f3n del pa\u00eds.<\/p>\n<p>Sin embargo, las rechiflas contra el gobernador Ad\u00e1n Augusto L\u00f3pez, gobernador del Estado, y el presidente municipal se intensificaron ante lo que L\u00f3pez Obrador amag\u00f3 con terminar su intervenci\u00f3n ante lo que consider\u00f3 fueron los o\u00eddos sordos de sus paisanos.<\/p>\n<p>\u201cMe dio mucho gusto estar aqu\u00ed con ustedes, dijo el mandatario a poco m\u00e1s de 10 minutos de haber iniciado su discurso, \u201cNo voy a hablar, ya saben que soy terco\u201d, advirti\u00f3 ante la rechifla.<\/p>\n<p>\u201cA veces por la grilla y politiquer\u00eda parece que no estuvi\u00e9ramos haciendo nada.<\/p>\n<p>-\u201c\u00bfEs lo mismo que antes? \u00bfque no est\u00e1n recibiendo los apoyos?\u201d, cuestion\u00f3 el mandatario.<\/p>\n<p>-\u201c\u00a1No!\u201d, le reviraron sus paisanos.<\/p>\n<p>-\u201c\u00a1C\u00f3mo que no! La mentira es del demonio es reaccionaria y conservadora\u201c, les contest\u00f3 y volvi\u00f3 a preguntarles, sin embargo la multitud volvi\u00f3 a gritar.<\/p>\n<p>Entonces, el jefe del Ejecutivo pidi\u00f3 a mano alzada saber si los apoyos llegaban a todos los presentes; la respuesta fue mayoritaria por el s\u00ed.<\/p>\n<p>\u201cVamos entiendo que ya comenz\u00f3 la transformaci\u00f3n, falta todav\u00eda pero les aseguro que vamos a transformar a M\u00e9xico.<\/p>\n<p>\u201cEs amor al pr\u00f3jimo no hay que pensar en la politiquer\u00eda\u201c, volvi\u00f3 a insistirles.<\/p>\n<p>Con los \u00e1nimos m\u00e1s calmados, el mandatario federal les solicit\u00f3 pensar con la cabeza fr\u00eda aunque tuvieran el coraz\u00f3n caliente.<\/p>\n<p>Dijo que como tabasque\u00f1os y mexicanos corresponde a todos la transformaci\u00f3n del M\u00e9xico.<\/p>\n<p>Los exhort\u00f3 a no mezclar los tiempos pol\u00edticos con los de acci\u00f3n para el cambio ya que existen manipuladores que solo buscan llegar a los cargos p\u00fablicos para sacar provecho personal.<\/p>\n<p>\u201cPedirles analizar las cosas y que podamos hacer la diferencia entre la politiquer\u00eda, la grilla y la tarea que tenemos todos de transformar a M\u00e9xico.<\/p>\n<p>\u201cPorque no hay que mezclar, cuando vengan las elecciones, porque hay quienes solo piensan en c\u00f3mo encamararse en los cargos p\u00fablicos, ya desde ahora empiezan con eso\u201c, lament\u00f3 L\u00f3pez Obrador.<\/p>\n<p>El mandatario federal tuvo oportunidad de explicarles los avances que en materia social como la entrega de apoyos sociales a adultos mayores, personas con discapacidad y las becas Benito Ju\u00e1rez para estudiantes.<\/p>\n<p>Con informaci\u00f3n de NTX<\/p>\n<\/div>\n","protected":false},"excerpt":{"rendered":"<p>AMLO contiene protesta en Macuspana Por Redacci\u00f3n QP Visiblemente molesto, el presidente Andr\u00e9s Manuel L\u00f3pez&#8230;<\/p>\n","protected":false},"author":2,"featured_media":54029,"comment_status":"open","ping_status":"open","sticky":false,"template":"","format":"standard","meta":{"_monsterinsights_skip_tracking":false,"_monsterinsights_sitenote_active":false,"_monsterinsights_sitenote_note":"","_monsterinsights_sitenote_category":0,"footnotes":""},"categories":[2],"tags":[],"class_list":["post-54028","post","type-post","status-publish","format-standard","has-post-thumbnail","hentry","category-noticias"],"yoast_head":"<!-- This site is optimized with the Yoast SEO plugin v27.3 - https:\/\/yoast.com\/product\/yoast-seo-wordpress\/ -->\n<title>AMLO contiene protesta en Macuspana -<\/title>\n<meta name=\"robots\" content=\"index, follow, max-snippet:-1, max-image-preview:large, max-video-preview:-1\" \/>\n<link rel=\"canonical\" href=\"https:\/\/quehacerpolitico.mx\/?p=54028\" \/>\n<meta property=\"og:locale\" content=\"es_MX\" \/>\n<meta property=\"og:type\" content=\"article\" \/>\n<meta property=\"og:title\" content=\"AMLO contiene protesta en Macuspana -\" \/>\n<meta property=\"og:description\" content=\"AMLO contiene protesta en Macuspana Por Redacci\u00f3n QP Visiblemente molesto, el presidente Andr\u00e9s Manuel L\u00f3pez...\" \/>\n<meta property=\"og:url\" content=\"https:\/\/quehacerpolitico.mx\/?p=54028\" \/>\n<meta property=\"article:published_time\" content=\"2020-03-01T19:42:38+00:00\" \/>\n<meta name=\"author\" content=\"Redacci\u00f3n QP\" \/>\n<meta name=\"twitter:card\" content=\"summary_large_image\" \/>\n<meta name=\"twitter:label1\" content=\"Escrito por\" \/>\n\t<meta name=\"twitter:data1\" content=\"Redacci\u00f3n QP\" \/>\n\t<meta name=\"twitter:label2\" content=\"Tiempo de lectura\" \/>\n\t<meta name=\"twitter:data2\" content=\"3 minutos\" \/>\n<script type=\"application\/ld+json\" class=\"yoast-schema-graph\">{\"@context\":\"https:\\\/\\\/schema.org\",\"@graph\":[{\"@type\":\"Article\",\"@id\":\"https:\\\/\\\/quehacerpolitico.mx\\\/?p=54028#article\",\"isPartOf\":{\"@id\":\"https:\\\/\\\/quehacerpolitico.mx\\\/?p=54028\"},\"author\":{\"name\":\"Redacci\u00f3n QP\",\"@id\":\"https:\\\/\\\/quehacerpolitico.mx\\\/#\\\/schema\\\/person\\\/496d8ad2d1d3f8036101dca7ee39e585\"},\"headline\":\"AMLO contiene protesta en Macuspana\",\"datePublished\":\"2020-03-01T19:42:38+00:00\",\"mainEntityOfPage\":{\"@id\":\"https:\\\/\\\/quehacerpolitico.mx\\\/?p=54028\"},\"wordCount\":551,\"commentCount\":0,\"image\":{\"@id\":\"https:\\\/\\\/quehacerpolitico.mx\\\/?p=54028#primaryimage\"},\"thumbnailUrl\":\"\",\"articleSection\":[\"Noticias\"],\"inLanguage\":\"es\",\"potentialAction\":[{\"@type\":\"CommentAction\",\"name\":\"Comment\",\"target\":[\"https:\\\/\\\/quehacerpolitico.mx\\\/?p=54028#respond\"]}]},{\"@type\":\"WebPage\",\"@id\":\"https:\\\/\\\/quehacerpolitico.mx\\\/?p=54028\",\"url\":\"https:\\\/\\\/quehacerpolitico.mx\\\/?p=54028\",\"name\":\"AMLO contiene protesta en Macuspana -\",\"isPartOf\":{\"@id\":\"https:\\\/\\\/quehacerpolitico.mx\\\/#website\"},\"primaryImageOfPage\":{\"@id\":\"https:\\\/\\\/quehacerpolitico.mx\\\/?p=54028#primaryimage\"},\"image\":{\"@id\":\"https:\\\/\\\/quehacerpolitico.mx\\\/?p=54028#primaryimage\"},\"thumbnailUrl\":\"\",\"datePublished\":\"2020-03-01T19:42:38+00:00\",\"author\":{\"@id\":\"https:\\\/\\\/quehacerpolitico.mx\\\/#\\\/schema\\\/person\\\/496d8ad2d1d3f8036101dca7ee39e585\"},\"breadcrumb\":{\"@id\":\"https:\\\/\\\/quehacerpolitico.mx\\\/?p=54028#breadcrumb\"},\"inLanguage\":\"es\",\"potentialAction\":[{\"@type\":\"ReadAction\",\"target\":[\"https:\\\/\\\/quehacerpolitico.mx\\\/?p=54028\"]}]},{\"@type\":\"ImageObject\",\"inLanguage\":\"es\",\"@id\":\"https:\\\/\\\/quehacerpolitico.mx\\\/?p=54028#primaryimage\",\"url\":\"\",\"contentUrl\":\"\"},{\"@type\":\"BreadcrumbList\",\"@id\":\"https:\\\/\\\/quehacerpolitico.mx\\\/?p=54028#breadcrumb\",\"itemListElement\":[{\"@type\":\"ListItem\",\"position\":1,\"name\":\"Inicio\",\"item\":\"https:\\\/\\\/quehacerpolitico.mx\\\/\"},{\"@type\":\"ListItem\",\"position\":2,\"name\":\"AMLO contiene protesta en Macuspana\"}]},{\"@type\":\"WebSite\",\"@id\":\"https:\\\/\\\/quehacerpolitico.mx\\\/#website\",\"url\":\"https:\\\/\\\/quehacerpolitico.mx\\\/\",\"name\":\"\",\"description\":\"\",\"potentialAction\":[{\"@type\":\"SearchAction\",\"target\":{\"@type\":\"EntryPoint\",\"urlTemplate\":\"https:\\\/\\\/quehacerpolitico.mx\\\/?s={search_term_string}\"},\"query-input\":{\"@type\":\"PropertyValueSpecification\",\"valueRequired\":true,\"valueName\":\"search_term_string\"}}],\"inLanguage\":\"es\"},{\"@type\":\"Person\",\"@id\":\"https:\\\/\\\/quehacerpolitico.mx\\\/#\\\/schema\\\/person\\\/496d8ad2d1d3f8036101dca7ee39e585\",\"name\":\"Redacci\u00f3n QP\",\"image\":{\"@type\":\"ImageObject\",\"inLanguage\":\"es\",\"@id\":\"https:\\\/\\\/secure.gravatar.com\\\/avatar\\\/c7164ed6fdec453195284ad24a5ae5b6e1eed2b848477fa2a4787ba9adf39a41?s=96&d=mm&r=g\",\"url\":\"https:\\\/\\\/secure.gravatar.com\\\/avatar\\\/c7164ed6fdec453195284ad24a5ae5b6e1eed2b848477fa2a4787ba9adf39a41?s=96&d=mm&r=g\",\"contentUrl\":\"https:\\\/\\\/secure.gravatar.com\\\/avatar\\\/c7164ed6fdec453195284ad24a5ae5b6e1eed2b848477fa2a4787ba9adf39a41?s=96&d=mm&r=g\",\"caption\":\"Redacci\u00f3n QP\"},\"url\":\"https:\\\/\\\/quehacerpolitico.mx\\\/?author=2\"}]}<\/script>\n<!-- \/ Yoast SEO plugin. -->","yoast_head_json":{"title":"AMLO contiene protesta en Macuspana -","robots":{"index":"index","follow":"follow","max-snippet":"max-snippet:-1","max-image-preview":"max-image-preview:large","max-video-preview":"max-video-preview:-1"},"canonical":"https:\/\/quehacerpolitico.mx\/?p=54028","og_locale":"es_MX","og_type":"article","og_title":"AMLO contiene protesta en Macuspana -","og_description":"AMLO contiene protesta en Macuspana Por Redacci\u00f3n QP Visiblemente molesto, el presidente Andr\u00e9s Manuel L\u00f3pez...","og_url":"https:\/\/quehacerpolitico.mx\/?p=54028","article_published_time":"2020-03-01T19:42:38+00:00","author":"Redacci\u00f3n QP","twitter_card":"summary_large_image","twitter_misc":{"Escrito por":"Redacci\u00f3n QP","Tiempo de lectura":"3 minutos"},"schema":{"@context":"https:\/\/schema.org","@graph":[{"@type":"Article","@id":"https:\/\/quehacerpolitico.mx\/?p=54028#article","isPartOf":{"@id":"https:\/\/quehacerpolitico.mx\/?p=54028"},"author":{"name":"Redacci\u00f3n QP","@id":"https:\/\/quehacerpolitico.mx\/#\/schema\/person\/496d8ad2d1d3f8036101dca7ee39e585"},"headline":"AMLO contiene protesta en Macuspana","datePublished":"2020-03-01T19:42:38+00:00","mainEntityOfPage":{"@id":"https:\/\/quehacerpolitico.mx\/?p=54028"},"wordCount":551,"commentCount":0,"image":{"@id":"https:\/\/quehacerpolitico.mx\/?p=54028#primaryimage"},"thumbnailUrl":"","articleSection":["Noticias"],"inLanguage":"es","potentialAction":[{"@type":"CommentAction","name":"Comment","target":["https:\/\/quehacerpolitico.mx\/?p=54028#respond"]}]},{"@type":"WebPage","@id":"https:\/\/quehacerpolitico.mx\/?p=54028","url":"https:\/\/quehacerpolitico.mx\/?p=54028","name":"AMLO contiene protesta en Macuspana -","isPartOf":{"@id":"https:\/\/quehacerpolitico.mx\/#website"},"primaryImageOfPage":{"@id":"https:\/\/quehacerpolitico.mx\/?p=54028#primaryimage"},"image":{"@id":"https:\/\/quehacerpolitico.mx\/?p=54028#primaryimage"},"thumbnailUrl":"","datePublished":"2020-03-01T19:42:38+00:00","author":{"@id":"https:\/\/quehacerpolitico.mx\/#\/schema\/person\/496d8ad2d1d3f8036101dca7ee39e585"},"breadcrumb":{"@id":"https:\/\/quehacerpolitico.mx\/?p=54028#breadcrumb"},"inLanguage":"es","potentialAction":[{"@type":"ReadAction","target":["https:\/\/quehacerpolitico.mx\/?p=54028"]}]},{"@type":"ImageObject","inLanguage":"es","@id":"https:\/\/quehacerpolitico.mx\/?p=54028#primaryimage","url":"","contentUrl":""},{"@type":"BreadcrumbList","@id":"https:\/\/quehacerpolitico.mx\/?p=54028#breadcrumb","itemListElement":[{"@type":"ListItem","position":1,"name":"Inicio","item":"https:\/\/quehacerpolitico.mx\/"},{"@type":"ListItem","position":2,"name":"AMLO contiene protesta en Macuspana"}]},{"@type":"WebSite","@id":"https:\/\/quehacerpolitico.mx\/#website","url":"https:\/\/quehacerpolitico.mx\/","name":"","description":"","potentialAction":[{"@type":"SearchAction","target":{"@type":"EntryPoint","urlTemplate":"https:\/\/quehacerpolitico.mx\/?s={search_term_string}"},"query-input":{"@type":"PropertyValueSpecification","valueRequired":true,"valueName":"search_term_string"}}],"inLanguage":"es"},{"@type":"Person","@id":"https:\/\/quehacerpolitico.mx\/#\/schema\/person\/496d8ad2d1d3f8036101dca7ee39e585","name":"Redacci\u00f3n QP","image":{"@type":"ImageObject","inLanguage":"es","@id":"https:\/\/secure.gravatar.com\/avatar\/c7164ed6fdec453195284ad24a5ae5b6e1eed2b848477fa2a4787ba9adf39a41?s=96&d=mm&r=g","url":"https:\/\/secure.gravatar.com\/avatar\/c7164ed6fdec453195284ad24a5ae5b6e1eed2b848477fa2a4787ba9adf39a41?s=96&d=mm&r=g","contentUrl":"https:\/\/secure.gravatar.com\/avatar\/c7164ed6fdec453195284ad24a5ae5b6e1eed2b848477fa2a4787ba9adf39a41?s=96&d=mm&r=g","caption":"Redacci\u00f3n QP"},"url":"https:\/\/quehacerpolitico.mx\/?author=2"}]}},"featured_image_urls":{"full":"","thumbnail":"","medium":"","medium_large":"","large":"","1536x1536":"","2048x2048":"","covernews-featured":"","covernews-medium":""},"author_info":{"display_name":"Redacci\u00f3n QP","author_link":"https:\/\/quehacerpolitico.mx\/?author=2"},"category_info":"<a href=\"https:\/\/quehacerpolitico.mx\/?cat=2\" rel=\"category\">Noticias<\/a>","tag_info":"Noticias","comment_count":"0","_links":{"self":[{"href":"https:\/\/quehacerpolitico.mx\/index.php?rest_route=\/wp\/v2\/posts\/54028","targetHints":{"allow":["GET"]}}],"collection":[{"href":"https:\/\/quehacerpolitico.mx\/index.php?rest_route=\/wp\/v2\/posts"}],"about":[{"href":"https:\/\/quehacerpolitico.mx\/index.php?rest_route=\/wp\/v2\/types\/post"}],"author":[{"embeddable":true,"href":"https:\/\/quehacerpolitico.mx\/index.php?rest_route=\/wp\/v2\/users\/2"}],"replies":[{"embeddable":true,"href":"https:\/\/quehacerpolitico.mx\/index.php?rest_route=%2Fwp%2Fv2%2Fcomments&post=54028"}],"version-history":[{"count":0,"href":"https:\/\/quehacerpolitico.mx\/index.php?rest_route=\/wp\/v2\/posts\/54028\/revisions"}],"wp:featuredmedia":[{"embeddable":true,"href":"https:\/\/quehacerpolitico.mx\/index.php?rest_route=\/"}],"wp:attachment":[{"href":"https:\/\/quehacerpolitico.mx\/index.php?rest_route=%2Fwp%2Fv2%2Fmedia&parent=54028"}],"wp:term":[{"taxonomy":"category","embeddable":true,"href":"https:\/\/quehacerpolitico.mx\/index.php?rest_route=%2Fwp%2Fv2%2Fcategories&post=54028"},{"taxonomy":"post_tag","embeddable":true,"href":"https:\/\/quehacerpolitico.mx\/index.php?rest_route=%2Fwp%2Fv2%2Ftags&post=54028"}],"curies":[{"name":"wp","href":"https:\/\/api.w.org\/{rel}","templated":true}]}}