{"id":53955,"date":"2020-03-01T00:31:34","date_gmt":"2020-03-01T00:31:34","guid":{"rendered":"http:\/\/quehacerpolitico.mx\/?p=53955"},"modified":"2020-03-01T00:31:34","modified_gmt":"2020-03-01T00:31:34","slug":"hombre-confronta-a-felipe-calderon-durante-vuelo","status":"publish","type":"post","link":"https:\/\/quehacerpolitico.mx\/?p=53955","title":{"rendered":"Hombre confronta a Felipe Calder\u00f3n durante vuelo"},"content":{"rendered":"<h1 class=\"news-title\">Hombre confronta a Felipe Calder\u00f3n durante vuelo<br \/>\nPor Redacci\u00f3n QP<\/h1>\n<p>Al enterarse de que el ex presidente viajaba en el mismo avi\u00f3n, un pasajero se enfrenta a \u00e9l para reclamarle los resultados de su administraci\u00f3n<\/p>\n<p>A trav\u00e9s de redes sociales se dio a conocer un video en donde un pasajero de un avi\u00f3n informa que en el mismo vuelo se encuentra el ex presidente Felipe Calder\u00f3n<\/p>\n<blockquote><p>&#8220;Me dar\u00e1 mucho gusto que lo lleven a juicio y que le vaya bien en la c\u00e1rcel, hasta luego se\u00f1or ex presidente. Gracias por la corrupci\u00f3n<\/p><\/blockquote>\n<p>En compa\u00f1\u00eda de una mujer, el pasajero dice que ir\u00e1 a &#8220;confrontar&#8221; al ex mandatario.<\/p>\n<p>Y justamente <strong>lleg\u00f3 hasta su lugar para decirle que le agradece por haber dejado &#8220;el cochinero&#8221; en nuestro pa\u00eds<\/strong>; a lo que el ex presidente respondi\u00f3 que las cosas no fueron as\u00ed, y que el dej\u00f3 al pa\u00eds con una tasa de crecimiento de 4.5% y con la mitad de los homicidios que se tienen hoy.<\/p>\n<p>Asimismo, otro pasajero intervino durante el intercambio de palabras y <strong>agreg\u00f3 que la situaci\u00f3n que impera en el pa\u00eds no es culpa de una sola persona.<\/strong><\/p>\n<blockquote class=\"twitter-tweet\" data-width=\"550\" data-dnt=\"true\">\n<p lang=\"es\" dir=\"ltr\">\u00bfQu\u00e9 opinan de este video en el que dos mexicanos confrontan a <a href=\"https:\/\/twitter.com\/FelipeCalderon?ref_src=twsrc%5Etfw\">@FelipeCalderon<\/a> por la corrupci\u00f3n y la violencia en su gobierno? Y,  claro, le desean que vaya a la c\u00e1rcel:<a href=\"https:\/\/t.co\/Lo03irSUfX\">https:\/\/t.co\/Lo03irSUfX<\/a><\/p>\n<p>&mdash; Alvaro Delgado G\u00f3mez (@alvaro_delgado) <a href=\"https:\/\/twitter.com\/alvaro_delgado\/status\/1233807531199356929?ref_src=twsrc%5Etfw\">February 29, 2020<\/a><\/p><\/blockquote>\n<p><script async src=\"https:\/\/platform.twitter.com\/widgets.js\" charset=\"utf-8\"><\/script><\/p>\n<p>El usuario le dice al ex mandatario que vive en Alemania\u00a0y que fue un ex cadete del Heroico Colegio Militar.<\/p>\n<p>&#8220;Me dar\u00e1 mucho gusto que lo lleven a juicio y que le vaya bien en la c\u00e1rcel, hasta luego se\u00f1or ex presidente. Gracias por la corrupci\u00f3n&#8221;, dice el hombre mientras contin\u00faa grabando.<\/p>\n<p>A su vez el diputado del Partido del Trabajo, Gerardo Fern\u00e1ndez Noro\u00f1a, <strong>desminti\u00f3 la tasa de crecimiento que dio el ex mandatario y subi\u00f3 una informaci\u00f3n con cifras estimadas del Fondo Monetario Internacional<\/strong>.<\/p>\n<p>https:\/\/twitter.com\/fernandeznorona\/status\/1233770645747425282?s=21<\/p>\n<p>Con Informaci\u00f3n de SUN<\/p>\n","protected":false},"excerpt":{"rendered":"<p>Hombre confronta a Felipe Calder\u00f3n durante vuelo Por Redacci\u00f3n QP Al enterarse de que el&#8230;<\/p>\n","protected":false},"author":2,"featured_media":53958,"comment_status":"open","ping_status":"open","sticky":false,"template":"","format":"standard","meta":{"_monsterinsights_skip_tracking":false,"_monsterinsights_sitenote_active":false,"_monsterinsights_sitenote_note":"","_monsterinsights_sitenote_category":0,"footnotes":""},"categories":[2],"tags":[],"class_list":["post-53955","post","type-post","status-publish","format-standard","has-post-thumbnail","hentry","category-noticias"],"yoast_head":"<!-- This site is optimized with the Yoast SEO plugin v27.3 - https:\/\/yoast.com\/product\/yoast-seo-wordpress\/ -->\n<title>Hombre confronta a Felipe Calder\u00f3n durante vuelo -<\/title>\n<meta name=\"robots\" content=\"index, follow, max-snippet:-1, max-image-preview:large, max-video-preview:-1\" \/>\n<link rel=\"canonical\" href=\"https:\/\/quehacerpolitico.mx\/?p=53955\" \/>\n<meta property=\"og:locale\" content=\"es_MX\" \/>\n<meta property=\"og:type\" content=\"article\" \/>\n<meta property=\"og:title\" content=\"Hombre confronta a Felipe Calder\u00f3n durante vuelo -\" \/>\n<meta property=\"og:description\" content=\"Hombre confronta a Felipe Calder\u00f3n durante vuelo Por Redacci\u00f3n QP Al enterarse de que el...\" \/>\n<meta property=\"og:url\" content=\"https:\/\/quehacerpolitico.mx\/?p=53955\" \/>\n<meta property=\"article:published_time\" content=\"2020-03-01T00:31:34+00:00\" \/>\n<meta name=\"author\" content=\"Redacci\u00f3n QP\" \/>\n<meta name=\"twitter:card\" content=\"summary_large_image\" \/>\n<meta name=\"twitter:label1\" content=\"Escrito por\" \/>\n\t<meta name=\"twitter:data1\" content=\"Redacci\u00f3n QP\" \/>\n\t<meta name=\"twitter:label2\" content=\"Tiempo de lectura\" \/>\n\t<meta name=\"twitter:data2\" content=\"2 minutos\" \/>\n<script type=\"application\/ld+json\" class=\"yoast-schema-graph\">{\"@context\":\"https:\\\/\\\/schema.org\",\"@graph\":[{\"@type\":\"Article\",\"@id\":\"https:\\\/\\\/quehacerpolitico.mx\\\/?p=53955#article\",\"isPartOf\":{\"@id\":\"https:\\\/\\\/quehacerpolitico.mx\\\/?p=53955\"},\"author\":{\"name\":\"Redacci\u00f3n QP\",\"@id\":\"https:\\\/\\\/quehacerpolitico.mx\\\/#\\\/schema\\\/person\\\/496d8ad2d1d3f8036101dca7ee39e585\"},\"headline\":\"Hombre confronta a Felipe Calder\u00f3n durante vuelo\",\"datePublished\":\"2020-03-01T00:31:34+00:00\",\"mainEntityOfPage\":{\"@id\":\"https:\\\/\\\/quehacerpolitico.mx\\\/?p=53955\"},\"wordCount\":322,\"commentCount\":0,\"image\":{\"@id\":\"https:\\\/\\\/quehacerpolitico.mx\\\/?p=53955#primaryimage\"},\"thumbnailUrl\":\"\",\"articleSection\":[\"Noticias\"],\"inLanguage\":\"es\",\"potentialAction\":[{\"@type\":\"CommentAction\",\"name\":\"Comment\",\"target\":[\"https:\\\/\\\/quehacerpolitico.mx\\\/?p=53955#respond\"]}]},{\"@type\":\"WebPage\",\"@id\":\"https:\\\/\\\/quehacerpolitico.mx\\\/?p=53955\",\"url\":\"https:\\\/\\\/quehacerpolitico.mx\\\/?p=53955\",\"name\":\"Hombre confronta a Felipe Calder\u00f3n durante vuelo -\",\"isPartOf\":{\"@id\":\"https:\\\/\\\/quehacerpolitico.mx\\\/#website\"},\"primaryImageOfPage\":{\"@id\":\"https:\\\/\\\/quehacerpolitico.mx\\\/?p=53955#primaryimage\"},\"image\":{\"@id\":\"https:\\\/\\\/quehacerpolitico.mx\\\/?p=53955#primaryimage\"},\"thumbnailUrl\":\"\",\"datePublished\":\"2020-03-01T00:31:34+00:00\",\"author\":{\"@id\":\"https:\\\/\\\/quehacerpolitico.mx\\\/#\\\/schema\\\/person\\\/496d8ad2d1d3f8036101dca7ee39e585\"},\"breadcrumb\":{\"@id\":\"https:\\\/\\\/quehacerpolitico.mx\\\/?p=53955#breadcrumb\"},\"inLanguage\":\"es\",\"potentialAction\":[{\"@type\":\"ReadAction\",\"target\":[\"https:\\\/\\\/quehacerpolitico.mx\\\/?p=53955\"]}]},{\"@type\":\"ImageObject\",\"inLanguage\":\"es\",\"@id\":\"https:\\\/\\\/quehacerpolitico.mx\\\/?p=53955#primaryimage\",\"url\":\"\",\"contentUrl\":\"\"},{\"@type\":\"BreadcrumbList\",\"@id\":\"https:\\\/\\\/quehacerpolitico.mx\\\/?p=53955#breadcrumb\",\"itemListElement\":[{\"@type\":\"ListItem\",\"position\":1,\"name\":\"Inicio\",\"item\":\"https:\\\/\\\/quehacerpolitico.mx\\\/\"},{\"@type\":\"ListItem\",\"position\":2,\"name\":\"Hombre confronta a Felipe Calder\u00f3n durante vuelo\"}]},{\"@type\":\"WebSite\",\"@id\":\"https:\\\/\\\/quehacerpolitico.mx\\\/#website\",\"url\":\"https:\\\/\\\/quehacerpolitico.mx\\\/\",\"name\":\"\",\"description\":\"\",\"potentialAction\":[{\"@type\":\"SearchAction\",\"target\":{\"@type\":\"EntryPoint\",\"urlTemplate\":\"https:\\\/\\\/quehacerpolitico.mx\\\/?s={search_term_string}\"},\"query-input\":{\"@type\":\"PropertyValueSpecification\",\"valueRequired\":true,\"valueName\":\"search_term_string\"}}],\"inLanguage\":\"es\"},{\"@type\":\"Person\",\"@id\":\"https:\\\/\\\/quehacerpolitico.mx\\\/#\\\/schema\\\/person\\\/496d8ad2d1d3f8036101dca7ee39e585\",\"name\":\"Redacci\u00f3n QP\",\"image\":{\"@type\":\"ImageObject\",\"inLanguage\":\"es\",\"@id\":\"https:\\\/\\\/secure.gravatar.com\\\/avatar\\\/c7164ed6fdec453195284ad24a5ae5b6e1eed2b848477fa2a4787ba9adf39a41?s=96&d=mm&r=g\",\"url\":\"https:\\\/\\\/secure.gravatar.com\\\/avatar\\\/c7164ed6fdec453195284ad24a5ae5b6e1eed2b848477fa2a4787ba9adf39a41?s=96&d=mm&r=g\",\"contentUrl\":\"https:\\\/\\\/secure.gravatar.com\\\/avatar\\\/c7164ed6fdec453195284ad24a5ae5b6e1eed2b848477fa2a4787ba9adf39a41?s=96&d=mm&r=g\",\"caption\":\"Redacci\u00f3n QP\"},\"url\":\"https:\\\/\\\/quehacerpolitico.mx\\\/?author=2\"}]}<\/script>\n<!-- \/ Yoast SEO plugin. -->","yoast_head_json":{"title":"Hombre confronta a Felipe Calder\u00f3n durante vuelo -","robots":{"index":"index","follow":"follow","max-snippet":"max-snippet:-1","max-image-preview":"max-image-preview:large","max-video-preview":"max-video-preview:-1"},"canonical":"https:\/\/quehacerpolitico.mx\/?p=53955","og_locale":"es_MX","og_type":"article","og_title":"Hombre confronta a Felipe Calder\u00f3n durante vuelo -","og_description":"Hombre confronta a Felipe Calder\u00f3n durante vuelo Por Redacci\u00f3n QP Al enterarse de que el...","og_url":"https:\/\/quehacerpolitico.mx\/?p=53955","article_published_time":"2020-03-01T00:31:34+00:00","author":"Redacci\u00f3n QP","twitter_card":"summary_large_image","twitter_misc":{"Escrito por":"Redacci\u00f3n QP","Tiempo de lectura":"2 minutos"},"schema":{"@context":"https:\/\/schema.org","@graph":[{"@type":"Article","@id":"https:\/\/quehacerpolitico.mx\/?p=53955#article","isPartOf":{"@id":"https:\/\/quehacerpolitico.mx\/?p=53955"},"author":{"name":"Redacci\u00f3n QP","@id":"https:\/\/quehacerpolitico.mx\/#\/schema\/person\/496d8ad2d1d3f8036101dca7ee39e585"},"headline":"Hombre confronta a Felipe Calder\u00f3n durante vuelo","datePublished":"2020-03-01T00:31:34+00:00","mainEntityOfPage":{"@id":"https:\/\/quehacerpolitico.mx\/?p=53955"},"wordCount":322,"commentCount":0,"image":{"@id":"https:\/\/quehacerpolitico.mx\/?p=53955#primaryimage"},"thumbnailUrl":"","articleSection":["Noticias"],"inLanguage":"es","potentialAction":[{"@type":"CommentAction","name":"Comment","target":["https:\/\/quehacerpolitico.mx\/?p=53955#respond"]}]},{"@type":"WebPage","@id":"https:\/\/quehacerpolitico.mx\/?p=53955","url":"https:\/\/quehacerpolitico.mx\/?p=53955","name":"Hombre confronta a Felipe Calder\u00f3n durante vuelo -","isPartOf":{"@id":"https:\/\/quehacerpolitico.mx\/#website"},"primaryImageOfPage":{"@id":"https:\/\/quehacerpolitico.mx\/?p=53955#primaryimage"},"image":{"@id":"https:\/\/quehacerpolitico.mx\/?p=53955#primaryimage"},"thumbnailUrl":"","datePublished":"2020-03-01T00:31:34+00:00","author":{"@id":"https:\/\/quehacerpolitico.mx\/#\/schema\/person\/496d8ad2d1d3f8036101dca7ee39e585"},"breadcrumb":{"@id":"https:\/\/quehacerpolitico.mx\/?p=53955#breadcrumb"},"inLanguage":"es","potentialAction":[{"@type":"ReadAction","target":["https:\/\/quehacerpolitico.mx\/?p=53955"]}]},{"@type":"ImageObject","inLanguage":"es","@id":"https:\/\/quehacerpolitico.mx\/?p=53955#primaryimage","url":"","contentUrl":""},{"@type":"BreadcrumbList","@id":"https:\/\/quehacerpolitico.mx\/?p=53955#breadcrumb","itemListElement":[{"@type":"ListItem","position":1,"name":"Inicio","item":"https:\/\/quehacerpolitico.mx\/"},{"@type":"ListItem","position":2,"name":"Hombre confronta a Felipe Calder\u00f3n durante vuelo"}]},{"@type":"WebSite","@id":"https:\/\/quehacerpolitico.mx\/#website","url":"https:\/\/quehacerpolitico.mx\/","name":"","description":"","potentialAction":[{"@type":"SearchAction","target":{"@type":"EntryPoint","urlTemplate":"https:\/\/quehacerpolitico.mx\/?s={search_term_string}"},"query-input":{"@type":"PropertyValueSpecification","valueRequired":true,"valueName":"search_term_string"}}],"inLanguage":"es"},{"@type":"Person","@id":"https:\/\/quehacerpolitico.mx\/#\/schema\/person\/496d8ad2d1d3f8036101dca7ee39e585","name":"Redacci\u00f3n QP","image":{"@type":"ImageObject","inLanguage":"es","@id":"https:\/\/secure.gravatar.com\/avatar\/c7164ed6fdec453195284ad24a5ae5b6e1eed2b848477fa2a4787ba9adf39a41?s=96&d=mm&r=g","url":"https:\/\/secure.gravatar.com\/avatar\/c7164ed6fdec453195284ad24a5ae5b6e1eed2b848477fa2a4787ba9adf39a41?s=96&d=mm&r=g","contentUrl":"https:\/\/secure.gravatar.com\/avatar\/c7164ed6fdec453195284ad24a5ae5b6e1eed2b848477fa2a4787ba9adf39a41?s=96&d=mm&r=g","caption":"Redacci\u00f3n QP"},"url":"https:\/\/quehacerpolitico.mx\/?author=2"}]}},"featured_image_urls":{"full":"","thumbnail":"","medium":"","medium_large":"","large":"","1536x1536":"","2048x2048":"","covernews-featured":"","covernews-medium":""},"author_info":{"display_name":"Redacci\u00f3n QP","author_link":"https:\/\/quehacerpolitico.mx\/?author=2"},"category_info":"<a href=\"https:\/\/quehacerpolitico.mx\/?cat=2\" rel=\"category\">Noticias<\/a>","tag_info":"Noticias","comment_count":"0","_links":{"self":[{"href":"https:\/\/quehacerpolitico.mx\/index.php?rest_route=\/wp\/v2\/posts\/53955","targetHints":{"allow":["GET"]}}],"collection":[{"href":"https:\/\/quehacerpolitico.mx\/index.php?rest_route=\/wp\/v2\/posts"}],"about":[{"href":"https:\/\/quehacerpolitico.mx\/index.php?rest_route=\/wp\/v2\/types\/post"}],"author":[{"embeddable":true,"href":"https:\/\/quehacerpolitico.mx\/index.php?rest_route=\/wp\/v2\/users\/2"}],"replies":[{"embeddable":true,"href":"https:\/\/quehacerpolitico.mx\/index.php?rest_route=%2Fwp%2Fv2%2Fcomments&post=53955"}],"version-history":[{"count":0,"href":"https:\/\/quehacerpolitico.mx\/index.php?rest_route=\/wp\/v2\/posts\/53955\/revisions"}],"wp:featuredmedia":[{"embeddable":true,"href":"https:\/\/quehacerpolitico.mx\/index.php?rest_route=\/"}],"wp:attachment":[{"href":"https:\/\/quehacerpolitico.mx\/index.php?rest_route=%2Fwp%2Fv2%2Fmedia&parent=53955"}],"wp:term":[{"taxonomy":"category","embeddable":true,"href":"https:\/\/quehacerpolitico.mx\/index.php?rest_route=%2Fwp%2Fv2%2Fcategories&post=53955"},{"taxonomy":"post_tag","embeddable":true,"href":"https:\/\/quehacerpolitico.mx\/index.php?rest_route=%2Fwp%2Fv2%2Ftags&post=53955"}],"curies":[{"name":"wp","href":"https:\/\/api.w.org\/{rel}","templated":true}]}}