{"id":53844,"date":"2020-02-28T04:41:42","date_gmt":"2020-02-28T04:41:42","guid":{"rendered":"http:\/\/quehacerpolitico.mx\/?p=53844"},"modified":"2020-02-28T04:41:42","modified_gmt":"2020-02-28T04:41:42","slug":"internacionales-carolina-alonso-romei-suben-muertes-por-covid-19-a-dos-mil-858-en-el-mundo","status":"publish","type":"post","link":"https:\/\/quehacerpolitico.mx\/?p=53844","title":{"rendered":"Internacionales\/\/\/Carolina Alonso Romei\/\/\/Suben muertes por Covid-19 a dos mil 858 en el mundo"},"content":{"rendered":"<div class=\"titulo\">Suben muertes por Covid-19 a dos mil 858 en el mundo<\/div>\n<div class=\"desarrollo\">Por Carolina Alonso Romei<\/div>\n<div>Internacionalista<\/div>\n<div>\n<p>La Comisi\u00f3n Nacional de Salud de China (NHC) inform\u00f3 que, hasta este viernes, van dos mil 858 muertes por Covid-19 en el mundo, as\u00ed como 83 mil 265 casos confirmados.<\/p>\n<p>Las cifras significan un incremento de 57 fallecimientos de un d\u00eda a otro, m\u00e1s que en la jornada pasada, y un aumento de mil 238 casos; tambi\u00e9n m\u00e1s que los nuevos registrados el d\u00eda anterior.<\/p>\n<p>Por otro lado, se han recuperado 36 mil 436 personas; tres mil 230 m\u00e1s desde ayer. Esta cifra es muy cercana a la de la jornada anterior.<\/p>\n<p>Al igual que ayer, hoy fue un d\u00eda severo para Corea del Sur, el segundo pa\u00eds m\u00e1s afectado por la epidemia despu\u00e9s de China, pues registr\u00f3 427 nuevos casos de contagio\u00a0y lleg\u00f3 a dos mil 22, sin registrar\u00a0ning\u00fan nuevo deceso.<\/p>\n<p>Las personas a bordo del crucero Diamond Princess, anclado en el puerto de Yohohama, en Jap\u00f3n, que est\u00e1n infectadas por el Covid-19 aumentaron a 705.<\/p>\n<p>Los nuevos pa\u00edses a los cuales ha llegado el virus en las \u00faltimas 24 horas son Dinamarca, Estonia, Georgia, Grecia, Pakist\u00e1n, Noruega y Macedonia del Norte.<\/p>\n<p>Las muertes en Ir\u00e1n se elevaron de 19 a 26, mientras trascendi\u00f3 la noticia de que en ese pa\u00eds se han contagiado la vicepresidenta y el viceministro de Salud, as\u00ed como\u00a0 el fallecimiento del ex diplom\u00e1tico Hadi Khosroshani.<\/p>\n<p>En Kuwait, donde los casos por Covid-19 ascendieron a 43 de acuerdo con el Ministerio de Salud, la empresa petrolera del Estado anunci\u00f3 la suspensi\u00f3n de todas las misiones oficiales y programas de capacitaci\u00f3n externos e internos, seg\u00fan un comunicado en su cuenta de Twitter.<\/p>\n<p>Por su parte, el director de la Organizaci\u00f3n Mundial de la Salud (OMS), Thedros Adhanom Ghebreyesus, dijo hoy que el Covid-19 puede ser contenido y derrotado si se ponen en marcha planes de lucha contra la epidemia. Asegur\u00f3 que muchos pa\u00edses lo han conseguido y que la evidencia recopilada hasta el momento sugiere que a\u00fan no se presenta una transmisi\u00f3n comunitaria generalizada, sugiere la evidencia.<\/p>\n<p>Ghebreyesus advirti\u00f3 que ning\u00fan pa\u00eds debe asumir que no recibir\u00e1 el virus, pues esto constituir\u00eda \u201cun error fatal\u201d. Se\u00f1al\u00f3 que, de actuarse agresivamente, el virus puede ser contenido.<\/p>\n<p>Con informaci\u00f3n de NTX<\/p>\n<\/div>\n","protected":false},"excerpt":{"rendered":"<p>Suben muertes por Covid-19 a dos mil 858 en el mundo Por Carolina Alonso Romei&#8230;<\/p>\n","protected":false},"author":2,"featured_media":53845,"comment_status":"open","ping_status":"open","sticky":false,"template":"","format":"standard","meta":{"_monsterinsights_skip_tracking":false,"_monsterinsights_sitenote_active":false,"_monsterinsights_sitenote_note":"","_monsterinsights_sitenote_category":0,"footnotes":""},"categories":[1],"tags":[],"class_list":["post-53844","post","type-post","status-publish","format-standard","has-post-thumbnail","hentry","category-sin-categoria"],"yoast_head":"<!-- This site is optimized with the Yoast SEO plugin v27.3 - https:\/\/yoast.com\/product\/yoast-seo-wordpress\/ -->\n<title>Internacionales\/\/\/Carolina Alonso Romei\/\/\/Suben muertes por Covid-19 a dos mil 858 en el mundo -<\/title>\n<meta name=\"robots\" content=\"index, follow, max-snippet:-1, max-image-preview:large, max-video-preview:-1\" \/>\n<link rel=\"canonical\" href=\"https:\/\/quehacerpolitico.mx\/?p=53844\" \/>\n<meta property=\"og:locale\" content=\"es_MX\" \/>\n<meta property=\"og:type\" content=\"article\" \/>\n<meta property=\"og:title\" content=\"Internacionales\/\/\/Carolina Alonso Romei\/\/\/Suben muertes por Covid-19 a dos mil 858 en el mundo -\" \/>\n<meta property=\"og:description\" content=\"Suben muertes por Covid-19 a dos mil 858 en el mundo Por Carolina Alonso Romei...\" \/>\n<meta property=\"og:url\" content=\"https:\/\/quehacerpolitico.mx\/?p=53844\" \/>\n<meta property=\"article:published_time\" content=\"2020-02-28T04:41:42+00:00\" \/>\n<meta property=\"og:image\" content=\"https:\/\/quehacerpolitico.mx\/wp-content\/uploads\/2020\/02\/09135241-3EB6-492E-BD3F-D090C0F8A21E.jpeg\" \/>\n\t<meta property=\"og:image:width\" content=\"403\" \/>\n\t<meta property=\"og:image:height\" content=\"298\" \/>\n\t<meta property=\"og:image:type\" content=\"image\/jpeg\" \/>\n<meta name=\"author\" content=\"Redacci\u00f3n QP\" \/>\n<meta name=\"twitter:card\" content=\"summary_large_image\" \/>\n<meta name=\"twitter:label1\" content=\"Escrito por\" \/>\n\t<meta name=\"twitter:data1\" content=\"Redacci\u00f3n QP\" \/>\n\t<meta name=\"twitter:label2\" content=\"Tiempo de lectura\" \/>\n\t<meta name=\"twitter:data2\" content=\"2 minutos\" \/>\n<script type=\"application\/ld+json\" class=\"yoast-schema-graph\">{\"@context\":\"https:\\\/\\\/schema.org\",\"@graph\":[{\"@type\":\"Article\",\"@id\":\"https:\\\/\\\/quehacerpolitico.mx\\\/?p=53844#article\",\"isPartOf\":{\"@id\":\"https:\\\/\\\/quehacerpolitico.mx\\\/?p=53844\"},\"author\":{\"name\":\"Redacci\u00f3n QP\",\"@id\":\"https:\\\/\\\/quehacerpolitico.mx\\\/#\\\/schema\\\/person\\\/496d8ad2d1d3f8036101dca7ee39e585\"},\"headline\":\"Internacionales\\\/\\\/\\\/Carolina Alonso Romei\\\/\\\/\\\/Suben muertes por Covid-19 a dos mil 858 en el mundo\",\"datePublished\":\"2020-02-28T04:41:42+00:00\",\"mainEntityOfPage\":{\"@id\":\"https:\\\/\\\/quehacerpolitico.mx\\\/?p=53844\"},\"wordCount\":410,\"commentCount\":0,\"image\":{\"@id\":\"https:\\\/\\\/quehacerpolitico.mx\\\/?p=53844#primaryimage\"},\"thumbnailUrl\":\"https:\\\/\\\/quehacerpolitico.mx\\\/wp-content\\\/uploads\\\/2020\\\/02\\\/09135241-3EB6-492E-BD3F-D090C0F8A21E.jpeg\",\"articleSection\":[\"Internacionales\"],\"inLanguage\":\"es\",\"potentialAction\":[{\"@type\":\"CommentAction\",\"name\":\"Comment\",\"target\":[\"https:\\\/\\\/quehacerpolitico.mx\\\/?p=53844#respond\"]}]},{\"@type\":\"WebPage\",\"@id\":\"https:\\\/\\\/quehacerpolitico.mx\\\/?p=53844\",\"url\":\"https:\\\/\\\/quehacerpolitico.mx\\\/?p=53844\",\"name\":\"Internacionales\\\/\\\/\\\/Carolina Alonso Romei\\\/\\\/\\\/Suben muertes por Covid-19 a dos mil 858 en el mundo -\",\"isPartOf\":{\"@id\":\"https:\\\/\\\/quehacerpolitico.mx\\\/#website\"},\"primaryImageOfPage\":{\"@id\":\"https:\\\/\\\/quehacerpolitico.mx\\\/?p=53844#primaryimage\"},\"image\":{\"@id\":\"https:\\\/\\\/quehacerpolitico.mx\\\/?p=53844#primaryimage\"},\"thumbnailUrl\":\"https:\\\/\\\/quehacerpolitico.mx\\\/wp-content\\\/uploads\\\/2020\\\/02\\\/09135241-3EB6-492E-BD3F-D090C0F8A21E.jpeg\",\"datePublished\":\"2020-02-28T04:41:42+00:00\",\"author\":{\"@id\":\"https:\\\/\\\/quehacerpolitico.mx\\\/#\\\/schema\\\/person\\\/496d8ad2d1d3f8036101dca7ee39e585\"},\"breadcrumb\":{\"@id\":\"https:\\\/\\\/quehacerpolitico.mx\\\/?p=53844#breadcrumb\"},\"inLanguage\":\"es\",\"potentialAction\":[{\"@type\":\"ReadAction\",\"target\":[\"https:\\\/\\\/quehacerpolitico.mx\\\/?p=53844\"]}]},{\"@type\":\"ImageObject\",\"inLanguage\":\"es\",\"@id\":\"https:\\\/\\\/quehacerpolitico.mx\\\/?p=53844#primaryimage\",\"url\":\"https:\\\/\\\/quehacerpolitico.mx\\\/wp-content\\\/uploads\\\/2020\\\/02\\\/09135241-3EB6-492E-BD3F-D090C0F8A21E.jpeg\",\"contentUrl\":\"https:\\\/\\\/quehacerpolitico.mx\\\/wp-content\\\/uploads\\\/2020\\\/02\\\/09135241-3EB6-492E-BD3F-D090C0F8A21E.jpeg\",\"width\":403,\"height\":298},{\"@type\":\"BreadcrumbList\",\"@id\":\"https:\\\/\\\/quehacerpolitico.mx\\\/?p=53844#breadcrumb\",\"itemListElement\":[{\"@type\":\"ListItem\",\"position\":1,\"name\":\"Inicio\",\"item\":\"https:\\\/\\\/quehacerpolitico.mx\\\/\"},{\"@type\":\"ListItem\",\"position\":2,\"name\":\"Internacionales\\\/\\\/\\\/Carolina Alonso Romei\\\/\\\/\\\/Suben muertes por Covid-19 a dos mil 858 en el mundo\"}]},{\"@type\":\"WebSite\",\"@id\":\"https:\\\/\\\/quehacerpolitico.mx\\\/#website\",\"url\":\"https:\\\/\\\/quehacerpolitico.mx\\\/\",\"name\":\"\",\"description\":\"\",\"potentialAction\":[{\"@type\":\"SearchAction\",\"target\":{\"@type\":\"EntryPoint\",\"urlTemplate\":\"https:\\\/\\\/quehacerpolitico.mx\\\/?s={search_term_string}\"},\"query-input\":{\"@type\":\"PropertyValueSpecification\",\"valueRequired\":true,\"valueName\":\"search_term_string\"}}],\"inLanguage\":\"es\"},{\"@type\":\"Person\",\"@id\":\"https:\\\/\\\/quehacerpolitico.mx\\\/#\\\/schema\\\/person\\\/496d8ad2d1d3f8036101dca7ee39e585\",\"name\":\"Redacci\u00f3n QP\",\"image\":{\"@type\":\"ImageObject\",\"inLanguage\":\"es\",\"@id\":\"https:\\\/\\\/secure.gravatar.com\\\/avatar\\\/c7164ed6fdec453195284ad24a5ae5b6e1eed2b848477fa2a4787ba9adf39a41?s=96&d=mm&r=g\",\"url\":\"https:\\\/\\\/secure.gravatar.com\\\/avatar\\\/c7164ed6fdec453195284ad24a5ae5b6e1eed2b848477fa2a4787ba9adf39a41?s=96&d=mm&r=g\",\"contentUrl\":\"https:\\\/\\\/secure.gravatar.com\\\/avatar\\\/c7164ed6fdec453195284ad24a5ae5b6e1eed2b848477fa2a4787ba9adf39a41?s=96&d=mm&r=g\",\"caption\":\"Redacci\u00f3n QP\"},\"url\":\"https:\\\/\\\/quehacerpolitico.mx\\\/?author=2\"}]}<\/script>\n<!-- \/ Yoast SEO plugin. -->","yoast_head_json":{"title":"Internacionales\/\/\/Carolina Alonso Romei\/\/\/Suben muertes por Covid-19 a dos mil 858 en el mundo -","robots":{"index":"index","follow":"follow","max-snippet":"max-snippet:-1","max-image-preview":"max-image-preview:large","max-video-preview":"max-video-preview:-1"},"canonical":"https:\/\/quehacerpolitico.mx\/?p=53844","og_locale":"es_MX","og_type":"article","og_title":"Internacionales\/\/\/Carolina Alonso Romei\/\/\/Suben muertes por Covid-19 a dos mil 858 en el mundo -","og_description":"Suben muertes por Covid-19 a dos mil 858 en el mundo Por Carolina Alonso Romei...","og_url":"https:\/\/quehacerpolitico.mx\/?p=53844","article_published_time":"2020-02-28T04:41:42+00:00","og_image":[{"width":403,"height":298,"url":"https:\/\/quehacerpolitico.mx\/wp-content\/uploads\/2020\/02\/09135241-3EB6-492E-BD3F-D090C0F8A21E.jpeg","type":"image\/jpeg"}],"author":"Redacci\u00f3n QP","twitter_card":"summary_large_image","twitter_misc":{"Escrito por":"Redacci\u00f3n QP","Tiempo de lectura":"2 minutos"},"schema":{"@context":"https:\/\/schema.org","@graph":[{"@type":"Article","@id":"https:\/\/quehacerpolitico.mx\/?p=53844#article","isPartOf":{"@id":"https:\/\/quehacerpolitico.mx\/?p=53844"},"author":{"name":"Redacci\u00f3n QP","@id":"https:\/\/quehacerpolitico.mx\/#\/schema\/person\/496d8ad2d1d3f8036101dca7ee39e585"},"headline":"Internacionales\/\/\/Carolina Alonso Romei\/\/\/Suben muertes por Covid-19 a dos mil 858 en el mundo","datePublished":"2020-02-28T04:41:42+00:00","mainEntityOfPage":{"@id":"https:\/\/quehacerpolitico.mx\/?p=53844"},"wordCount":410,"commentCount":0,"image":{"@id":"https:\/\/quehacerpolitico.mx\/?p=53844#primaryimage"},"thumbnailUrl":"https:\/\/quehacerpolitico.mx\/wp-content\/uploads\/2020\/02\/09135241-3EB6-492E-BD3F-D090C0F8A21E.jpeg","articleSection":["Internacionales"],"inLanguage":"es","potentialAction":[{"@type":"CommentAction","name":"Comment","target":["https:\/\/quehacerpolitico.mx\/?p=53844#respond"]}]},{"@type":"WebPage","@id":"https:\/\/quehacerpolitico.mx\/?p=53844","url":"https:\/\/quehacerpolitico.mx\/?p=53844","name":"Internacionales\/\/\/Carolina Alonso Romei\/\/\/Suben muertes por Covid-19 a dos mil 858 en el mundo -","isPartOf":{"@id":"https:\/\/quehacerpolitico.mx\/#website"},"primaryImageOfPage":{"@id":"https:\/\/quehacerpolitico.mx\/?p=53844#primaryimage"},"image":{"@id":"https:\/\/quehacerpolitico.mx\/?p=53844#primaryimage"},"thumbnailUrl":"https:\/\/quehacerpolitico.mx\/wp-content\/uploads\/2020\/02\/09135241-3EB6-492E-BD3F-D090C0F8A21E.jpeg","datePublished":"2020-02-28T04:41:42+00:00","author":{"@id":"https:\/\/quehacerpolitico.mx\/#\/schema\/person\/496d8ad2d1d3f8036101dca7ee39e585"},"breadcrumb":{"@id":"https:\/\/quehacerpolitico.mx\/?p=53844#breadcrumb"},"inLanguage":"es","potentialAction":[{"@type":"ReadAction","target":["https:\/\/quehacerpolitico.mx\/?p=53844"]}]},{"@type":"ImageObject","inLanguage":"es","@id":"https:\/\/quehacerpolitico.mx\/?p=53844#primaryimage","url":"https:\/\/quehacerpolitico.mx\/wp-content\/uploads\/2020\/02\/09135241-3EB6-492E-BD3F-D090C0F8A21E.jpeg","contentUrl":"https:\/\/quehacerpolitico.mx\/wp-content\/uploads\/2020\/02\/09135241-3EB6-492E-BD3F-D090C0F8A21E.jpeg","width":403,"height":298},{"@type":"BreadcrumbList","@id":"https:\/\/quehacerpolitico.mx\/?p=53844#breadcrumb","itemListElement":[{"@type":"ListItem","position":1,"name":"Inicio","item":"https:\/\/quehacerpolitico.mx\/"},{"@type":"ListItem","position":2,"name":"Internacionales\/\/\/Carolina Alonso Romei\/\/\/Suben muertes por Covid-19 a dos mil 858 en el mundo"}]},{"@type":"WebSite","@id":"https:\/\/quehacerpolitico.mx\/#website","url":"https:\/\/quehacerpolitico.mx\/","name":"","description":"","potentialAction":[{"@type":"SearchAction","target":{"@type":"EntryPoint","urlTemplate":"https:\/\/quehacerpolitico.mx\/?s={search_term_string}"},"query-input":{"@type":"PropertyValueSpecification","valueRequired":true,"valueName":"search_term_string"}}],"inLanguage":"es"},{"@type":"Person","@id":"https:\/\/quehacerpolitico.mx\/#\/schema\/person\/496d8ad2d1d3f8036101dca7ee39e585","name":"Redacci\u00f3n QP","image":{"@type":"ImageObject","inLanguage":"es","@id":"https:\/\/secure.gravatar.com\/avatar\/c7164ed6fdec453195284ad24a5ae5b6e1eed2b848477fa2a4787ba9adf39a41?s=96&d=mm&r=g","url":"https:\/\/secure.gravatar.com\/avatar\/c7164ed6fdec453195284ad24a5ae5b6e1eed2b848477fa2a4787ba9adf39a41?s=96&d=mm&r=g","contentUrl":"https:\/\/secure.gravatar.com\/avatar\/c7164ed6fdec453195284ad24a5ae5b6e1eed2b848477fa2a4787ba9adf39a41?s=96&d=mm&r=g","caption":"Redacci\u00f3n QP"},"url":"https:\/\/quehacerpolitico.mx\/?author=2"}]}},"featured_image_urls":{"full":["https:\/\/quehacerpolitico.mx\/wp-content\/uploads\/2020\/02\/09135241-3EB6-492E-BD3F-D090C0F8A21E.jpeg",403,298,false],"thumbnail":["https:\/\/quehacerpolitico.mx\/wp-content\/uploads\/2020\/02\/09135241-3EB6-492E-BD3F-D090C0F8A21E-150x150.jpeg",150,150,true],"medium":["https:\/\/quehacerpolitico.mx\/wp-content\/uploads\/2020\/02\/09135241-3EB6-492E-BD3F-D090C0F8A21E-300x222.jpeg",300,222,true],"medium_large":["https:\/\/quehacerpolitico.mx\/wp-content\/uploads\/2020\/02\/09135241-3EB6-492E-BD3F-D090C0F8A21E.jpeg",403,298,false],"large":["https:\/\/quehacerpolitico.mx\/wp-content\/uploads\/2020\/02\/09135241-3EB6-492E-BD3F-D090C0F8A21E.jpeg",403,298,false],"1536x1536":["https:\/\/quehacerpolitico.mx\/wp-content\/uploads\/2020\/02\/09135241-3EB6-492E-BD3F-D090C0F8A21E.jpeg",403,298,false],"2048x2048":["https:\/\/quehacerpolitico.mx\/wp-content\/uploads\/2020\/02\/09135241-3EB6-492E-BD3F-D090C0F8A21E.jpeg",403,298,false],"covernews-featured":["https:\/\/quehacerpolitico.mx\/wp-content\/uploads\/2020\/02\/09135241-3EB6-492E-BD3F-D090C0F8A21E.jpeg",403,298,false],"covernews-medium":["https:\/\/quehacerpolitico.mx\/wp-content\/uploads\/2020\/02\/09135241-3EB6-492E-BD3F-D090C0F8A21E.jpeg",403,298,false]},"author_info":{"display_name":"Redacci\u00f3n QP","author_link":"https:\/\/quehacerpolitico.mx\/?author=2"},"category_info":"<a href=\"https:\/\/quehacerpolitico.mx\/?cat=1\" rel=\"category\">Internacionales<\/a>","tag_info":"Internacionales","comment_count":"0","_links":{"self":[{"href":"https:\/\/quehacerpolitico.mx\/index.php?rest_route=\/wp\/v2\/posts\/53844","targetHints":{"allow":["GET"]}}],"collection":[{"href":"https:\/\/quehacerpolitico.mx\/index.php?rest_route=\/wp\/v2\/posts"}],"about":[{"href":"https:\/\/quehacerpolitico.mx\/index.php?rest_route=\/wp\/v2\/types\/post"}],"author":[{"embeddable":true,"href":"https:\/\/quehacerpolitico.mx\/index.php?rest_route=\/wp\/v2\/users\/2"}],"replies":[{"embeddable":true,"href":"https:\/\/quehacerpolitico.mx\/index.php?rest_route=%2Fwp%2Fv2%2Fcomments&post=53844"}],"version-history":[{"count":0,"href":"https:\/\/quehacerpolitico.mx\/index.php?rest_route=\/wp\/v2\/posts\/53844\/revisions"}],"wp:featuredmedia":[{"embeddable":true,"href":"https:\/\/quehacerpolitico.mx\/index.php?rest_route=\/wp\/v2\/media\/53845"}],"wp:attachment":[{"href":"https:\/\/quehacerpolitico.mx\/index.php?rest_route=%2Fwp%2Fv2%2Fmedia&parent=53844"}],"wp:term":[{"taxonomy":"category","embeddable":true,"href":"https:\/\/quehacerpolitico.mx\/index.php?rest_route=%2Fwp%2Fv2%2Fcategories&post=53844"},{"taxonomy":"post_tag","embeddable":true,"href":"https:\/\/quehacerpolitico.mx\/index.php?rest_route=%2Fwp%2Fv2%2Ftags&post=53844"}],"curies":[{"name":"wp","href":"https:\/\/api.w.org\/{rel}","templated":true}]}}