{"id":53695,"date":"2020-02-27T03:13:34","date_gmt":"2020-02-27T03:13:34","guid":{"rendered":"http:\/\/quehacerpolitico.mx\/?p=53695"},"modified":"2020-02-27T03:13:34","modified_gmt":"2020-02-27T03:13:34","slug":"la-uif-investiga-a-osorio-chong-por-posible-vinculo-con-odebrecht","status":"publish","type":"post","link":"https:\/\/quehacerpolitico.mx\/?p=53695","title":{"rendered":"La UIF investiga a Osorio Chong por posible v\u00ednculo con Odebrecht"},"content":{"rendered":"<h1 class=\"news-title\">La UIF investiga a Osorio Chong por posible v\u00ednculo con Odebrecht<br \/>\nPor Redacci\u00f3n QP<\/h1>\n<p>Mexicanos Contra la Corrupci\u00f3n y la Impunidad (MCCI) se\u00f1ala que el casero del ex secretario de Gobernaci\u00f3n recibi\u00f3 transferencias de Odebrech<\/p>\n<p>La posible participaci\u00f3n del ex secretario de Gobernaci\u00f3n, Miguel \u00c1ngel Osorio Chong, <strong>en una trama de transferencias de la empresa Odebrecht al constructor Carlos Aniano Sosa Velasco, quien le rentaba residencias al actual senador<\/strong>, est\u00e1 siendo investigada por la Unidad de Inteligencia Financiera.<\/p>\n<p>Seg\u00fan la p\u00e1gina oficial de Mexicanos Contra la Corrupci\u00f3n y la Impunidad (MCCI), consta en documentos consultados por este organismo, que &#8220;en el esquema que elabor\u00f3 la Unidad de Inteligencia Financiera (UIF) sobre los fondos transferidos por Odebrecht, <strong>se detectaron pagos al Grupo Constructor Tulancingo, propiedad de Carlos Aniano Sosa Velasco, due\u00f1o de dos residencias que habit\u00f3 Osorio Chong en Bosques de las Lomas y en Lomas de Chapultepec<\/strong>&#8220;, precisa la investigaci\u00f3n.<\/p>\n<p>En la publicaci\u00f3n digital se a\u00f1ade que &#8220;el ex secretario de Gobernaci\u00f3n est\u00e1 en la mira de las autoridades; el due\u00f1o de las casas que habitaba fue beneficiado con obra asignada con sobornos a Odebrecht. <strong>Tambi\u00e9n rastrean contratos que dio Nuvia Mayorga, actual compa\u00f1era de Osorio en el Senado&#8221;.<\/strong><\/p>\n<p>Se indica que entre las dependencias que otorgaron contratos al casero del senador, estuvieron la Comisi\u00f3n Nacional para el Desarrollo de los Pueblos Ind\u00edgenas (CNDI), y el centro Hidalgo de la Secretar\u00eda de Comunicaciones y Transportes (SCT).<\/p>\n<p>&#8220;Ambas dependencias las encabezaban dos colaboradores de Osorio desde los d\u00edas en que fue Gobernador de Hidalgo, entre 2005 y 2011: al frente de la CNDI estaba Nuvia Mayorga, quien fue su Secretaria de Finanzas en la gubernatura, mientras que el director del centro de la SCT en Pachuca era Alberto Salom\u00f3n Bulos, su ex Subsecretario de Obras.<\/p>\n<p>Mayorga colabor\u00f3 con Osorio Chong desde el Partido Revolucionario Institucional en la campa\u00f1a presidencial de 2012, se\u00f1ala el art\u00edculo. <strong>Cuando se le relacion\u00f3 por primera vez con el caso Odebrecht, la ahora senadora ofreci\u00f3 renunciar al secreto bancario para que revisaran sus cuentas<\/strong>.<\/p>\n<p>&#8220;En agosto de 2017 el columnista Salvador Garc\u00eda Soto afirm\u00f3 que el propio Emilio Lozoya lleg\u00f3 a comentar a personas cercanas que \u00e9l no hab\u00eda recibido el dinero de Odebrecht y que esos recursos llegaron a trav\u00e9s de &#8216;una operadora financiera de un gobernador&#8217; y mencionaba en concreto el nombre de Nuvia Mayorga, ex secretaria de Finanzas de Hidalgo&#8221;, se\u00f1ala la investigaci\u00f3n<\/p>\n<p>&#8220;<strong>Actualmente Osorio y Nuvia Mayorga son senadores por el PRI y gozar\u00e1n de fuero constitucional hasta el a\u00f1o 2024<\/strong>&#8220;, puntualiza MCCI.<\/p>\n<p>Como dato hist\u00f3rico MCCI explica que&#8221; el 24 de noviembre de 2017, revel\u00f3 que el contrato para la modernizaci\u00f3n de la refiner\u00eda de Tula, que Pemex hab\u00eda asignado a Odebrecht mediante el supuesto pago de sobornos, termin\u00f3 parcialmente en manos del casero de Osorio Chong&#8221;.<\/p>\n<p>&#8220;El contrato original -a\u00f1ade-, asignado a Odebrecht en Tula fue de 1,666 millones de pesos (IVA incluido), pero se elev\u00f3 a 2,686 millones de pesos, debido a que se subcontrat\u00f3 pr\u00e1cticamente toda la obra, de acuerdo con el expediente al que MCCI tuvo acceso&#8221;.<\/p>\n<p>Con informaci\u00f3n de NTX<\/p>\n","protected":false},"excerpt":{"rendered":"<p>La UIF investiga a Osorio Chong por posible v\u00ednculo con Odebrecht Por Redacci\u00f3n QP Mexicanos&#8230;<\/p>\n","protected":false},"author":2,"featured_media":53696,"comment_status":"open","ping_status":"open","sticky":false,"template":"","format":"standard","meta":{"_monsterinsights_skip_tracking":false,"_monsterinsights_sitenote_active":false,"_monsterinsights_sitenote_note":"","_monsterinsights_sitenote_category":0,"footnotes":""},"categories":[2],"tags":[],"class_list":["post-53695","post","type-post","status-publish","format-standard","has-post-thumbnail","hentry","category-noticias"],"yoast_head":"<!-- This site is optimized with the Yoast SEO plugin v27.3 - https:\/\/yoast.com\/product\/yoast-seo-wordpress\/ -->\n<title>La UIF investiga a Osorio Chong por posible v\u00ednculo con Odebrecht -<\/title>\n<meta name=\"robots\" content=\"index, follow, max-snippet:-1, max-image-preview:large, max-video-preview:-1\" \/>\n<link rel=\"canonical\" href=\"https:\/\/quehacerpolitico.mx\/?p=53695\" \/>\n<meta property=\"og:locale\" content=\"es_MX\" \/>\n<meta property=\"og:type\" content=\"article\" \/>\n<meta property=\"og:title\" content=\"La UIF investiga a Osorio Chong por posible v\u00ednculo con Odebrecht -\" \/>\n<meta property=\"og:description\" content=\"La UIF investiga a Osorio Chong por posible v\u00ednculo con Odebrecht Por Redacci\u00f3n QP Mexicanos...\" \/>\n<meta property=\"og:url\" content=\"https:\/\/quehacerpolitico.mx\/?p=53695\" \/>\n<meta property=\"article:published_time\" content=\"2020-02-27T03:13:34+00:00\" \/>\n<meta property=\"og:image\" content=\"https:\/\/quehacerpolitico.mx\/wp-content\/uploads\/2020\/02\/826A0FE0-0C48-4CCF-A7A6-C6EB507CC64E.jpeg\" \/>\n\t<meta property=\"og:image:width\" content=\"320\" \/>\n\t<meta property=\"og:image:height\" content=\"305\" \/>\n\t<meta property=\"og:image:type\" content=\"image\/jpeg\" \/>\n<meta name=\"author\" content=\"Redacci\u00f3n QP\" \/>\n<meta name=\"twitter:card\" content=\"summary_large_image\" \/>\n<meta name=\"twitter:label1\" content=\"Escrito por\" \/>\n\t<meta name=\"twitter:data1\" content=\"Redacci\u00f3n QP\" \/>\n\t<meta name=\"twitter:label2\" content=\"Tiempo de lectura\" \/>\n\t<meta name=\"twitter:data2\" content=\"3 minutos\" \/>\n<script type=\"application\/ld+json\" class=\"yoast-schema-graph\">{\"@context\":\"https:\\\/\\\/schema.org\",\"@graph\":[{\"@type\":\"Article\",\"@id\":\"https:\\\/\\\/quehacerpolitico.mx\\\/?p=53695#article\",\"isPartOf\":{\"@id\":\"https:\\\/\\\/quehacerpolitico.mx\\\/?p=53695\"},\"author\":{\"name\":\"Redacci\u00f3n QP\",\"@id\":\"https:\\\/\\\/quehacerpolitico.mx\\\/#\\\/schema\\\/person\\\/496d8ad2d1d3f8036101dca7ee39e585\"},\"headline\":\"La UIF investiga a Osorio Chong por posible v\u00ednculo con Odebrecht\",\"datePublished\":\"2020-02-27T03:13:34+00:00\",\"mainEntityOfPage\":{\"@id\":\"https:\\\/\\\/quehacerpolitico.mx\\\/?p=53695\"},\"wordCount\":556,\"commentCount\":0,\"image\":{\"@id\":\"https:\\\/\\\/quehacerpolitico.mx\\\/?p=53695#primaryimage\"},\"thumbnailUrl\":\"https:\\\/\\\/quehacerpolitico.mx\\\/wp-content\\\/uploads\\\/2020\\\/02\\\/826A0FE0-0C48-4CCF-A7A6-C6EB507CC64E.jpeg\",\"articleSection\":[\"Noticias\"],\"inLanguage\":\"es\",\"potentialAction\":[{\"@type\":\"CommentAction\",\"name\":\"Comment\",\"target\":[\"https:\\\/\\\/quehacerpolitico.mx\\\/?p=53695#respond\"]}]},{\"@type\":\"WebPage\",\"@id\":\"https:\\\/\\\/quehacerpolitico.mx\\\/?p=53695\",\"url\":\"https:\\\/\\\/quehacerpolitico.mx\\\/?p=53695\",\"name\":\"La UIF investiga a Osorio Chong por posible v\u00ednculo con Odebrecht -\",\"isPartOf\":{\"@id\":\"https:\\\/\\\/quehacerpolitico.mx\\\/#website\"},\"primaryImageOfPage\":{\"@id\":\"https:\\\/\\\/quehacerpolitico.mx\\\/?p=53695#primaryimage\"},\"image\":{\"@id\":\"https:\\\/\\\/quehacerpolitico.mx\\\/?p=53695#primaryimage\"},\"thumbnailUrl\":\"https:\\\/\\\/quehacerpolitico.mx\\\/wp-content\\\/uploads\\\/2020\\\/02\\\/826A0FE0-0C48-4CCF-A7A6-C6EB507CC64E.jpeg\",\"datePublished\":\"2020-02-27T03:13:34+00:00\",\"author\":{\"@id\":\"https:\\\/\\\/quehacerpolitico.mx\\\/#\\\/schema\\\/person\\\/496d8ad2d1d3f8036101dca7ee39e585\"},\"breadcrumb\":{\"@id\":\"https:\\\/\\\/quehacerpolitico.mx\\\/?p=53695#breadcrumb\"},\"inLanguage\":\"es\",\"potentialAction\":[{\"@type\":\"ReadAction\",\"target\":[\"https:\\\/\\\/quehacerpolitico.mx\\\/?p=53695\"]}]},{\"@type\":\"ImageObject\",\"inLanguage\":\"es\",\"@id\":\"https:\\\/\\\/quehacerpolitico.mx\\\/?p=53695#primaryimage\",\"url\":\"https:\\\/\\\/quehacerpolitico.mx\\\/wp-content\\\/uploads\\\/2020\\\/02\\\/826A0FE0-0C48-4CCF-A7A6-C6EB507CC64E.jpeg\",\"contentUrl\":\"https:\\\/\\\/quehacerpolitico.mx\\\/wp-content\\\/uploads\\\/2020\\\/02\\\/826A0FE0-0C48-4CCF-A7A6-C6EB507CC64E.jpeg\",\"width\":320,\"height\":305},{\"@type\":\"BreadcrumbList\",\"@id\":\"https:\\\/\\\/quehacerpolitico.mx\\\/?p=53695#breadcrumb\",\"itemListElement\":[{\"@type\":\"ListItem\",\"position\":1,\"name\":\"Inicio\",\"item\":\"https:\\\/\\\/quehacerpolitico.mx\\\/\"},{\"@type\":\"ListItem\",\"position\":2,\"name\":\"La UIF investiga a Osorio Chong por posible v\u00ednculo con Odebrecht\"}]},{\"@type\":\"WebSite\",\"@id\":\"https:\\\/\\\/quehacerpolitico.mx\\\/#website\",\"url\":\"https:\\\/\\\/quehacerpolitico.mx\\\/\",\"name\":\"\",\"description\":\"\",\"potentialAction\":[{\"@type\":\"SearchAction\",\"target\":{\"@type\":\"EntryPoint\",\"urlTemplate\":\"https:\\\/\\\/quehacerpolitico.mx\\\/?s={search_term_string}\"},\"query-input\":{\"@type\":\"PropertyValueSpecification\",\"valueRequired\":true,\"valueName\":\"search_term_string\"}}],\"inLanguage\":\"es\"},{\"@type\":\"Person\",\"@id\":\"https:\\\/\\\/quehacerpolitico.mx\\\/#\\\/schema\\\/person\\\/496d8ad2d1d3f8036101dca7ee39e585\",\"name\":\"Redacci\u00f3n QP\",\"image\":{\"@type\":\"ImageObject\",\"inLanguage\":\"es\",\"@id\":\"https:\\\/\\\/secure.gravatar.com\\\/avatar\\\/c7164ed6fdec453195284ad24a5ae5b6e1eed2b848477fa2a4787ba9adf39a41?s=96&d=mm&r=g\",\"url\":\"https:\\\/\\\/secure.gravatar.com\\\/avatar\\\/c7164ed6fdec453195284ad24a5ae5b6e1eed2b848477fa2a4787ba9adf39a41?s=96&d=mm&r=g\",\"contentUrl\":\"https:\\\/\\\/secure.gravatar.com\\\/avatar\\\/c7164ed6fdec453195284ad24a5ae5b6e1eed2b848477fa2a4787ba9adf39a41?s=96&d=mm&r=g\",\"caption\":\"Redacci\u00f3n QP\"},\"url\":\"https:\\\/\\\/quehacerpolitico.mx\\\/?author=2\"}]}<\/script>\n<!-- \/ Yoast SEO plugin. -->","yoast_head_json":{"title":"La UIF investiga a Osorio Chong por posible v\u00ednculo con Odebrecht -","robots":{"index":"index","follow":"follow","max-snippet":"max-snippet:-1","max-image-preview":"max-image-preview:large","max-video-preview":"max-video-preview:-1"},"canonical":"https:\/\/quehacerpolitico.mx\/?p=53695","og_locale":"es_MX","og_type":"article","og_title":"La UIF investiga a Osorio Chong por posible v\u00ednculo con Odebrecht -","og_description":"La UIF investiga a Osorio Chong por posible v\u00ednculo con Odebrecht Por Redacci\u00f3n QP Mexicanos...","og_url":"https:\/\/quehacerpolitico.mx\/?p=53695","article_published_time":"2020-02-27T03:13:34+00:00","og_image":[{"width":320,"height":305,"url":"https:\/\/quehacerpolitico.mx\/wp-content\/uploads\/2020\/02\/826A0FE0-0C48-4CCF-A7A6-C6EB507CC64E.jpeg","type":"image\/jpeg"}],"author":"Redacci\u00f3n QP","twitter_card":"summary_large_image","twitter_misc":{"Escrito por":"Redacci\u00f3n QP","Tiempo de lectura":"3 minutos"},"schema":{"@context":"https:\/\/schema.org","@graph":[{"@type":"Article","@id":"https:\/\/quehacerpolitico.mx\/?p=53695#article","isPartOf":{"@id":"https:\/\/quehacerpolitico.mx\/?p=53695"},"author":{"name":"Redacci\u00f3n QP","@id":"https:\/\/quehacerpolitico.mx\/#\/schema\/person\/496d8ad2d1d3f8036101dca7ee39e585"},"headline":"La UIF investiga a Osorio Chong por posible v\u00ednculo con Odebrecht","datePublished":"2020-02-27T03:13:34+00:00","mainEntityOfPage":{"@id":"https:\/\/quehacerpolitico.mx\/?p=53695"},"wordCount":556,"commentCount":0,"image":{"@id":"https:\/\/quehacerpolitico.mx\/?p=53695#primaryimage"},"thumbnailUrl":"https:\/\/quehacerpolitico.mx\/wp-content\/uploads\/2020\/02\/826A0FE0-0C48-4CCF-A7A6-C6EB507CC64E.jpeg","articleSection":["Noticias"],"inLanguage":"es","potentialAction":[{"@type":"CommentAction","name":"Comment","target":["https:\/\/quehacerpolitico.mx\/?p=53695#respond"]}]},{"@type":"WebPage","@id":"https:\/\/quehacerpolitico.mx\/?p=53695","url":"https:\/\/quehacerpolitico.mx\/?p=53695","name":"La UIF investiga a Osorio Chong por posible v\u00ednculo con Odebrecht -","isPartOf":{"@id":"https:\/\/quehacerpolitico.mx\/#website"},"primaryImageOfPage":{"@id":"https:\/\/quehacerpolitico.mx\/?p=53695#primaryimage"},"image":{"@id":"https:\/\/quehacerpolitico.mx\/?p=53695#primaryimage"},"thumbnailUrl":"https:\/\/quehacerpolitico.mx\/wp-content\/uploads\/2020\/02\/826A0FE0-0C48-4CCF-A7A6-C6EB507CC64E.jpeg","datePublished":"2020-02-27T03:13:34+00:00","author":{"@id":"https:\/\/quehacerpolitico.mx\/#\/schema\/person\/496d8ad2d1d3f8036101dca7ee39e585"},"breadcrumb":{"@id":"https:\/\/quehacerpolitico.mx\/?p=53695#breadcrumb"},"inLanguage":"es","potentialAction":[{"@type":"ReadAction","target":["https:\/\/quehacerpolitico.mx\/?p=53695"]}]},{"@type":"ImageObject","inLanguage":"es","@id":"https:\/\/quehacerpolitico.mx\/?p=53695#primaryimage","url":"https:\/\/quehacerpolitico.mx\/wp-content\/uploads\/2020\/02\/826A0FE0-0C48-4CCF-A7A6-C6EB507CC64E.jpeg","contentUrl":"https:\/\/quehacerpolitico.mx\/wp-content\/uploads\/2020\/02\/826A0FE0-0C48-4CCF-A7A6-C6EB507CC64E.jpeg","width":320,"height":305},{"@type":"BreadcrumbList","@id":"https:\/\/quehacerpolitico.mx\/?p=53695#breadcrumb","itemListElement":[{"@type":"ListItem","position":1,"name":"Inicio","item":"https:\/\/quehacerpolitico.mx\/"},{"@type":"ListItem","position":2,"name":"La UIF investiga a Osorio Chong por posible v\u00ednculo con Odebrecht"}]},{"@type":"WebSite","@id":"https:\/\/quehacerpolitico.mx\/#website","url":"https:\/\/quehacerpolitico.mx\/","name":"","description":"","potentialAction":[{"@type":"SearchAction","target":{"@type":"EntryPoint","urlTemplate":"https:\/\/quehacerpolitico.mx\/?s={search_term_string}"},"query-input":{"@type":"PropertyValueSpecification","valueRequired":true,"valueName":"search_term_string"}}],"inLanguage":"es"},{"@type":"Person","@id":"https:\/\/quehacerpolitico.mx\/#\/schema\/person\/496d8ad2d1d3f8036101dca7ee39e585","name":"Redacci\u00f3n QP","image":{"@type":"ImageObject","inLanguage":"es","@id":"https:\/\/secure.gravatar.com\/avatar\/c7164ed6fdec453195284ad24a5ae5b6e1eed2b848477fa2a4787ba9adf39a41?s=96&d=mm&r=g","url":"https:\/\/secure.gravatar.com\/avatar\/c7164ed6fdec453195284ad24a5ae5b6e1eed2b848477fa2a4787ba9adf39a41?s=96&d=mm&r=g","contentUrl":"https:\/\/secure.gravatar.com\/avatar\/c7164ed6fdec453195284ad24a5ae5b6e1eed2b848477fa2a4787ba9adf39a41?s=96&d=mm&r=g","caption":"Redacci\u00f3n QP"},"url":"https:\/\/quehacerpolitico.mx\/?author=2"}]}},"featured_image_urls":{"full":["https:\/\/quehacerpolitico.mx\/wp-content\/uploads\/2020\/02\/826A0FE0-0C48-4CCF-A7A6-C6EB507CC64E.jpeg",320,305,false],"thumbnail":["https:\/\/quehacerpolitico.mx\/wp-content\/uploads\/2020\/02\/826A0FE0-0C48-4CCF-A7A6-C6EB507CC64E-150x150.jpeg",150,150,true],"medium":["https:\/\/quehacerpolitico.mx\/wp-content\/uploads\/2020\/02\/826A0FE0-0C48-4CCF-A7A6-C6EB507CC64E-300x286.jpeg",300,286,true],"medium_large":["https:\/\/quehacerpolitico.mx\/wp-content\/uploads\/2020\/02\/826A0FE0-0C48-4CCF-A7A6-C6EB507CC64E.jpeg",320,305,false],"large":["https:\/\/quehacerpolitico.mx\/wp-content\/uploads\/2020\/02\/826A0FE0-0C48-4CCF-A7A6-C6EB507CC64E.jpeg",320,305,false],"1536x1536":["https:\/\/quehacerpolitico.mx\/wp-content\/uploads\/2020\/02\/826A0FE0-0C48-4CCF-A7A6-C6EB507CC64E.jpeg",320,305,false],"2048x2048":["https:\/\/quehacerpolitico.mx\/wp-content\/uploads\/2020\/02\/826A0FE0-0C48-4CCF-A7A6-C6EB507CC64E.jpeg",320,305,false],"covernews-featured":["https:\/\/quehacerpolitico.mx\/wp-content\/uploads\/2020\/02\/826A0FE0-0C48-4CCF-A7A6-C6EB507CC64E.jpeg",320,305,false],"covernews-medium":["https:\/\/quehacerpolitico.mx\/wp-content\/uploads\/2020\/02\/826A0FE0-0C48-4CCF-A7A6-C6EB507CC64E.jpeg",320,305,false]},"author_info":{"display_name":"Redacci\u00f3n QP","author_link":"https:\/\/quehacerpolitico.mx\/?author=2"},"category_info":"<a href=\"https:\/\/quehacerpolitico.mx\/?cat=2\" rel=\"category\">Noticias<\/a>","tag_info":"Noticias","comment_count":"0","_links":{"self":[{"href":"https:\/\/quehacerpolitico.mx\/index.php?rest_route=\/wp\/v2\/posts\/53695","targetHints":{"allow":["GET"]}}],"collection":[{"href":"https:\/\/quehacerpolitico.mx\/index.php?rest_route=\/wp\/v2\/posts"}],"about":[{"href":"https:\/\/quehacerpolitico.mx\/index.php?rest_route=\/wp\/v2\/types\/post"}],"author":[{"embeddable":true,"href":"https:\/\/quehacerpolitico.mx\/index.php?rest_route=\/wp\/v2\/users\/2"}],"replies":[{"embeddable":true,"href":"https:\/\/quehacerpolitico.mx\/index.php?rest_route=%2Fwp%2Fv2%2Fcomments&post=53695"}],"version-history":[{"count":0,"href":"https:\/\/quehacerpolitico.mx\/index.php?rest_route=\/wp\/v2\/posts\/53695\/revisions"}],"wp:featuredmedia":[{"embeddable":true,"href":"https:\/\/quehacerpolitico.mx\/index.php?rest_route=\/wp\/v2\/media\/53696"}],"wp:attachment":[{"href":"https:\/\/quehacerpolitico.mx\/index.php?rest_route=%2Fwp%2Fv2%2Fmedia&parent=53695"}],"wp:term":[{"taxonomy":"category","embeddable":true,"href":"https:\/\/quehacerpolitico.mx\/index.php?rest_route=%2Fwp%2Fv2%2Fcategories&post=53695"},{"taxonomy":"post_tag","embeddable":true,"href":"https:\/\/quehacerpolitico.mx\/index.php?rest_route=%2Fwp%2Fv2%2Ftags&post=53695"}],"curies":[{"name":"wp","href":"https:\/\/api.w.org\/{rel}","templated":true}]}}