{"id":53592,"date":"2020-02-26T02:45:30","date_gmt":"2020-02-26T02:45:30","guid":{"rendered":"http:\/\/quehacerpolitico.mx\/?p=53592"},"modified":"2020-02-26T02:45:30","modified_gmt":"2020-02-26T02:45:30","slug":"llevaran-el-caso-atenco-a-la-corte-penal-internacional","status":"publish","type":"post","link":"https:\/\/quehacerpolitico.mx\/?p=53592","title":{"rendered":"Llevar\u00e1n el caso Atenco a la Corte Penal Internacional"},"content":{"rendered":"<h1 class=\"news-title\">Llevar\u00e1n el caso Atenco a la Corte Penal Internacional<br \/>\nPor Redacci\u00f3n QP<\/h1>\n<p>Un colectivo conformado por 34 sobrevivientes del evento acudir\u00e1 a La Haya al considerar agotadas todas las opciones para conseguir justicia<\/p>\n<p>El colectivo de Sobrevivientes de la Tortura de Atenco llevar\u00e1 el caso a la Corte Penal Internacional, en La Haya, pues consideran agotadas todas las instancias internas para conseguir justicia por este hecho ocurrido los d\u00edas 3 y 4 de mayo de 2006.<\/p>\n<p>En rueda de prensa, el colectivo conformado por 34 sobrevivientes del evento al que llaman &#8220;mayo rojo&#8221; <strong>dio a conocer que buscan la reparaci\u00f3n integral del da\u00f1o por los autores intelectuales de la masacre.<\/strong><\/p>\n<p>Recordaron que en mayo de 2006 hubo una fuerte represi\u00f3n del Ejercito\u00a0Mexicano, debido a que se rebelaron contra la construcci\u00f3n del aeropuerto de Texcoco en 2001. En dicha masacre <strong>hubo 207 personas detenidas y 46 mujeres brutalmente violentadas, 11 de las cuales han obtenido sentencia condenatoria.<\/strong><\/p>\n<p>El colectivo entregar\u00e1 la documentaci\u00f3n al fiscal de la CPI para convencerlo de que inicie una investigaci\u00f3n de oficio, quien tiene la posibilidad de, una vez corroborada la informaci\u00f3n entregada, autorizar la investigaci\u00f3n oficial y completa que <strong>puede concluir en una sentencia por delitos de lesa humanidad.<\/strong><\/p>\n<p>Los integrantes del colectivo se\u00f1alaron como responsables al ex presidente Enrique Pe\u00f1a Nieto\u00a0(entonces gobernador del Estado de M\u00e9xico); V\u00edctor Humberto Ben\u00edtez, entonces secretario de Gobierno; Wilfrido Robledo Madrid, comisionado de la Agencia de Seguridad Estatal, y H\u00e9ctor Guevara Ram\u00edrez, subsecretario de Gobierno del Valle de M\u00e9xico.<\/p>\n<p>Tambi\u00e9n mencionan a Rogelio Cort\u00e9s Cruz, director en ese entonces de Operaciones de la Agencia de Seguridad Estatal; Eduardo Medina Mora Icaza, entonces secretario de Seguridad P\u00fablica Federal; Miguel \u00c1ngel Yunes, entonces coordinador nacional del Consejo de Seguridad P\u00fablica, entre otros ex funcionarios.<\/p>\n<p>Entre los documentos que har\u00e1n llegar est\u00e1n la resoluci\u00f3n de la Suprema Corte de Justicia de la Naci\u00f3n (SCJN) en la investigaci\u00f3n de violaciones graves a las garant\u00edas individuales; la recomendaci\u00f3n de la Comisi\u00f3n Nacional de los Derechos Humanos (CNDH), as\u00ed como la informaci\u00f3n documental, bibliogr\u00e1fica, hemerogr\u00e1fica y f\u00edlmica.<\/p>\n<p>Se\u00f1alaron que el objetivo de esta demanda es obtener la reparaci\u00f3n integral del da\u00f1o, principalmente <strong>que se haga p\u00fablico qu\u00e9 fue lo que ocurri\u00f3 en ese momento, de d\u00f3nde salieron las balas que asesinaron a sus compa\u00f1eros y que se emita una condena jur\u00eddica a los autores intelectuales<\/strong>.<\/p>\n<p>Con informaci\u00f3n de NTX<\/p>\n","protected":false},"excerpt":{"rendered":"<p>Llevar\u00e1n el caso Atenco a la Corte Penal Internacional Por Redacci\u00f3n QP Un colectivo conformado&#8230;<\/p>\n","protected":false},"author":2,"featured_media":53593,"comment_status":"open","ping_status":"open","sticky":false,"template":"","format":"standard","meta":{"_monsterinsights_skip_tracking":false,"_monsterinsights_sitenote_active":false,"_monsterinsights_sitenote_note":"","_monsterinsights_sitenote_category":0,"footnotes":""},"categories":[2],"tags":[],"class_list":["post-53592","post","type-post","status-publish","format-standard","has-post-thumbnail","hentry","category-noticias"],"yoast_head":"<!-- This site is optimized with the Yoast SEO plugin v27.3 - https:\/\/yoast.com\/product\/yoast-seo-wordpress\/ -->\n<title>Llevar\u00e1n el caso Atenco a la Corte Penal Internacional -<\/title>\n<meta name=\"robots\" content=\"index, follow, max-snippet:-1, max-image-preview:large, max-video-preview:-1\" \/>\n<link rel=\"canonical\" href=\"https:\/\/quehacerpolitico.mx\/?p=53592\" \/>\n<meta property=\"og:locale\" content=\"es_MX\" \/>\n<meta property=\"og:type\" content=\"article\" \/>\n<meta property=\"og:title\" content=\"Llevar\u00e1n el caso Atenco a la Corte Penal Internacional -\" \/>\n<meta property=\"og:description\" content=\"Llevar\u00e1n el caso Atenco a la Corte Penal Internacional Por Redacci\u00f3n QP Un colectivo conformado...\" \/>\n<meta property=\"og:url\" content=\"https:\/\/quehacerpolitico.mx\/?p=53592\" \/>\n<meta property=\"article:published_time\" content=\"2020-02-26T02:45:30+00:00\" \/>\n<meta property=\"og:image\" content=\"https:\/\/quehacerpolitico.mx\/wp-content\/uploads\/2020\/02\/CE5E808D-B8EB-45EC-8758-91FBE4B3935B.jpeg\" \/>\n\t<meta property=\"og:image:width\" content=\"320\" \/>\n\t<meta property=\"og:image:height\" content=\"305\" \/>\n\t<meta property=\"og:image:type\" content=\"image\/jpeg\" \/>\n<meta name=\"author\" content=\"Redacci\u00f3n QP\" \/>\n<meta name=\"twitter:card\" content=\"summary_large_image\" \/>\n<meta name=\"twitter:label1\" content=\"Escrito por\" \/>\n\t<meta name=\"twitter:data1\" content=\"Redacci\u00f3n QP\" \/>\n\t<meta name=\"twitter:label2\" content=\"Tiempo de lectura\" \/>\n\t<meta name=\"twitter:data2\" content=\"2 minutos\" \/>\n<script type=\"application\/ld+json\" class=\"yoast-schema-graph\">{\"@context\":\"https:\\\/\\\/schema.org\",\"@graph\":[{\"@type\":\"Article\",\"@id\":\"https:\\\/\\\/quehacerpolitico.mx\\\/?p=53592#article\",\"isPartOf\":{\"@id\":\"https:\\\/\\\/quehacerpolitico.mx\\\/?p=53592\"},\"author\":{\"name\":\"Redacci\u00f3n QP\",\"@id\":\"https:\\\/\\\/quehacerpolitico.mx\\\/#\\\/schema\\\/person\\\/496d8ad2d1d3f8036101dca7ee39e585\"},\"headline\":\"Llevar\u00e1n el caso Atenco a la Corte Penal Internacional\",\"datePublished\":\"2020-02-26T02:45:30+00:00\",\"mainEntityOfPage\":{\"@id\":\"https:\\\/\\\/quehacerpolitico.mx\\\/?p=53592\"},\"wordCount\":438,\"commentCount\":0,\"image\":{\"@id\":\"https:\\\/\\\/quehacerpolitico.mx\\\/?p=53592#primaryimage\"},\"thumbnailUrl\":\"https:\\\/\\\/quehacerpolitico.mx\\\/wp-content\\\/uploads\\\/2020\\\/02\\\/CE5E808D-B8EB-45EC-8758-91FBE4B3935B.jpeg\",\"articleSection\":[\"Noticias\"],\"inLanguage\":\"es\",\"potentialAction\":[{\"@type\":\"CommentAction\",\"name\":\"Comment\",\"target\":[\"https:\\\/\\\/quehacerpolitico.mx\\\/?p=53592#respond\"]}]},{\"@type\":\"WebPage\",\"@id\":\"https:\\\/\\\/quehacerpolitico.mx\\\/?p=53592\",\"url\":\"https:\\\/\\\/quehacerpolitico.mx\\\/?p=53592\",\"name\":\"Llevar\u00e1n el caso Atenco a la Corte Penal Internacional -\",\"isPartOf\":{\"@id\":\"https:\\\/\\\/quehacerpolitico.mx\\\/#website\"},\"primaryImageOfPage\":{\"@id\":\"https:\\\/\\\/quehacerpolitico.mx\\\/?p=53592#primaryimage\"},\"image\":{\"@id\":\"https:\\\/\\\/quehacerpolitico.mx\\\/?p=53592#primaryimage\"},\"thumbnailUrl\":\"https:\\\/\\\/quehacerpolitico.mx\\\/wp-content\\\/uploads\\\/2020\\\/02\\\/CE5E808D-B8EB-45EC-8758-91FBE4B3935B.jpeg\",\"datePublished\":\"2020-02-26T02:45:30+00:00\",\"author\":{\"@id\":\"https:\\\/\\\/quehacerpolitico.mx\\\/#\\\/schema\\\/person\\\/496d8ad2d1d3f8036101dca7ee39e585\"},\"breadcrumb\":{\"@id\":\"https:\\\/\\\/quehacerpolitico.mx\\\/?p=53592#breadcrumb\"},\"inLanguage\":\"es\",\"potentialAction\":[{\"@type\":\"ReadAction\",\"target\":[\"https:\\\/\\\/quehacerpolitico.mx\\\/?p=53592\"]}]},{\"@type\":\"ImageObject\",\"inLanguage\":\"es\",\"@id\":\"https:\\\/\\\/quehacerpolitico.mx\\\/?p=53592#primaryimage\",\"url\":\"https:\\\/\\\/quehacerpolitico.mx\\\/wp-content\\\/uploads\\\/2020\\\/02\\\/CE5E808D-B8EB-45EC-8758-91FBE4B3935B.jpeg\",\"contentUrl\":\"https:\\\/\\\/quehacerpolitico.mx\\\/wp-content\\\/uploads\\\/2020\\\/02\\\/CE5E808D-B8EB-45EC-8758-91FBE4B3935B.jpeg\",\"width\":320,\"height\":305},{\"@type\":\"BreadcrumbList\",\"@id\":\"https:\\\/\\\/quehacerpolitico.mx\\\/?p=53592#breadcrumb\",\"itemListElement\":[{\"@type\":\"ListItem\",\"position\":1,\"name\":\"Inicio\",\"item\":\"https:\\\/\\\/quehacerpolitico.mx\\\/\"},{\"@type\":\"ListItem\",\"position\":2,\"name\":\"Llevar\u00e1n el caso Atenco a la Corte Penal Internacional\"}]},{\"@type\":\"WebSite\",\"@id\":\"https:\\\/\\\/quehacerpolitico.mx\\\/#website\",\"url\":\"https:\\\/\\\/quehacerpolitico.mx\\\/\",\"name\":\"\",\"description\":\"\",\"potentialAction\":[{\"@type\":\"SearchAction\",\"target\":{\"@type\":\"EntryPoint\",\"urlTemplate\":\"https:\\\/\\\/quehacerpolitico.mx\\\/?s={search_term_string}\"},\"query-input\":{\"@type\":\"PropertyValueSpecification\",\"valueRequired\":true,\"valueName\":\"search_term_string\"}}],\"inLanguage\":\"es\"},{\"@type\":\"Person\",\"@id\":\"https:\\\/\\\/quehacerpolitico.mx\\\/#\\\/schema\\\/person\\\/496d8ad2d1d3f8036101dca7ee39e585\",\"name\":\"Redacci\u00f3n QP\",\"image\":{\"@type\":\"ImageObject\",\"inLanguage\":\"es\",\"@id\":\"https:\\\/\\\/secure.gravatar.com\\\/avatar\\\/c7164ed6fdec453195284ad24a5ae5b6e1eed2b848477fa2a4787ba9adf39a41?s=96&d=mm&r=g\",\"url\":\"https:\\\/\\\/secure.gravatar.com\\\/avatar\\\/c7164ed6fdec453195284ad24a5ae5b6e1eed2b848477fa2a4787ba9adf39a41?s=96&d=mm&r=g\",\"contentUrl\":\"https:\\\/\\\/secure.gravatar.com\\\/avatar\\\/c7164ed6fdec453195284ad24a5ae5b6e1eed2b848477fa2a4787ba9adf39a41?s=96&d=mm&r=g\",\"caption\":\"Redacci\u00f3n QP\"},\"url\":\"https:\\\/\\\/quehacerpolitico.mx\\\/?author=2\"}]}<\/script>\n<!-- \/ Yoast SEO plugin. -->","yoast_head_json":{"title":"Llevar\u00e1n el caso Atenco a la Corte Penal Internacional -","robots":{"index":"index","follow":"follow","max-snippet":"max-snippet:-1","max-image-preview":"max-image-preview:large","max-video-preview":"max-video-preview:-1"},"canonical":"https:\/\/quehacerpolitico.mx\/?p=53592","og_locale":"es_MX","og_type":"article","og_title":"Llevar\u00e1n el caso Atenco a la Corte Penal Internacional -","og_description":"Llevar\u00e1n el caso Atenco a la Corte Penal Internacional Por Redacci\u00f3n QP Un colectivo conformado...","og_url":"https:\/\/quehacerpolitico.mx\/?p=53592","article_published_time":"2020-02-26T02:45:30+00:00","og_image":[{"width":320,"height":305,"url":"https:\/\/quehacerpolitico.mx\/wp-content\/uploads\/2020\/02\/CE5E808D-B8EB-45EC-8758-91FBE4B3935B.jpeg","type":"image\/jpeg"}],"author":"Redacci\u00f3n QP","twitter_card":"summary_large_image","twitter_misc":{"Escrito por":"Redacci\u00f3n QP","Tiempo de lectura":"2 minutos"},"schema":{"@context":"https:\/\/schema.org","@graph":[{"@type":"Article","@id":"https:\/\/quehacerpolitico.mx\/?p=53592#article","isPartOf":{"@id":"https:\/\/quehacerpolitico.mx\/?p=53592"},"author":{"name":"Redacci\u00f3n QP","@id":"https:\/\/quehacerpolitico.mx\/#\/schema\/person\/496d8ad2d1d3f8036101dca7ee39e585"},"headline":"Llevar\u00e1n el caso Atenco a la Corte Penal Internacional","datePublished":"2020-02-26T02:45:30+00:00","mainEntityOfPage":{"@id":"https:\/\/quehacerpolitico.mx\/?p=53592"},"wordCount":438,"commentCount":0,"image":{"@id":"https:\/\/quehacerpolitico.mx\/?p=53592#primaryimage"},"thumbnailUrl":"https:\/\/quehacerpolitico.mx\/wp-content\/uploads\/2020\/02\/CE5E808D-B8EB-45EC-8758-91FBE4B3935B.jpeg","articleSection":["Noticias"],"inLanguage":"es","potentialAction":[{"@type":"CommentAction","name":"Comment","target":["https:\/\/quehacerpolitico.mx\/?p=53592#respond"]}]},{"@type":"WebPage","@id":"https:\/\/quehacerpolitico.mx\/?p=53592","url":"https:\/\/quehacerpolitico.mx\/?p=53592","name":"Llevar\u00e1n el caso Atenco a la Corte Penal Internacional -","isPartOf":{"@id":"https:\/\/quehacerpolitico.mx\/#website"},"primaryImageOfPage":{"@id":"https:\/\/quehacerpolitico.mx\/?p=53592#primaryimage"},"image":{"@id":"https:\/\/quehacerpolitico.mx\/?p=53592#primaryimage"},"thumbnailUrl":"https:\/\/quehacerpolitico.mx\/wp-content\/uploads\/2020\/02\/CE5E808D-B8EB-45EC-8758-91FBE4B3935B.jpeg","datePublished":"2020-02-26T02:45:30+00:00","author":{"@id":"https:\/\/quehacerpolitico.mx\/#\/schema\/person\/496d8ad2d1d3f8036101dca7ee39e585"},"breadcrumb":{"@id":"https:\/\/quehacerpolitico.mx\/?p=53592#breadcrumb"},"inLanguage":"es","potentialAction":[{"@type":"ReadAction","target":["https:\/\/quehacerpolitico.mx\/?p=53592"]}]},{"@type":"ImageObject","inLanguage":"es","@id":"https:\/\/quehacerpolitico.mx\/?p=53592#primaryimage","url":"https:\/\/quehacerpolitico.mx\/wp-content\/uploads\/2020\/02\/CE5E808D-B8EB-45EC-8758-91FBE4B3935B.jpeg","contentUrl":"https:\/\/quehacerpolitico.mx\/wp-content\/uploads\/2020\/02\/CE5E808D-B8EB-45EC-8758-91FBE4B3935B.jpeg","width":320,"height":305},{"@type":"BreadcrumbList","@id":"https:\/\/quehacerpolitico.mx\/?p=53592#breadcrumb","itemListElement":[{"@type":"ListItem","position":1,"name":"Inicio","item":"https:\/\/quehacerpolitico.mx\/"},{"@type":"ListItem","position":2,"name":"Llevar\u00e1n el caso Atenco a la Corte Penal Internacional"}]},{"@type":"WebSite","@id":"https:\/\/quehacerpolitico.mx\/#website","url":"https:\/\/quehacerpolitico.mx\/","name":"","description":"","potentialAction":[{"@type":"SearchAction","target":{"@type":"EntryPoint","urlTemplate":"https:\/\/quehacerpolitico.mx\/?s={search_term_string}"},"query-input":{"@type":"PropertyValueSpecification","valueRequired":true,"valueName":"search_term_string"}}],"inLanguage":"es"},{"@type":"Person","@id":"https:\/\/quehacerpolitico.mx\/#\/schema\/person\/496d8ad2d1d3f8036101dca7ee39e585","name":"Redacci\u00f3n QP","image":{"@type":"ImageObject","inLanguage":"es","@id":"https:\/\/secure.gravatar.com\/avatar\/c7164ed6fdec453195284ad24a5ae5b6e1eed2b848477fa2a4787ba9adf39a41?s=96&d=mm&r=g","url":"https:\/\/secure.gravatar.com\/avatar\/c7164ed6fdec453195284ad24a5ae5b6e1eed2b848477fa2a4787ba9adf39a41?s=96&d=mm&r=g","contentUrl":"https:\/\/secure.gravatar.com\/avatar\/c7164ed6fdec453195284ad24a5ae5b6e1eed2b848477fa2a4787ba9adf39a41?s=96&d=mm&r=g","caption":"Redacci\u00f3n QP"},"url":"https:\/\/quehacerpolitico.mx\/?author=2"}]}},"featured_image_urls":{"full":["https:\/\/quehacerpolitico.mx\/wp-content\/uploads\/2020\/02\/CE5E808D-B8EB-45EC-8758-91FBE4B3935B.jpeg",320,305,false],"thumbnail":["https:\/\/quehacerpolitico.mx\/wp-content\/uploads\/2020\/02\/CE5E808D-B8EB-45EC-8758-91FBE4B3935B-150x150.jpeg",150,150,true],"medium":["https:\/\/quehacerpolitico.mx\/wp-content\/uploads\/2020\/02\/CE5E808D-B8EB-45EC-8758-91FBE4B3935B-300x286.jpeg",300,286,true],"medium_large":["https:\/\/quehacerpolitico.mx\/wp-content\/uploads\/2020\/02\/CE5E808D-B8EB-45EC-8758-91FBE4B3935B.jpeg",320,305,false],"large":["https:\/\/quehacerpolitico.mx\/wp-content\/uploads\/2020\/02\/CE5E808D-B8EB-45EC-8758-91FBE4B3935B.jpeg",320,305,false],"1536x1536":["https:\/\/quehacerpolitico.mx\/wp-content\/uploads\/2020\/02\/CE5E808D-B8EB-45EC-8758-91FBE4B3935B.jpeg",320,305,false],"2048x2048":["https:\/\/quehacerpolitico.mx\/wp-content\/uploads\/2020\/02\/CE5E808D-B8EB-45EC-8758-91FBE4B3935B.jpeg",320,305,false],"covernews-featured":["https:\/\/quehacerpolitico.mx\/wp-content\/uploads\/2020\/02\/CE5E808D-B8EB-45EC-8758-91FBE4B3935B.jpeg",320,305,false],"covernews-medium":["https:\/\/quehacerpolitico.mx\/wp-content\/uploads\/2020\/02\/CE5E808D-B8EB-45EC-8758-91FBE4B3935B.jpeg",320,305,false]},"author_info":{"display_name":"Redacci\u00f3n QP","author_link":"https:\/\/quehacerpolitico.mx\/?author=2"},"category_info":"<a href=\"https:\/\/quehacerpolitico.mx\/?cat=2\" rel=\"category\">Noticias<\/a>","tag_info":"Noticias","comment_count":"0","_links":{"self":[{"href":"https:\/\/quehacerpolitico.mx\/index.php?rest_route=\/wp\/v2\/posts\/53592","targetHints":{"allow":["GET"]}}],"collection":[{"href":"https:\/\/quehacerpolitico.mx\/index.php?rest_route=\/wp\/v2\/posts"}],"about":[{"href":"https:\/\/quehacerpolitico.mx\/index.php?rest_route=\/wp\/v2\/types\/post"}],"author":[{"embeddable":true,"href":"https:\/\/quehacerpolitico.mx\/index.php?rest_route=\/wp\/v2\/users\/2"}],"replies":[{"embeddable":true,"href":"https:\/\/quehacerpolitico.mx\/index.php?rest_route=%2Fwp%2Fv2%2Fcomments&post=53592"}],"version-history":[{"count":0,"href":"https:\/\/quehacerpolitico.mx\/index.php?rest_route=\/wp\/v2\/posts\/53592\/revisions"}],"wp:featuredmedia":[{"embeddable":true,"href":"https:\/\/quehacerpolitico.mx\/index.php?rest_route=\/wp\/v2\/media\/53593"}],"wp:attachment":[{"href":"https:\/\/quehacerpolitico.mx\/index.php?rest_route=%2Fwp%2Fv2%2Fmedia&parent=53592"}],"wp:term":[{"taxonomy":"category","embeddable":true,"href":"https:\/\/quehacerpolitico.mx\/index.php?rest_route=%2Fwp%2Fv2%2Fcategories&post=53592"},{"taxonomy":"post_tag","embeddable":true,"href":"https:\/\/quehacerpolitico.mx\/index.php?rest_route=%2Fwp%2Fv2%2Ftags&post=53592"}],"curies":[{"name":"wp","href":"https:\/\/api.w.org\/{rel}","templated":true}]}}