{"id":53589,"date":"2020-02-26T02:38:20","date_gmt":"2020-02-26T02:38:20","guid":{"rendered":"http:\/\/quehacerpolitico.mx\/?p=53589"},"modified":"2020-02-26T02:38:20","modified_gmt":"2020-02-26T02:38:20","slug":"lozoya-no-pidio-ayuda-consular-la-fgr-integra-solicitud-de-extradicion","status":"publish","type":"post","link":"https:\/\/quehacerpolitico.mx\/?p=53589","title":{"rendered":"Lozoya no pidi\u00f3 ayuda consular; la FGR integra solicitud de extradici\u00f3n"},"content":{"rendered":"<h1 class=\"news-title\">Lozoya no pidi\u00f3 ayuda consular; la FGR integra solicitud de extradici\u00f3n<br \/>\nPor Redacci\u00f3n QP<\/h1>\n<p>El titular de la Secretar\u00eda de Relaciones Exteriores (SRE), Marcelo Ebrard, inform\u00f3 que el ex director de Petr\u00f3leos Mexicanos (Pemex), Emilio Lozoya, detenido en Espa\u00f1a y acusado por diversos delitos, entre ellos operaci\u00f3n con recursos de procedencia il\u00edcita y asociaci\u00f3n delictuosa, no solicit\u00f3 asistencia consular de M\u00e9xico.<\/p>\n<blockquote><p>&#8220;La est\u00e1 integrando la Fiscal\u00eda, pero va a estar a tiempo, no se preocupen. \u00c9l no pidi\u00f3 ayuda consular&#8221;<\/p><\/blockquote>\n<p>Al salir de una reuni\u00f3n con el Presidente Andr\u00e9s Manuel L\u00f3pez Obrador, el canciller afirm\u00f3 que <strong>la solicitud de extradici\u00f3n la integra la Fiscal\u00eda General de la Rep\u00fablica (FGR).<\/strong><\/p>\n<p>&#8220;La est\u00e1 integrando la Fiscal\u00eda, pero va a estar a tiempo, no se preocupen (\u2026) \u00c9l no pidi\u00f3 ayuda consular&#8221;, refiri\u00f3 Ebrard Casaubon<\/p>\n<p>El responsable de la pol\u00edtica exterior de M\u00e9xico asegur\u00f3 que se cumplir\u00e1n los plazos establecidos para que se haga la solicitud para traer al ex coordinador de la campa\u00f1a presidencial de Enrique Pe\u00f1a Nieto\u00a0en 2012.<\/p>\n<p>&#8220;La solicitud de extradici\u00f3n la est\u00e1 integrando la Fiscal\u00eda General de la Rep\u00fablica, hay un plazo y dentro de ese plazo se va a cumplir, pero se empez\u00f3 a integrar de inmediato&#8221;, detall\u00f3 el funcionario federal.<\/p>\n<p>Lozoya Austin fue aprehendido por polic\u00edas locales en M\u00e1laga, Espa\u00f1a, especializados en la b\u00fasqueda de fugitivos, que atienden los requerimientos de Interpol. Era buscado por autoridades judiciales debido a que proporcion\u00f3 informaci\u00f3n falsa en su declaraci\u00f3n de situaci\u00f3n patrimonial, al omitir, en m\u00e1s de una ocasi\u00f3n, una cuenta bancaria con saldos de cientos de miles de pesos.<\/p>\n<p>Estaba pr\u00f3fugo desde mayo de 2019, tras ser acusado de recibir sobornos de la firma brasile\u00f1a Odebrecht y de participar en la compraventa irregular de una planta de fertilizantes.<\/p>\n<p>Con informaci\u00f3n de NTX<\/p>\n","protected":false},"excerpt":{"rendered":"<p>Lozoya no pidi\u00f3 ayuda consular; la FGR integra solicitud de extradici\u00f3n Por Redacci\u00f3n QP El&#8230;<\/p>\n","protected":false},"author":2,"featured_media":53590,"comment_status":"open","ping_status":"open","sticky":false,"template":"","format":"standard","meta":{"_monsterinsights_skip_tracking":false,"_monsterinsights_sitenote_active":false,"_monsterinsights_sitenote_note":"","_monsterinsights_sitenote_category":0,"footnotes":""},"categories":[2],"tags":[],"class_list":["post-53589","post","type-post","status-publish","format-standard","has-post-thumbnail","hentry","category-noticias"],"yoast_head":"<!-- This site is optimized with the Yoast SEO plugin v27.3 - https:\/\/yoast.com\/product\/yoast-seo-wordpress\/ -->\n<title>Lozoya no pidi\u00f3 ayuda consular; la FGR integra solicitud de extradici\u00f3n -<\/title>\n<meta name=\"robots\" content=\"index, follow, max-snippet:-1, max-image-preview:large, max-video-preview:-1\" \/>\n<link rel=\"canonical\" href=\"https:\/\/quehacerpolitico.mx\/?p=53589\" \/>\n<meta property=\"og:locale\" content=\"es_MX\" \/>\n<meta property=\"og:type\" content=\"article\" \/>\n<meta property=\"og:title\" content=\"Lozoya no pidi\u00f3 ayuda consular; la FGR integra solicitud de extradici\u00f3n -\" \/>\n<meta property=\"og:description\" content=\"Lozoya no pidi\u00f3 ayuda consular; la FGR integra solicitud de extradici\u00f3n Por Redacci\u00f3n QP El...\" \/>\n<meta property=\"og:url\" content=\"https:\/\/quehacerpolitico.mx\/?p=53589\" \/>\n<meta property=\"article:published_time\" content=\"2020-02-26T02:38:20+00:00\" \/>\n<meta property=\"og:image\" content=\"https:\/\/quehacerpolitico.mx\/wp-content\/uploads\/2020\/02\/899D6FFC-3D03-45F4-B85F-34DEC1E5254D.jpeg\" \/>\n\t<meta property=\"og:image:width\" content=\"320\" \/>\n\t<meta property=\"og:image:height\" content=\"305\" \/>\n\t<meta property=\"og:image:type\" content=\"image\/jpeg\" \/>\n<meta name=\"author\" content=\"Redacci\u00f3n QP\" \/>\n<meta name=\"twitter:card\" content=\"summary_large_image\" \/>\n<meta name=\"twitter:label1\" content=\"Escrito por\" \/>\n\t<meta name=\"twitter:data1\" content=\"Redacci\u00f3n QP\" \/>\n\t<meta name=\"twitter:label2\" content=\"Tiempo de lectura\" \/>\n\t<meta name=\"twitter:data2\" content=\"2 minutos\" \/>\n<script type=\"application\/ld+json\" class=\"yoast-schema-graph\">{\"@context\":\"https:\\\/\\\/schema.org\",\"@graph\":[{\"@type\":\"Article\",\"@id\":\"https:\\\/\\\/quehacerpolitico.mx\\\/?p=53589#article\",\"isPartOf\":{\"@id\":\"https:\\\/\\\/quehacerpolitico.mx\\\/?p=53589\"},\"author\":{\"name\":\"Redacci\u00f3n QP\",\"@id\":\"https:\\\/\\\/quehacerpolitico.mx\\\/#\\\/schema\\\/person\\\/496d8ad2d1d3f8036101dca7ee39e585\"},\"headline\":\"Lozoya no pidi\u00f3 ayuda consular; la FGR integra solicitud de extradici\u00f3n\",\"datePublished\":\"2020-02-26T02:38:20+00:00\",\"mainEntityOfPage\":{\"@id\":\"https:\\\/\\\/quehacerpolitico.mx\\\/?p=53589\"},\"wordCount\":340,\"commentCount\":0,\"image\":{\"@id\":\"https:\\\/\\\/quehacerpolitico.mx\\\/?p=53589#primaryimage\"},\"thumbnailUrl\":\"https:\\\/\\\/quehacerpolitico.mx\\\/wp-content\\\/uploads\\\/2020\\\/02\\\/899D6FFC-3D03-45F4-B85F-34DEC1E5254D.jpeg\",\"articleSection\":[\"Noticias\"],\"inLanguage\":\"es\",\"potentialAction\":[{\"@type\":\"CommentAction\",\"name\":\"Comment\",\"target\":[\"https:\\\/\\\/quehacerpolitico.mx\\\/?p=53589#respond\"]}]},{\"@type\":\"WebPage\",\"@id\":\"https:\\\/\\\/quehacerpolitico.mx\\\/?p=53589\",\"url\":\"https:\\\/\\\/quehacerpolitico.mx\\\/?p=53589\",\"name\":\"Lozoya no pidi\u00f3 ayuda consular; la FGR integra solicitud de extradici\u00f3n -\",\"isPartOf\":{\"@id\":\"https:\\\/\\\/quehacerpolitico.mx\\\/#website\"},\"primaryImageOfPage\":{\"@id\":\"https:\\\/\\\/quehacerpolitico.mx\\\/?p=53589#primaryimage\"},\"image\":{\"@id\":\"https:\\\/\\\/quehacerpolitico.mx\\\/?p=53589#primaryimage\"},\"thumbnailUrl\":\"https:\\\/\\\/quehacerpolitico.mx\\\/wp-content\\\/uploads\\\/2020\\\/02\\\/899D6FFC-3D03-45F4-B85F-34DEC1E5254D.jpeg\",\"datePublished\":\"2020-02-26T02:38:20+00:00\",\"author\":{\"@id\":\"https:\\\/\\\/quehacerpolitico.mx\\\/#\\\/schema\\\/person\\\/496d8ad2d1d3f8036101dca7ee39e585\"},\"breadcrumb\":{\"@id\":\"https:\\\/\\\/quehacerpolitico.mx\\\/?p=53589#breadcrumb\"},\"inLanguage\":\"es\",\"potentialAction\":[{\"@type\":\"ReadAction\",\"target\":[\"https:\\\/\\\/quehacerpolitico.mx\\\/?p=53589\"]}]},{\"@type\":\"ImageObject\",\"inLanguage\":\"es\",\"@id\":\"https:\\\/\\\/quehacerpolitico.mx\\\/?p=53589#primaryimage\",\"url\":\"https:\\\/\\\/quehacerpolitico.mx\\\/wp-content\\\/uploads\\\/2020\\\/02\\\/899D6FFC-3D03-45F4-B85F-34DEC1E5254D.jpeg\",\"contentUrl\":\"https:\\\/\\\/quehacerpolitico.mx\\\/wp-content\\\/uploads\\\/2020\\\/02\\\/899D6FFC-3D03-45F4-B85F-34DEC1E5254D.jpeg\",\"width\":320,\"height\":305},{\"@type\":\"BreadcrumbList\",\"@id\":\"https:\\\/\\\/quehacerpolitico.mx\\\/?p=53589#breadcrumb\",\"itemListElement\":[{\"@type\":\"ListItem\",\"position\":1,\"name\":\"Inicio\",\"item\":\"https:\\\/\\\/quehacerpolitico.mx\\\/\"},{\"@type\":\"ListItem\",\"position\":2,\"name\":\"Lozoya no pidi\u00f3 ayuda consular; la FGR integra solicitud de extradici\u00f3n\"}]},{\"@type\":\"WebSite\",\"@id\":\"https:\\\/\\\/quehacerpolitico.mx\\\/#website\",\"url\":\"https:\\\/\\\/quehacerpolitico.mx\\\/\",\"name\":\"\",\"description\":\"\",\"potentialAction\":[{\"@type\":\"SearchAction\",\"target\":{\"@type\":\"EntryPoint\",\"urlTemplate\":\"https:\\\/\\\/quehacerpolitico.mx\\\/?s={search_term_string}\"},\"query-input\":{\"@type\":\"PropertyValueSpecification\",\"valueRequired\":true,\"valueName\":\"search_term_string\"}}],\"inLanguage\":\"es\"},{\"@type\":\"Person\",\"@id\":\"https:\\\/\\\/quehacerpolitico.mx\\\/#\\\/schema\\\/person\\\/496d8ad2d1d3f8036101dca7ee39e585\",\"name\":\"Redacci\u00f3n QP\",\"image\":{\"@type\":\"ImageObject\",\"inLanguage\":\"es\",\"@id\":\"https:\\\/\\\/secure.gravatar.com\\\/avatar\\\/c7164ed6fdec453195284ad24a5ae5b6e1eed2b848477fa2a4787ba9adf39a41?s=96&d=mm&r=g\",\"url\":\"https:\\\/\\\/secure.gravatar.com\\\/avatar\\\/c7164ed6fdec453195284ad24a5ae5b6e1eed2b848477fa2a4787ba9adf39a41?s=96&d=mm&r=g\",\"contentUrl\":\"https:\\\/\\\/secure.gravatar.com\\\/avatar\\\/c7164ed6fdec453195284ad24a5ae5b6e1eed2b848477fa2a4787ba9adf39a41?s=96&d=mm&r=g\",\"caption\":\"Redacci\u00f3n QP\"},\"url\":\"https:\\\/\\\/quehacerpolitico.mx\\\/?author=2\"}]}<\/script>\n<!-- \/ Yoast SEO plugin. -->","yoast_head_json":{"title":"Lozoya no pidi\u00f3 ayuda consular; la FGR integra solicitud de extradici\u00f3n -","robots":{"index":"index","follow":"follow","max-snippet":"max-snippet:-1","max-image-preview":"max-image-preview:large","max-video-preview":"max-video-preview:-1"},"canonical":"https:\/\/quehacerpolitico.mx\/?p=53589","og_locale":"es_MX","og_type":"article","og_title":"Lozoya no pidi\u00f3 ayuda consular; la FGR integra solicitud de extradici\u00f3n -","og_description":"Lozoya no pidi\u00f3 ayuda consular; la FGR integra solicitud de extradici\u00f3n Por Redacci\u00f3n QP El...","og_url":"https:\/\/quehacerpolitico.mx\/?p=53589","article_published_time":"2020-02-26T02:38:20+00:00","og_image":[{"width":320,"height":305,"url":"https:\/\/quehacerpolitico.mx\/wp-content\/uploads\/2020\/02\/899D6FFC-3D03-45F4-B85F-34DEC1E5254D.jpeg","type":"image\/jpeg"}],"author":"Redacci\u00f3n QP","twitter_card":"summary_large_image","twitter_misc":{"Escrito por":"Redacci\u00f3n QP","Tiempo de lectura":"2 minutos"},"schema":{"@context":"https:\/\/schema.org","@graph":[{"@type":"Article","@id":"https:\/\/quehacerpolitico.mx\/?p=53589#article","isPartOf":{"@id":"https:\/\/quehacerpolitico.mx\/?p=53589"},"author":{"name":"Redacci\u00f3n QP","@id":"https:\/\/quehacerpolitico.mx\/#\/schema\/person\/496d8ad2d1d3f8036101dca7ee39e585"},"headline":"Lozoya no pidi\u00f3 ayuda consular; la FGR integra solicitud de extradici\u00f3n","datePublished":"2020-02-26T02:38:20+00:00","mainEntityOfPage":{"@id":"https:\/\/quehacerpolitico.mx\/?p=53589"},"wordCount":340,"commentCount":0,"image":{"@id":"https:\/\/quehacerpolitico.mx\/?p=53589#primaryimage"},"thumbnailUrl":"https:\/\/quehacerpolitico.mx\/wp-content\/uploads\/2020\/02\/899D6FFC-3D03-45F4-B85F-34DEC1E5254D.jpeg","articleSection":["Noticias"],"inLanguage":"es","potentialAction":[{"@type":"CommentAction","name":"Comment","target":["https:\/\/quehacerpolitico.mx\/?p=53589#respond"]}]},{"@type":"WebPage","@id":"https:\/\/quehacerpolitico.mx\/?p=53589","url":"https:\/\/quehacerpolitico.mx\/?p=53589","name":"Lozoya no pidi\u00f3 ayuda consular; la FGR integra solicitud de extradici\u00f3n -","isPartOf":{"@id":"https:\/\/quehacerpolitico.mx\/#website"},"primaryImageOfPage":{"@id":"https:\/\/quehacerpolitico.mx\/?p=53589#primaryimage"},"image":{"@id":"https:\/\/quehacerpolitico.mx\/?p=53589#primaryimage"},"thumbnailUrl":"https:\/\/quehacerpolitico.mx\/wp-content\/uploads\/2020\/02\/899D6FFC-3D03-45F4-B85F-34DEC1E5254D.jpeg","datePublished":"2020-02-26T02:38:20+00:00","author":{"@id":"https:\/\/quehacerpolitico.mx\/#\/schema\/person\/496d8ad2d1d3f8036101dca7ee39e585"},"breadcrumb":{"@id":"https:\/\/quehacerpolitico.mx\/?p=53589#breadcrumb"},"inLanguage":"es","potentialAction":[{"@type":"ReadAction","target":["https:\/\/quehacerpolitico.mx\/?p=53589"]}]},{"@type":"ImageObject","inLanguage":"es","@id":"https:\/\/quehacerpolitico.mx\/?p=53589#primaryimage","url":"https:\/\/quehacerpolitico.mx\/wp-content\/uploads\/2020\/02\/899D6FFC-3D03-45F4-B85F-34DEC1E5254D.jpeg","contentUrl":"https:\/\/quehacerpolitico.mx\/wp-content\/uploads\/2020\/02\/899D6FFC-3D03-45F4-B85F-34DEC1E5254D.jpeg","width":320,"height":305},{"@type":"BreadcrumbList","@id":"https:\/\/quehacerpolitico.mx\/?p=53589#breadcrumb","itemListElement":[{"@type":"ListItem","position":1,"name":"Inicio","item":"https:\/\/quehacerpolitico.mx\/"},{"@type":"ListItem","position":2,"name":"Lozoya no pidi\u00f3 ayuda consular; la FGR integra solicitud de extradici\u00f3n"}]},{"@type":"WebSite","@id":"https:\/\/quehacerpolitico.mx\/#website","url":"https:\/\/quehacerpolitico.mx\/","name":"","description":"","potentialAction":[{"@type":"SearchAction","target":{"@type":"EntryPoint","urlTemplate":"https:\/\/quehacerpolitico.mx\/?s={search_term_string}"},"query-input":{"@type":"PropertyValueSpecification","valueRequired":true,"valueName":"search_term_string"}}],"inLanguage":"es"},{"@type":"Person","@id":"https:\/\/quehacerpolitico.mx\/#\/schema\/person\/496d8ad2d1d3f8036101dca7ee39e585","name":"Redacci\u00f3n QP","image":{"@type":"ImageObject","inLanguage":"es","@id":"https:\/\/secure.gravatar.com\/avatar\/c7164ed6fdec453195284ad24a5ae5b6e1eed2b848477fa2a4787ba9adf39a41?s=96&d=mm&r=g","url":"https:\/\/secure.gravatar.com\/avatar\/c7164ed6fdec453195284ad24a5ae5b6e1eed2b848477fa2a4787ba9adf39a41?s=96&d=mm&r=g","contentUrl":"https:\/\/secure.gravatar.com\/avatar\/c7164ed6fdec453195284ad24a5ae5b6e1eed2b848477fa2a4787ba9adf39a41?s=96&d=mm&r=g","caption":"Redacci\u00f3n QP"},"url":"https:\/\/quehacerpolitico.mx\/?author=2"}]}},"featured_image_urls":{"full":["https:\/\/quehacerpolitico.mx\/wp-content\/uploads\/2020\/02\/899D6FFC-3D03-45F4-B85F-34DEC1E5254D.jpeg",320,305,false],"thumbnail":["https:\/\/quehacerpolitico.mx\/wp-content\/uploads\/2020\/02\/899D6FFC-3D03-45F4-B85F-34DEC1E5254D-150x150.jpeg",150,150,true],"medium":["https:\/\/quehacerpolitico.mx\/wp-content\/uploads\/2020\/02\/899D6FFC-3D03-45F4-B85F-34DEC1E5254D-300x286.jpeg",300,286,true],"medium_large":["https:\/\/quehacerpolitico.mx\/wp-content\/uploads\/2020\/02\/899D6FFC-3D03-45F4-B85F-34DEC1E5254D.jpeg",320,305,false],"large":["https:\/\/quehacerpolitico.mx\/wp-content\/uploads\/2020\/02\/899D6FFC-3D03-45F4-B85F-34DEC1E5254D.jpeg",320,305,false],"1536x1536":["https:\/\/quehacerpolitico.mx\/wp-content\/uploads\/2020\/02\/899D6FFC-3D03-45F4-B85F-34DEC1E5254D.jpeg",320,305,false],"2048x2048":["https:\/\/quehacerpolitico.mx\/wp-content\/uploads\/2020\/02\/899D6FFC-3D03-45F4-B85F-34DEC1E5254D.jpeg",320,305,false],"covernews-featured":["https:\/\/quehacerpolitico.mx\/wp-content\/uploads\/2020\/02\/899D6FFC-3D03-45F4-B85F-34DEC1E5254D.jpeg",320,305,false],"covernews-medium":["https:\/\/quehacerpolitico.mx\/wp-content\/uploads\/2020\/02\/899D6FFC-3D03-45F4-B85F-34DEC1E5254D.jpeg",320,305,false]},"author_info":{"display_name":"Redacci\u00f3n QP","author_link":"https:\/\/quehacerpolitico.mx\/?author=2"},"category_info":"<a href=\"https:\/\/quehacerpolitico.mx\/?cat=2\" rel=\"category\">Noticias<\/a>","tag_info":"Noticias","comment_count":"0","_links":{"self":[{"href":"https:\/\/quehacerpolitico.mx\/index.php?rest_route=\/wp\/v2\/posts\/53589","targetHints":{"allow":["GET"]}}],"collection":[{"href":"https:\/\/quehacerpolitico.mx\/index.php?rest_route=\/wp\/v2\/posts"}],"about":[{"href":"https:\/\/quehacerpolitico.mx\/index.php?rest_route=\/wp\/v2\/types\/post"}],"author":[{"embeddable":true,"href":"https:\/\/quehacerpolitico.mx\/index.php?rest_route=\/wp\/v2\/users\/2"}],"replies":[{"embeddable":true,"href":"https:\/\/quehacerpolitico.mx\/index.php?rest_route=%2Fwp%2Fv2%2Fcomments&post=53589"}],"version-history":[{"count":0,"href":"https:\/\/quehacerpolitico.mx\/index.php?rest_route=\/wp\/v2\/posts\/53589\/revisions"}],"wp:featuredmedia":[{"embeddable":true,"href":"https:\/\/quehacerpolitico.mx\/index.php?rest_route=\/wp\/v2\/media\/53590"}],"wp:attachment":[{"href":"https:\/\/quehacerpolitico.mx\/index.php?rest_route=%2Fwp%2Fv2%2Fmedia&parent=53589"}],"wp:term":[{"taxonomy":"category","embeddable":true,"href":"https:\/\/quehacerpolitico.mx\/index.php?rest_route=%2Fwp%2Fv2%2Fcategories&post=53589"},{"taxonomy":"post_tag","embeddable":true,"href":"https:\/\/quehacerpolitico.mx\/index.php?rest_route=%2Fwp%2Fv2%2Ftags&post=53589"}],"curies":[{"name":"wp","href":"https:\/\/api.w.org\/{rel}","templated":true}]}}