{"id":53586,"date":"2020-02-26T02:31:17","date_gmt":"2020-02-26T02:31:17","guid":{"rendered":"http:\/\/quehacerpolitico.mx\/?p=53586"},"modified":"2020-02-26T02:31:17","modified_gmt":"2020-02-26T02:31:17","slug":"madre-que-abandono-cuerpo-de-su-bebe-podria-obtener-su-libertad","status":"publish","type":"post","link":"https:\/\/quehacerpolitico.mx\/?p=53586","title":{"rendered":"Madre que abandon\u00f3 cuerpo de su beb\u00e9 podr\u00eda obtener su libertad"},"content":{"rendered":"<h1 class=\"news-title\">Madre que abandon\u00f3 cuerpo de su beb\u00e9 podr\u00eda obtener su libertad<br \/>\nPor Redacci\u00f3n QP<\/h1>\n<p>La acusaci\u00f3n que enfrenta Ana Mar\u00eda &#8220;N&#8221; s\u00f3lo es por falsedad en declaraciones, misma que no est\u00e1 considerada como grave; descartan dolo o negligencia en muerte de menor<\/p>\n<p>Ana Mar\u00eda &#8220;N&#8221;, madre que abandon\u00f3 por miedo el cuerpo de su bebe fallecida en Saltillo, <strong>podr\u00eda obtener su libertad al ser presentada este mi\u00e9rcoles en la audiencia de vinculaci\u00f3n de proceso en la que enfrenta s\u00f3lo la acusaci\u00f3n por falsedad en declaraciones<\/strong>, misma que no est\u00e1 considerada como delito grave.<\/p>\n<p>En entrevista, el fiscal de Coahuila Gerardo M\u00e1rquez, declar\u00f3 que <strong>no se encontraron elementos que determinen que hubo dolo o negligencia en el cuidado de la beb\u00e9 de meses de nacida<\/strong>, quien padec\u00eda una enfermedad desde d\u00edas antes y muri\u00f3 por broncoaspiraci\u00f3n en su domicilio.<\/p>\n<p>&#8220;Seguramente podr\u00eda ella (la madre de la bebe) obtener alguna excluyente que le permita no ser procesada, lo que nosotros requerimos es una decisi\u00f3n judicial, fue la raz\u00f3n por la que de alguna manera fue judicializada&#8221;, indic\u00f3.<\/p>\n<p>Recalc\u00f3 que de acuerdo a las investigaciones, la madre de <strong>la beb\u00e9 Karol no presentaba una conducta de descuido<\/strong> en relaci\u00f3n a su peque\u00f1a hija que conformaba su familia junto a otro menor de dos a\u00f1os de edad que se encuentra en resguardo por parte de la Procuradur\u00eda de las Ni\u00f1as, Ni\u00f1os y Familias (PRONIF).<\/p>\n<p>En su audiencia inicial, Ana Mar\u00eda &#8220;N&#8221;, de 24 a\u00f1os de edad, recibi\u00f3 como medida cautelar la colocaci\u00f3n de un brazalete electr\u00f3nico para llevar a cabo su proceso en libertad.<\/p>\n<p><strong>La bebe Karol Nahomi muri\u00f3 el pasado 18 de febrero por causas naturales; su madre al percatarse del hecho entr\u00f3 en p\u00e1nico abandonando el cuerpo en un predio cercano a su domicilio para luego reportar a las autoridades que la menor hab\u00eda sido raptada<\/strong>.<\/p>\n<p>Con Informaci\u00f3n de NTX<\/p>\n","protected":false},"excerpt":{"rendered":"<p>Madre que abandon\u00f3 cuerpo de su beb\u00e9 podr\u00eda obtener su libertad Por Redacci\u00f3n QP La&#8230;<\/p>\n","protected":false},"author":2,"featured_media":53587,"comment_status":"open","ping_status":"open","sticky":false,"template":"","format":"standard","meta":{"_monsterinsights_skip_tracking":false,"_monsterinsights_sitenote_active":false,"_monsterinsights_sitenote_note":"","_monsterinsights_sitenote_category":0,"footnotes":""},"categories":[2],"tags":[],"class_list":["post-53586","post","type-post","status-publish","format-standard","has-post-thumbnail","hentry","category-noticias"],"yoast_head":"<!-- This site is optimized with the Yoast SEO plugin v27.3 - https:\/\/yoast.com\/product\/yoast-seo-wordpress\/ -->\n<title>Madre que abandon\u00f3 cuerpo de su beb\u00e9 podr\u00eda obtener su libertad -<\/title>\n<meta name=\"robots\" content=\"index, follow, max-snippet:-1, max-image-preview:large, max-video-preview:-1\" \/>\n<link rel=\"canonical\" href=\"https:\/\/quehacerpolitico.mx\/?p=53586\" \/>\n<meta property=\"og:locale\" content=\"es_MX\" \/>\n<meta property=\"og:type\" content=\"article\" \/>\n<meta property=\"og:title\" content=\"Madre que abandon\u00f3 cuerpo de su beb\u00e9 podr\u00eda obtener su libertad -\" \/>\n<meta property=\"og:description\" content=\"Madre que abandon\u00f3 cuerpo de su beb\u00e9 podr\u00eda obtener su libertad Por Redacci\u00f3n QP La...\" \/>\n<meta property=\"og:url\" content=\"https:\/\/quehacerpolitico.mx\/?p=53586\" \/>\n<meta property=\"article:published_time\" content=\"2020-02-26T02:31:17+00:00\" \/>\n<meta property=\"og:image\" content=\"https:\/\/quehacerpolitico.mx\/wp-content\/uploads\/2020\/02\/A8C6175E-C093-4335-B6ED-D7B51B1326F7.jpeg\" \/>\n\t<meta property=\"og:image:width\" content=\"320\" \/>\n\t<meta property=\"og:image:height\" content=\"305\" \/>\n\t<meta property=\"og:image:type\" content=\"image\/jpeg\" \/>\n<meta name=\"author\" content=\"Redacci\u00f3n QP\" \/>\n<meta name=\"twitter:card\" content=\"summary_large_image\" \/>\n<meta name=\"twitter:label1\" content=\"Escrito por\" \/>\n\t<meta name=\"twitter:data1\" content=\"Redacci\u00f3n QP\" \/>\n\t<meta name=\"twitter:label2\" content=\"Tiempo de lectura\" \/>\n\t<meta name=\"twitter:data2\" content=\"2 minutos\" \/>\n<script type=\"application\/ld+json\" class=\"yoast-schema-graph\">{\"@context\":\"https:\\\/\\\/schema.org\",\"@graph\":[{\"@type\":\"Article\",\"@id\":\"https:\\\/\\\/quehacerpolitico.mx\\\/?p=53586#article\",\"isPartOf\":{\"@id\":\"https:\\\/\\\/quehacerpolitico.mx\\\/?p=53586\"},\"author\":{\"name\":\"Redacci\u00f3n QP\",\"@id\":\"https:\\\/\\\/quehacerpolitico.mx\\\/#\\\/schema\\\/person\\\/496d8ad2d1d3f8036101dca7ee39e585\"},\"headline\":\"Madre que abandon\u00f3 cuerpo de su beb\u00e9 podr\u00eda obtener su libertad\",\"datePublished\":\"2020-02-26T02:31:17+00:00\",\"mainEntityOfPage\":{\"@id\":\"https:\\\/\\\/quehacerpolitico.mx\\\/?p=53586\"},\"wordCount\":349,\"commentCount\":0,\"image\":{\"@id\":\"https:\\\/\\\/quehacerpolitico.mx\\\/?p=53586#primaryimage\"},\"thumbnailUrl\":\"https:\\\/\\\/quehacerpolitico.mx\\\/wp-content\\\/uploads\\\/2020\\\/02\\\/A8C6175E-C093-4335-B6ED-D7B51B1326F7.jpeg\",\"articleSection\":[\"Noticias\"],\"inLanguage\":\"es\",\"potentialAction\":[{\"@type\":\"CommentAction\",\"name\":\"Comment\",\"target\":[\"https:\\\/\\\/quehacerpolitico.mx\\\/?p=53586#respond\"]}]},{\"@type\":\"WebPage\",\"@id\":\"https:\\\/\\\/quehacerpolitico.mx\\\/?p=53586\",\"url\":\"https:\\\/\\\/quehacerpolitico.mx\\\/?p=53586\",\"name\":\"Madre que abandon\u00f3 cuerpo de su beb\u00e9 podr\u00eda obtener su libertad -\",\"isPartOf\":{\"@id\":\"https:\\\/\\\/quehacerpolitico.mx\\\/#website\"},\"primaryImageOfPage\":{\"@id\":\"https:\\\/\\\/quehacerpolitico.mx\\\/?p=53586#primaryimage\"},\"image\":{\"@id\":\"https:\\\/\\\/quehacerpolitico.mx\\\/?p=53586#primaryimage\"},\"thumbnailUrl\":\"https:\\\/\\\/quehacerpolitico.mx\\\/wp-content\\\/uploads\\\/2020\\\/02\\\/A8C6175E-C093-4335-B6ED-D7B51B1326F7.jpeg\",\"datePublished\":\"2020-02-26T02:31:17+00:00\",\"author\":{\"@id\":\"https:\\\/\\\/quehacerpolitico.mx\\\/#\\\/schema\\\/person\\\/496d8ad2d1d3f8036101dca7ee39e585\"},\"breadcrumb\":{\"@id\":\"https:\\\/\\\/quehacerpolitico.mx\\\/?p=53586#breadcrumb\"},\"inLanguage\":\"es\",\"potentialAction\":[{\"@type\":\"ReadAction\",\"target\":[\"https:\\\/\\\/quehacerpolitico.mx\\\/?p=53586\"]}]},{\"@type\":\"ImageObject\",\"inLanguage\":\"es\",\"@id\":\"https:\\\/\\\/quehacerpolitico.mx\\\/?p=53586#primaryimage\",\"url\":\"https:\\\/\\\/quehacerpolitico.mx\\\/wp-content\\\/uploads\\\/2020\\\/02\\\/A8C6175E-C093-4335-B6ED-D7B51B1326F7.jpeg\",\"contentUrl\":\"https:\\\/\\\/quehacerpolitico.mx\\\/wp-content\\\/uploads\\\/2020\\\/02\\\/A8C6175E-C093-4335-B6ED-D7B51B1326F7.jpeg\",\"width\":320,\"height\":305},{\"@type\":\"BreadcrumbList\",\"@id\":\"https:\\\/\\\/quehacerpolitico.mx\\\/?p=53586#breadcrumb\",\"itemListElement\":[{\"@type\":\"ListItem\",\"position\":1,\"name\":\"Inicio\",\"item\":\"https:\\\/\\\/quehacerpolitico.mx\\\/\"},{\"@type\":\"ListItem\",\"position\":2,\"name\":\"Madre que abandon\u00f3 cuerpo de su beb\u00e9 podr\u00eda obtener su libertad\"}]},{\"@type\":\"WebSite\",\"@id\":\"https:\\\/\\\/quehacerpolitico.mx\\\/#website\",\"url\":\"https:\\\/\\\/quehacerpolitico.mx\\\/\",\"name\":\"\",\"description\":\"\",\"potentialAction\":[{\"@type\":\"SearchAction\",\"target\":{\"@type\":\"EntryPoint\",\"urlTemplate\":\"https:\\\/\\\/quehacerpolitico.mx\\\/?s={search_term_string}\"},\"query-input\":{\"@type\":\"PropertyValueSpecification\",\"valueRequired\":true,\"valueName\":\"search_term_string\"}}],\"inLanguage\":\"es\"},{\"@type\":\"Person\",\"@id\":\"https:\\\/\\\/quehacerpolitico.mx\\\/#\\\/schema\\\/person\\\/496d8ad2d1d3f8036101dca7ee39e585\",\"name\":\"Redacci\u00f3n QP\",\"image\":{\"@type\":\"ImageObject\",\"inLanguage\":\"es\",\"@id\":\"https:\\\/\\\/secure.gravatar.com\\\/avatar\\\/c7164ed6fdec453195284ad24a5ae5b6e1eed2b848477fa2a4787ba9adf39a41?s=96&d=mm&r=g\",\"url\":\"https:\\\/\\\/secure.gravatar.com\\\/avatar\\\/c7164ed6fdec453195284ad24a5ae5b6e1eed2b848477fa2a4787ba9adf39a41?s=96&d=mm&r=g\",\"contentUrl\":\"https:\\\/\\\/secure.gravatar.com\\\/avatar\\\/c7164ed6fdec453195284ad24a5ae5b6e1eed2b848477fa2a4787ba9adf39a41?s=96&d=mm&r=g\",\"caption\":\"Redacci\u00f3n QP\"},\"url\":\"https:\\\/\\\/quehacerpolitico.mx\\\/?author=2\"}]}<\/script>\n<!-- \/ Yoast SEO plugin. -->","yoast_head_json":{"title":"Madre que abandon\u00f3 cuerpo de su beb\u00e9 podr\u00eda obtener su libertad -","robots":{"index":"index","follow":"follow","max-snippet":"max-snippet:-1","max-image-preview":"max-image-preview:large","max-video-preview":"max-video-preview:-1"},"canonical":"https:\/\/quehacerpolitico.mx\/?p=53586","og_locale":"es_MX","og_type":"article","og_title":"Madre que abandon\u00f3 cuerpo de su beb\u00e9 podr\u00eda obtener su libertad -","og_description":"Madre que abandon\u00f3 cuerpo de su beb\u00e9 podr\u00eda obtener su libertad Por Redacci\u00f3n QP La...","og_url":"https:\/\/quehacerpolitico.mx\/?p=53586","article_published_time":"2020-02-26T02:31:17+00:00","og_image":[{"width":320,"height":305,"url":"https:\/\/quehacerpolitico.mx\/wp-content\/uploads\/2020\/02\/A8C6175E-C093-4335-B6ED-D7B51B1326F7.jpeg","type":"image\/jpeg"}],"author":"Redacci\u00f3n QP","twitter_card":"summary_large_image","twitter_misc":{"Escrito por":"Redacci\u00f3n QP","Tiempo de lectura":"2 minutos"},"schema":{"@context":"https:\/\/schema.org","@graph":[{"@type":"Article","@id":"https:\/\/quehacerpolitico.mx\/?p=53586#article","isPartOf":{"@id":"https:\/\/quehacerpolitico.mx\/?p=53586"},"author":{"name":"Redacci\u00f3n QP","@id":"https:\/\/quehacerpolitico.mx\/#\/schema\/person\/496d8ad2d1d3f8036101dca7ee39e585"},"headline":"Madre que abandon\u00f3 cuerpo de su beb\u00e9 podr\u00eda obtener su libertad","datePublished":"2020-02-26T02:31:17+00:00","mainEntityOfPage":{"@id":"https:\/\/quehacerpolitico.mx\/?p=53586"},"wordCount":349,"commentCount":0,"image":{"@id":"https:\/\/quehacerpolitico.mx\/?p=53586#primaryimage"},"thumbnailUrl":"https:\/\/quehacerpolitico.mx\/wp-content\/uploads\/2020\/02\/A8C6175E-C093-4335-B6ED-D7B51B1326F7.jpeg","articleSection":["Noticias"],"inLanguage":"es","potentialAction":[{"@type":"CommentAction","name":"Comment","target":["https:\/\/quehacerpolitico.mx\/?p=53586#respond"]}]},{"@type":"WebPage","@id":"https:\/\/quehacerpolitico.mx\/?p=53586","url":"https:\/\/quehacerpolitico.mx\/?p=53586","name":"Madre que abandon\u00f3 cuerpo de su beb\u00e9 podr\u00eda obtener su libertad -","isPartOf":{"@id":"https:\/\/quehacerpolitico.mx\/#website"},"primaryImageOfPage":{"@id":"https:\/\/quehacerpolitico.mx\/?p=53586#primaryimage"},"image":{"@id":"https:\/\/quehacerpolitico.mx\/?p=53586#primaryimage"},"thumbnailUrl":"https:\/\/quehacerpolitico.mx\/wp-content\/uploads\/2020\/02\/A8C6175E-C093-4335-B6ED-D7B51B1326F7.jpeg","datePublished":"2020-02-26T02:31:17+00:00","author":{"@id":"https:\/\/quehacerpolitico.mx\/#\/schema\/person\/496d8ad2d1d3f8036101dca7ee39e585"},"breadcrumb":{"@id":"https:\/\/quehacerpolitico.mx\/?p=53586#breadcrumb"},"inLanguage":"es","potentialAction":[{"@type":"ReadAction","target":["https:\/\/quehacerpolitico.mx\/?p=53586"]}]},{"@type":"ImageObject","inLanguage":"es","@id":"https:\/\/quehacerpolitico.mx\/?p=53586#primaryimage","url":"https:\/\/quehacerpolitico.mx\/wp-content\/uploads\/2020\/02\/A8C6175E-C093-4335-B6ED-D7B51B1326F7.jpeg","contentUrl":"https:\/\/quehacerpolitico.mx\/wp-content\/uploads\/2020\/02\/A8C6175E-C093-4335-B6ED-D7B51B1326F7.jpeg","width":320,"height":305},{"@type":"BreadcrumbList","@id":"https:\/\/quehacerpolitico.mx\/?p=53586#breadcrumb","itemListElement":[{"@type":"ListItem","position":1,"name":"Inicio","item":"https:\/\/quehacerpolitico.mx\/"},{"@type":"ListItem","position":2,"name":"Madre que abandon\u00f3 cuerpo de su beb\u00e9 podr\u00eda obtener su libertad"}]},{"@type":"WebSite","@id":"https:\/\/quehacerpolitico.mx\/#website","url":"https:\/\/quehacerpolitico.mx\/","name":"","description":"","potentialAction":[{"@type":"SearchAction","target":{"@type":"EntryPoint","urlTemplate":"https:\/\/quehacerpolitico.mx\/?s={search_term_string}"},"query-input":{"@type":"PropertyValueSpecification","valueRequired":true,"valueName":"search_term_string"}}],"inLanguage":"es"},{"@type":"Person","@id":"https:\/\/quehacerpolitico.mx\/#\/schema\/person\/496d8ad2d1d3f8036101dca7ee39e585","name":"Redacci\u00f3n QP","image":{"@type":"ImageObject","inLanguage":"es","@id":"https:\/\/secure.gravatar.com\/avatar\/c7164ed6fdec453195284ad24a5ae5b6e1eed2b848477fa2a4787ba9adf39a41?s=96&d=mm&r=g","url":"https:\/\/secure.gravatar.com\/avatar\/c7164ed6fdec453195284ad24a5ae5b6e1eed2b848477fa2a4787ba9adf39a41?s=96&d=mm&r=g","contentUrl":"https:\/\/secure.gravatar.com\/avatar\/c7164ed6fdec453195284ad24a5ae5b6e1eed2b848477fa2a4787ba9adf39a41?s=96&d=mm&r=g","caption":"Redacci\u00f3n QP"},"url":"https:\/\/quehacerpolitico.mx\/?author=2"}]}},"featured_image_urls":{"full":["https:\/\/quehacerpolitico.mx\/wp-content\/uploads\/2020\/02\/A8C6175E-C093-4335-B6ED-D7B51B1326F7.jpeg",320,305,false],"thumbnail":["https:\/\/quehacerpolitico.mx\/wp-content\/uploads\/2020\/02\/A8C6175E-C093-4335-B6ED-D7B51B1326F7-150x150.jpeg",150,150,true],"medium":["https:\/\/quehacerpolitico.mx\/wp-content\/uploads\/2020\/02\/A8C6175E-C093-4335-B6ED-D7B51B1326F7-300x286.jpeg",300,286,true],"medium_large":["https:\/\/quehacerpolitico.mx\/wp-content\/uploads\/2020\/02\/A8C6175E-C093-4335-B6ED-D7B51B1326F7.jpeg",320,305,false],"large":["https:\/\/quehacerpolitico.mx\/wp-content\/uploads\/2020\/02\/A8C6175E-C093-4335-B6ED-D7B51B1326F7.jpeg",320,305,false],"1536x1536":["https:\/\/quehacerpolitico.mx\/wp-content\/uploads\/2020\/02\/A8C6175E-C093-4335-B6ED-D7B51B1326F7.jpeg",320,305,false],"2048x2048":["https:\/\/quehacerpolitico.mx\/wp-content\/uploads\/2020\/02\/A8C6175E-C093-4335-B6ED-D7B51B1326F7.jpeg",320,305,false],"covernews-featured":["https:\/\/quehacerpolitico.mx\/wp-content\/uploads\/2020\/02\/A8C6175E-C093-4335-B6ED-D7B51B1326F7.jpeg",320,305,false],"covernews-medium":["https:\/\/quehacerpolitico.mx\/wp-content\/uploads\/2020\/02\/A8C6175E-C093-4335-B6ED-D7B51B1326F7.jpeg",320,305,false]},"author_info":{"display_name":"Redacci\u00f3n QP","author_link":"https:\/\/quehacerpolitico.mx\/?author=2"},"category_info":"<a href=\"https:\/\/quehacerpolitico.mx\/?cat=2\" rel=\"category\">Noticias<\/a>","tag_info":"Noticias","comment_count":"0","_links":{"self":[{"href":"https:\/\/quehacerpolitico.mx\/index.php?rest_route=\/wp\/v2\/posts\/53586","targetHints":{"allow":["GET"]}}],"collection":[{"href":"https:\/\/quehacerpolitico.mx\/index.php?rest_route=\/wp\/v2\/posts"}],"about":[{"href":"https:\/\/quehacerpolitico.mx\/index.php?rest_route=\/wp\/v2\/types\/post"}],"author":[{"embeddable":true,"href":"https:\/\/quehacerpolitico.mx\/index.php?rest_route=\/wp\/v2\/users\/2"}],"replies":[{"embeddable":true,"href":"https:\/\/quehacerpolitico.mx\/index.php?rest_route=%2Fwp%2Fv2%2Fcomments&post=53586"}],"version-history":[{"count":0,"href":"https:\/\/quehacerpolitico.mx\/index.php?rest_route=\/wp\/v2\/posts\/53586\/revisions"}],"wp:featuredmedia":[{"embeddable":true,"href":"https:\/\/quehacerpolitico.mx\/index.php?rest_route=\/wp\/v2\/media\/53587"}],"wp:attachment":[{"href":"https:\/\/quehacerpolitico.mx\/index.php?rest_route=%2Fwp%2Fv2%2Fmedia&parent=53586"}],"wp:term":[{"taxonomy":"category","embeddable":true,"href":"https:\/\/quehacerpolitico.mx\/index.php?rest_route=%2Fwp%2Fv2%2Fcategories&post=53586"},{"taxonomy":"post_tag","embeddable":true,"href":"https:\/\/quehacerpolitico.mx\/index.php?rest_route=%2Fwp%2Fv2%2Ftags&post=53586"}],"curies":[{"name":"wp","href":"https:\/\/api.w.org\/{rel}","templated":true}]}}