{"id":53583,"date":"2020-02-26T02:23:47","date_gmt":"2020-02-26T02:23:47","guid":{"rendered":"http:\/\/quehacerpolitico.mx\/?p=53583"},"modified":"2020-02-26T02:23:47","modified_gmt":"2020-02-26T02:23:47","slug":"niega-juez-amparo-a-el-meno-contra-extradicion","status":"publish","type":"post","link":"https:\/\/quehacerpolitico.mx\/?p=53583","title":{"rendered":"Niega juez amparo a &#8220;El Me\u00f1o&#8221; contra extradici\u00f3n"},"content":{"rendered":"<h1 class=\"news-title\">Niega juez amparo a &#8220;El Me\u00f1o&#8221; contra extradici\u00f3n<br \/>\nPor Redacci\u00f3n QP<\/h1>\n<p>Con esta decisi\u00f3n, autoridades federales no tienen ning\u00fan impedimento judicial para entregar a H\u00e9ctor Manuel Avenda\u00f1o a Estados Unidos<\/p>\n<p>H\u00e9ctor Manuel Avenda\u00f1o Ojeda &#8220;El Me\u00f1o&#8221;, identificado como lugarteniente de Ismael &#8220;El Mayo&#8221; Zambada, pidi\u00f3 amparo contra su extradici\u00f3n pero no logr\u00f3 frenarla.<\/p>\n<p>El juez Sexto de Distrito de Amparo en materia Penal admiti\u00f3 a tr\u00e1mite la demanda del supuesto operador del Cartel de Sinaloa\u00a0en Culiac\u00e1n, pero <strong>neg\u00f3 suspender la orden de extradici\u00f3n que reclam\u00f3.<\/strong><\/p>\n<p>Contra esta negativa, &#8220;El Me\u00f1o&#8221; tramit\u00f3 un recurso de queja que fue resuelto por el S\u00e9ptimo Tribunal Colegiado en materia Penal en la Ciudad de M\u00e9xico y que <strong>confirm\u00f3 la decisi\u00f3n de negar la suspensi\u00f3n de plano solicitada.<\/strong><\/p>\n<div class=\"banner b2\">\n<div id=\"div-gpt-ad-1505954097040-2\" data-google-query-id=\"COb0rv2T7ucCFQUaAQod_-EJOQ\">\n<p>Las autoridades mexicanas lo se\u00f1alaban por supuestamente controlar la importaci\u00f3n de droga de Estados Unidos con la ayuda de sus hermanos Sergio y Mart\u00edn Avenda\u00f1o Ojeda.<\/p>\n<p>Desde el 6 de febrero de 2018, la Secretar\u00eda de Relaciones Exteriores (SRE)\u00a0firm\u00f3 un acuerdo con el que autoriz\u00f3 la extradici\u00f3n del &#8220;Me\u00f1o&#8221; para ser juzgado en la Corte Superior del Distrito de Columbia por delitos contra la salud, mismo que le fue notificado el 20 de febrero siguiente.<\/p>\n<p>El gobierno estadounidense <strong>se\u00f1al\u00f3 a H\u00e9ctor Manuel y su hermano Mart\u00edn Avenda\u00f1o Ojedadesde octubre de 2011 como lugartenientes del &#8220;Mayo&#8221; Zambada<\/strong>, por lo que sus bienes y cuentas en Estados Unidos fueron congeladas y sus nombres figuran en la lista de control de activos extranjeros.<\/p>\n<p>H\u00e9ctor Manuel Avenda\u00f1o Ojeda ha logrado, desde 2018, frenar su extradici\u00f3n mediante diversos juicios de amparo en los que se le conced\u00edan suspensiones.<\/p>\n<p>Con informaci\u00f3n de SUN<\/p>\n<\/div>\n<\/div>\n","protected":false},"excerpt":{"rendered":"<p>Niega juez amparo a &#8220;El Me\u00f1o&#8221; contra extradici\u00f3n Por Redacci\u00f3n QP Con esta decisi\u00f3n, autoridades&#8230;<\/p>\n","protected":false},"author":2,"featured_media":53584,"comment_status":"open","ping_status":"open","sticky":false,"template":"","format":"standard","meta":{"_monsterinsights_skip_tracking":false,"_monsterinsights_sitenote_active":false,"_monsterinsights_sitenote_note":"","_monsterinsights_sitenote_category":0,"footnotes":""},"categories":[2],"tags":[],"class_list":["post-53583","post","type-post","status-publish","format-standard","has-post-thumbnail","hentry","category-noticias"],"yoast_head":"<!-- This site is optimized with the Yoast SEO plugin v27.3 - https:\/\/yoast.com\/product\/yoast-seo-wordpress\/ -->\n<title>Niega juez amparo a &quot;El Me\u00f1o&quot; contra extradici\u00f3n -<\/title>\n<meta name=\"robots\" content=\"index, follow, max-snippet:-1, max-image-preview:large, max-video-preview:-1\" \/>\n<link rel=\"canonical\" href=\"https:\/\/quehacerpolitico.mx\/?p=53583\" \/>\n<meta property=\"og:locale\" content=\"es_MX\" \/>\n<meta property=\"og:type\" content=\"article\" \/>\n<meta property=\"og:title\" content=\"Niega juez amparo a &quot;El Me\u00f1o&quot; contra extradici\u00f3n -\" \/>\n<meta property=\"og:description\" content=\"Niega juez amparo a &#8220;El Me\u00f1o&#8221; contra extradici\u00f3n Por Redacci\u00f3n QP Con esta decisi\u00f3n, autoridades...\" \/>\n<meta property=\"og:url\" content=\"https:\/\/quehacerpolitico.mx\/?p=53583\" \/>\n<meta property=\"article:published_time\" content=\"2020-02-26T02:23:47+00:00\" \/>\n<meta property=\"og:image\" content=\"https:\/\/quehacerpolitico.mx\/wp-content\/uploads\/2020\/02\/F18F3CFA-C172-4950-9819-46B5ABD1DB60.jpeg\" \/>\n\t<meta property=\"og:image:width\" content=\"320\" \/>\n\t<meta property=\"og:image:height\" content=\"305\" \/>\n\t<meta property=\"og:image:type\" content=\"image\/jpeg\" \/>\n<meta name=\"author\" content=\"Redacci\u00f3n QP\" \/>\n<meta name=\"twitter:card\" content=\"summary_large_image\" \/>\n<meta name=\"twitter:label1\" content=\"Escrito por\" \/>\n\t<meta name=\"twitter:data1\" content=\"Redacci\u00f3n QP\" \/>\n\t<meta name=\"twitter:label2\" content=\"Tiempo de lectura\" \/>\n\t<meta name=\"twitter:data2\" content=\"2 minutos\" \/>\n<script type=\"application\/ld+json\" class=\"yoast-schema-graph\">{\"@context\":\"https:\\\/\\\/schema.org\",\"@graph\":[{\"@type\":\"Article\",\"@id\":\"https:\\\/\\\/quehacerpolitico.mx\\\/?p=53583#article\",\"isPartOf\":{\"@id\":\"https:\\\/\\\/quehacerpolitico.mx\\\/?p=53583\"},\"author\":{\"name\":\"Redacci\u00f3n QP\",\"@id\":\"https:\\\/\\\/quehacerpolitico.mx\\\/#\\\/schema\\\/person\\\/496d8ad2d1d3f8036101dca7ee39e585\"},\"headline\":\"Niega juez amparo a &#8220;El Me\u00f1o&#8221; contra extradici\u00f3n\",\"datePublished\":\"2020-02-26T02:23:47+00:00\",\"mainEntityOfPage\":{\"@id\":\"https:\\\/\\\/quehacerpolitico.mx\\\/?p=53583\"},\"wordCount\":312,\"commentCount\":0,\"image\":{\"@id\":\"https:\\\/\\\/quehacerpolitico.mx\\\/?p=53583#primaryimage\"},\"thumbnailUrl\":\"https:\\\/\\\/quehacerpolitico.mx\\\/wp-content\\\/uploads\\\/2020\\\/02\\\/F18F3CFA-C172-4950-9819-46B5ABD1DB60.jpeg\",\"articleSection\":[\"Noticias\"],\"inLanguage\":\"es\",\"potentialAction\":[{\"@type\":\"CommentAction\",\"name\":\"Comment\",\"target\":[\"https:\\\/\\\/quehacerpolitico.mx\\\/?p=53583#respond\"]}]},{\"@type\":\"WebPage\",\"@id\":\"https:\\\/\\\/quehacerpolitico.mx\\\/?p=53583\",\"url\":\"https:\\\/\\\/quehacerpolitico.mx\\\/?p=53583\",\"name\":\"Niega juez amparo a \\\"El Me\u00f1o\\\" contra extradici\u00f3n -\",\"isPartOf\":{\"@id\":\"https:\\\/\\\/quehacerpolitico.mx\\\/#website\"},\"primaryImageOfPage\":{\"@id\":\"https:\\\/\\\/quehacerpolitico.mx\\\/?p=53583#primaryimage\"},\"image\":{\"@id\":\"https:\\\/\\\/quehacerpolitico.mx\\\/?p=53583#primaryimage\"},\"thumbnailUrl\":\"https:\\\/\\\/quehacerpolitico.mx\\\/wp-content\\\/uploads\\\/2020\\\/02\\\/F18F3CFA-C172-4950-9819-46B5ABD1DB60.jpeg\",\"datePublished\":\"2020-02-26T02:23:47+00:00\",\"author\":{\"@id\":\"https:\\\/\\\/quehacerpolitico.mx\\\/#\\\/schema\\\/person\\\/496d8ad2d1d3f8036101dca7ee39e585\"},\"breadcrumb\":{\"@id\":\"https:\\\/\\\/quehacerpolitico.mx\\\/?p=53583#breadcrumb\"},\"inLanguage\":\"es\",\"potentialAction\":[{\"@type\":\"ReadAction\",\"target\":[\"https:\\\/\\\/quehacerpolitico.mx\\\/?p=53583\"]}]},{\"@type\":\"ImageObject\",\"inLanguage\":\"es\",\"@id\":\"https:\\\/\\\/quehacerpolitico.mx\\\/?p=53583#primaryimage\",\"url\":\"https:\\\/\\\/quehacerpolitico.mx\\\/wp-content\\\/uploads\\\/2020\\\/02\\\/F18F3CFA-C172-4950-9819-46B5ABD1DB60.jpeg\",\"contentUrl\":\"https:\\\/\\\/quehacerpolitico.mx\\\/wp-content\\\/uploads\\\/2020\\\/02\\\/F18F3CFA-C172-4950-9819-46B5ABD1DB60.jpeg\",\"width\":320,\"height\":305},{\"@type\":\"BreadcrumbList\",\"@id\":\"https:\\\/\\\/quehacerpolitico.mx\\\/?p=53583#breadcrumb\",\"itemListElement\":[{\"@type\":\"ListItem\",\"position\":1,\"name\":\"Inicio\",\"item\":\"https:\\\/\\\/quehacerpolitico.mx\\\/\"},{\"@type\":\"ListItem\",\"position\":2,\"name\":\"Niega juez amparo a &#8220;El Me\u00f1o&#8221; contra extradici\u00f3n\"}]},{\"@type\":\"WebSite\",\"@id\":\"https:\\\/\\\/quehacerpolitico.mx\\\/#website\",\"url\":\"https:\\\/\\\/quehacerpolitico.mx\\\/\",\"name\":\"\",\"description\":\"\",\"potentialAction\":[{\"@type\":\"SearchAction\",\"target\":{\"@type\":\"EntryPoint\",\"urlTemplate\":\"https:\\\/\\\/quehacerpolitico.mx\\\/?s={search_term_string}\"},\"query-input\":{\"@type\":\"PropertyValueSpecification\",\"valueRequired\":true,\"valueName\":\"search_term_string\"}}],\"inLanguage\":\"es\"},{\"@type\":\"Person\",\"@id\":\"https:\\\/\\\/quehacerpolitico.mx\\\/#\\\/schema\\\/person\\\/496d8ad2d1d3f8036101dca7ee39e585\",\"name\":\"Redacci\u00f3n QP\",\"image\":{\"@type\":\"ImageObject\",\"inLanguage\":\"es\",\"@id\":\"https:\\\/\\\/secure.gravatar.com\\\/avatar\\\/c7164ed6fdec453195284ad24a5ae5b6e1eed2b848477fa2a4787ba9adf39a41?s=96&d=mm&r=g\",\"url\":\"https:\\\/\\\/secure.gravatar.com\\\/avatar\\\/c7164ed6fdec453195284ad24a5ae5b6e1eed2b848477fa2a4787ba9adf39a41?s=96&d=mm&r=g\",\"contentUrl\":\"https:\\\/\\\/secure.gravatar.com\\\/avatar\\\/c7164ed6fdec453195284ad24a5ae5b6e1eed2b848477fa2a4787ba9adf39a41?s=96&d=mm&r=g\",\"caption\":\"Redacci\u00f3n QP\"},\"url\":\"https:\\\/\\\/quehacerpolitico.mx\\\/?author=2\"}]}<\/script>\n<!-- \/ Yoast SEO plugin. -->","yoast_head_json":{"title":"Niega juez amparo a \"El Me\u00f1o\" contra extradici\u00f3n -","robots":{"index":"index","follow":"follow","max-snippet":"max-snippet:-1","max-image-preview":"max-image-preview:large","max-video-preview":"max-video-preview:-1"},"canonical":"https:\/\/quehacerpolitico.mx\/?p=53583","og_locale":"es_MX","og_type":"article","og_title":"Niega juez amparo a \"El Me\u00f1o\" contra extradici\u00f3n -","og_description":"Niega juez amparo a &#8220;El Me\u00f1o&#8221; contra extradici\u00f3n Por Redacci\u00f3n QP Con esta decisi\u00f3n, autoridades...","og_url":"https:\/\/quehacerpolitico.mx\/?p=53583","article_published_time":"2020-02-26T02:23:47+00:00","og_image":[{"width":320,"height":305,"url":"https:\/\/quehacerpolitico.mx\/wp-content\/uploads\/2020\/02\/F18F3CFA-C172-4950-9819-46B5ABD1DB60.jpeg","type":"image\/jpeg"}],"author":"Redacci\u00f3n QP","twitter_card":"summary_large_image","twitter_misc":{"Escrito por":"Redacci\u00f3n QP","Tiempo de lectura":"2 minutos"},"schema":{"@context":"https:\/\/schema.org","@graph":[{"@type":"Article","@id":"https:\/\/quehacerpolitico.mx\/?p=53583#article","isPartOf":{"@id":"https:\/\/quehacerpolitico.mx\/?p=53583"},"author":{"name":"Redacci\u00f3n QP","@id":"https:\/\/quehacerpolitico.mx\/#\/schema\/person\/496d8ad2d1d3f8036101dca7ee39e585"},"headline":"Niega juez amparo a &#8220;El Me\u00f1o&#8221; contra extradici\u00f3n","datePublished":"2020-02-26T02:23:47+00:00","mainEntityOfPage":{"@id":"https:\/\/quehacerpolitico.mx\/?p=53583"},"wordCount":312,"commentCount":0,"image":{"@id":"https:\/\/quehacerpolitico.mx\/?p=53583#primaryimage"},"thumbnailUrl":"https:\/\/quehacerpolitico.mx\/wp-content\/uploads\/2020\/02\/F18F3CFA-C172-4950-9819-46B5ABD1DB60.jpeg","articleSection":["Noticias"],"inLanguage":"es","potentialAction":[{"@type":"CommentAction","name":"Comment","target":["https:\/\/quehacerpolitico.mx\/?p=53583#respond"]}]},{"@type":"WebPage","@id":"https:\/\/quehacerpolitico.mx\/?p=53583","url":"https:\/\/quehacerpolitico.mx\/?p=53583","name":"Niega juez amparo a \"El Me\u00f1o\" contra extradici\u00f3n -","isPartOf":{"@id":"https:\/\/quehacerpolitico.mx\/#website"},"primaryImageOfPage":{"@id":"https:\/\/quehacerpolitico.mx\/?p=53583#primaryimage"},"image":{"@id":"https:\/\/quehacerpolitico.mx\/?p=53583#primaryimage"},"thumbnailUrl":"https:\/\/quehacerpolitico.mx\/wp-content\/uploads\/2020\/02\/F18F3CFA-C172-4950-9819-46B5ABD1DB60.jpeg","datePublished":"2020-02-26T02:23:47+00:00","author":{"@id":"https:\/\/quehacerpolitico.mx\/#\/schema\/person\/496d8ad2d1d3f8036101dca7ee39e585"},"breadcrumb":{"@id":"https:\/\/quehacerpolitico.mx\/?p=53583#breadcrumb"},"inLanguage":"es","potentialAction":[{"@type":"ReadAction","target":["https:\/\/quehacerpolitico.mx\/?p=53583"]}]},{"@type":"ImageObject","inLanguage":"es","@id":"https:\/\/quehacerpolitico.mx\/?p=53583#primaryimage","url":"https:\/\/quehacerpolitico.mx\/wp-content\/uploads\/2020\/02\/F18F3CFA-C172-4950-9819-46B5ABD1DB60.jpeg","contentUrl":"https:\/\/quehacerpolitico.mx\/wp-content\/uploads\/2020\/02\/F18F3CFA-C172-4950-9819-46B5ABD1DB60.jpeg","width":320,"height":305},{"@type":"BreadcrumbList","@id":"https:\/\/quehacerpolitico.mx\/?p=53583#breadcrumb","itemListElement":[{"@type":"ListItem","position":1,"name":"Inicio","item":"https:\/\/quehacerpolitico.mx\/"},{"@type":"ListItem","position":2,"name":"Niega juez amparo a &#8220;El Me\u00f1o&#8221; contra extradici\u00f3n"}]},{"@type":"WebSite","@id":"https:\/\/quehacerpolitico.mx\/#website","url":"https:\/\/quehacerpolitico.mx\/","name":"","description":"","potentialAction":[{"@type":"SearchAction","target":{"@type":"EntryPoint","urlTemplate":"https:\/\/quehacerpolitico.mx\/?s={search_term_string}"},"query-input":{"@type":"PropertyValueSpecification","valueRequired":true,"valueName":"search_term_string"}}],"inLanguage":"es"},{"@type":"Person","@id":"https:\/\/quehacerpolitico.mx\/#\/schema\/person\/496d8ad2d1d3f8036101dca7ee39e585","name":"Redacci\u00f3n QP","image":{"@type":"ImageObject","inLanguage":"es","@id":"https:\/\/secure.gravatar.com\/avatar\/c7164ed6fdec453195284ad24a5ae5b6e1eed2b848477fa2a4787ba9adf39a41?s=96&d=mm&r=g","url":"https:\/\/secure.gravatar.com\/avatar\/c7164ed6fdec453195284ad24a5ae5b6e1eed2b848477fa2a4787ba9adf39a41?s=96&d=mm&r=g","contentUrl":"https:\/\/secure.gravatar.com\/avatar\/c7164ed6fdec453195284ad24a5ae5b6e1eed2b848477fa2a4787ba9adf39a41?s=96&d=mm&r=g","caption":"Redacci\u00f3n QP"},"url":"https:\/\/quehacerpolitico.mx\/?author=2"}]}},"featured_image_urls":{"full":["https:\/\/quehacerpolitico.mx\/wp-content\/uploads\/2020\/02\/F18F3CFA-C172-4950-9819-46B5ABD1DB60.jpeg",320,305,false],"thumbnail":["https:\/\/quehacerpolitico.mx\/wp-content\/uploads\/2020\/02\/F18F3CFA-C172-4950-9819-46B5ABD1DB60-150x150.jpeg",150,150,true],"medium":["https:\/\/quehacerpolitico.mx\/wp-content\/uploads\/2020\/02\/F18F3CFA-C172-4950-9819-46B5ABD1DB60-300x286.jpeg",300,286,true],"medium_large":["https:\/\/quehacerpolitico.mx\/wp-content\/uploads\/2020\/02\/F18F3CFA-C172-4950-9819-46B5ABD1DB60.jpeg",320,305,false],"large":["https:\/\/quehacerpolitico.mx\/wp-content\/uploads\/2020\/02\/F18F3CFA-C172-4950-9819-46B5ABD1DB60.jpeg",320,305,false],"1536x1536":["https:\/\/quehacerpolitico.mx\/wp-content\/uploads\/2020\/02\/F18F3CFA-C172-4950-9819-46B5ABD1DB60.jpeg",320,305,false],"2048x2048":["https:\/\/quehacerpolitico.mx\/wp-content\/uploads\/2020\/02\/F18F3CFA-C172-4950-9819-46B5ABD1DB60.jpeg",320,305,false],"covernews-featured":["https:\/\/quehacerpolitico.mx\/wp-content\/uploads\/2020\/02\/F18F3CFA-C172-4950-9819-46B5ABD1DB60.jpeg",320,305,false],"covernews-medium":["https:\/\/quehacerpolitico.mx\/wp-content\/uploads\/2020\/02\/F18F3CFA-C172-4950-9819-46B5ABD1DB60.jpeg",320,305,false]},"author_info":{"display_name":"Redacci\u00f3n QP","author_link":"https:\/\/quehacerpolitico.mx\/?author=2"},"category_info":"<a href=\"https:\/\/quehacerpolitico.mx\/?cat=2\" rel=\"category\">Noticias<\/a>","tag_info":"Noticias","comment_count":"0","_links":{"self":[{"href":"https:\/\/quehacerpolitico.mx\/index.php?rest_route=\/wp\/v2\/posts\/53583","targetHints":{"allow":["GET"]}}],"collection":[{"href":"https:\/\/quehacerpolitico.mx\/index.php?rest_route=\/wp\/v2\/posts"}],"about":[{"href":"https:\/\/quehacerpolitico.mx\/index.php?rest_route=\/wp\/v2\/types\/post"}],"author":[{"embeddable":true,"href":"https:\/\/quehacerpolitico.mx\/index.php?rest_route=\/wp\/v2\/users\/2"}],"replies":[{"embeddable":true,"href":"https:\/\/quehacerpolitico.mx\/index.php?rest_route=%2Fwp%2Fv2%2Fcomments&post=53583"}],"version-history":[{"count":0,"href":"https:\/\/quehacerpolitico.mx\/index.php?rest_route=\/wp\/v2\/posts\/53583\/revisions"}],"wp:featuredmedia":[{"embeddable":true,"href":"https:\/\/quehacerpolitico.mx\/index.php?rest_route=\/wp\/v2\/media\/53584"}],"wp:attachment":[{"href":"https:\/\/quehacerpolitico.mx\/index.php?rest_route=%2Fwp%2Fv2%2Fmedia&parent=53583"}],"wp:term":[{"taxonomy":"category","embeddable":true,"href":"https:\/\/quehacerpolitico.mx\/index.php?rest_route=%2Fwp%2Fv2%2Fcategories&post=53583"},{"taxonomy":"post_tag","embeddable":true,"href":"https:\/\/quehacerpolitico.mx\/index.php?rest_route=%2Fwp%2Fv2%2Ftags&post=53583"}],"curies":[{"name":"wp","href":"https:\/\/api.w.org\/{rel}","templated":true}]}}