{"id":53571,"date":"2020-02-26T01:49:18","date_gmt":"2020-02-26T01:49:18","guid":{"rendered":"http:\/\/quehacerpolitico.mx\/?p=53571"},"modified":"2020-02-26T01:49:18","modified_gmt":"2020-02-26T01:49:18","slug":"la-uif-congela-14-cuentas-ligadas-con-genaro-garcia-luna","status":"publish","type":"post","link":"https:\/\/quehacerpolitico.mx\/?p=53571","title":{"rendered":"La UIF congela 14 cuentas ligadas con Genaro Garc\u00eda Luna"},"content":{"rendered":"<h1 class=\"news-title\">La UIF congela 14 cuentas ligadas con Genaro Garc\u00eda Luna<br \/>\nPor Redacci\u00f3n QP<\/h1>\n<div class=\"news-subtitle\">\n<p>Santiago Nieto asegura que la dependencia a su cargo ha proporcionado toda la informaci\u00f3n que les han pedido de Estados Unidos<\/p>\n<\/div>\n<div class=\"social-share-box normal\">\n<p>El titular de la Unidad de Inteligencia Financiera (UIF) de la Secretar\u00eda de Hacienda, Santiago Nieto, inform\u00f3 que, hasta el momento, su dependencia ha congelado 14 cuentas bancarias relacionadas con quien fuera secretario de Seguridad P\u00fablica en el sexenio de Felipe Calder\u00f3n, Genaro Garc\u00eda Luna.<\/p>\n<p>En entrevista al participar en el III Foro Regional Interparlamentario, sobre Seguridad en el Tri\u00e1ngulo Norte de Am\u00e9rica Central y M\u00e9xico en la C\u00e1mara de Diputados, Santiago Nieto explic\u00f3 que <strong>estas 14 cuentas confiscadas tienen que ver con personas f\u00edsicas y morales relacionadas con la detenci\u00f3n de Garc\u00eda Luna.<\/strong><\/p>\n<p>Nieto Castillo indic\u00f3 que en el tema de Garc\u00eda Luna la UIF ha proporcionado toda la informaci\u00f3n que les han pedido de Estados Unidos<\/p>\n<p>&#8220;En el tema de Garc\u00eda Luna hemos proporcionado la informaci\u00f3n que nos ha pedido Estados Unidos, se ha proporcionado la informaci\u00f3n a la denuncia ante la fiscal\u00eda, se procedi\u00f3 al congelamiento de cuentas&#8221;, explic\u00f3 Nieto Castillo.<\/p>\n<p>El pasado 10 de diciembre, Genaro Garc\u00eda Luna, quien fuera secretario de Seguridad P\u00fablica durante el gobierno de Felipe Calder\u00f3n, <strong>fue detenido en Dallas, Texas, por cargos en Nueva York, de conspiraci\u00f3n para tr\u00e1fico de drogas y de realizar declaraciones falsas.<\/strong><\/p>\n<p>Presuntamente, Garc\u00eda Luna recibi\u00f3 millones de d\u00f3lares del Cartel de Sinaloa\u00a0de Joaqu\u00edn Guzm\u00e1n &#8220;El Chapo&#8221; Guzm\u00e1n.<\/p>\n<p>Con informaci\u00f3n de SUN<\/p>\n<\/div>\n","protected":false},"excerpt":{"rendered":"<p>La UIF congela 14 cuentas ligadas con Genaro Garc\u00eda Luna Por Redacci\u00f3n QP Santiago Nieto&#8230;<\/p>\n","protected":false},"author":2,"featured_media":53572,"comment_status":"open","ping_status":"open","sticky":false,"template":"","format":"standard","meta":{"_monsterinsights_skip_tracking":false,"_monsterinsights_sitenote_active":false,"_monsterinsights_sitenote_note":"","_monsterinsights_sitenote_category":0,"footnotes":""},"categories":[2],"tags":[],"class_list":["post-53571","post","type-post","status-publish","format-standard","has-post-thumbnail","hentry","category-noticias"],"yoast_head":"<!-- This site is optimized with the Yoast SEO plugin v27.3 - https:\/\/yoast.com\/product\/yoast-seo-wordpress\/ -->\n<title>La UIF congela 14 cuentas ligadas con Genaro Garc\u00eda Luna -<\/title>\n<meta name=\"robots\" content=\"index, follow, max-snippet:-1, max-image-preview:large, max-video-preview:-1\" \/>\n<link rel=\"canonical\" href=\"https:\/\/quehacerpolitico.mx\/?p=53571\" \/>\n<meta property=\"og:locale\" content=\"es_MX\" \/>\n<meta property=\"og:type\" content=\"article\" \/>\n<meta property=\"og:title\" content=\"La UIF congela 14 cuentas ligadas con Genaro Garc\u00eda Luna -\" \/>\n<meta property=\"og:description\" content=\"La UIF congela 14 cuentas ligadas con Genaro Garc\u00eda Luna Por Redacci\u00f3n QP Santiago Nieto...\" \/>\n<meta property=\"og:url\" content=\"https:\/\/quehacerpolitico.mx\/?p=53571\" \/>\n<meta property=\"article:published_time\" content=\"2020-02-26T01:49:18+00:00\" \/>\n<meta property=\"og:image\" content=\"https:\/\/quehacerpolitico.mx\/wp-content\/uploads\/2020\/02\/6ACA85D9-72F7-4774-8762-4714D2536429.jpeg\" \/>\n\t<meta property=\"og:image:width\" content=\"320\" \/>\n\t<meta property=\"og:image:height\" content=\"305\" \/>\n\t<meta property=\"og:image:type\" content=\"image\/jpeg\" \/>\n<meta name=\"author\" content=\"Redacci\u00f3n QP\" \/>\n<meta name=\"twitter:card\" content=\"summary_large_image\" \/>\n<meta name=\"twitter:label1\" content=\"Escrito por\" \/>\n\t<meta name=\"twitter:data1\" content=\"Redacci\u00f3n QP\" \/>\n\t<meta name=\"twitter:label2\" content=\"Tiempo de lectura\" \/>\n\t<meta name=\"twitter:data2\" content=\"1 minuto\" \/>\n<script type=\"application\/ld+json\" class=\"yoast-schema-graph\">{\"@context\":\"https:\\\/\\\/schema.org\",\"@graph\":[{\"@type\":\"Article\",\"@id\":\"https:\\\/\\\/quehacerpolitico.mx\\\/?p=53571#article\",\"isPartOf\":{\"@id\":\"https:\\\/\\\/quehacerpolitico.mx\\\/?p=53571\"},\"author\":{\"name\":\"Redacci\u00f3n QP\",\"@id\":\"https:\\\/\\\/quehacerpolitico.mx\\\/#\\\/schema\\\/person\\\/496d8ad2d1d3f8036101dca7ee39e585\"},\"headline\":\"La UIF congela 14 cuentas ligadas con Genaro Garc\u00eda Luna\",\"datePublished\":\"2020-02-26T01:49:18+00:00\",\"mainEntityOfPage\":{\"@id\":\"https:\\\/\\\/quehacerpolitico.mx\\\/?p=53571\"},\"wordCount\":287,\"commentCount\":0,\"image\":{\"@id\":\"https:\\\/\\\/quehacerpolitico.mx\\\/?p=53571#primaryimage\"},\"thumbnailUrl\":\"https:\\\/\\\/quehacerpolitico.mx\\\/wp-content\\\/uploads\\\/2020\\\/02\\\/6ACA85D9-72F7-4774-8762-4714D2536429.jpeg\",\"articleSection\":[\"Noticias\"],\"inLanguage\":\"es\",\"potentialAction\":[{\"@type\":\"CommentAction\",\"name\":\"Comment\",\"target\":[\"https:\\\/\\\/quehacerpolitico.mx\\\/?p=53571#respond\"]}]},{\"@type\":\"WebPage\",\"@id\":\"https:\\\/\\\/quehacerpolitico.mx\\\/?p=53571\",\"url\":\"https:\\\/\\\/quehacerpolitico.mx\\\/?p=53571\",\"name\":\"La UIF congela 14 cuentas ligadas con Genaro Garc\u00eda Luna -\",\"isPartOf\":{\"@id\":\"https:\\\/\\\/quehacerpolitico.mx\\\/#website\"},\"primaryImageOfPage\":{\"@id\":\"https:\\\/\\\/quehacerpolitico.mx\\\/?p=53571#primaryimage\"},\"image\":{\"@id\":\"https:\\\/\\\/quehacerpolitico.mx\\\/?p=53571#primaryimage\"},\"thumbnailUrl\":\"https:\\\/\\\/quehacerpolitico.mx\\\/wp-content\\\/uploads\\\/2020\\\/02\\\/6ACA85D9-72F7-4774-8762-4714D2536429.jpeg\",\"datePublished\":\"2020-02-26T01:49:18+00:00\",\"author\":{\"@id\":\"https:\\\/\\\/quehacerpolitico.mx\\\/#\\\/schema\\\/person\\\/496d8ad2d1d3f8036101dca7ee39e585\"},\"breadcrumb\":{\"@id\":\"https:\\\/\\\/quehacerpolitico.mx\\\/?p=53571#breadcrumb\"},\"inLanguage\":\"es\",\"potentialAction\":[{\"@type\":\"ReadAction\",\"target\":[\"https:\\\/\\\/quehacerpolitico.mx\\\/?p=53571\"]}]},{\"@type\":\"ImageObject\",\"inLanguage\":\"es\",\"@id\":\"https:\\\/\\\/quehacerpolitico.mx\\\/?p=53571#primaryimage\",\"url\":\"https:\\\/\\\/quehacerpolitico.mx\\\/wp-content\\\/uploads\\\/2020\\\/02\\\/6ACA85D9-72F7-4774-8762-4714D2536429.jpeg\",\"contentUrl\":\"https:\\\/\\\/quehacerpolitico.mx\\\/wp-content\\\/uploads\\\/2020\\\/02\\\/6ACA85D9-72F7-4774-8762-4714D2536429.jpeg\",\"width\":320,\"height\":305},{\"@type\":\"BreadcrumbList\",\"@id\":\"https:\\\/\\\/quehacerpolitico.mx\\\/?p=53571#breadcrumb\",\"itemListElement\":[{\"@type\":\"ListItem\",\"position\":1,\"name\":\"Inicio\",\"item\":\"https:\\\/\\\/quehacerpolitico.mx\\\/\"},{\"@type\":\"ListItem\",\"position\":2,\"name\":\"La UIF congela 14 cuentas ligadas con Genaro Garc\u00eda Luna\"}]},{\"@type\":\"WebSite\",\"@id\":\"https:\\\/\\\/quehacerpolitico.mx\\\/#website\",\"url\":\"https:\\\/\\\/quehacerpolitico.mx\\\/\",\"name\":\"\",\"description\":\"\",\"potentialAction\":[{\"@type\":\"SearchAction\",\"target\":{\"@type\":\"EntryPoint\",\"urlTemplate\":\"https:\\\/\\\/quehacerpolitico.mx\\\/?s={search_term_string}\"},\"query-input\":{\"@type\":\"PropertyValueSpecification\",\"valueRequired\":true,\"valueName\":\"search_term_string\"}}],\"inLanguage\":\"es\"},{\"@type\":\"Person\",\"@id\":\"https:\\\/\\\/quehacerpolitico.mx\\\/#\\\/schema\\\/person\\\/496d8ad2d1d3f8036101dca7ee39e585\",\"name\":\"Redacci\u00f3n QP\",\"image\":{\"@type\":\"ImageObject\",\"inLanguage\":\"es\",\"@id\":\"https:\\\/\\\/secure.gravatar.com\\\/avatar\\\/c7164ed6fdec453195284ad24a5ae5b6e1eed2b848477fa2a4787ba9adf39a41?s=96&d=mm&r=g\",\"url\":\"https:\\\/\\\/secure.gravatar.com\\\/avatar\\\/c7164ed6fdec453195284ad24a5ae5b6e1eed2b848477fa2a4787ba9adf39a41?s=96&d=mm&r=g\",\"contentUrl\":\"https:\\\/\\\/secure.gravatar.com\\\/avatar\\\/c7164ed6fdec453195284ad24a5ae5b6e1eed2b848477fa2a4787ba9adf39a41?s=96&d=mm&r=g\",\"caption\":\"Redacci\u00f3n QP\"},\"url\":\"https:\\\/\\\/quehacerpolitico.mx\\\/?author=2\"}]}<\/script>\n<!-- \/ Yoast SEO plugin. -->","yoast_head_json":{"title":"La UIF congela 14 cuentas ligadas con Genaro Garc\u00eda Luna -","robots":{"index":"index","follow":"follow","max-snippet":"max-snippet:-1","max-image-preview":"max-image-preview:large","max-video-preview":"max-video-preview:-1"},"canonical":"https:\/\/quehacerpolitico.mx\/?p=53571","og_locale":"es_MX","og_type":"article","og_title":"La UIF congela 14 cuentas ligadas con Genaro Garc\u00eda Luna -","og_description":"La UIF congela 14 cuentas ligadas con Genaro Garc\u00eda Luna Por Redacci\u00f3n QP Santiago Nieto...","og_url":"https:\/\/quehacerpolitico.mx\/?p=53571","article_published_time":"2020-02-26T01:49:18+00:00","og_image":[{"width":320,"height":305,"url":"https:\/\/quehacerpolitico.mx\/wp-content\/uploads\/2020\/02\/6ACA85D9-72F7-4774-8762-4714D2536429.jpeg","type":"image\/jpeg"}],"author":"Redacci\u00f3n QP","twitter_card":"summary_large_image","twitter_misc":{"Escrito por":"Redacci\u00f3n QP","Tiempo de lectura":"1 minuto"},"schema":{"@context":"https:\/\/schema.org","@graph":[{"@type":"Article","@id":"https:\/\/quehacerpolitico.mx\/?p=53571#article","isPartOf":{"@id":"https:\/\/quehacerpolitico.mx\/?p=53571"},"author":{"name":"Redacci\u00f3n QP","@id":"https:\/\/quehacerpolitico.mx\/#\/schema\/person\/496d8ad2d1d3f8036101dca7ee39e585"},"headline":"La UIF congela 14 cuentas ligadas con Genaro Garc\u00eda Luna","datePublished":"2020-02-26T01:49:18+00:00","mainEntityOfPage":{"@id":"https:\/\/quehacerpolitico.mx\/?p=53571"},"wordCount":287,"commentCount":0,"image":{"@id":"https:\/\/quehacerpolitico.mx\/?p=53571#primaryimage"},"thumbnailUrl":"https:\/\/quehacerpolitico.mx\/wp-content\/uploads\/2020\/02\/6ACA85D9-72F7-4774-8762-4714D2536429.jpeg","articleSection":["Noticias"],"inLanguage":"es","potentialAction":[{"@type":"CommentAction","name":"Comment","target":["https:\/\/quehacerpolitico.mx\/?p=53571#respond"]}]},{"@type":"WebPage","@id":"https:\/\/quehacerpolitico.mx\/?p=53571","url":"https:\/\/quehacerpolitico.mx\/?p=53571","name":"La UIF congela 14 cuentas ligadas con Genaro Garc\u00eda Luna -","isPartOf":{"@id":"https:\/\/quehacerpolitico.mx\/#website"},"primaryImageOfPage":{"@id":"https:\/\/quehacerpolitico.mx\/?p=53571#primaryimage"},"image":{"@id":"https:\/\/quehacerpolitico.mx\/?p=53571#primaryimage"},"thumbnailUrl":"https:\/\/quehacerpolitico.mx\/wp-content\/uploads\/2020\/02\/6ACA85D9-72F7-4774-8762-4714D2536429.jpeg","datePublished":"2020-02-26T01:49:18+00:00","author":{"@id":"https:\/\/quehacerpolitico.mx\/#\/schema\/person\/496d8ad2d1d3f8036101dca7ee39e585"},"breadcrumb":{"@id":"https:\/\/quehacerpolitico.mx\/?p=53571#breadcrumb"},"inLanguage":"es","potentialAction":[{"@type":"ReadAction","target":["https:\/\/quehacerpolitico.mx\/?p=53571"]}]},{"@type":"ImageObject","inLanguage":"es","@id":"https:\/\/quehacerpolitico.mx\/?p=53571#primaryimage","url":"https:\/\/quehacerpolitico.mx\/wp-content\/uploads\/2020\/02\/6ACA85D9-72F7-4774-8762-4714D2536429.jpeg","contentUrl":"https:\/\/quehacerpolitico.mx\/wp-content\/uploads\/2020\/02\/6ACA85D9-72F7-4774-8762-4714D2536429.jpeg","width":320,"height":305},{"@type":"BreadcrumbList","@id":"https:\/\/quehacerpolitico.mx\/?p=53571#breadcrumb","itemListElement":[{"@type":"ListItem","position":1,"name":"Inicio","item":"https:\/\/quehacerpolitico.mx\/"},{"@type":"ListItem","position":2,"name":"La UIF congela 14 cuentas ligadas con Genaro Garc\u00eda Luna"}]},{"@type":"WebSite","@id":"https:\/\/quehacerpolitico.mx\/#website","url":"https:\/\/quehacerpolitico.mx\/","name":"","description":"","potentialAction":[{"@type":"SearchAction","target":{"@type":"EntryPoint","urlTemplate":"https:\/\/quehacerpolitico.mx\/?s={search_term_string}"},"query-input":{"@type":"PropertyValueSpecification","valueRequired":true,"valueName":"search_term_string"}}],"inLanguage":"es"},{"@type":"Person","@id":"https:\/\/quehacerpolitico.mx\/#\/schema\/person\/496d8ad2d1d3f8036101dca7ee39e585","name":"Redacci\u00f3n QP","image":{"@type":"ImageObject","inLanguage":"es","@id":"https:\/\/secure.gravatar.com\/avatar\/c7164ed6fdec453195284ad24a5ae5b6e1eed2b848477fa2a4787ba9adf39a41?s=96&d=mm&r=g","url":"https:\/\/secure.gravatar.com\/avatar\/c7164ed6fdec453195284ad24a5ae5b6e1eed2b848477fa2a4787ba9adf39a41?s=96&d=mm&r=g","contentUrl":"https:\/\/secure.gravatar.com\/avatar\/c7164ed6fdec453195284ad24a5ae5b6e1eed2b848477fa2a4787ba9adf39a41?s=96&d=mm&r=g","caption":"Redacci\u00f3n QP"},"url":"https:\/\/quehacerpolitico.mx\/?author=2"}]}},"featured_image_urls":{"full":["https:\/\/quehacerpolitico.mx\/wp-content\/uploads\/2020\/02\/6ACA85D9-72F7-4774-8762-4714D2536429.jpeg",320,305,false],"thumbnail":["https:\/\/quehacerpolitico.mx\/wp-content\/uploads\/2020\/02\/6ACA85D9-72F7-4774-8762-4714D2536429-150x150.jpeg",150,150,true],"medium":["https:\/\/quehacerpolitico.mx\/wp-content\/uploads\/2020\/02\/6ACA85D9-72F7-4774-8762-4714D2536429-300x286.jpeg",300,286,true],"medium_large":["https:\/\/quehacerpolitico.mx\/wp-content\/uploads\/2020\/02\/6ACA85D9-72F7-4774-8762-4714D2536429.jpeg",320,305,false],"large":["https:\/\/quehacerpolitico.mx\/wp-content\/uploads\/2020\/02\/6ACA85D9-72F7-4774-8762-4714D2536429.jpeg",320,305,false],"1536x1536":["https:\/\/quehacerpolitico.mx\/wp-content\/uploads\/2020\/02\/6ACA85D9-72F7-4774-8762-4714D2536429.jpeg",320,305,false],"2048x2048":["https:\/\/quehacerpolitico.mx\/wp-content\/uploads\/2020\/02\/6ACA85D9-72F7-4774-8762-4714D2536429.jpeg",320,305,false],"covernews-featured":["https:\/\/quehacerpolitico.mx\/wp-content\/uploads\/2020\/02\/6ACA85D9-72F7-4774-8762-4714D2536429.jpeg",320,305,false],"covernews-medium":["https:\/\/quehacerpolitico.mx\/wp-content\/uploads\/2020\/02\/6ACA85D9-72F7-4774-8762-4714D2536429.jpeg",320,305,false]},"author_info":{"display_name":"Redacci\u00f3n QP","author_link":"https:\/\/quehacerpolitico.mx\/?author=2"},"category_info":"<a href=\"https:\/\/quehacerpolitico.mx\/?cat=2\" rel=\"category\">Noticias<\/a>","tag_info":"Noticias","comment_count":"0","_links":{"self":[{"href":"https:\/\/quehacerpolitico.mx\/index.php?rest_route=\/wp\/v2\/posts\/53571","targetHints":{"allow":["GET"]}}],"collection":[{"href":"https:\/\/quehacerpolitico.mx\/index.php?rest_route=\/wp\/v2\/posts"}],"about":[{"href":"https:\/\/quehacerpolitico.mx\/index.php?rest_route=\/wp\/v2\/types\/post"}],"author":[{"embeddable":true,"href":"https:\/\/quehacerpolitico.mx\/index.php?rest_route=\/wp\/v2\/users\/2"}],"replies":[{"embeddable":true,"href":"https:\/\/quehacerpolitico.mx\/index.php?rest_route=%2Fwp%2Fv2%2Fcomments&post=53571"}],"version-history":[{"count":0,"href":"https:\/\/quehacerpolitico.mx\/index.php?rest_route=\/wp\/v2\/posts\/53571\/revisions"}],"wp:featuredmedia":[{"embeddable":true,"href":"https:\/\/quehacerpolitico.mx\/index.php?rest_route=\/wp\/v2\/media\/53572"}],"wp:attachment":[{"href":"https:\/\/quehacerpolitico.mx\/index.php?rest_route=%2Fwp%2Fv2%2Fmedia&parent=53571"}],"wp:term":[{"taxonomy":"category","embeddable":true,"href":"https:\/\/quehacerpolitico.mx\/index.php?rest_route=%2Fwp%2Fv2%2Fcategories&post=53571"},{"taxonomy":"post_tag","embeddable":true,"href":"https:\/\/quehacerpolitico.mx\/index.php?rest_route=%2Fwp%2Fv2%2Ftags&post=53571"}],"curies":[{"name":"wp","href":"https:\/\/api.w.org\/{rel}","templated":true}]}}