{"id":53563,"date":"2020-02-26T01:23:04","date_gmt":"2020-02-26T01:23:04","guid":{"rendered":"http:\/\/quehacerpolitico.mx\/?p=53563"},"modified":"2020-02-26T01:23:04","modified_gmt":"2020-02-26T01:23:04","slug":"japon-aporta-1-8-mdd-para-apoyar-a-migrantes-al-sur-de-mexico","status":"publish","type":"post","link":"https:\/\/quehacerpolitico.mx\/?p=53563","title":{"rendered":"Jap\u00f3n aporta 1.8 MDD para apoyar a migrantes al sur de M\u00e9xico"},"content":{"rendered":"<h1 class=\"news-title\">Jap\u00f3n aporta 1.8 MDD para apoyar a migrantes al sur de M\u00e9xico<br \/>\nPor Redacci\u00f3n QP<\/h1>\n<p>El embajador Yasushi Takase firm\u00f3 este martes en la SRE la Carta para el Mejoramiento de la Atenci\u00f3n Migratoria en la Frontera Sur del pa\u00eds<\/p>\n<p>El gobierno de Japon\u00a0aport\u00f3 1.8 millones de d\u00f3lares para el mejoramiento, en la frontera sur de M\u00e9xico, de albergues en donde se resguardan migrantes y ser\u00e1 a trav\u00e9s de la Organizaci\u00f3n Internacional de las Migraciones (OIM) como se aplicar\u00e1n los recursos.<\/p>\n<p>El embajador de Jap\u00f3n en M\u00e9xico, Yasushi Takase, <strong>firm\u00f3 en la Secretar\u00eda de Relaciones Exteriores la Carta para el Mejoramiento de la Atenci\u00f3n Migratoria en la Frontera Sur del pa\u00eds.<\/strong><\/p>\n<p>Se\u00f1al\u00f3 que parte de la cooperaci\u00f3n internacional de Jap\u00f3n se centra en el desarrollo de las naciones y la seguridad humana.<\/p>\n<p>Por su parte, el jefe de la misi\u00f3n de OIM en M\u00e9xico\u00a0Christopher Gascon, detall\u00f3 que la aplicaci\u00f3n de tal aportaci\u00f3n econ\u00f3mica se llevar\u00e1 a cabo en dos etapas.<\/p>\n<blockquote class=\"twitter-tweet\" data-width=\"550\" data-dnt=\"true\">\n<p lang=\"es\" dir=\"ltr\"><a href=\"https:\/\/twitter.com\/hashtag\/OIM?src=hash&amp;ref_src=twsrc%5Etfw\">#OIM<\/a> firma Proyecto de Capacidades en Albergues en la <a href=\"https:\/\/twitter.com\/hashtag\/FronteraSur?src=hash&amp;ref_src=twsrc%5Etfw\">#FronteraSur<\/a> de \ud83c\uddf2\ud83c\uddfd  con <a href=\"https:\/\/twitter.com\/JapanEmb_Mexico?ref_src=twsrc%5Etfw\">@JapanEmb_Mexico<\/a><br \/>y \u2066\u2066 <a href=\"https:\/\/twitter.com\/SRE_mx?ref_src=twsrc%5Etfw\">@SRE_mx<\/a> , apoyar\u00e1:<\/p>\n<p>\ud83d\udd35La mejora de la infraestructura de las instalaciones donde se alojan las personas <a href=\"https:\/\/twitter.com\/hashtag\/migrantes?src=hash&amp;ref_src=twsrc%5Etfw\">#migrantes<\/a> <a href=\"https:\/\/t.co\/RQQhGE6bsV\">pic.twitter.com\/RQQhGE6bsV<\/a><\/p>\n<p>&mdash; OIM M\u00e9xico (@OIM_Mexico) <a href=\"https:\/\/twitter.com\/OIM_Mexico\/status\/1232409601527746563?ref_src=twsrc%5Etfw\">February 25, 2020<\/a><\/p><\/blockquote>\n<p><script async src=\"https:\/\/platform.twitter.com\/widgets.js\" charset=\"utf-8\"><\/script><\/p>\n<p>La primera, indic\u00f3, <strong>es mejorar la infraestructura en donde se alojan las personas migrantes<\/strong>, y para lo cual se har\u00e1 un diagn\u00f3stico objetivo para seleccionar los lugares.<\/p>\n<p>Se trata de beneficiar a unos 135 migrantes en\u00a0un proyecto que deber\u00e1 concretarse en 30 meses.<\/p>\n<p>La segunda etapa ser\u00e1 la de impartir talleres de capacitaci\u00f3n para el personal a cargo de los albergues.<\/p>\n<p>Con informaci\u00f3n de SUN<\/p>\n","protected":false},"excerpt":{"rendered":"<p>Jap\u00f3n aporta 1.8 MDD para apoyar a migrantes al sur de M\u00e9xico Por Redacci\u00f3n QP&#8230;<\/p>\n","protected":false},"author":2,"featured_media":53565,"comment_status":"open","ping_status":"open","sticky":false,"template":"","format":"standard","meta":{"_monsterinsights_skip_tracking":false,"_monsterinsights_sitenote_active":false,"_monsterinsights_sitenote_note":"","_monsterinsights_sitenote_category":0,"footnotes":""},"categories":[2],"tags":[],"class_list":["post-53563","post","type-post","status-publish","format-standard","has-post-thumbnail","hentry","category-noticias"],"yoast_head":"<!-- This site is optimized with the Yoast SEO plugin v27.3 - https:\/\/yoast.com\/product\/yoast-seo-wordpress\/ -->\n<title>Jap\u00f3n aporta 1.8 MDD para apoyar a migrantes al sur de M\u00e9xico -<\/title>\n<meta name=\"robots\" content=\"index, follow, max-snippet:-1, max-image-preview:large, max-video-preview:-1\" \/>\n<link rel=\"canonical\" href=\"https:\/\/quehacerpolitico.mx\/?p=53563\" \/>\n<meta property=\"og:locale\" content=\"es_MX\" \/>\n<meta property=\"og:type\" content=\"article\" \/>\n<meta property=\"og:title\" content=\"Jap\u00f3n aporta 1.8 MDD para apoyar a migrantes al sur de M\u00e9xico -\" \/>\n<meta property=\"og:description\" content=\"Jap\u00f3n aporta 1.8 MDD para apoyar a migrantes al sur de M\u00e9xico Por Redacci\u00f3n QP...\" \/>\n<meta property=\"og:url\" content=\"https:\/\/quehacerpolitico.mx\/?p=53563\" \/>\n<meta property=\"article:published_time\" content=\"2020-02-26T01:23:04+00:00\" \/>\n<meta property=\"og:image\" content=\"https:\/\/quehacerpolitico.mx\/wp-content\/uploads\/2020\/02\/ABED0A4C-4033-455E-B154-9DE1C1C84419.jpeg\" \/>\n\t<meta property=\"og:image:width\" content=\"320\" \/>\n\t<meta property=\"og:image:height\" content=\"305\" \/>\n\t<meta property=\"og:image:type\" content=\"image\/jpeg\" \/>\n<meta name=\"author\" content=\"Redacci\u00f3n QP\" \/>\n<meta name=\"twitter:card\" content=\"summary_large_image\" \/>\n<meta name=\"twitter:label1\" content=\"Escrito por\" \/>\n\t<meta name=\"twitter:data1\" content=\"Redacci\u00f3n QP\" \/>\n\t<meta name=\"twitter:label2\" content=\"Tiempo de lectura\" \/>\n\t<meta name=\"twitter:data2\" content=\"1 minuto\" \/>\n<script type=\"application\/ld+json\" class=\"yoast-schema-graph\">{\"@context\":\"https:\\\/\\\/schema.org\",\"@graph\":[{\"@type\":\"Article\",\"@id\":\"https:\\\/\\\/quehacerpolitico.mx\\\/?p=53563#article\",\"isPartOf\":{\"@id\":\"https:\\\/\\\/quehacerpolitico.mx\\\/?p=53563\"},\"author\":{\"name\":\"Redacci\u00f3n QP\",\"@id\":\"https:\\\/\\\/quehacerpolitico.mx\\\/#\\\/schema\\\/person\\\/496d8ad2d1d3f8036101dca7ee39e585\"},\"headline\":\"Jap\u00f3n aporta 1.8 MDD para apoyar a migrantes al sur de M\u00e9xico\",\"datePublished\":\"2020-02-26T01:23:04+00:00\",\"mainEntityOfPage\":{\"@id\":\"https:\\\/\\\/quehacerpolitico.mx\\\/?p=53563\"},\"wordCount\":270,\"commentCount\":0,\"image\":{\"@id\":\"https:\\\/\\\/quehacerpolitico.mx\\\/?p=53563#primaryimage\"},\"thumbnailUrl\":\"https:\\\/\\\/quehacerpolitico.mx\\\/wp-content\\\/uploads\\\/2020\\\/02\\\/ABED0A4C-4033-455E-B154-9DE1C1C84419.jpeg\",\"articleSection\":[\"Noticias\"],\"inLanguage\":\"es\",\"potentialAction\":[{\"@type\":\"CommentAction\",\"name\":\"Comment\",\"target\":[\"https:\\\/\\\/quehacerpolitico.mx\\\/?p=53563#respond\"]}]},{\"@type\":\"WebPage\",\"@id\":\"https:\\\/\\\/quehacerpolitico.mx\\\/?p=53563\",\"url\":\"https:\\\/\\\/quehacerpolitico.mx\\\/?p=53563\",\"name\":\"Jap\u00f3n aporta 1.8 MDD para apoyar a migrantes al sur de M\u00e9xico -\",\"isPartOf\":{\"@id\":\"https:\\\/\\\/quehacerpolitico.mx\\\/#website\"},\"primaryImageOfPage\":{\"@id\":\"https:\\\/\\\/quehacerpolitico.mx\\\/?p=53563#primaryimage\"},\"image\":{\"@id\":\"https:\\\/\\\/quehacerpolitico.mx\\\/?p=53563#primaryimage\"},\"thumbnailUrl\":\"https:\\\/\\\/quehacerpolitico.mx\\\/wp-content\\\/uploads\\\/2020\\\/02\\\/ABED0A4C-4033-455E-B154-9DE1C1C84419.jpeg\",\"datePublished\":\"2020-02-26T01:23:04+00:00\",\"author\":{\"@id\":\"https:\\\/\\\/quehacerpolitico.mx\\\/#\\\/schema\\\/person\\\/496d8ad2d1d3f8036101dca7ee39e585\"},\"breadcrumb\":{\"@id\":\"https:\\\/\\\/quehacerpolitico.mx\\\/?p=53563#breadcrumb\"},\"inLanguage\":\"es\",\"potentialAction\":[{\"@type\":\"ReadAction\",\"target\":[\"https:\\\/\\\/quehacerpolitico.mx\\\/?p=53563\"]}]},{\"@type\":\"ImageObject\",\"inLanguage\":\"es\",\"@id\":\"https:\\\/\\\/quehacerpolitico.mx\\\/?p=53563#primaryimage\",\"url\":\"https:\\\/\\\/quehacerpolitico.mx\\\/wp-content\\\/uploads\\\/2020\\\/02\\\/ABED0A4C-4033-455E-B154-9DE1C1C84419.jpeg\",\"contentUrl\":\"https:\\\/\\\/quehacerpolitico.mx\\\/wp-content\\\/uploads\\\/2020\\\/02\\\/ABED0A4C-4033-455E-B154-9DE1C1C84419.jpeg\",\"width\":320,\"height\":305},{\"@type\":\"BreadcrumbList\",\"@id\":\"https:\\\/\\\/quehacerpolitico.mx\\\/?p=53563#breadcrumb\",\"itemListElement\":[{\"@type\":\"ListItem\",\"position\":1,\"name\":\"Inicio\",\"item\":\"https:\\\/\\\/quehacerpolitico.mx\\\/\"},{\"@type\":\"ListItem\",\"position\":2,\"name\":\"Jap\u00f3n aporta 1.8 MDD para apoyar a migrantes al sur de M\u00e9xico\"}]},{\"@type\":\"WebSite\",\"@id\":\"https:\\\/\\\/quehacerpolitico.mx\\\/#website\",\"url\":\"https:\\\/\\\/quehacerpolitico.mx\\\/\",\"name\":\"\",\"description\":\"\",\"potentialAction\":[{\"@type\":\"SearchAction\",\"target\":{\"@type\":\"EntryPoint\",\"urlTemplate\":\"https:\\\/\\\/quehacerpolitico.mx\\\/?s={search_term_string}\"},\"query-input\":{\"@type\":\"PropertyValueSpecification\",\"valueRequired\":true,\"valueName\":\"search_term_string\"}}],\"inLanguage\":\"es\"},{\"@type\":\"Person\",\"@id\":\"https:\\\/\\\/quehacerpolitico.mx\\\/#\\\/schema\\\/person\\\/496d8ad2d1d3f8036101dca7ee39e585\",\"name\":\"Redacci\u00f3n QP\",\"image\":{\"@type\":\"ImageObject\",\"inLanguage\":\"es\",\"@id\":\"https:\\\/\\\/secure.gravatar.com\\\/avatar\\\/c7164ed6fdec453195284ad24a5ae5b6e1eed2b848477fa2a4787ba9adf39a41?s=96&d=mm&r=g\",\"url\":\"https:\\\/\\\/secure.gravatar.com\\\/avatar\\\/c7164ed6fdec453195284ad24a5ae5b6e1eed2b848477fa2a4787ba9adf39a41?s=96&d=mm&r=g\",\"contentUrl\":\"https:\\\/\\\/secure.gravatar.com\\\/avatar\\\/c7164ed6fdec453195284ad24a5ae5b6e1eed2b848477fa2a4787ba9adf39a41?s=96&d=mm&r=g\",\"caption\":\"Redacci\u00f3n QP\"},\"url\":\"https:\\\/\\\/quehacerpolitico.mx\\\/?author=2\"}]}<\/script>\n<!-- \/ Yoast SEO plugin. -->","yoast_head_json":{"title":"Jap\u00f3n aporta 1.8 MDD para apoyar a migrantes al sur de M\u00e9xico -","robots":{"index":"index","follow":"follow","max-snippet":"max-snippet:-1","max-image-preview":"max-image-preview:large","max-video-preview":"max-video-preview:-1"},"canonical":"https:\/\/quehacerpolitico.mx\/?p=53563","og_locale":"es_MX","og_type":"article","og_title":"Jap\u00f3n aporta 1.8 MDD para apoyar a migrantes al sur de M\u00e9xico -","og_description":"Jap\u00f3n aporta 1.8 MDD para apoyar a migrantes al sur de M\u00e9xico Por Redacci\u00f3n QP...","og_url":"https:\/\/quehacerpolitico.mx\/?p=53563","article_published_time":"2020-02-26T01:23:04+00:00","og_image":[{"width":320,"height":305,"url":"https:\/\/quehacerpolitico.mx\/wp-content\/uploads\/2020\/02\/ABED0A4C-4033-455E-B154-9DE1C1C84419.jpeg","type":"image\/jpeg"}],"author":"Redacci\u00f3n QP","twitter_card":"summary_large_image","twitter_misc":{"Escrito por":"Redacci\u00f3n QP","Tiempo de lectura":"1 minuto"},"schema":{"@context":"https:\/\/schema.org","@graph":[{"@type":"Article","@id":"https:\/\/quehacerpolitico.mx\/?p=53563#article","isPartOf":{"@id":"https:\/\/quehacerpolitico.mx\/?p=53563"},"author":{"name":"Redacci\u00f3n QP","@id":"https:\/\/quehacerpolitico.mx\/#\/schema\/person\/496d8ad2d1d3f8036101dca7ee39e585"},"headline":"Jap\u00f3n aporta 1.8 MDD para apoyar a migrantes al sur de M\u00e9xico","datePublished":"2020-02-26T01:23:04+00:00","mainEntityOfPage":{"@id":"https:\/\/quehacerpolitico.mx\/?p=53563"},"wordCount":270,"commentCount":0,"image":{"@id":"https:\/\/quehacerpolitico.mx\/?p=53563#primaryimage"},"thumbnailUrl":"https:\/\/quehacerpolitico.mx\/wp-content\/uploads\/2020\/02\/ABED0A4C-4033-455E-B154-9DE1C1C84419.jpeg","articleSection":["Noticias"],"inLanguage":"es","potentialAction":[{"@type":"CommentAction","name":"Comment","target":["https:\/\/quehacerpolitico.mx\/?p=53563#respond"]}]},{"@type":"WebPage","@id":"https:\/\/quehacerpolitico.mx\/?p=53563","url":"https:\/\/quehacerpolitico.mx\/?p=53563","name":"Jap\u00f3n aporta 1.8 MDD para apoyar a migrantes al sur de M\u00e9xico -","isPartOf":{"@id":"https:\/\/quehacerpolitico.mx\/#website"},"primaryImageOfPage":{"@id":"https:\/\/quehacerpolitico.mx\/?p=53563#primaryimage"},"image":{"@id":"https:\/\/quehacerpolitico.mx\/?p=53563#primaryimage"},"thumbnailUrl":"https:\/\/quehacerpolitico.mx\/wp-content\/uploads\/2020\/02\/ABED0A4C-4033-455E-B154-9DE1C1C84419.jpeg","datePublished":"2020-02-26T01:23:04+00:00","author":{"@id":"https:\/\/quehacerpolitico.mx\/#\/schema\/person\/496d8ad2d1d3f8036101dca7ee39e585"},"breadcrumb":{"@id":"https:\/\/quehacerpolitico.mx\/?p=53563#breadcrumb"},"inLanguage":"es","potentialAction":[{"@type":"ReadAction","target":["https:\/\/quehacerpolitico.mx\/?p=53563"]}]},{"@type":"ImageObject","inLanguage":"es","@id":"https:\/\/quehacerpolitico.mx\/?p=53563#primaryimage","url":"https:\/\/quehacerpolitico.mx\/wp-content\/uploads\/2020\/02\/ABED0A4C-4033-455E-B154-9DE1C1C84419.jpeg","contentUrl":"https:\/\/quehacerpolitico.mx\/wp-content\/uploads\/2020\/02\/ABED0A4C-4033-455E-B154-9DE1C1C84419.jpeg","width":320,"height":305},{"@type":"BreadcrumbList","@id":"https:\/\/quehacerpolitico.mx\/?p=53563#breadcrumb","itemListElement":[{"@type":"ListItem","position":1,"name":"Inicio","item":"https:\/\/quehacerpolitico.mx\/"},{"@type":"ListItem","position":2,"name":"Jap\u00f3n aporta 1.8 MDD para apoyar a migrantes al sur de M\u00e9xico"}]},{"@type":"WebSite","@id":"https:\/\/quehacerpolitico.mx\/#website","url":"https:\/\/quehacerpolitico.mx\/","name":"","description":"","potentialAction":[{"@type":"SearchAction","target":{"@type":"EntryPoint","urlTemplate":"https:\/\/quehacerpolitico.mx\/?s={search_term_string}"},"query-input":{"@type":"PropertyValueSpecification","valueRequired":true,"valueName":"search_term_string"}}],"inLanguage":"es"},{"@type":"Person","@id":"https:\/\/quehacerpolitico.mx\/#\/schema\/person\/496d8ad2d1d3f8036101dca7ee39e585","name":"Redacci\u00f3n QP","image":{"@type":"ImageObject","inLanguage":"es","@id":"https:\/\/secure.gravatar.com\/avatar\/c7164ed6fdec453195284ad24a5ae5b6e1eed2b848477fa2a4787ba9adf39a41?s=96&d=mm&r=g","url":"https:\/\/secure.gravatar.com\/avatar\/c7164ed6fdec453195284ad24a5ae5b6e1eed2b848477fa2a4787ba9adf39a41?s=96&d=mm&r=g","contentUrl":"https:\/\/secure.gravatar.com\/avatar\/c7164ed6fdec453195284ad24a5ae5b6e1eed2b848477fa2a4787ba9adf39a41?s=96&d=mm&r=g","caption":"Redacci\u00f3n QP"},"url":"https:\/\/quehacerpolitico.mx\/?author=2"}]}},"featured_image_urls":{"full":["https:\/\/quehacerpolitico.mx\/wp-content\/uploads\/2020\/02\/ABED0A4C-4033-455E-B154-9DE1C1C84419.jpeg",320,305,false],"thumbnail":["https:\/\/quehacerpolitico.mx\/wp-content\/uploads\/2020\/02\/ABED0A4C-4033-455E-B154-9DE1C1C84419-150x150.jpeg",150,150,true],"medium":["https:\/\/quehacerpolitico.mx\/wp-content\/uploads\/2020\/02\/ABED0A4C-4033-455E-B154-9DE1C1C84419-300x286.jpeg",300,286,true],"medium_large":["https:\/\/quehacerpolitico.mx\/wp-content\/uploads\/2020\/02\/ABED0A4C-4033-455E-B154-9DE1C1C84419.jpeg",320,305,false],"large":["https:\/\/quehacerpolitico.mx\/wp-content\/uploads\/2020\/02\/ABED0A4C-4033-455E-B154-9DE1C1C84419.jpeg",320,305,false],"1536x1536":["https:\/\/quehacerpolitico.mx\/wp-content\/uploads\/2020\/02\/ABED0A4C-4033-455E-B154-9DE1C1C84419.jpeg",320,305,false],"2048x2048":["https:\/\/quehacerpolitico.mx\/wp-content\/uploads\/2020\/02\/ABED0A4C-4033-455E-B154-9DE1C1C84419.jpeg",320,305,false],"covernews-featured":["https:\/\/quehacerpolitico.mx\/wp-content\/uploads\/2020\/02\/ABED0A4C-4033-455E-B154-9DE1C1C84419.jpeg",320,305,false],"covernews-medium":["https:\/\/quehacerpolitico.mx\/wp-content\/uploads\/2020\/02\/ABED0A4C-4033-455E-B154-9DE1C1C84419.jpeg",320,305,false]},"author_info":{"display_name":"Redacci\u00f3n QP","author_link":"https:\/\/quehacerpolitico.mx\/?author=2"},"category_info":"<a href=\"https:\/\/quehacerpolitico.mx\/?cat=2\" rel=\"category\">Noticias<\/a>","tag_info":"Noticias","comment_count":"0","_links":{"self":[{"href":"https:\/\/quehacerpolitico.mx\/index.php?rest_route=\/wp\/v2\/posts\/53563","targetHints":{"allow":["GET"]}}],"collection":[{"href":"https:\/\/quehacerpolitico.mx\/index.php?rest_route=\/wp\/v2\/posts"}],"about":[{"href":"https:\/\/quehacerpolitico.mx\/index.php?rest_route=\/wp\/v2\/types\/post"}],"author":[{"embeddable":true,"href":"https:\/\/quehacerpolitico.mx\/index.php?rest_route=\/wp\/v2\/users\/2"}],"replies":[{"embeddable":true,"href":"https:\/\/quehacerpolitico.mx\/index.php?rest_route=%2Fwp%2Fv2%2Fcomments&post=53563"}],"version-history":[{"count":0,"href":"https:\/\/quehacerpolitico.mx\/index.php?rest_route=\/wp\/v2\/posts\/53563\/revisions"}],"wp:featuredmedia":[{"embeddable":true,"href":"https:\/\/quehacerpolitico.mx\/index.php?rest_route=\/wp\/v2\/media\/53565"}],"wp:attachment":[{"href":"https:\/\/quehacerpolitico.mx\/index.php?rest_route=%2Fwp%2Fv2%2Fmedia&parent=53563"}],"wp:term":[{"taxonomy":"category","embeddable":true,"href":"https:\/\/quehacerpolitico.mx\/index.php?rest_route=%2Fwp%2Fv2%2Fcategories&post=53563"},{"taxonomy":"post_tag","embeddable":true,"href":"https:\/\/quehacerpolitico.mx\/index.php?rest_route=%2Fwp%2Fv2%2Ftags&post=53563"}],"curies":[{"name":"wp","href":"https:\/\/api.w.org\/{rel}","templated":true}]}}