{"id":5347,"date":"2018-09-24T01:42:00","date_gmt":"2018-09-24T01:42:00","guid":{"rendered":"http:\/\/quehacerpolitico.mx\/pena-viaja-a-nueva-york-para-participar-en-asamblea-general-de-la-onu\/"},"modified":"2018-09-24T01:42:00","modified_gmt":"2018-09-24T01:42:00","slug":"pena-viaja-a-nueva-york-para-participar-en-asamblea-general-de-la-onu","status":"publish","type":"post","link":"https:\/\/quehacerpolitico.mx\/?p=5347","title":{"rendered":"Pe\u00f1a viaja a Nueva York para participar en Asamblea General de la ONU"},"content":{"rendered":"<p>Esta tarde el presidente Enrique Pe\u00f1a Nieto viaja a la ciudad de Nueva York donde <strong>el pr\u00f3ximo martes tendr\u00e1 su \u00faltima participaci\u00f3n c\u00f3mo Jefe del Estado Mexicano ante la Asamblea General de la Organizaci\u00f3n de las Naciones Unidas.<\/strong><\/p>\n<p>La agenda oficial distribuida hace unos momentos en el Hangar Presidencial detalla que durante esta visita de trabajo el Presidente de la Rep\u00fablica se reunir\u00e1 con el Alto Comisionado de las Naciones Unidas para los Derechos Humanos, que encabeza la ex presidenta chilena Michelle Bachelet y participar\u00e1 en la Cumbre One Planet al lado del presidente Emmanuel Macron, entre otras actividades.<\/p>\n<p>As\u00ed, participar\u00e1 el martes por la ma\u00f1ana en la 73 Asamblea General de la ONU, que lleva el tema &#8220;Haciendo a Naciones Unidas relevante para todas las personas: liderazgo global y responsabilidades compartidas para las sociedades pac\u00edficas, igualitarias y sostenibles&#8221;.<\/p>\n<p>M\u00e1s tarde se reunir\u00e1 con la secretaria general de la CEPAL, la mexicana Alicia B\u00e1rcena y al concluir con la Alta Comisionada de Derechos Humanos, por la tarde asistir\u00e1 a un almuerzo que convoca el secretario general de la ONU, Ant\u00f3nio Guterres.<\/p>\n<p><strong>La agenda del presidente Pe\u00f1a Nieto contempla una reuni\u00f3n con el fundador del Foro Econ\u00f3mico Mundial, Klaus Schwab y con el presidente del Foro Econ\u00f3mico Mundial, Borge Brende,<\/strong> a quien impondr\u00e1 la Orden Mexicana del \u00c1guila Azteca.<\/p>\n<p>Tras ese encuentro privado, Pe\u00f1a Nieto participar\u00e1 en un panel de la Cumbre del Foro Econ\u00f3mico Mundial sobre Impacto del Desarrollo Sostenible y estar\u00e1 acompa\u00f1ado por la primera ministra de Bangladesh, el primer ministro de Holanda y la presidenta de Mozilla y asistir\u00e1 a una cena que ofrece Bloomberg Philanthropies.<\/p>\n<p><strong>Para el mi\u00e9rcoles, \u00faltimo d\u00eda de estancia en Nueva York, participar\u00e1 en la reuni\u00f3n de la ONU de L\u00edderes sobre Cambio Clim\u00e1tico y a mediod\u00eda estar\u00e1 en el panel &#8220;Migraci\u00f3n Econ\u00f3mica: como los cambios democr\u00e1ticos a gran escala tendr\u00e1n impacto en el empleo, el comercio y la econom\u00eda global&#8221;, organizado por Bloomberg Global Business Forum 2018.<\/strong><\/p>\n<p>Al concluir ofrecer\u00e1 un mensaje a medios acompa\u00f1ado por el presidente de la Confederaci\u00f3n Suiza, Alain Berset, sobre el Pacto Mundial para una Migraci\u00f3n Segura, Ordenada y Regular para despu\u00e9s participar con el presidente de Francia en la Cumbre One Planet.<\/p>\n<p>Por la tarde del mi\u00e9rcoles participar\u00e1 en el Panel III: La Alianza del Pac\u00edfico, un enfoque Global donde tambi\u00e9n se prev\u00e9 la participaci\u00f3n de los presidentes de Per\u00fa, Chile y Colombia, naciones integrantes de este mecanismo de integraci\u00f3n.<\/p>\n<p>\u00a0<strong>Pe\u00f1a Nieto concluir\u00e1 su estancia en Nueva York con la develaci\u00f3n de una obra del maestro Manuel Felgu\u00e9rez denominada &#8220;Agenda 2030&#8221;,<\/strong> para despu\u00e9s volar a bordo del avi\u00f3n presidencial TP01 de regreso a la Ciudad de M\u00e9xico donde se prev\u00e9 arribe al filo de las 01:00 del jueves.<\/p>\n","protected":false},"excerpt":{"rendered":"<p>Participar\u00e1 en la Cumbre One Planet al lado del presidente Emmanuel Macron, entre otras actividades<br \/>\nPor Redacci\u00f3n QP<\/p>\n","protected":false},"author":2,"featured_media":5346,"comment_status":"open","ping_status":"open","sticky":false,"template":"","format":"standard","meta":{"_monsterinsights_skip_tracking":false,"_monsterinsights_sitenote_active":false,"_monsterinsights_sitenote_note":"","_monsterinsights_sitenote_category":0,"footnotes":""},"categories":[2],"tags":[],"class_list":["post-5347","post","type-post","status-publish","format-standard","has-post-thumbnail","hentry","category-noticias"],"yoast_head":"<!-- This site is optimized with the Yoast SEO plugin v27.3 - https:\/\/yoast.com\/product\/yoast-seo-wordpress\/ -->\n<title>Pe\u00f1a viaja a Nueva York para participar en Asamblea General de la ONU -<\/title>\n<meta name=\"robots\" content=\"index, follow, max-snippet:-1, max-image-preview:large, max-video-preview:-1\" \/>\n<link rel=\"canonical\" href=\"https:\/\/quehacerpolitico.mx\/?p=5347\" \/>\n<meta property=\"og:locale\" content=\"es_MX\" \/>\n<meta property=\"og:type\" content=\"article\" \/>\n<meta property=\"og:title\" content=\"Pe\u00f1a viaja a Nueva York para participar en Asamblea General de la ONU -\" \/>\n<meta property=\"og:description\" content=\"Participar\u00e1 en la Cumbre One Planet al lado del presidente Emmanuel Macron, entre otras actividades Por Redacci\u00f3n QP\" \/>\n<meta property=\"og:url\" content=\"https:\/\/quehacerpolitico.mx\/?p=5347\" \/>\n<meta property=\"article:published_time\" content=\"2018-09-24T01:42:00+00:00\" \/>\n<meta name=\"author\" content=\"Redacci\u00f3n QP\" \/>\n<meta name=\"twitter:card\" content=\"summary_large_image\" \/>\n<meta name=\"twitter:label1\" content=\"Escrito por\" \/>\n\t<meta name=\"twitter:data1\" content=\"Redacci\u00f3n QP\" \/>\n\t<meta name=\"twitter:label2\" content=\"Tiempo de lectura\" \/>\n\t<meta name=\"twitter:data2\" content=\"2 minutos\" \/>\n<script type=\"application\/ld+json\" class=\"yoast-schema-graph\">{\"@context\":\"https:\\\/\\\/schema.org\",\"@graph\":[{\"@type\":\"Article\",\"@id\":\"https:\\\/\\\/quehacerpolitico.mx\\\/?p=5347#article\",\"isPartOf\":{\"@id\":\"https:\\\/\\\/quehacerpolitico.mx\\\/?p=5347\"},\"author\":{\"name\":\"Redacci\u00f3n QP\",\"@id\":\"https:\\\/\\\/quehacerpolitico.mx\\\/#\\\/schema\\\/person\\\/496d8ad2d1d3f8036101dca7ee39e585\"},\"headline\":\"Pe\u00f1a viaja a Nueva York para participar en Asamblea General de la ONU\",\"datePublished\":\"2018-09-24T01:42:00+00:00\",\"mainEntityOfPage\":{\"@id\":\"https:\\\/\\\/quehacerpolitico.mx\\\/?p=5347\"},\"wordCount\":505,\"commentCount\":0,\"image\":{\"@id\":\"https:\\\/\\\/quehacerpolitico.mx\\\/?p=5347#primaryimage\"},\"thumbnailUrl\":\"\",\"articleSection\":[\"Noticias\"],\"inLanguage\":\"es\",\"potentialAction\":[{\"@type\":\"CommentAction\",\"name\":\"Comment\",\"target\":[\"https:\\\/\\\/quehacerpolitico.mx\\\/?p=5347#respond\"]}]},{\"@type\":\"WebPage\",\"@id\":\"https:\\\/\\\/quehacerpolitico.mx\\\/?p=5347\",\"url\":\"https:\\\/\\\/quehacerpolitico.mx\\\/?p=5347\",\"name\":\"Pe\u00f1a viaja a Nueva York para participar en Asamblea General de la ONU -\",\"isPartOf\":{\"@id\":\"https:\\\/\\\/quehacerpolitico.mx\\\/#website\"},\"primaryImageOfPage\":{\"@id\":\"https:\\\/\\\/quehacerpolitico.mx\\\/?p=5347#primaryimage\"},\"image\":{\"@id\":\"https:\\\/\\\/quehacerpolitico.mx\\\/?p=5347#primaryimage\"},\"thumbnailUrl\":\"\",\"datePublished\":\"2018-09-24T01:42:00+00:00\",\"author\":{\"@id\":\"https:\\\/\\\/quehacerpolitico.mx\\\/#\\\/schema\\\/person\\\/496d8ad2d1d3f8036101dca7ee39e585\"},\"breadcrumb\":{\"@id\":\"https:\\\/\\\/quehacerpolitico.mx\\\/?p=5347#breadcrumb\"},\"inLanguage\":\"es\",\"potentialAction\":[{\"@type\":\"ReadAction\",\"target\":[\"https:\\\/\\\/quehacerpolitico.mx\\\/?p=5347\"]}]},{\"@type\":\"ImageObject\",\"inLanguage\":\"es\",\"@id\":\"https:\\\/\\\/quehacerpolitico.mx\\\/?p=5347#primaryimage\",\"url\":\"\",\"contentUrl\":\"\"},{\"@type\":\"BreadcrumbList\",\"@id\":\"https:\\\/\\\/quehacerpolitico.mx\\\/?p=5347#breadcrumb\",\"itemListElement\":[{\"@type\":\"ListItem\",\"position\":1,\"name\":\"Inicio\",\"item\":\"https:\\\/\\\/quehacerpolitico.mx\\\/\"},{\"@type\":\"ListItem\",\"position\":2,\"name\":\"Pe\u00f1a viaja a Nueva York para participar en Asamblea General de la ONU\"}]},{\"@type\":\"WebSite\",\"@id\":\"https:\\\/\\\/quehacerpolitico.mx\\\/#website\",\"url\":\"https:\\\/\\\/quehacerpolitico.mx\\\/\",\"name\":\"\",\"description\":\"\",\"potentialAction\":[{\"@type\":\"SearchAction\",\"target\":{\"@type\":\"EntryPoint\",\"urlTemplate\":\"https:\\\/\\\/quehacerpolitico.mx\\\/?s={search_term_string}\"},\"query-input\":{\"@type\":\"PropertyValueSpecification\",\"valueRequired\":true,\"valueName\":\"search_term_string\"}}],\"inLanguage\":\"es\"},{\"@type\":\"Person\",\"@id\":\"https:\\\/\\\/quehacerpolitico.mx\\\/#\\\/schema\\\/person\\\/496d8ad2d1d3f8036101dca7ee39e585\",\"name\":\"Redacci\u00f3n QP\",\"image\":{\"@type\":\"ImageObject\",\"inLanguage\":\"es\",\"@id\":\"https:\\\/\\\/secure.gravatar.com\\\/avatar\\\/c7164ed6fdec453195284ad24a5ae5b6e1eed2b848477fa2a4787ba9adf39a41?s=96&d=mm&r=g\",\"url\":\"https:\\\/\\\/secure.gravatar.com\\\/avatar\\\/c7164ed6fdec453195284ad24a5ae5b6e1eed2b848477fa2a4787ba9adf39a41?s=96&d=mm&r=g\",\"contentUrl\":\"https:\\\/\\\/secure.gravatar.com\\\/avatar\\\/c7164ed6fdec453195284ad24a5ae5b6e1eed2b848477fa2a4787ba9adf39a41?s=96&d=mm&r=g\",\"caption\":\"Redacci\u00f3n QP\"},\"url\":\"https:\\\/\\\/quehacerpolitico.mx\\\/?author=2\"}]}<\/script>\n<!-- \/ Yoast SEO plugin. -->","yoast_head_json":{"title":"Pe\u00f1a viaja a Nueva York para participar en Asamblea General de la ONU -","robots":{"index":"index","follow":"follow","max-snippet":"max-snippet:-1","max-image-preview":"max-image-preview:large","max-video-preview":"max-video-preview:-1"},"canonical":"https:\/\/quehacerpolitico.mx\/?p=5347","og_locale":"es_MX","og_type":"article","og_title":"Pe\u00f1a viaja a Nueva York para participar en Asamblea General de la ONU -","og_description":"Participar\u00e1 en la Cumbre One Planet al lado del presidente Emmanuel Macron, entre otras actividades Por Redacci\u00f3n QP","og_url":"https:\/\/quehacerpolitico.mx\/?p=5347","article_published_time":"2018-09-24T01:42:00+00:00","author":"Redacci\u00f3n QP","twitter_card":"summary_large_image","twitter_misc":{"Escrito por":"Redacci\u00f3n QP","Tiempo de lectura":"2 minutos"},"schema":{"@context":"https:\/\/schema.org","@graph":[{"@type":"Article","@id":"https:\/\/quehacerpolitico.mx\/?p=5347#article","isPartOf":{"@id":"https:\/\/quehacerpolitico.mx\/?p=5347"},"author":{"name":"Redacci\u00f3n QP","@id":"https:\/\/quehacerpolitico.mx\/#\/schema\/person\/496d8ad2d1d3f8036101dca7ee39e585"},"headline":"Pe\u00f1a viaja a Nueva York para participar en Asamblea General de la ONU","datePublished":"2018-09-24T01:42:00+00:00","mainEntityOfPage":{"@id":"https:\/\/quehacerpolitico.mx\/?p=5347"},"wordCount":505,"commentCount":0,"image":{"@id":"https:\/\/quehacerpolitico.mx\/?p=5347#primaryimage"},"thumbnailUrl":"","articleSection":["Noticias"],"inLanguage":"es","potentialAction":[{"@type":"CommentAction","name":"Comment","target":["https:\/\/quehacerpolitico.mx\/?p=5347#respond"]}]},{"@type":"WebPage","@id":"https:\/\/quehacerpolitico.mx\/?p=5347","url":"https:\/\/quehacerpolitico.mx\/?p=5347","name":"Pe\u00f1a viaja a Nueva York para participar en Asamblea General de la ONU -","isPartOf":{"@id":"https:\/\/quehacerpolitico.mx\/#website"},"primaryImageOfPage":{"@id":"https:\/\/quehacerpolitico.mx\/?p=5347#primaryimage"},"image":{"@id":"https:\/\/quehacerpolitico.mx\/?p=5347#primaryimage"},"thumbnailUrl":"","datePublished":"2018-09-24T01:42:00+00:00","author":{"@id":"https:\/\/quehacerpolitico.mx\/#\/schema\/person\/496d8ad2d1d3f8036101dca7ee39e585"},"breadcrumb":{"@id":"https:\/\/quehacerpolitico.mx\/?p=5347#breadcrumb"},"inLanguage":"es","potentialAction":[{"@type":"ReadAction","target":["https:\/\/quehacerpolitico.mx\/?p=5347"]}]},{"@type":"ImageObject","inLanguage":"es","@id":"https:\/\/quehacerpolitico.mx\/?p=5347#primaryimage","url":"","contentUrl":""},{"@type":"BreadcrumbList","@id":"https:\/\/quehacerpolitico.mx\/?p=5347#breadcrumb","itemListElement":[{"@type":"ListItem","position":1,"name":"Inicio","item":"https:\/\/quehacerpolitico.mx\/"},{"@type":"ListItem","position":2,"name":"Pe\u00f1a viaja a Nueva York para participar en Asamblea General de la ONU"}]},{"@type":"WebSite","@id":"https:\/\/quehacerpolitico.mx\/#website","url":"https:\/\/quehacerpolitico.mx\/","name":"","description":"","potentialAction":[{"@type":"SearchAction","target":{"@type":"EntryPoint","urlTemplate":"https:\/\/quehacerpolitico.mx\/?s={search_term_string}"},"query-input":{"@type":"PropertyValueSpecification","valueRequired":true,"valueName":"search_term_string"}}],"inLanguage":"es"},{"@type":"Person","@id":"https:\/\/quehacerpolitico.mx\/#\/schema\/person\/496d8ad2d1d3f8036101dca7ee39e585","name":"Redacci\u00f3n QP","image":{"@type":"ImageObject","inLanguage":"es","@id":"https:\/\/secure.gravatar.com\/avatar\/c7164ed6fdec453195284ad24a5ae5b6e1eed2b848477fa2a4787ba9adf39a41?s=96&d=mm&r=g","url":"https:\/\/secure.gravatar.com\/avatar\/c7164ed6fdec453195284ad24a5ae5b6e1eed2b848477fa2a4787ba9adf39a41?s=96&d=mm&r=g","contentUrl":"https:\/\/secure.gravatar.com\/avatar\/c7164ed6fdec453195284ad24a5ae5b6e1eed2b848477fa2a4787ba9adf39a41?s=96&d=mm&r=g","caption":"Redacci\u00f3n QP"},"url":"https:\/\/quehacerpolitico.mx\/?author=2"}]}},"featured_image_urls":{"full":"","thumbnail":"","medium":"","medium_large":"","large":"","1536x1536":"","2048x2048":"","covernews-featured":"","covernews-medium":""},"author_info":{"display_name":"Redacci\u00f3n QP","author_link":"https:\/\/quehacerpolitico.mx\/?author=2"},"category_info":"<a href=\"https:\/\/quehacerpolitico.mx\/?cat=2\" rel=\"category\">Noticias<\/a>","tag_info":"Noticias","comment_count":"0","_links":{"self":[{"href":"https:\/\/quehacerpolitico.mx\/index.php?rest_route=\/wp\/v2\/posts\/5347","targetHints":{"allow":["GET"]}}],"collection":[{"href":"https:\/\/quehacerpolitico.mx\/index.php?rest_route=\/wp\/v2\/posts"}],"about":[{"href":"https:\/\/quehacerpolitico.mx\/index.php?rest_route=\/wp\/v2\/types\/post"}],"author":[{"embeddable":true,"href":"https:\/\/quehacerpolitico.mx\/index.php?rest_route=\/wp\/v2\/users\/2"}],"replies":[{"embeddable":true,"href":"https:\/\/quehacerpolitico.mx\/index.php?rest_route=%2Fwp%2Fv2%2Fcomments&post=5347"}],"version-history":[{"count":0,"href":"https:\/\/quehacerpolitico.mx\/index.php?rest_route=\/wp\/v2\/posts\/5347\/revisions"}],"wp:featuredmedia":[{"embeddable":true,"href":"https:\/\/quehacerpolitico.mx\/index.php?rest_route=\/"}],"wp:attachment":[{"href":"https:\/\/quehacerpolitico.mx\/index.php?rest_route=%2Fwp%2Fv2%2Fmedia&parent=5347"}],"wp:term":[{"taxonomy":"category","embeddable":true,"href":"https:\/\/quehacerpolitico.mx\/index.php?rest_route=%2Fwp%2Fv2%2Fcategories&post=5347"},{"taxonomy":"post_tag","embeddable":true,"href":"https:\/\/quehacerpolitico.mx\/index.php?rest_route=%2Fwp%2Fv2%2Ftags&post=5347"}],"curies":[{"name":"wp","href":"https:\/\/api.w.org\/{rel}","templated":true}]}}