{"id":53371,"date":"2020-02-20T16:11:51","date_gmt":"2020-02-20T16:11:51","guid":{"rendered":"http:\/\/quehacerpolitico.mx\/?p=53371"},"modified":"2020-02-20T16:11:51","modified_gmt":"2020-02-20T16:11:51","slug":"internacionales-carolina-alonso-romei-el-racismo-es-un-veneno-merkel-tras-tiroteo","status":"publish","type":"post","link":"https:\/\/quehacerpolitico.mx\/?p=53371","title":{"rendered":"Internacionales\/\/\/Carolina Alonso Romei\/\/\/El \u201cracismo es un veneno\u201d: Merkel tras tiroteo"},"content":{"rendered":"<p>El \u201cracismo es un veneno\u201d: Merkel tras tiroteo<br \/>\nPor Carolina Alonso Romei<\/p>\n<p>La canciller alemana, Angela Merkel, conden\u00f3 hoy los ataques registrados en la ciudad alemana de Hanau, que dej\u00f3 11 muertos, y asegur\u00f3 que el \u201cracismo es veneno, (y) el odio es un veneno\u201d.<\/p>\n<p>Horas antes, la polic\u00eda hab\u00eda confirmado en su cuenta de Twitter que el agresor fue encontrado en su domicilio sin vida. Todo apunta a que se suicid\u00f3. El diario Bild indic\u00f3 que el agresor es un hombre de nacionalidad alemana que ten\u00eda licencia de armas de caza, y en cuyo autom\u00f3vil fue hallada munici\u00f3n.<\/p>\n<p>&#8220;Nos oponemos a aquellos que intentan dividir Alemania con toda nuestra fuerza y \u200b\u200bdeterminaci\u00f3n&#8221;, dijo la canciller federal en una breve comparecencia convocada de urgencia reportada por Spiegel.<\/p>\n<p>Se\u00f1al\u00f3 que se considera la posibilidad de que el atacante actu\u00f3 con motivos \u201cultraderechistas\u201d y \u201cracistas\u201d, por \u201codio contra personas de otro origen, de otra religi\u00f3n y de otra apariencia\u201d.<\/p>\n<p>Agreg\u00f3 que el veneno del odio se da en \u201cnuestra sociedad y ya es responsable de demasiados delitos. Desde los cr\u00edmenes de la Clandestinidad Nacionalsocialista (NSU) a las muertes de Halle, pasando por el asesinato de Walter Lubcke\u201d, pol\u00edtico conservador.<\/p>\n<p>Expres\u00f3 sus condolencias a los familiares y allegados de los fallecidos, adem\u00e1s de desear una pronta recuperaci\u00f3n a los heridos por las consecuencias \u201cf\u00edsicas\u201d y \u201cpsicol\u00f3gicas\u201d del ataque.<\/p>\n<p>En octubre pasado, un hombre abri\u00f3 fuego en una sinagoga en Halle, al este del pa\u00eds, y mat\u00f3 a dos personas. En junio, el pol\u00edtico conservador Walter Lubcke fue asesinado a tiros en la terraza de su casa por un ultraderechista, tambi\u00e9n en el Estado de Hesse.<\/p>\n<p>En 2000 y 2006, el grupo neonazi NSU mat\u00f3 a nueve extranjeros en el pa\u00eds.<\/p>\n<p>Con informaci\u00f3n de NTX<\/p>\n","protected":false},"excerpt":{"rendered":"<p>El \u201cracismo es un veneno\u201d: Merkel tras tiroteo Por Carolina Alonso Romei La canciller alemana,&#8230;<\/p>\n","protected":false},"author":2,"featured_media":53372,"comment_status":"open","ping_status":"open","sticky":false,"template":"","format":"standard","meta":{"_monsterinsights_skip_tracking":false,"_monsterinsights_sitenote_active":false,"_monsterinsights_sitenote_note":"","_monsterinsights_sitenote_category":0,"footnotes":""},"categories":[1],"tags":[],"class_list":["post-53371","post","type-post","status-publish","format-standard","has-post-thumbnail","hentry","category-sin-categoria"],"yoast_head":"<!-- This site is optimized with the Yoast SEO plugin v27.3 - https:\/\/yoast.com\/product\/yoast-seo-wordpress\/ -->\n<title>Internacionales\/\/\/Carolina Alonso Romei\/\/\/El \u201cracismo es un veneno\u201d: Merkel tras tiroteo -<\/title>\n<meta name=\"robots\" content=\"index, follow, max-snippet:-1, max-image-preview:large, max-video-preview:-1\" \/>\n<link rel=\"canonical\" href=\"https:\/\/quehacerpolitico.mx\/?p=53371\" \/>\n<meta property=\"og:locale\" content=\"es_MX\" \/>\n<meta property=\"og:type\" content=\"article\" \/>\n<meta property=\"og:title\" content=\"Internacionales\/\/\/Carolina Alonso Romei\/\/\/El \u201cracismo es un veneno\u201d: Merkel tras tiroteo -\" \/>\n<meta property=\"og:description\" content=\"El \u201cracismo es un veneno\u201d: Merkel tras tiroteo Por Carolina Alonso Romei La canciller alemana,...\" \/>\n<meta property=\"og:url\" content=\"https:\/\/quehacerpolitico.mx\/?p=53371\" \/>\n<meta property=\"article:published_time\" content=\"2020-02-20T16:11:51+00:00\" \/>\n<meta property=\"og:image\" content=\"https:\/\/quehacerpolitico.mx\/wp-content\/uploads\/2020\/02\/DAE0BEEC-238A-40C4-ABA7-BC4779F8681D.jpeg\" \/>\n\t<meta property=\"og:image:width\" content=\"403\" \/>\n\t<meta property=\"og:image:height\" content=\"298\" \/>\n\t<meta property=\"og:image:type\" content=\"image\/jpeg\" \/>\n<meta name=\"author\" content=\"Redacci\u00f3n QP\" \/>\n<meta name=\"twitter:card\" content=\"summary_large_image\" \/>\n<meta name=\"twitter:label1\" content=\"Escrito por\" \/>\n\t<meta name=\"twitter:data1\" content=\"Redacci\u00f3n QP\" \/>\n\t<meta name=\"twitter:label2\" content=\"Tiempo de lectura\" \/>\n\t<meta name=\"twitter:data2\" content=\"2 minutos\" \/>\n<script type=\"application\/ld+json\" class=\"yoast-schema-graph\">{\"@context\":\"https:\\\/\\\/schema.org\",\"@graph\":[{\"@type\":\"Article\",\"@id\":\"https:\\\/\\\/quehacerpolitico.mx\\\/?p=53371#article\",\"isPartOf\":{\"@id\":\"https:\\\/\\\/quehacerpolitico.mx\\\/?p=53371\"},\"author\":{\"name\":\"Redacci\u00f3n QP\",\"@id\":\"https:\\\/\\\/quehacerpolitico.mx\\\/#\\\/schema\\\/person\\\/496d8ad2d1d3f8036101dca7ee39e585\"},\"headline\":\"Internacionales\\\/\\\/\\\/Carolina Alonso Romei\\\/\\\/\\\/El \u201cracismo es un veneno\u201d: Merkel tras tiroteo\",\"datePublished\":\"2020-02-20T16:11:51+00:00\",\"mainEntityOfPage\":{\"@id\":\"https:\\\/\\\/quehacerpolitico.mx\\\/?p=53371\"},\"wordCount\":319,\"commentCount\":0,\"image\":{\"@id\":\"https:\\\/\\\/quehacerpolitico.mx\\\/?p=53371#primaryimage\"},\"thumbnailUrl\":\"https:\\\/\\\/quehacerpolitico.mx\\\/wp-content\\\/uploads\\\/2020\\\/02\\\/DAE0BEEC-238A-40C4-ABA7-BC4779F8681D.jpeg\",\"articleSection\":[\"Internacionales\"],\"inLanguage\":\"es\",\"potentialAction\":[{\"@type\":\"CommentAction\",\"name\":\"Comment\",\"target\":[\"https:\\\/\\\/quehacerpolitico.mx\\\/?p=53371#respond\"]}]},{\"@type\":\"WebPage\",\"@id\":\"https:\\\/\\\/quehacerpolitico.mx\\\/?p=53371\",\"url\":\"https:\\\/\\\/quehacerpolitico.mx\\\/?p=53371\",\"name\":\"Internacionales\\\/\\\/\\\/Carolina Alonso Romei\\\/\\\/\\\/El \u201cracismo es un veneno\u201d: Merkel tras tiroteo -\",\"isPartOf\":{\"@id\":\"https:\\\/\\\/quehacerpolitico.mx\\\/#website\"},\"primaryImageOfPage\":{\"@id\":\"https:\\\/\\\/quehacerpolitico.mx\\\/?p=53371#primaryimage\"},\"image\":{\"@id\":\"https:\\\/\\\/quehacerpolitico.mx\\\/?p=53371#primaryimage\"},\"thumbnailUrl\":\"https:\\\/\\\/quehacerpolitico.mx\\\/wp-content\\\/uploads\\\/2020\\\/02\\\/DAE0BEEC-238A-40C4-ABA7-BC4779F8681D.jpeg\",\"datePublished\":\"2020-02-20T16:11:51+00:00\",\"author\":{\"@id\":\"https:\\\/\\\/quehacerpolitico.mx\\\/#\\\/schema\\\/person\\\/496d8ad2d1d3f8036101dca7ee39e585\"},\"breadcrumb\":{\"@id\":\"https:\\\/\\\/quehacerpolitico.mx\\\/?p=53371#breadcrumb\"},\"inLanguage\":\"es\",\"potentialAction\":[{\"@type\":\"ReadAction\",\"target\":[\"https:\\\/\\\/quehacerpolitico.mx\\\/?p=53371\"]}]},{\"@type\":\"ImageObject\",\"inLanguage\":\"es\",\"@id\":\"https:\\\/\\\/quehacerpolitico.mx\\\/?p=53371#primaryimage\",\"url\":\"https:\\\/\\\/quehacerpolitico.mx\\\/wp-content\\\/uploads\\\/2020\\\/02\\\/DAE0BEEC-238A-40C4-ABA7-BC4779F8681D.jpeg\",\"contentUrl\":\"https:\\\/\\\/quehacerpolitico.mx\\\/wp-content\\\/uploads\\\/2020\\\/02\\\/DAE0BEEC-238A-40C4-ABA7-BC4779F8681D.jpeg\",\"width\":403,\"height\":298},{\"@type\":\"BreadcrumbList\",\"@id\":\"https:\\\/\\\/quehacerpolitico.mx\\\/?p=53371#breadcrumb\",\"itemListElement\":[{\"@type\":\"ListItem\",\"position\":1,\"name\":\"Inicio\",\"item\":\"https:\\\/\\\/quehacerpolitico.mx\\\/\"},{\"@type\":\"ListItem\",\"position\":2,\"name\":\"Internacionales\\\/\\\/\\\/Carolina Alonso Romei\\\/\\\/\\\/El \u201cracismo es un veneno\u201d: Merkel tras tiroteo\"}]},{\"@type\":\"WebSite\",\"@id\":\"https:\\\/\\\/quehacerpolitico.mx\\\/#website\",\"url\":\"https:\\\/\\\/quehacerpolitico.mx\\\/\",\"name\":\"\",\"description\":\"\",\"potentialAction\":[{\"@type\":\"SearchAction\",\"target\":{\"@type\":\"EntryPoint\",\"urlTemplate\":\"https:\\\/\\\/quehacerpolitico.mx\\\/?s={search_term_string}\"},\"query-input\":{\"@type\":\"PropertyValueSpecification\",\"valueRequired\":true,\"valueName\":\"search_term_string\"}}],\"inLanguage\":\"es\"},{\"@type\":\"Person\",\"@id\":\"https:\\\/\\\/quehacerpolitico.mx\\\/#\\\/schema\\\/person\\\/496d8ad2d1d3f8036101dca7ee39e585\",\"name\":\"Redacci\u00f3n QP\",\"image\":{\"@type\":\"ImageObject\",\"inLanguage\":\"es\",\"@id\":\"https:\\\/\\\/secure.gravatar.com\\\/avatar\\\/c7164ed6fdec453195284ad24a5ae5b6e1eed2b848477fa2a4787ba9adf39a41?s=96&d=mm&r=g\",\"url\":\"https:\\\/\\\/secure.gravatar.com\\\/avatar\\\/c7164ed6fdec453195284ad24a5ae5b6e1eed2b848477fa2a4787ba9adf39a41?s=96&d=mm&r=g\",\"contentUrl\":\"https:\\\/\\\/secure.gravatar.com\\\/avatar\\\/c7164ed6fdec453195284ad24a5ae5b6e1eed2b848477fa2a4787ba9adf39a41?s=96&d=mm&r=g\",\"caption\":\"Redacci\u00f3n QP\"},\"url\":\"https:\\\/\\\/quehacerpolitico.mx\\\/?author=2\"}]}<\/script>\n<!-- \/ Yoast SEO plugin. -->","yoast_head_json":{"title":"Internacionales\/\/\/Carolina Alonso Romei\/\/\/El \u201cracismo es un veneno\u201d: Merkel tras tiroteo -","robots":{"index":"index","follow":"follow","max-snippet":"max-snippet:-1","max-image-preview":"max-image-preview:large","max-video-preview":"max-video-preview:-1"},"canonical":"https:\/\/quehacerpolitico.mx\/?p=53371","og_locale":"es_MX","og_type":"article","og_title":"Internacionales\/\/\/Carolina Alonso Romei\/\/\/El \u201cracismo es un veneno\u201d: Merkel tras tiroteo -","og_description":"El \u201cracismo es un veneno\u201d: Merkel tras tiroteo Por Carolina Alonso Romei La canciller alemana,...","og_url":"https:\/\/quehacerpolitico.mx\/?p=53371","article_published_time":"2020-02-20T16:11:51+00:00","og_image":[{"width":403,"height":298,"url":"https:\/\/quehacerpolitico.mx\/wp-content\/uploads\/2020\/02\/DAE0BEEC-238A-40C4-ABA7-BC4779F8681D.jpeg","type":"image\/jpeg"}],"author":"Redacci\u00f3n QP","twitter_card":"summary_large_image","twitter_misc":{"Escrito por":"Redacci\u00f3n QP","Tiempo de lectura":"2 minutos"},"schema":{"@context":"https:\/\/schema.org","@graph":[{"@type":"Article","@id":"https:\/\/quehacerpolitico.mx\/?p=53371#article","isPartOf":{"@id":"https:\/\/quehacerpolitico.mx\/?p=53371"},"author":{"name":"Redacci\u00f3n QP","@id":"https:\/\/quehacerpolitico.mx\/#\/schema\/person\/496d8ad2d1d3f8036101dca7ee39e585"},"headline":"Internacionales\/\/\/Carolina Alonso Romei\/\/\/El \u201cracismo es un veneno\u201d: Merkel tras tiroteo","datePublished":"2020-02-20T16:11:51+00:00","mainEntityOfPage":{"@id":"https:\/\/quehacerpolitico.mx\/?p=53371"},"wordCount":319,"commentCount":0,"image":{"@id":"https:\/\/quehacerpolitico.mx\/?p=53371#primaryimage"},"thumbnailUrl":"https:\/\/quehacerpolitico.mx\/wp-content\/uploads\/2020\/02\/DAE0BEEC-238A-40C4-ABA7-BC4779F8681D.jpeg","articleSection":["Internacionales"],"inLanguage":"es","potentialAction":[{"@type":"CommentAction","name":"Comment","target":["https:\/\/quehacerpolitico.mx\/?p=53371#respond"]}]},{"@type":"WebPage","@id":"https:\/\/quehacerpolitico.mx\/?p=53371","url":"https:\/\/quehacerpolitico.mx\/?p=53371","name":"Internacionales\/\/\/Carolina Alonso Romei\/\/\/El \u201cracismo es un veneno\u201d: Merkel tras tiroteo -","isPartOf":{"@id":"https:\/\/quehacerpolitico.mx\/#website"},"primaryImageOfPage":{"@id":"https:\/\/quehacerpolitico.mx\/?p=53371#primaryimage"},"image":{"@id":"https:\/\/quehacerpolitico.mx\/?p=53371#primaryimage"},"thumbnailUrl":"https:\/\/quehacerpolitico.mx\/wp-content\/uploads\/2020\/02\/DAE0BEEC-238A-40C4-ABA7-BC4779F8681D.jpeg","datePublished":"2020-02-20T16:11:51+00:00","author":{"@id":"https:\/\/quehacerpolitico.mx\/#\/schema\/person\/496d8ad2d1d3f8036101dca7ee39e585"},"breadcrumb":{"@id":"https:\/\/quehacerpolitico.mx\/?p=53371#breadcrumb"},"inLanguage":"es","potentialAction":[{"@type":"ReadAction","target":["https:\/\/quehacerpolitico.mx\/?p=53371"]}]},{"@type":"ImageObject","inLanguage":"es","@id":"https:\/\/quehacerpolitico.mx\/?p=53371#primaryimage","url":"https:\/\/quehacerpolitico.mx\/wp-content\/uploads\/2020\/02\/DAE0BEEC-238A-40C4-ABA7-BC4779F8681D.jpeg","contentUrl":"https:\/\/quehacerpolitico.mx\/wp-content\/uploads\/2020\/02\/DAE0BEEC-238A-40C4-ABA7-BC4779F8681D.jpeg","width":403,"height":298},{"@type":"BreadcrumbList","@id":"https:\/\/quehacerpolitico.mx\/?p=53371#breadcrumb","itemListElement":[{"@type":"ListItem","position":1,"name":"Inicio","item":"https:\/\/quehacerpolitico.mx\/"},{"@type":"ListItem","position":2,"name":"Internacionales\/\/\/Carolina Alonso Romei\/\/\/El \u201cracismo es un veneno\u201d: Merkel tras tiroteo"}]},{"@type":"WebSite","@id":"https:\/\/quehacerpolitico.mx\/#website","url":"https:\/\/quehacerpolitico.mx\/","name":"","description":"","potentialAction":[{"@type":"SearchAction","target":{"@type":"EntryPoint","urlTemplate":"https:\/\/quehacerpolitico.mx\/?s={search_term_string}"},"query-input":{"@type":"PropertyValueSpecification","valueRequired":true,"valueName":"search_term_string"}}],"inLanguage":"es"},{"@type":"Person","@id":"https:\/\/quehacerpolitico.mx\/#\/schema\/person\/496d8ad2d1d3f8036101dca7ee39e585","name":"Redacci\u00f3n QP","image":{"@type":"ImageObject","inLanguage":"es","@id":"https:\/\/secure.gravatar.com\/avatar\/c7164ed6fdec453195284ad24a5ae5b6e1eed2b848477fa2a4787ba9adf39a41?s=96&d=mm&r=g","url":"https:\/\/secure.gravatar.com\/avatar\/c7164ed6fdec453195284ad24a5ae5b6e1eed2b848477fa2a4787ba9adf39a41?s=96&d=mm&r=g","contentUrl":"https:\/\/secure.gravatar.com\/avatar\/c7164ed6fdec453195284ad24a5ae5b6e1eed2b848477fa2a4787ba9adf39a41?s=96&d=mm&r=g","caption":"Redacci\u00f3n QP"},"url":"https:\/\/quehacerpolitico.mx\/?author=2"}]}},"featured_image_urls":{"full":["https:\/\/quehacerpolitico.mx\/wp-content\/uploads\/2020\/02\/DAE0BEEC-238A-40C4-ABA7-BC4779F8681D.jpeg",403,298,false],"thumbnail":["https:\/\/quehacerpolitico.mx\/wp-content\/uploads\/2020\/02\/DAE0BEEC-238A-40C4-ABA7-BC4779F8681D-150x150.jpeg",150,150,true],"medium":["https:\/\/quehacerpolitico.mx\/wp-content\/uploads\/2020\/02\/DAE0BEEC-238A-40C4-ABA7-BC4779F8681D-300x222.jpeg",300,222,true],"medium_large":["https:\/\/quehacerpolitico.mx\/wp-content\/uploads\/2020\/02\/DAE0BEEC-238A-40C4-ABA7-BC4779F8681D.jpeg",403,298,false],"large":["https:\/\/quehacerpolitico.mx\/wp-content\/uploads\/2020\/02\/DAE0BEEC-238A-40C4-ABA7-BC4779F8681D.jpeg",403,298,false],"1536x1536":["https:\/\/quehacerpolitico.mx\/wp-content\/uploads\/2020\/02\/DAE0BEEC-238A-40C4-ABA7-BC4779F8681D.jpeg",403,298,false],"2048x2048":["https:\/\/quehacerpolitico.mx\/wp-content\/uploads\/2020\/02\/DAE0BEEC-238A-40C4-ABA7-BC4779F8681D.jpeg",403,298,false],"covernews-featured":["https:\/\/quehacerpolitico.mx\/wp-content\/uploads\/2020\/02\/DAE0BEEC-238A-40C4-ABA7-BC4779F8681D.jpeg",403,298,false],"covernews-medium":["https:\/\/quehacerpolitico.mx\/wp-content\/uploads\/2020\/02\/DAE0BEEC-238A-40C4-ABA7-BC4779F8681D.jpeg",403,298,false]},"author_info":{"display_name":"Redacci\u00f3n QP","author_link":"https:\/\/quehacerpolitico.mx\/?author=2"},"category_info":"<a href=\"https:\/\/quehacerpolitico.mx\/?cat=1\" rel=\"category\">Internacionales<\/a>","tag_info":"Internacionales","comment_count":"0","_links":{"self":[{"href":"https:\/\/quehacerpolitico.mx\/index.php?rest_route=\/wp\/v2\/posts\/53371","targetHints":{"allow":["GET"]}}],"collection":[{"href":"https:\/\/quehacerpolitico.mx\/index.php?rest_route=\/wp\/v2\/posts"}],"about":[{"href":"https:\/\/quehacerpolitico.mx\/index.php?rest_route=\/wp\/v2\/types\/post"}],"author":[{"embeddable":true,"href":"https:\/\/quehacerpolitico.mx\/index.php?rest_route=\/wp\/v2\/users\/2"}],"replies":[{"embeddable":true,"href":"https:\/\/quehacerpolitico.mx\/index.php?rest_route=%2Fwp%2Fv2%2Fcomments&post=53371"}],"version-history":[{"count":0,"href":"https:\/\/quehacerpolitico.mx\/index.php?rest_route=\/wp\/v2\/posts\/53371\/revisions"}],"wp:featuredmedia":[{"embeddable":true,"href":"https:\/\/quehacerpolitico.mx\/index.php?rest_route=\/wp\/v2\/media\/53372"}],"wp:attachment":[{"href":"https:\/\/quehacerpolitico.mx\/index.php?rest_route=%2Fwp%2Fv2%2Fmedia&parent=53371"}],"wp:term":[{"taxonomy":"category","embeddable":true,"href":"https:\/\/quehacerpolitico.mx\/index.php?rest_route=%2Fwp%2Fv2%2Fcategories&post=53371"},{"taxonomy":"post_tag","embeddable":true,"href":"https:\/\/quehacerpolitico.mx\/index.php?rest_route=%2Fwp%2Fv2%2Ftags&post=53371"}],"curies":[{"name":"wp","href":"https:\/\/api.w.org\/{rel}","templated":true}]}}