{"id":53360,"date":"2020-02-20T14:59:32","date_gmt":"2020-02-20T14:59:32","guid":{"rendered":"http:\/\/quehacerpolitico.mx\/?p=53360"},"modified":"2020-02-20T14:59:32","modified_gmt":"2020-02-20T14:59:32","slug":"microsoft-invertira-mil-100-mdd-en-mexico-anuncia-amlo","status":"publish","type":"post","link":"https:\/\/quehacerpolitico.mx\/?p=53360","title":{"rendered":"Microsoft invertir\u00e1 mil 100 mdd en M\u00e9xico, anuncia AMLO"},"content":{"rendered":"<div class=\"titulo\">Microsoft invertir\u00e1 mil 100 mdd en M\u00e9xico, anuncia AMLO<\/div>\n<div class=\"desarrollo\">Por Redacci\u00f3n QP<\/div>\n<div>\n<p>El presidente Andr\u00e9s Manuel L\u00f3pez Obrador inform\u00f3 que la empresa Microsoft invertir\u00e1 en el pa\u00eds mil 100 millones de d\u00f3lares (mdd) en programas de desarrollo tecnol\u00f3gico durante los pr\u00f3ximos cinco a\u00f1os.<\/p>\n<p>Durante su conferencia de prensa de este jueves, el mandatario federal agradeci\u00f3 la confianza que los inversionistas tienen en M\u00e9xico y conf\u00edo que \u00e9sta crezca m\u00e1s en los pr\u00f3ximos a\u00f1os.<\/p>\n<p>\u201cHemos tenido con Microsoft una relaci\u00f3n; en los \u00faltimos tiempos nos visit\u00f3 el director general y se convino hacer un acuerdo, una alianza para trabajar de manera conjunta y avanzar en lo tecnol\u00f3gico. Esta empresa va a invertir m\u00e1s- porque ya lo est\u00e1 haciendo- en desarrollo de tecnolog\u00eda en beneficio de desarrollo de M\u00e9xico\u201d, afirm\u00f3.<\/p>\n<blockquote class=\"twitter-tweet\" data-width=\"550\" data-dnt=\"true\">\n<p lang=\"es\" dir=\"ltr\">\ud83c\udfa5 <a href=\"https:\/\/twitter.com\/hashtag\/MA%C3%91ANERA?src=hash&amp;ref_src=twsrc%5Etfw\">#MA\u00d1ANERA<\/a> | <a href=\"https:\/\/twitter.com\/satyanadella?ref_src=twsrc%5Etfw\">@satyanadella<\/a>, CEO de <a href=\"https:\/\/twitter.com\/Microsoft?ref_src=twsrc%5Etfw\">@Microsoft<\/a>, inform\u00f3 a trav\u00e9s de un video que durante los pr\u00f3ximo 5 a\u00f1os se invertir\u00e1 en <a href=\"https:\/\/twitter.com\/hashtag\/M%C3%A9xico?src=hash&amp;ref_src=twsrc%5Etfw\">#M\u00e9xico<\/a> mil 100 millones de d\u00f3lares, para expandir el acceso a la <a href=\"https:\/\/twitter.com\/hashtag\/tecnolog%C3%ADa?src=hash&amp;ref_src=twsrc%5Etfw\">#tecnolog\u00eda<\/a> <a href=\"https:\/\/twitter.com\/hashtag\/digital?src=hash&amp;ref_src=twsrc%5Etfw\">#digital<\/a> en todo el pa\u00eds.<\/p>\n<p>\u2022 <a href=\"https:\/\/twitter.com\/hashtag\/Notimex?src=hash&amp;ref_src=twsrc%5Etfw\">#Notimex<\/a> <a href=\"https:\/\/t.co\/j3YpmflzmM\">pic.twitter.com\/j3YpmflzmM<\/a><\/p>\n<p>&mdash; Notimex (@Notimex) <a href=\"https:\/\/twitter.com\/Notimex\/status\/1230492959273082880?ref_src=twsrc%5Etfw\">February 20, 2020<\/a><\/p><\/blockquote>\n<p><script async src=\"https:\/\/platform.twitter.com\/widgets.js\" charset=\"utf-8\"><\/script><\/p>\n<p>Con informaci\u00f3n de NTX<\/p>\n<\/div>\n","protected":false},"excerpt":{"rendered":"<p>Microsoft invertir\u00e1 mil 100 mdd en M\u00e9xico, anuncia AMLO Por Redacci\u00f3n QP El presidente Andr\u00e9s&#8230;<\/p>\n","protected":false},"author":2,"featured_media":53362,"comment_status":"open","ping_status":"open","sticky":false,"template":"","format":"standard","meta":{"_monsterinsights_skip_tracking":false,"_monsterinsights_sitenote_active":false,"_monsterinsights_sitenote_note":"","_monsterinsights_sitenote_category":0,"footnotes":""},"categories":[2],"tags":[],"class_list":["post-53360","post","type-post","status-publish","format-standard","has-post-thumbnail","hentry","category-noticias"],"yoast_head":"<!-- This site is optimized with the Yoast SEO plugin v27.3 - https:\/\/yoast.com\/product\/yoast-seo-wordpress\/ -->\n<title>Microsoft invertir\u00e1 mil 100 mdd en M\u00e9xico, anuncia AMLO -<\/title>\n<meta name=\"robots\" content=\"index, follow, max-snippet:-1, max-image-preview:large, max-video-preview:-1\" \/>\n<link rel=\"canonical\" href=\"https:\/\/quehacerpolitico.mx\/?p=53360\" \/>\n<meta property=\"og:locale\" content=\"es_MX\" \/>\n<meta property=\"og:type\" content=\"article\" \/>\n<meta property=\"og:title\" content=\"Microsoft invertir\u00e1 mil 100 mdd en M\u00e9xico, anuncia AMLO -\" \/>\n<meta property=\"og:description\" content=\"Microsoft invertir\u00e1 mil 100 mdd en M\u00e9xico, anuncia AMLO Por Redacci\u00f3n QP El presidente Andr\u00e9s...\" \/>\n<meta property=\"og:url\" content=\"https:\/\/quehacerpolitico.mx\/?p=53360\" \/>\n<meta property=\"article:published_time\" content=\"2020-02-20T14:59:32+00:00\" \/>\n<meta property=\"og:image\" content=\"https:\/\/quehacerpolitico.mx\/wp-content\/uploads\/2020\/02\/499E849A-6508-425C-AC77-CDDA47AF0B2F.jpeg\" \/>\n\t<meta property=\"og:image:width\" content=\"1242\" \/>\n\t<meta property=\"og:image:height\" content=\"703\" \/>\n\t<meta property=\"og:image:type\" content=\"image\/jpeg\" \/>\n<meta name=\"author\" content=\"Redacci\u00f3n QP\" \/>\n<meta name=\"twitter:card\" content=\"summary_large_image\" \/>\n<meta name=\"twitter:label1\" content=\"Escrito por\" \/>\n\t<meta name=\"twitter:data1\" content=\"Redacci\u00f3n QP\" \/>\n\t<meta name=\"twitter:label2\" content=\"Tiempo de lectura\" \/>\n\t<meta name=\"twitter:data2\" content=\"1 minuto\" \/>\n<script type=\"application\/ld+json\" class=\"yoast-schema-graph\">{\"@context\":\"https:\\\/\\\/schema.org\",\"@graph\":[{\"@type\":\"Article\",\"@id\":\"https:\\\/\\\/quehacerpolitico.mx\\\/?p=53360#article\",\"isPartOf\":{\"@id\":\"https:\\\/\\\/quehacerpolitico.mx\\\/?p=53360\"},\"author\":{\"name\":\"Redacci\u00f3n QP\",\"@id\":\"https:\\\/\\\/quehacerpolitico.mx\\\/#\\\/schema\\\/person\\\/496d8ad2d1d3f8036101dca7ee39e585\"},\"headline\":\"Microsoft invertir\u00e1 mil 100 mdd en M\u00e9xico, anuncia AMLO\",\"datePublished\":\"2020-02-20T14:59:32+00:00\",\"mainEntityOfPage\":{\"@id\":\"https:\\\/\\\/quehacerpolitico.mx\\\/?p=53360\"},\"wordCount\":165,\"commentCount\":0,\"image\":{\"@id\":\"https:\\\/\\\/quehacerpolitico.mx\\\/?p=53360#primaryimage\"},\"thumbnailUrl\":\"https:\\\/\\\/quehacerpolitico.mx\\\/wp-content\\\/uploads\\\/2020\\\/02\\\/499E849A-6508-425C-AC77-CDDA47AF0B2F.jpeg\",\"articleSection\":[\"Noticias\"],\"inLanguage\":\"es\",\"potentialAction\":[{\"@type\":\"CommentAction\",\"name\":\"Comment\",\"target\":[\"https:\\\/\\\/quehacerpolitico.mx\\\/?p=53360#respond\"]}]},{\"@type\":\"WebPage\",\"@id\":\"https:\\\/\\\/quehacerpolitico.mx\\\/?p=53360\",\"url\":\"https:\\\/\\\/quehacerpolitico.mx\\\/?p=53360\",\"name\":\"Microsoft invertir\u00e1 mil 100 mdd en M\u00e9xico, anuncia AMLO -\",\"isPartOf\":{\"@id\":\"https:\\\/\\\/quehacerpolitico.mx\\\/#website\"},\"primaryImageOfPage\":{\"@id\":\"https:\\\/\\\/quehacerpolitico.mx\\\/?p=53360#primaryimage\"},\"image\":{\"@id\":\"https:\\\/\\\/quehacerpolitico.mx\\\/?p=53360#primaryimage\"},\"thumbnailUrl\":\"https:\\\/\\\/quehacerpolitico.mx\\\/wp-content\\\/uploads\\\/2020\\\/02\\\/499E849A-6508-425C-AC77-CDDA47AF0B2F.jpeg\",\"datePublished\":\"2020-02-20T14:59:32+00:00\",\"author\":{\"@id\":\"https:\\\/\\\/quehacerpolitico.mx\\\/#\\\/schema\\\/person\\\/496d8ad2d1d3f8036101dca7ee39e585\"},\"breadcrumb\":{\"@id\":\"https:\\\/\\\/quehacerpolitico.mx\\\/?p=53360#breadcrumb\"},\"inLanguage\":\"es\",\"potentialAction\":[{\"@type\":\"ReadAction\",\"target\":[\"https:\\\/\\\/quehacerpolitico.mx\\\/?p=53360\"]}]},{\"@type\":\"ImageObject\",\"inLanguage\":\"es\",\"@id\":\"https:\\\/\\\/quehacerpolitico.mx\\\/?p=53360#primaryimage\",\"url\":\"https:\\\/\\\/quehacerpolitico.mx\\\/wp-content\\\/uploads\\\/2020\\\/02\\\/499E849A-6508-425C-AC77-CDDA47AF0B2F.jpeg\",\"contentUrl\":\"https:\\\/\\\/quehacerpolitico.mx\\\/wp-content\\\/uploads\\\/2020\\\/02\\\/499E849A-6508-425C-AC77-CDDA47AF0B2F.jpeg\",\"width\":1242,\"height\":703},{\"@type\":\"BreadcrumbList\",\"@id\":\"https:\\\/\\\/quehacerpolitico.mx\\\/?p=53360#breadcrumb\",\"itemListElement\":[{\"@type\":\"ListItem\",\"position\":1,\"name\":\"Inicio\",\"item\":\"https:\\\/\\\/quehacerpolitico.mx\\\/\"},{\"@type\":\"ListItem\",\"position\":2,\"name\":\"Microsoft invertir\u00e1 mil 100 mdd en M\u00e9xico, anuncia AMLO\"}]},{\"@type\":\"WebSite\",\"@id\":\"https:\\\/\\\/quehacerpolitico.mx\\\/#website\",\"url\":\"https:\\\/\\\/quehacerpolitico.mx\\\/\",\"name\":\"\",\"description\":\"\",\"potentialAction\":[{\"@type\":\"SearchAction\",\"target\":{\"@type\":\"EntryPoint\",\"urlTemplate\":\"https:\\\/\\\/quehacerpolitico.mx\\\/?s={search_term_string}\"},\"query-input\":{\"@type\":\"PropertyValueSpecification\",\"valueRequired\":true,\"valueName\":\"search_term_string\"}}],\"inLanguage\":\"es\"},{\"@type\":\"Person\",\"@id\":\"https:\\\/\\\/quehacerpolitico.mx\\\/#\\\/schema\\\/person\\\/496d8ad2d1d3f8036101dca7ee39e585\",\"name\":\"Redacci\u00f3n QP\",\"image\":{\"@type\":\"ImageObject\",\"inLanguage\":\"es\",\"@id\":\"https:\\\/\\\/secure.gravatar.com\\\/avatar\\\/c7164ed6fdec453195284ad24a5ae5b6e1eed2b848477fa2a4787ba9adf39a41?s=96&d=mm&r=g\",\"url\":\"https:\\\/\\\/secure.gravatar.com\\\/avatar\\\/c7164ed6fdec453195284ad24a5ae5b6e1eed2b848477fa2a4787ba9adf39a41?s=96&d=mm&r=g\",\"contentUrl\":\"https:\\\/\\\/secure.gravatar.com\\\/avatar\\\/c7164ed6fdec453195284ad24a5ae5b6e1eed2b848477fa2a4787ba9adf39a41?s=96&d=mm&r=g\",\"caption\":\"Redacci\u00f3n QP\"},\"url\":\"https:\\\/\\\/quehacerpolitico.mx\\\/?author=2\"}]}<\/script>\n<!-- \/ Yoast SEO plugin. -->","yoast_head_json":{"title":"Microsoft invertir\u00e1 mil 100 mdd en M\u00e9xico, anuncia AMLO -","robots":{"index":"index","follow":"follow","max-snippet":"max-snippet:-1","max-image-preview":"max-image-preview:large","max-video-preview":"max-video-preview:-1"},"canonical":"https:\/\/quehacerpolitico.mx\/?p=53360","og_locale":"es_MX","og_type":"article","og_title":"Microsoft invertir\u00e1 mil 100 mdd en M\u00e9xico, anuncia AMLO -","og_description":"Microsoft invertir\u00e1 mil 100 mdd en M\u00e9xico, anuncia AMLO Por Redacci\u00f3n QP El presidente Andr\u00e9s...","og_url":"https:\/\/quehacerpolitico.mx\/?p=53360","article_published_time":"2020-02-20T14:59:32+00:00","og_image":[{"width":1242,"height":703,"url":"https:\/\/quehacerpolitico.mx\/wp-content\/uploads\/2020\/02\/499E849A-6508-425C-AC77-CDDA47AF0B2F.jpeg","type":"image\/jpeg"}],"author":"Redacci\u00f3n QP","twitter_card":"summary_large_image","twitter_misc":{"Escrito por":"Redacci\u00f3n QP","Tiempo de lectura":"1 minuto"},"schema":{"@context":"https:\/\/schema.org","@graph":[{"@type":"Article","@id":"https:\/\/quehacerpolitico.mx\/?p=53360#article","isPartOf":{"@id":"https:\/\/quehacerpolitico.mx\/?p=53360"},"author":{"name":"Redacci\u00f3n QP","@id":"https:\/\/quehacerpolitico.mx\/#\/schema\/person\/496d8ad2d1d3f8036101dca7ee39e585"},"headline":"Microsoft invertir\u00e1 mil 100 mdd en M\u00e9xico, anuncia AMLO","datePublished":"2020-02-20T14:59:32+00:00","mainEntityOfPage":{"@id":"https:\/\/quehacerpolitico.mx\/?p=53360"},"wordCount":165,"commentCount":0,"image":{"@id":"https:\/\/quehacerpolitico.mx\/?p=53360#primaryimage"},"thumbnailUrl":"https:\/\/quehacerpolitico.mx\/wp-content\/uploads\/2020\/02\/499E849A-6508-425C-AC77-CDDA47AF0B2F.jpeg","articleSection":["Noticias"],"inLanguage":"es","potentialAction":[{"@type":"CommentAction","name":"Comment","target":["https:\/\/quehacerpolitico.mx\/?p=53360#respond"]}]},{"@type":"WebPage","@id":"https:\/\/quehacerpolitico.mx\/?p=53360","url":"https:\/\/quehacerpolitico.mx\/?p=53360","name":"Microsoft invertir\u00e1 mil 100 mdd en M\u00e9xico, anuncia AMLO -","isPartOf":{"@id":"https:\/\/quehacerpolitico.mx\/#website"},"primaryImageOfPage":{"@id":"https:\/\/quehacerpolitico.mx\/?p=53360#primaryimage"},"image":{"@id":"https:\/\/quehacerpolitico.mx\/?p=53360#primaryimage"},"thumbnailUrl":"https:\/\/quehacerpolitico.mx\/wp-content\/uploads\/2020\/02\/499E849A-6508-425C-AC77-CDDA47AF0B2F.jpeg","datePublished":"2020-02-20T14:59:32+00:00","author":{"@id":"https:\/\/quehacerpolitico.mx\/#\/schema\/person\/496d8ad2d1d3f8036101dca7ee39e585"},"breadcrumb":{"@id":"https:\/\/quehacerpolitico.mx\/?p=53360#breadcrumb"},"inLanguage":"es","potentialAction":[{"@type":"ReadAction","target":["https:\/\/quehacerpolitico.mx\/?p=53360"]}]},{"@type":"ImageObject","inLanguage":"es","@id":"https:\/\/quehacerpolitico.mx\/?p=53360#primaryimage","url":"https:\/\/quehacerpolitico.mx\/wp-content\/uploads\/2020\/02\/499E849A-6508-425C-AC77-CDDA47AF0B2F.jpeg","contentUrl":"https:\/\/quehacerpolitico.mx\/wp-content\/uploads\/2020\/02\/499E849A-6508-425C-AC77-CDDA47AF0B2F.jpeg","width":1242,"height":703},{"@type":"BreadcrumbList","@id":"https:\/\/quehacerpolitico.mx\/?p=53360#breadcrumb","itemListElement":[{"@type":"ListItem","position":1,"name":"Inicio","item":"https:\/\/quehacerpolitico.mx\/"},{"@type":"ListItem","position":2,"name":"Microsoft invertir\u00e1 mil 100 mdd en M\u00e9xico, anuncia AMLO"}]},{"@type":"WebSite","@id":"https:\/\/quehacerpolitico.mx\/#website","url":"https:\/\/quehacerpolitico.mx\/","name":"","description":"","potentialAction":[{"@type":"SearchAction","target":{"@type":"EntryPoint","urlTemplate":"https:\/\/quehacerpolitico.mx\/?s={search_term_string}"},"query-input":{"@type":"PropertyValueSpecification","valueRequired":true,"valueName":"search_term_string"}}],"inLanguage":"es"},{"@type":"Person","@id":"https:\/\/quehacerpolitico.mx\/#\/schema\/person\/496d8ad2d1d3f8036101dca7ee39e585","name":"Redacci\u00f3n QP","image":{"@type":"ImageObject","inLanguage":"es","@id":"https:\/\/secure.gravatar.com\/avatar\/c7164ed6fdec453195284ad24a5ae5b6e1eed2b848477fa2a4787ba9adf39a41?s=96&d=mm&r=g","url":"https:\/\/secure.gravatar.com\/avatar\/c7164ed6fdec453195284ad24a5ae5b6e1eed2b848477fa2a4787ba9adf39a41?s=96&d=mm&r=g","contentUrl":"https:\/\/secure.gravatar.com\/avatar\/c7164ed6fdec453195284ad24a5ae5b6e1eed2b848477fa2a4787ba9adf39a41?s=96&d=mm&r=g","caption":"Redacci\u00f3n QP"},"url":"https:\/\/quehacerpolitico.mx\/?author=2"}]}},"featured_image_urls":{"full":["https:\/\/quehacerpolitico.mx\/wp-content\/uploads\/2020\/02\/499E849A-6508-425C-AC77-CDDA47AF0B2F.jpeg",1242,703,false],"thumbnail":["https:\/\/quehacerpolitico.mx\/wp-content\/uploads\/2020\/02\/499E849A-6508-425C-AC77-CDDA47AF0B2F-150x150.jpeg",150,150,true],"medium":["https:\/\/quehacerpolitico.mx\/wp-content\/uploads\/2020\/02\/499E849A-6508-425C-AC77-CDDA47AF0B2F-300x170.jpeg",300,170,true],"medium_large":["https:\/\/quehacerpolitico.mx\/wp-content\/uploads\/2020\/02\/499E849A-6508-425C-AC77-CDDA47AF0B2F-768x435.jpeg",640,363,true],"large":["https:\/\/quehacerpolitico.mx\/wp-content\/uploads\/2020\/02\/499E849A-6508-425C-AC77-CDDA47AF0B2F-1024x580.jpeg",640,363,true],"1536x1536":["https:\/\/quehacerpolitico.mx\/wp-content\/uploads\/2020\/02\/499E849A-6508-425C-AC77-CDDA47AF0B2F.jpeg",1242,703,false],"2048x2048":["https:\/\/quehacerpolitico.mx\/wp-content\/uploads\/2020\/02\/499E849A-6508-425C-AC77-CDDA47AF0B2F.jpeg",1242,703,false],"covernews-featured":["https:\/\/quehacerpolitico.mx\/wp-content\/uploads\/2020\/02\/499E849A-6508-425C-AC77-CDDA47AF0B2F.jpeg",1024,580,false],"covernews-medium":["https:\/\/quehacerpolitico.mx\/wp-content\/uploads\/2020\/02\/499E849A-6508-425C-AC77-CDDA47AF0B2F.jpeg",540,306,false]},"author_info":{"display_name":"Redacci\u00f3n QP","author_link":"https:\/\/quehacerpolitico.mx\/?author=2"},"category_info":"<a href=\"https:\/\/quehacerpolitico.mx\/?cat=2\" rel=\"category\">Noticias<\/a>","tag_info":"Noticias","comment_count":"0","_links":{"self":[{"href":"https:\/\/quehacerpolitico.mx\/index.php?rest_route=\/wp\/v2\/posts\/53360","targetHints":{"allow":["GET"]}}],"collection":[{"href":"https:\/\/quehacerpolitico.mx\/index.php?rest_route=\/wp\/v2\/posts"}],"about":[{"href":"https:\/\/quehacerpolitico.mx\/index.php?rest_route=\/wp\/v2\/types\/post"}],"author":[{"embeddable":true,"href":"https:\/\/quehacerpolitico.mx\/index.php?rest_route=\/wp\/v2\/users\/2"}],"replies":[{"embeddable":true,"href":"https:\/\/quehacerpolitico.mx\/index.php?rest_route=%2Fwp%2Fv2%2Fcomments&post=53360"}],"version-history":[{"count":0,"href":"https:\/\/quehacerpolitico.mx\/index.php?rest_route=\/wp\/v2\/posts\/53360\/revisions"}],"wp:featuredmedia":[{"embeddable":true,"href":"https:\/\/quehacerpolitico.mx\/index.php?rest_route=\/wp\/v2\/media\/53362"}],"wp:attachment":[{"href":"https:\/\/quehacerpolitico.mx\/index.php?rest_route=%2Fwp%2Fv2%2Fmedia&parent=53360"}],"wp:term":[{"taxonomy":"category","embeddable":true,"href":"https:\/\/quehacerpolitico.mx\/index.php?rest_route=%2Fwp%2Fv2%2Fcategories&post=53360"},{"taxonomy":"post_tag","embeddable":true,"href":"https:\/\/quehacerpolitico.mx\/index.php?rest_route=%2Fwp%2Fv2%2Ftags&post=53360"}],"curies":[{"name":"wp","href":"https:\/\/api.w.org\/{rel}","templated":true}]}}