{"id":53357,"date":"2020-02-20T05:32:39","date_gmt":"2020-02-20T05:32:39","guid":{"rendered":"http:\/\/quehacerpolitico.mx\/?p=53357"},"modified":"2020-02-20T05:32:39","modified_gmt":"2020-02-20T05:32:39","slug":"asesinan-a-barbara-greco-locutora-en-ciudad-juarez","status":"publish","type":"post","link":"https:\/\/quehacerpolitico.mx\/?p=53357","title":{"rendered":"Asesinan a \u2018B\u00e1rbara Greco\u2019, locutora en Ciudad Ju\u00e1rez"},"content":{"rendered":"<h1 role=\"heading\">Asesinan a \u2018B\u00e1rbara Greco\u2019, locutora en Ciudad Ju\u00e1rez<br \/>\nPor Redacci\u00f3n QP<\/h1>\n<p>El crimen ocurri\u00f3 en la colonia El Barreal, a las afueras del domicilio de la joven, quien falleci\u00f3 al recibir un disparo<\/p>\n<p>Medios locales reportaron el <strong>asesinato de Teresa Aracely Alcocer<\/strong>, de 37 a\u00f1os, quien realizaba colaboraciones en una radiodifusora local bajo el nombre de \u201c<strong>B\u00e1rbara Greco<\/strong>\u201d, en Ciudad Ju\u00e1rez, Chihuahua.<\/p>\n<p>El crimen ocurri\u00f3 la tarde de este martes en la colonia El Barreal, a las afueras del domicilio de la joven, quien <strong>falleci\u00f3 al recibir un disparo con arma de fuego<\/strong>.<\/p>\n<p>De acuerdo con informaci\u00f3n difundida en medios de comunicaci\u00f3n, B\u00e1rbara Greco realiz\u00f3 algunas publicaciones en sus redes sociales en las que se manifestaba en contra del asesinato de la <strong>ni\u00f1a F\u00e1tima<\/strong>, ocurrido en la Ciudad de M\u00e9xico.<\/p>\n<p>Asimismo, se inform\u00f3 que la Fiscal\u00eda Especializada en Atenci\u00f3n a Mujeres V\u00edctimas del Delito por Razones de G\u00e9nero del estado se encuentra a la espera de que familiares de la v\u00edctima completen los tr\u00e1mites para la entrega del cad\u00e1ver.<\/p>\n<p>Hasta este momento, la dependencia ya se encuentra investigando en el lugar de los hechos. Sin embargo, no ha compartido datos acerca de los autores del asesinato.<\/p>\n<p>El crimen ocurri\u00f3 la tarde de este martes en la colonia El Barreal, a las afueras del domicilio de la joven, quien <strong>falleci\u00f3 al recibir un disparo con arma de fuego<\/strong>.<\/p>\n<p>De acuerdo con informaci\u00f3n difundida en medios de comunicaci\u00f3n, B\u00e1rbara Greco realiz\u00f3 algunas publicaciones en sus redes sociales en las que se manifestaba en contra del asesinato de la <strong>ni\u00f1a F\u00e1tima<\/strong>, ocurrido en la Ciudad de M\u00e9xico.<\/p>\n<p>Asimismo, se inform\u00f3 que la Fiscal\u00eda Especializada en Atenci\u00f3n a Mujeres V\u00edctimas del Delito por Razones de G\u00e9nero del estado se encuentra a la espera de que familiares de la v\u00edctima completen los tr\u00e1mites para la entrega del cad\u00e1ver.<\/p>\n<p>Hasta este momento, la dependencia ya se encuentra investigando en el lugar de los hechos. Sin embargo, no ha compartido datos acerca de los autores del asesinato.<\/p>\n<p>Con informaci\u00f3n de NTX<\/p>\n","protected":false},"excerpt":{"rendered":"<p>Asesinan a \u2018B\u00e1rbara Greco\u2019, locutora en Ciudad Ju\u00e1rez Por Redacci\u00f3n QP El crimen ocurri\u00f3 en&#8230;<\/p>\n","protected":false},"author":2,"featured_media":53358,"comment_status":"open","ping_status":"open","sticky":false,"template":"","format":"standard","meta":{"_monsterinsights_skip_tracking":false,"_monsterinsights_sitenote_active":false,"_monsterinsights_sitenote_note":"","_monsterinsights_sitenote_category":0,"footnotes":""},"categories":[2],"tags":[],"class_list":["post-53357","post","type-post","status-publish","format-standard","has-post-thumbnail","hentry","category-noticias"],"yoast_head":"<!-- This site is optimized with the Yoast SEO plugin v27.3 - https:\/\/yoast.com\/product\/yoast-seo-wordpress\/ -->\n<title>Asesinan a \u2018B\u00e1rbara Greco\u2019, locutora en Ciudad Ju\u00e1rez -<\/title>\n<meta name=\"robots\" content=\"index, follow, max-snippet:-1, max-image-preview:large, max-video-preview:-1\" \/>\n<link rel=\"canonical\" href=\"https:\/\/quehacerpolitico.mx\/?p=53357\" \/>\n<meta property=\"og:locale\" content=\"es_MX\" \/>\n<meta property=\"og:type\" content=\"article\" \/>\n<meta property=\"og:title\" content=\"Asesinan a \u2018B\u00e1rbara Greco\u2019, locutora en Ciudad Ju\u00e1rez -\" \/>\n<meta property=\"og:description\" content=\"Asesinan a \u2018B\u00e1rbara Greco\u2019, locutora en Ciudad Ju\u00e1rez Por Redacci\u00f3n QP El crimen ocurri\u00f3 en...\" \/>\n<meta property=\"og:url\" content=\"https:\/\/quehacerpolitico.mx\/?p=53357\" \/>\n<meta property=\"article:published_time\" content=\"2020-02-20T05:32:39+00:00\" \/>\n<meta property=\"og:image\" content=\"https:\/\/quehacerpolitico.mx\/wp-content\/uploads\/2020\/02\/569499DF-DD93-4E9D-A5F4-008A55260CD9.jpeg\" \/>\n\t<meta property=\"og:image:width\" content=\"770\" \/>\n\t<meta property=\"og:image:height\" content=\"423\" \/>\n\t<meta property=\"og:image:type\" content=\"image\/jpeg\" \/>\n<meta name=\"author\" content=\"Redacci\u00f3n QP\" \/>\n<meta name=\"twitter:card\" content=\"summary_large_image\" \/>\n<meta name=\"twitter:label1\" content=\"Escrito por\" \/>\n\t<meta name=\"twitter:data1\" content=\"Redacci\u00f3n QP\" \/>\n\t<meta name=\"twitter:label2\" content=\"Tiempo de lectura\" \/>\n\t<meta name=\"twitter:data2\" content=\"2 minutos\" \/>\n<script type=\"application\/ld+json\" class=\"yoast-schema-graph\">{\"@context\":\"https:\\\/\\\/schema.org\",\"@graph\":[{\"@type\":\"Article\",\"@id\":\"https:\\\/\\\/quehacerpolitico.mx\\\/?p=53357#article\",\"isPartOf\":{\"@id\":\"https:\\\/\\\/quehacerpolitico.mx\\\/?p=53357\"},\"author\":{\"name\":\"Redacci\u00f3n QP\",\"@id\":\"https:\\\/\\\/quehacerpolitico.mx\\\/#\\\/schema\\\/person\\\/496d8ad2d1d3f8036101dca7ee39e585\"},\"headline\":\"Asesinan a \u2018B\u00e1rbara Greco\u2019, locutora en Ciudad Ju\u00e1rez\",\"datePublished\":\"2020-02-20T05:32:39+00:00\",\"mainEntityOfPage\":{\"@id\":\"https:\\\/\\\/quehacerpolitico.mx\\\/?p=53357\"},\"wordCount\":376,\"commentCount\":0,\"image\":{\"@id\":\"https:\\\/\\\/quehacerpolitico.mx\\\/?p=53357#primaryimage\"},\"thumbnailUrl\":\"https:\\\/\\\/quehacerpolitico.mx\\\/wp-content\\\/uploads\\\/2020\\\/02\\\/569499DF-DD93-4E9D-A5F4-008A55260CD9.jpeg\",\"articleSection\":[\"Noticias\"],\"inLanguage\":\"es\",\"potentialAction\":[{\"@type\":\"CommentAction\",\"name\":\"Comment\",\"target\":[\"https:\\\/\\\/quehacerpolitico.mx\\\/?p=53357#respond\"]}]},{\"@type\":\"WebPage\",\"@id\":\"https:\\\/\\\/quehacerpolitico.mx\\\/?p=53357\",\"url\":\"https:\\\/\\\/quehacerpolitico.mx\\\/?p=53357\",\"name\":\"Asesinan a \u2018B\u00e1rbara Greco\u2019, locutora en Ciudad Ju\u00e1rez -\",\"isPartOf\":{\"@id\":\"https:\\\/\\\/quehacerpolitico.mx\\\/#website\"},\"primaryImageOfPage\":{\"@id\":\"https:\\\/\\\/quehacerpolitico.mx\\\/?p=53357#primaryimage\"},\"image\":{\"@id\":\"https:\\\/\\\/quehacerpolitico.mx\\\/?p=53357#primaryimage\"},\"thumbnailUrl\":\"https:\\\/\\\/quehacerpolitico.mx\\\/wp-content\\\/uploads\\\/2020\\\/02\\\/569499DF-DD93-4E9D-A5F4-008A55260CD9.jpeg\",\"datePublished\":\"2020-02-20T05:32:39+00:00\",\"author\":{\"@id\":\"https:\\\/\\\/quehacerpolitico.mx\\\/#\\\/schema\\\/person\\\/496d8ad2d1d3f8036101dca7ee39e585\"},\"breadcrumb\":{\"@id\":\"https:\\\/\\\/quehacerpolitico.mx\\\/?p=53357#breadcrumb\"},\"inLanguage\":\"es\",\"potentialAction\":[{\"@type\":\"ReadAction\",\"target\":[\"https:\\\/\\\/quehacerpolitico.mx\\\/?p=53357\"]}]},{\"@type\":\"ImageObject\",\"inLanguage\":\"es\",\"@id\":\"https:\\\/\\\/quehacerpolitico.mx\\\/?p=53357#primaryimage\",\"url\":\"https:\\\/\\\/quehacerpolitico.mx\\\/wp-content\\\/uploads\\\/2020\\\/02\\\/569499DF-DD93-4E9D-A5F4-008A55260CD9.jpeg\",\"contentUrl\":\"https:\\\/\\\/quehacerpolitico.mx\\\/wp-content\\\/uploads\\\/2020\\\/02\\\/569499DF-DD93-4E9D-A5F4-008A55260CD9.jpeg\",\"width\":770,\"height\":423},{\"@type\":\"BreadcrumbList\",\"@id\":\"https:\\\/\\\/quehacerpolitico.mx\\\/?p=53357#breadcrumb\",\"itemListElement\":[{\"@type\":\"ListItem\",\"position\":1,\"name\":\"Inicio\",\"item\":\"https:\\\/\\\/quehacerpolitico.mx\\\/\"},{\"@type\":\"ListItem\",\"position\":2,\"name\":\"Asesinan a \u2018B\u00e1rbara Greco\u2019, locutora en Ciudad Ju\u00e1rez\"}]},{\"@type\":\"WebSite\",\"@id\":\"https:\\\/\\\/quehacerpolitico.mx\\\/#website\",\"url\":\"https:\\\/\\\/quehacerpolitico.mx\\\/\",\"name\":\"\",\"description\":\"\",\"potentialAction\":[{\"@type\":\"SearchAction\",\"target\":{\"@type\":\"EntryPoint\",\"urlTemplate\":\"https:\\\/\\\/quehacerpolitico.mx\\\/?s={search_term_string}\"},\"query-input\":{\"@type\":\"PropertyValueSpecification\",\"valueRequired\":true,\"valueName\":\"search_term_string\"}}],\"inLanguage\":\"es\"},{\"@type\":\"Person\",\"@id\":\"https:\\\/\\\/quehacerpolitico.mx\\\/#\\\/schema\\\/person\\\/496d8ad2d1d3f8036101dca7ee39e585\",\"name\":\"Redacci\u00f3n QP\",\"image\":{\"@type\":\"ImageObject\",\"inLanguage\":\"es\",\"@id\":\"https:\\\/\\\/secure.gravatar.com\\\/avatar\\\/c7164ed6fdec453195284ad24a5ae5b6e1eed2b848477fa2a4787ba9adf39a41?s=96&d=mm&r=g\",\"url\":\"https:\\\/\\\/secure.gravatar.com\\\/avatar\\\/c7164ed6fdec453195284ad24a5ae5b6e1eed2b848477fa2a4787ba9adf39a41?s=96&d=mm&r=g\",\"contentUrl\":\"https:\\\/\\\/secure.gravatar.com\\\/avatar\\\/c7164ed6fdec453195284ad24a5ae5b6e1eed2b848477fa2a4787ba9adf39a41?s=96&d=mm&r=g\",\"caption\":\"Redacci\u00f3n QP\"},\"url\":\"https:\\\/\\\/quehacerpolitico.mx\\\/?author=2\"}]}<\/script>\n<!-- \/ Yoast SEO plugin. -->","yoast_head_json":{"title":"Asesinan a \u2018B\u00e1rbara Greco\u2019, locutora en Ciudad Ju\u00e1rez -","robots":{"index":"index","follow":"follow","max-snippet":"max-snippet:-1","max-image-preview":"max-image-preview:large","max-video-preview":"max-video-preview:-1"},"canonical":"https:\/\/quehacerpolitico.mx\/?p=53357","og_locale":"es_MX","og_type":"article","og_title":"Asesinan a \u2018B\u00e1rbara Greco\u2019, locutora en Ciudad Ju\u00e1rez -","og_description":"Asesinan a \u2018B\u00e1rbara Greco\u2019, locutora en Ciudad Ju\u00e1rez Por Redacci\u00f3n QP El crimen ocurri\u00f3 en...","og_url":"https:\/\/quehacerpolitico.mx\/?p=53357","article_published_time":"2020-02-20T05:32:39+00:00","og_image":[{"width":770,"height":423,"url":"https:\/\/quehacerpolitico.mx\/wp-content\/uploads\/2020\/02\/569499DF-DD93-4E9D-A5F4-008A55260CD9.jpeg","type":"image\/jpeg"}],"author":"Redacci\u00f3n QP","twitter_card":"summary_large_image","twitter_misc":{"Escrito por":"Redacci\u00f3n QP","Tiempo de lectura":"2 minutos"},"schema":{"@context":"https:\/\/schema.org","@graph":[{"@type":"Article","@id":"https:\/\/quehacerpolitico.mx\/?p=53357#article","isPartOf":{"@id":"https:\/\/quehacerpolitico.mx\/?p=53357"},"author":{"name":"Redacci\u00f3n QP","@id":"https:\/\/quehacerpolitico.mx\/#\/schema\/person\/496d8ad2d1d3f8036101dca7ee39e585"},"headline":"Asesinan a \u2018B\u00e1rbara Greco\u2019, locutora en Ciudad Ju\u00e1rez","datePublished":"2020-02-20T05:32:39+00:00","mainEntityOfPage":{"@id":"https:\/\/quehacerpolitico.mx\/?p=53357"},"wordCount":376,"commentCount":0,"image":{"@id":"https:\/\/quehacerpolitico.mx\/?p=53357#primaryimage"},"thumbnailUrl":"https:\/\/quehacerpolitico.mx\/wp-content\/uploads\/2020\/02\/569499DF-DD93-4E9D-A5F4-008A55260CD9.jpeg","articleSection":["Noticias"],"inLanguage":"es","potentialAction":[{"@type":"CommentAction","name":"Comment","target":["https:\/\/quehacerpolitico.mx\/?p=53357#respond"]}]},{"@type":"WebPage","@id":"https:\/\/quehacerpolitico.mx\/?p=53357","url":"https:\/\/quehacerpolitico.mx\/?p=53357","name":"Asesinan a \u2018B\u00e1rbara Greco\u2019, locutora en Ciudad Ju\u00e1rez -","isPartOf":{"@id":"https:\/\/quehacerpolitico.mx\/#website"},"primaryImageOfPage":{"@id":"https:\/\/quehacerpolitico.mx\/?p=53357#primaryimage"},"image":{"@id":"https:\/\/quehacerpolitico.mx\/?p=53357#primaryimage"},"thumbnailUrl":"https:\/\/quehacerpolitico.mx\/wp-content\/uploads\/2020\/02\/569499DF-DD93-4E9D-A5F4-008A55260CD9.jpeg","datePublished":"2020-02-20T05:32:39+00:00","author":{"@id":"https:\/\/quehacerpolitico.mx\/#\/schema\/person\/496d8ad2d1d3f8036101dca7ee39e585"},"breadcrumb":{"@id":"https:\/\/quehacerpolitico.mx\/?p=53357#breadcrumb"},"inLanguage":"es","potentialAction":[{"@type":"ReadAction","target":["https:\/\/quehacerpolitico.mx\/?p=53357"]}]},{"@type":"ImageObject","inLanguage":"es","@id":"https:\/\/quehacerpolitico.mx\/?p=53357#primaryimage","url":"https:\/\/quehacerpolitico.mx\/wp-content\/uploads\/2020\/02\/569499DF-DD93-4E9D-A5F4-008A55260CD9.jpeg","contentUrl":"https:\/\/quehacerpolitico.mx\/wp-content\/uploads\/2020\/02\/569499DF-DD93-4E9D-A5F4-008A55260CD9.jpeg","width":770,"height":423},{"@type":"BreadcrumbList","@id":"https:\/\/quehacerpolitico.mx\/?p=53357#breadcrumb","itemListElement":[{"@type":"ListItem","position":1,"name":"Inicio","item":"https:\/\/quehacerpolitico.mx\/"},{"@type":"ListItem","position":2,"name":"Asesinan a \u2018B\u00e1rbara Greco\u2019, locutora en Ciudad Ju\u00e1rez"}]},{"@type":"WebSite","@id":"https:\/\/quehacerpolitico.mx\/#website","url":"https:\/\/quehacerpolitico.mx\/","name":"","description":"","potentialAction":[{"@type":"SearchAction","target":{"@type":"EntryPoint","urlTemplate":"https:\/\/quehacerpolitico.mx\/?s={search_term_string}"},"query-input":{"@type":"PropertyValueSpecification","valueRequired":true,"valueName":"search_term_string"}}],"inLanguage":"es"},{"@type":"Person","@id":"https:\/\/quehacerpolitico.mx\/#\/schema\/person\/496d8ad2d1d3f8036101dca7ee39e585","name":"Redacci\u00f3n QP","image":{"@type":"ImageObject","inLanguage":"es","@id":"https:\/\/secure.gravatar.com\/avatar\/c7164ed6fdec453195284ad24a5ae5b6e1eed2b848477fa2a4787ba9adf39a41?s=96&d=mm&r=g","url":"https:\/\/secure.gravatar.com\/avatar\/c7164ed6fdec453195284ad24a5ae5b6e1eed2b848477fa2a4787ba9adf39a41?s=96&d=mm&r=g","contentUrl":"https:\/\/secure.gravatar.com\/avatar\/c7164ed6fdec453195284ad24a5ae5b6e1eed2b848477fa2a4787ba9adf39a41?s=96&d=mm&r=g","caption":"Redacci\u00f3n QP"},"url":"https:\/\/quehacerpolitico.mx\/?author=2"}]}},"featured_image_urls":{"full":["https:\/\/quehacerpolitico.mx\/wp-content\/uploads\/2020\/02\/569499DF-DD93-4E9D-A5F4-008A55260CD9.jpeg",770,423,false],"thumbnail":["https:\/\/quehacerpolitico.mx\/wp-content\/uploads\/2020\/02\/569499DF-DD93-4E9D-A5F4-008A55260CD9-150x150.jpeg",150,150,true],"medium":["https:\/\/quehacerpolitico.mx\/wp-content\/uploads\/2020\/02\/569499DF-DD93-4E9D-A5F4-008A55260CD9-300x165.jpeg",300,165,true],"medium_large":["https:\/\/quehacerpolitico.mx\/wp-content\/uploads\/2020\/02\/569499DF-DD93-4E9D-A5F4-008A55260CD9-768x422.jpeg",640,352,true],"large":["https:\/\/quehacerpolitico.mx\/wp-content\/uploads\/2020\/02\/569499DF-DD93-4E9D-A5F4-008A55260CD9.jpeg",640,352,false],"1536x1536":["https:\/\/quehacerpolitico.mx\/wp-content\/uploads\/2020\/02\/569499DF-DD93-4E9D-A5F4-008A55260CD9.jpeg",770,423,false],"2048x2048":["https:\/\/quehacerpolitico.mx\/wp-content\/uploads\/2020\/02\/569499DF-DD93-4E9D-A5F4-008A55260CD9.jpeg",770,423,false],"covernews-featured":["https:\/\/quehacerpolitico.mx\/wp-content\/uploads\/2020\/02\/569499DF-DD93-4E9D-A5F4-008A55260CD9.jpeg",770,423,false],"covernews-medium":["https:\/\/quehacerpolitico.mx\/wp-content\/uploads\/2020\/02\/569499DF-DD93-4E9D-A5F4-008A55260CD9.jpeg",540,297,false]},"author_info":{"display_name":"Redacci\u00f3n QP","author_link":"https:\/\/quehacerpolitico.mx\/?author=2"},"category_info":"<a href=\"https:\/\/quehacerpolitico.mx\/?cat=2\" rel=\"category\">Noticias<\/a>","tag_info":"Noticias","comment_count":"0","_links":{"self":[{"href":"https:\/\/quehacerpolitico.mx\/index.php?rest_route=\/wp\/v2\/posts\/53357","targetHints":{"allow":["GET"]}}],"collection":[{"href":"https:\/\/quehacerpolitico.mx\/index.php?rest_route=\/wp\/v2\/posts"}],"about":[{"href":"https:\/\/quehacerpolitico.mx\/index.php?rest_route=\/wp\/v2\/types\/post"}],"author":[{"embeddable":true,"href":"https:\/\/quehacerpolitico.mx\/index.php?rest_route=\/wp\/v2\/users\/2"}],"replies":[{"embeddable":true,"href":"https:\/\/quehacerpolitico.mx\/index.php?rest_route=%2Fwp%2Fv2%2Fcomments&post=53357"}],"version-history":[{"count":0,"href":"https:\/\/quehacerpolitico.mx\/index.php?rest_route=\/wp\/v2\/posts\/53357\/revisions"}],"wp:featuredmedia":[{"embeddable":true,"href":"https:\/\/quehacerpolitico.mx\/index.php?rest_route=\/wp\/v2\/media\/53358"}],"wp:attachment":[{"href":"https:\/\/quehacerpolitico.mx\/index.php?rest_route=%2Fwp%2Fv2%2Fmedia&parent=53357"}],"wp:term":[{"taxonomy":"category","embeddable":true,"href":"https:\/\/quehacerpolitico.mx\/index.php?rest_route=%2Fwp%2Fv2%2Fcategories&post=53357"},{"taxonomy":"post_tag","embeddable":true,"href":"https:\/\/quehacerpolitico.mx\/index.php?rest_route=%2Fwp%2Fv2%2Ftags&post=53357"}],"curies":[{"name":"wp","href":"https:\/\/api.w.org\/{rel}","templated":true}]}}