{"id":5330,"date":"2018-09-23T19:38:06","date_gmt":"2018-09-23T19:38:06","guid":{"rendered":"http:\/\/quehacerpolitico.mx\/video-el-santo-el-enmascarado-de-plata-unico-heroe-de-carne-y-hueso\/"},"modified":"2018-09-23T19:38:06","modified_gmt":"2018-09-23T19:38:06","slug":"video-el-santo-el-enmascarado-de-plata-unico-heroe-de-carne-y-hueso","status":"publish","type":"post","link":"https:\/\/quehacerpolitico.mx\/?p=5330","title":{"rendered":"[VIDEO] El Santo, el Enmascarado de Plata, \u00fanico h\u00e9roe de carne y hueso"},"content":{"rendered":"<p><strong>El Santo<\/strong>, el \u00fanico h\u00e9roe de carne y hueso que ha luchado contra monstruos, vampiros, zombis, fantasmas, momias y hasta hombres lobo, ha trascendido la barrera del tiempo al ser un personaje que se ha mantenido en el gusto de varias generaciones. Por ello, es recordado por sus fans este 23 de septiembre a<strong> 101 a\u00f1os de su natalicio<\/strong>.<\/p>\n<p>A decir de Arturo Berrospe, promotor cultural y curador del <strong>Museo de El Santo<\/strong>, este es el \u00fanico <strong>h\u00e9roe<\/strong> que no ha sido producto de la imaginaci\u00f3n, sino el resultado de una<strong> cultura e idiosincrasia popular<\/strong>.<\/p>\n<p>\u201cSin duda, se trata de uno de los personajes m\u00e1s emblem\u00e1ticos de la cultura mexicana\u201d.<\/p>\n<p>Apunta que <strong>el Enmascarado de Plata<\/strong> es uno de los s\u00edmbolos m\u00e1s importantes en la <strong>Lucha Libre<\/strong>, y tom\u00f3 mayor fuerza a partir de la creaci\u00f3n de una historieta sobre su trayectoria. Su fama lo llev\u00f3 a realizar 54 pel\u00edculas que hoy forman parte de nuestro gran programa de aportaciones culturales hacia el mundo.<\/p>\n<p>El promotor cultural destaca que ha sido muy exitoso porque se trata de un <strong>personaje<\/strong> que busca el bien, lo positivo y la ayuda a la humanidad. De hecho, \u201cEl Santo sigue salvando al mundo, porque es seguido por las nuevas generaciones\u201d.<\/p>\n<p><strong>Homenaje<\/strong><\/p>\n<p>En<strong> Tulancingo, Hidalgo<\/strong>, donde naci\u00f3 el Enmascarado de Plata, se ubica un museo dedicado a su memoria. De acuerdo con el entrevistado, se trata de un lugar que pertenece a todos los mexicanos.<\/p>\n<p>Finalmente, Berrospe se\u00f1ala en el marco de 3er. Coloquio de investigadores de <strong>Lucha Libre<\/strong>, que en la Fundaci\u00f3n Cultural del M\u00e9xico Contempor\u00e1neo se inaugurar\u00e1 la exposici\u00f3n de artistas pl\u00e1sticos que honran con su arte a este \u00edcono de la cultura mexicana. \u201cTodos est\u00e1n invitados\u201d.<\/p>\n","protected":false},"excerpt":{"rendered":"<p>[VIDEO] El Santo, el Enmascarado de Plata, \u00fanico h\u00e9roe de carne y hueso<br \/>\nPor Redacci\u00f3n QP<\/p>\n","protected":false},"author":2,"featured_media":5329,"comment_status":"open","ping_status":"open","sticky":false,"template":"","format":"standard","meta":{"_monsterinsights_skip_tracking":false,"_monsterinsights_sitenote_active":false,"_monsterinsights_sitenote_note":"","_monsterinsights_sitenote_category":0,"footnotes":""},"categories":[58],"tags":[],"class_list":["post-5330","post","type-post","status-publish","format-standard","has-post-thumbnail","hentry","category-cultura"],"yoast_head":"<!-- This site is optimized with the Yoast SEO plugin v27.3 - https:\/\/yoast.com\/product\/yoast-seo-wordpress\/ -->\n<title>[VIDEO] El Santo, el Enmascarado de Plata, \u00fanico h\u00e9roe de carne y hueso -<\/title>\n<meta name=\"robots\" content=\"index, follow, max-snippet:-1, max-image-preview:large, max-video-preview:-1\" \/>\n<link rel=\"canonical\" href=\"https:\/\/quehacerpolitico.mx\/?p=5330\" \/>\n<meta property=\"og:locale\" content=\"es_MX\" \/>\n<meta property=\"og:type\" content=\"article\" \/>\n<meta property=\"og:title\" content=\"[VIDEO] El Santo, el Enmascarado de Plata, \u00fanico h\u00e9roe de carne y hueso -\" \/>\n<meta property=\"og:description\" content=\"[VIDEO] El Santo, el Enmascarado de Plata, \u00fanico h\u00e9roe de carne y hueso Por Redacci\u00f3n QP\" \/>\n<meta property=\"og:url\" content=\"https:\/\/quehacerpolitico.mx\/?p=5330\" \/>\n<meta property=\"article:published_time\" content=\"2018-09-23T19:38:06+00:00\" \/>\n<meta name=\"author\" content=\"Redacci\u00f3n QP\" \/>\n<meta name=\"twitter:card\" content=\"summary_large_image\" \/>\n<meta name=\"twitter:label1\" content=\"Escrito por\" \/>\n\t<meta name=\"twitter:data1\" content=\"Redacci\u00f3n QP\" \/>\n\t<meta name=\"twitter:label2\" content=\"Tiempo de lectura\" \/>\n\t<meta name=\"twitter:data2\" content=\"1 minuto\" \/>\n<script type=\"application\/ld+json\" class=\"yoast-schema-graph\">{\"@context\":\"https:\\\/\\\/schema.org\",\"@graph\":[{\"@type\":\"Article\",\"@id\":\"https:\\\/\\\/quehacerpolitico.mx\\\/?p=5330#article\",\"isPartOf\":{\"@id\":\"https:\\\/\\\/quehacerpolitico.mx\\\/?p=5330\"},\"author\":{\"name\":\"Redacci\u00f3n QP\",\"@id\":\"https:\\\/\\\/quehacerpolitico.mx\\\/#\\\/schema\\\/person\\\/496d8ad2d1d3f8036101dca7ee39e585\"},\"headline\":\"[VIDEO] El Santo, el Enmascarado de Plata, \u00fanico h\u00e9roe de carne y hueso\",\"datePublished\":\"2018-09-23T19:38:06+00:00\",\"mainEntityOfPage\":{\"@id\":\"https:\\\/\\\/quehacerpolitico.mx\\\/?p=5330\"},\"wordCount\":312,\"commentCount\":0,\"image\":{\"@id\":\"https:\\\/\\\/quehacerpolitico.mx\\\/?p=5330#primaryimage\"},\"thumbnailUrl\":\"\",\"articleSection\":[\"Cultura y Entretenimiento\"],\"inLanguage\":\"es\",\"potentialAction\":[{\"@type\":\"CommentAction\",\"name\":\"Comment\",\"target\":[\"https:\\\/\\\/quehacerpolitico.mx\\\/?p=5330#respond\"]}]},{\"@type\":\"WebPage\",\"@id\":\"https:\\\/\\\/quehacerpolitico.mx\\\/?p=5330\",\"url\":\"https:\\\/\\\/quehacerpolitico.mx\\\/?p=5330\",\"name\":\"[VIDEO] El Santo, el Enmascarado de Plata, \u00fanico h\u00e9roe de carne y hueso -\",\"isPartOf\":{\"@id\":\"https:\\\/\\\/quehacerpolitico.mx\\\/#website\"},\"primaryImageOfPage\":{\"@id\":\"https:\\\/\\\/quehacerpolitico.mx\\\/?p=5330#primaryimage\"},\"image\":{\"@id\":\"https:\\\/\\\/quehacerpolitico.mx\\\/?p=5330#primaryimage\"},\"thumbnailUrl\":\"\",\"datePublished\":\"2018-09-23T19:38:06+00:00\",\"author\":{\"@id\":\"https:\\\/\\\/quehacerpolitico.mx\\\/#\\\/schema\\\/person\\\/496d8ad2d1d3f8036101dca7ee39e585\"},\"breadcrumb\":{\"@id\":\"https:\\\/\\\/quehacerpolitico.mx\\\/?p=5330#breadcrumb\"},\"inLanguage\":\"es\",\"potentialAction\":[{\"@type\":\"ReadAction\",\"target\":[\"https:\\\/\\\/quehacerpolitico.mx\\\/?p=5330\"]}]},{\"@type\":\"ImageObject\",\"inLanguage\":\"es\",\"@id\":\"https:\\\/\\\/quehacerpolitico.mx\\\/?p=5330#primaryimage\",\"url\":\"\",\"contentUrl\":\"\"},{\"@type\":\"BreadcrumbList\",\"@id\":\"https:\\\/\\\/quehacerpolitico.mx\\\/?p=5330#breadcrumb\",\"itemListElement\":[{\"@type\":\"ListItem\",\"position\":1,\"name\":\"Inicio\",\"item\":\"https:\\\/\\\/quehacerpolitico.mx\\\/\"},{\"@type\":\"ListItem\",\"position\":2,\"name\":\"[VIDEO] El Santo, el Enmascarado de Plata, \u00fanico h\u00e9roe de carne y hueso\"}]},{\"@type\":\"WebSite\",\"@id\":\"https:\\\/\\\/quehacerpolitico.mx\\\/#website\",\"url\":\"https:\\\/\\\/quehacerpolitico.mx\\\/\",\"name\":\"\",\"description\":\"\",\"potentialAction\":[{\"@type\":\"SearchAction\",\"target\":{\"@type\":\"EntryPoint\",\"urlTemplate\":\"https:\\\/\\\/quehacerpolitico.mx\\\/?s={search_term_string}\"},\"query-input\":{\"@type\":\"PropertyValueSpecification\",\"valueRequired\":true,\"valueName\":\"search_term_string\"}}],\"inLanguage\":\"es\"},{\"@type\":\"Person\",\"@id\":\"https:\\\/\\\/quehacerpolitico.mx\\\/#\\\/schema\\\/person\\\/496d8ad2d1d3f8036101dca7ee39e585\",\"name\":\"Redacci\u00f3n QP\",\"image\":{\"@type\":\"ImageObject\",\"inLanguage\":\"es\",\"@id\":\"https:\\\/\\\/secure.gravatar.com\\\/avatar\\\/c7164ed6fdec453195284ad24a5ae5b6e1eed2b848477fa2a4787ba9adf39a41?s=96&d=mm&r=g\",\"url\":\"https:\\\/\\\/secure.gravatar.com\\\/avatar\\\/c7164ed6fdec453195284ad24a5ae5b6e1eed2b848477fa2a4787ba9adf39a41?s=96&d=mm&r=g\",\"contentUrl\":\"https:\\\/\\\/secure.gravatar.com\\\/avatar\\\/c7164ed6fdec453195284ad24a5ae5b6e1eed2b848477fa2a4787ba9adf39a41?s=96&d=mm&r=g\",\"caption\":\"Redacci\u00f3n QP\"},\"url\":\"https:\\\/\\\/quehacerpolitico.mx\\\/?author=2\"}]}<\/script>\n<!-- \/ Yoast SEO plugin. -->","yoast_head_json":{"title":"[VIDEO] El Santo, el Enmascarado de Plata, \u00fanico h\u00e9roe de carne y hueso -","robots":{"index":"index","follow":"follow","max-snippet":"max-snippet:-1","max-image-preview":"max-image-preview:large","max-video-preview":"max-video-preview:-1"},"canonical":"https:\/\/quehacerpolitico.mx\/?p=5330","og_locale":"es_MX","og_type":"article","og_title":"[VIDEO] El Santo, el Enmascarado de Plata, \u00fanico h\u00e9roe de carne y hueso -","og_description":"[VIDEO] El Santo, el Enmascarado de Plata, \u00fanico h\u00e9roe de carne y hueso Por Redacci\u00f3n QP","og_url":"https:\/\/quehacerpolitico.mx\/?p=5330","article_published_time":"2018-09-23T19:38:06+00:00","author":"Redacci\u00f3n QP","twitter_card":"summary_large_image","twitter_misc":{"Escrito por":"Redacci\u00f3n QP","Tiempo de lectura":"1 minuto"},"schema":{"@context":"https:\/\/schema.org","@graph":[{"@type":"Article","@id":"https:\/\/quehacerpolitico.mx\/?p=5330#article","isPartOf":{"@id":"https:\/\/quehacerpolitico.mx\/?p=5330"},"author":{"name":"Redacci\u00f3n QP","@id":"https:\/\/quehacerpolitico.mx\/#\/schema\/person\/496d8ad2d1d3f8036101dca7ee39e585"},"headline":"[VIDEO] El Santo, el Enmascarado de Plata, \u00fanico h\u00e9roe de carne y hueso","datePublished":"2018-09-23T19:38:06+00:00","mainEntityOfPage":{"@id":"https:\/\/quehacerpolitico.mx\/?p=5330"},"wordCount":312,"commentCount":0,"image":{"@id":"https:\/\/quehacerpolitico.mx\/?p=5330#primaryimage"},"thumbnailUrl":"","articleSection":["Cultura y Entretenimiento"],"inLanguage":"es","potentialAction":[{"@type":"CommentAction","name":"Comment","target":["https:\/\/quehacerpolitico.mx\/?p=5330#respond"]}]},{"@type":"WebPage","@id":"https:\/\/quehacerpolitico.mx\/?p=5330","url":"https:\/\/quehacerpolitico.mx\/?p=5330","name":"[VIDEO] El Santo, el Enmascarado de Plata, \u00fanico h\u00e9roe de carne y hueso -","isPartOf":{"@id":"https:\/\/quehacerpolitico.mx\/#website"},"primaryImageOfPage":{"@id":"https:\/\/quehacerpolitico.mx\/?p=5330#primaryimage"},"image":{"@id":"https:\/\/quehacerpolitico.mx\/?p=5330#primaryimage"},"thumbnailUrl":"","datePublished":"2018-09-23T19:38:06+00:00","author":{"@id":"https:\/\/quehacerpolitico.mx\/#\/schema\/person\/496d8ad2d1d3f8036101dca7ee39e585"},"breadcrumb":{"@id":"https:\/\/quehacerpolitico.mx\/?p=5330#breadcrumb"},"inLanguage":"es","potentialAction":[{"@type":"ReadAction","target":["https:\/\/quehacerpolitico.mx\/?p=5330"]}]},{"@type":"ImageObject","inLanguage":"es","@id":"https:\/\/quehacerpolitico.mx\/?p=5330#primaryimage","url":"","contentUrl":""},{"@type":"BreadcrumbList","@id":"https:\/\/quehacerpolitico.mx\/?p=5330#breadcrumb","itemListElement":[{"@type":"ListItem","position":1,"name":"Inicio","item":"https:\/\/quehacerpolitico.mx\/"},{"@type":"ListItem","position":2,"name":"[VIDEO] El Santo, el Enmascarado de Plata, \u00fanico h\u00e9roe de carne y hueso"}]},{"@type":"WebSite","@id":"https:\/\/quehacerpolitico.mx\/#website","url":"https:\/\/quehacerpolitico.mx\/","name":"","description":"","potentialAction":[{"@type":"SearchAction","target":{"@type":"EntryPoint","urlTemplate":"https:\/\/quehacerpolitico.mx\/?s={search_term_string}"},"query-input":{"@type":"PropertyValueSpecification","valueRequired":true,"valueName":"search_term_string"}}],"inLanguage":"es"},{"@type":"Person","@id":"https:\/\/quehacerpolitico.mx\/#\/schema\/person\/496d8ad2d1d3f8036101dca7ee39e585","name":"Redacci\u00f3n QP","image":{"@type":"ImageObject","inLanguage":"es","@id":"https:\/\/secure.gravatar.com\/avatar\/c7164ed6fdec453195284ad24a5ae5b6e1eed2b848477fa2a4787ba9adf39a41?s=96&d=mm&r=g","url":"https:\/\/secure.gravatar.com\/avatar\/c7164ed6fdec453195284ad24a5ae5b6e1eed2b848477fa2a4787ba9adf39a41?s=96&d=mm&r=g","contentUrl":"https:\/\/secure.gravatar.com\/avatar\/c7164ed6fdec453195284ad24a5ae5b6e1eed2b848477fa2a4787ba9adf39a41?s=96&d=mm&r=g","caption":"Redacci\u00f3n QP"},"url":"https:\/\/quehacerpolitico.mx\/?author=2"}]}},"featured_image_urls":{"full":"","thumbnail":"","medium":"","medium_large":"","large":"","1536x1536":"","2048x2048":"","covernews-featured":"","covernews-medium":""},"author_info":{"display_name":"Redacci\u00f3n QP","author_link":"https:\/\/quehacerpolitico.mx\/?author=2"},"category_info":"<a href=\"https:\/\/quehacerpolitico.mx\/?cat=58\" rel=\"category\">Cultura y Entretenimiento<\/a>","tag_info":"Cultura y Entretenimiento","comment_count":"0","_links":{"self":[{"href":"https:\/\/quehacerpolitico.mx\/index.php?rest_route=\/wp\/v2\/posts\/5330","targetHints":{"allow":["GET"]}}],"collection":[{"href":"https:\/\/quehacerpolitico.mx\/index.php?rest_route=\/wp\/v2\/posts"}],"about":[{"href":"https:\/\/quehacerpolitico.mx\/index.php?rest_route=\/wp\/v2\/types\/post"}],"author":[{"embeddable":true,"href":"https:\/\/quehacerpolitico.mx\/index.php?rest_route=\/wp\/v2\/users\/2"}],"replies":[{"embeddable":true,"href":"https:\/\/quehacerpolitico.mx\/index.php?rest_route=%2Fwp%2Fv2%2Fcomments&post=5330"}],"version-history":[{"count":0,"href":"https:\/\/quehacerpolitico.mx\/index.php?rest_route=\/wp\/v2\/posts\/5330\/revisions"}],"wp:featuredmedia":[{"embeddable":true,"href":"https:\/\/quehacerpolitico.mx\/index.php?rest_route=\/"}],"wp:attachment":[{"href":"https:\/\/quehacerpolitico.mx\/index.php?rest_route=%2Fwp%2Fv2%2Fmedia&parent=5330"}],"wp:term":[{"taxonomy":"category","embeddable":true,"href":"https:\/\/quehacerpolitico.mx\/index.php?rest_route=%2Fwp%2Fv2%2Fcategories&post=5330"},{"taxonomy":"post_tag","embeddable":true,"href":"https:\/\/quehacerpolitico.mx\/index.php?rest_route=%2Fwp%2Fv2%2Ftags&post=5330"}],"curies":[{"name":"wp","href":"https:\/\/api.w.org\/{rel}","templated":true}]}}