{"id":5313,"date":"2018-09-23T17:32:23","date_gmt":"2018-09-23T17:32:23","guid":{"rendered":"http:\/\/quehacerpolitico.mx\/restablecen-servicio-de-energia-electrica-en-sinaloa-tras-lluvias\/"},"modified":"2018-09-23T17:32:23","modified_gmt":"2018-09-23T17:32:23","slug":"restablecen-servicio-de-energia-electrica-en-sinaloa-tras-lluvias","status":"publish","type":"post","link":"https:\/\/quehacerpolitico.mx\/?p=5313","title":{"rendered":"Restablecen servicio de energ\u00eda el\u00e9ctrica en Sinaloa tras lluvias"},"content":{"rendered":"<p>Derivado del paso de la depresi\u00f3n tropical 19-E, que afect\u00f3 a los estados del noroeste del pa\u00eds, el suministro de energ\u00eda el\u00e9ctrica en Sinaloa se restableci\u00f3 en su totalidad, mientras que el del agua alcanza 60 por ciento, inform\u00f3 la Secretar\u00eda de Gobernaci\u00f3n (Segob).<\/p>\n<p><strong>Adem\u00e1s, se tiene garantizado tanto el abasto alimenticio como de combustible para la poblaci\u00f3n<\/strong>, lo que permite avanzar de la etapa de emergencia, a la etapa de recuperaci\u00f3n.<\/p>\n<p>En un comunicado, reiter\u00f3 el compromiso del Gobierno de la Rep\u00fablica de proteger a la poblaci\u00f3n vulnerable ante fen\u00f3menos naturales y trabajar de manera coordinada con los tres \u00f3rdenes de gobierno para atender estas contingencias.<\/p>\n<p>Destac\u00f3 que tras la activaci\u00f3n del Plan MX, la Coordinaci\u00f3n Nacional de Protecci\u00f3n Civil de la Segob, en forma conjunta con la Comisi\u00f3n Nacional de Agua (Conagua), se traslad\u00f3 a Sinaloa para brindar todo el apoyo a las autoridades en la atenci\u00f3n de la emergencia.<\/p>\n<p>De manera inmediata se emiti\u00f3 una declaratoria de emergencia para atender las necesidades b\u00e1sicas de la poblaci\u00f3n de 11 municipios, entre \u00e9stas el abasto de alimento, agua, cobija e insumos de primera necesidad.<\/p>\n<p>Despu\u00e9s de una evaluaci\u00f3n preliminar de da\u00f1os, se emiti\u00f3 y autoriz\u00f3 una declaratoria de emergencia para los mismos 11 municipios que atender\u00e1 de manera prioritaria las afectaciones a la infraestructura.<\/p>\n<p>Uno de los sectores m\u00e1s afectados fue el abasto de energ\u00eda el\u00e9ctrica, que da\u00f1\u00f3 a 59 mil 328 clientes de un total de un mill\u00f3n 100 mil 278 en el estado, lo que representa 5.39 por ciento.<\/p>\n<p><strong>La Comisi\u00f3n Federal de Electricidad (CFE) despleg\u00f3 todo su personal de la zona noroeste que restableci\u00f3 100 por ciento del suministro<\/strong>.<\/p>\n<p>Tambi\u00e9n, se vio muy afectado el suministro de agua potable, lo que ocasion\u00f3 desabasto a 150 mil personas de todo el estado.<\/p>\n<p>Para remediarlo a la brevedad, la Conagua envi\u00f3 brigadas y equipo para la reparaci\u00f3n de la infraestructura, lo que ha conseguido hasta el momento, el restablecimiento de 60 por ciento del suministro, faltando 60 mil personas en regularizar el abasto.<\/p>\n<p>Ante esta situaci\u00f3n, se mantiene el apoyo a la poblaci\u00f3n con pipas y plantas potabilizadoras que garantizan el servicio en tanto se concluyen las reparaciones necesarias.<\/p>\n<p>La Segob resalt\u00f3 que con la activaci\u00f3n del Plan MX, la oportuna reacci\u00f3n de los elementos de la Secretar\u00eda de la Defensa Nacional (Sedena), a trav\u00e9s del Plan DNIIIE y la Secretaria de Marina-Armada de M\u00e9xico (SEMAR), con el despliegue del Plan Marina y la Polic\u00eda Federal con su Plan de Apoyo a la Protecci\u00f3n Civil, permiti\u00f3 realizar acciones preventivas de evacuaci\u00f3n.<\/p>\n<p>Adem\u00e1s, garantizar la seguridad y atenci\u00f3n a la poblaci\u00f3n en los municipios afectados y los refugios temporales que se habilitaron para resguardar y proteger a la poblaci\u00f3n evacuada.<\/p>\n<p>A esas acciones se suma la instrucci\u00f3n presidencial a los secretarios de la Defensa Nacional, Energ\u00eda, Desarrollo Social, Salud, as\u00ed como a los directores del Instituto del Fondo Nacional de la Vivienda para los Trabajadores (Infonavit), CFE y Conagua, para atender de manera personal el avance en los sectores que a cada uno corresponden.<\/p>\n","protected":false},"excerpt":{"rendered":"<p>La Secretar\u00eda de Gobernaci\u00f3n detalla que se tiene garantizado tanto el abasto alimenticio como de combustible para la poblaci\u00f3n<br \/>\nPor Redacci\u00f3n QP<\/p>\n","protected":false},"author":2,"featured_media":5312,"comment_status":"open","ping_status":"open","sticky":false,"template":"","format":"standard","meta":{"_monsterinsights_skip_tracking":false,"_monsterinsights_sitenote_active":false,"_monsterinsights_sitenote_note":"","_monsterinsights_sitenote_category":0,"footnotes":""},"categories":[2],"tags":[],"class_list":["post-5313","post","type-post","status-publish","format-standard","has-post-thumbnail","hentry","category-noticias"],"yoast_head":"<!-- This site is optimized with the Yoast SEO plugin v27.3 - https:\/\/yoast.com\/product\/yoast-seo-wordpress\/ -->\n<title>Restablecen servicio de energ\u00eda el\u00e9ctrica en Sinaloa tras lluvias -<\/title>\n<meta name=\"robots\" content=\"index, follow, max-snippet:-1, max-image-preview:large, max-video-preview:-1\" \/>\n<link rel=\"canonical\" href=\"https:\/\/quehacerpolitico.mx\/?p=5313\" \/>\n<meta property=\"og:locale\" content=\"es_MX\" \/>\n<meta property=\"og:type\" content=\"article\" \/>\n<meta property=\"og:title\" content=\"Restablecen servicio de energ\u00eda el\u00e9ctrica en Sinaloa tras lluvias -\" \/>\n<meta property=\"og:description\" content=\"La Secretar\u00eda de Gobernaci\u00f3n detalla que se tiene garantizado tanto el abasto alimenticio como de combustible para la poblaci\u00f3n Por Redacci\u00f3n QP\" \/>\n<meta property=\"og:url\" content=\"https:\/\/quehacerpolitico.mx\/?p=5313\" \/>\n<meta property=\"article:published_time\" content=\"2018-09-23T17:32:23+00:00\" \/>\n<meta name=\"author\" content=\"Redacci\u00f3n QP\" \/>\n<meta name=\"twitter:card\" content=\"summary_large_image\" \/>\n<meta name=\"twitter:label1\" content=\"Escrito por\" \/>\n\t<meta name=\"twitter:data1\" content=\"Redacci\u00f3n QP\" \/>\n\t<meta name=\"twitter:label2\" content=\"Tiempo de lectura\" \/>\n\t<meta name=\"twitter:data2\" content=\"3 minutos\" \/>\n<script type=\"application\/ld+json\" class=\"yoast-schema-graph\">{\"@context\":\"https:\\\/\\\/schema.org\",\"@graph\":[{\"@type\":\"Article\",\"@id\":\"https:\\\/\\\/quehacerpolitico.mx\\\/?p=5313#article\",\"isPartOf\":{\"@id\":\"https:\\\/\\\/quehacerpolitico.mx\\\/?p=5313\"},\"author\":{\"name\":\"Redacci\u00f3n QP\",\"@id\":\"https:\\\/\\\/quehacerpolitico.mx\\\/#\\\/schema\\\/person\\\/496d8ad2d1d3f8036101dca7ee39e585\"},\"headline\":\"Restablecen servicio de energ\u00eda el\u00e9ctrica en Sinaloa tras lluvias\",\"datePublished\":\"2018-09-23T17:32:23+00:00\",\"mainEntityOfPage\":{\"@id\":\"https:\\\/\\\/quehacerpolitico.mx\\\/?p=5313\"},\"wordCount\":549,\"commentCount\":0,\"image\":{\"@id\":\"https:\\\/\\\/quehacerpolitico.mx\\\/?p=5313#primaryimage\"},\"thumbnailUrl\":\"\",\"articleSection\":[\"Noticias\"],\"inLanguage\":\"es\",\"potentialAction\":[{\"@type\":\"CommentAction\",\"name\":\"Comment\",\"target\":[\"https:\\\/\\\/quehacerpolitico.mx\\\/?p=5313#respond\"]}]},{\"@type\":\"WebPage\",\"@id\":\"https:\\\/\\\/quehacerpolitico.mx\\\/?p=5313\",\"url\":\"https:\\\/\\\/quehacerpolitico.mx\\\/?p=5313\",\"name\":\"Restablecen servicio de energ\u00eda el\u00e9ctrica en Sinaloa tras lluvias -\",\"isPartOf\":{\"@id\":\"https:\\\/\\\/quehacerpolitico.mx\\\/#website\"},\"primaryImageOfPage\":{\"@id\":\"https:\\\/\\\/quehacerpolitico.mx\\\/?p=5313#primaryimage\"},\"image\":{\"@id\":\"https:\\\/\\\/quehacerpolitico.mx\\\/?p=5313#primaryimage\"},\"thumbnailUrl\":\"\",\"datePublished\":\"2018-09-23T17:32:23+00:00\",\"author\":{\"@id\":\"https:\\\/\\\/quehacerpolitico.mx\\\/#\\\/schema\\\/person\\\/496d8ad2d1d3f8036101dca7ee39e585\"},\"breadcrumb\":{\"@id\":\"https:\\\/\\\/quehacerpolitico.mx\\\/?p=5313#breadcrumb\"},\"inLanguage\":\"es\",\"potentialAction\":[{\"@type\":\"ReadAction\",\"target\":[\"https:\\\/\\\/quehacerpolitico.mx\\\/?p=5313\"]}]},{\"@type\":\"ImageObject\",\"inLanguage\":\"es\",\"@id\":\"https:\\\/\\\/quehacerpolitico.mx\\\/?p=5313#primaryimage\",\"url\":\"\",\"contentUrl\":\"\"},{\"@type\":\"BreadcrumbList\",\"@id\":\"https:\\\/\\\/quehacerpolitico.mx\\\/?p=5313#breadcrumb\",\"itemListElement\":[{\"@type\":\"ListItem\",\"position\":1,\"name\":\"Inicio\",\"item\":\"https:\\\/\\\/quehacerpolitico.mx\\\/\"},{\"@type\":\"ListItem\",\"position\":2,\"name\":\"Restablecen servicio de energ\u00eda el\u00e9ctrica en Sinaloa tras lluvias\"}]},{\"@type\":\"WebSite\",\"@id\":\"https:\\\/\\\/quehacerpolitico.mx\\\/#website\",\"url\":\"https:\\\/\\\/quehacerpolitico.mx\\\/\",\"name\":\"\",\"description\":\"\",\"potentialAction\":[{\"@type\":\"SearchAction\",\"target\":{\"@type\":\"EntryPoint\",\"urlTemplate\":\"https:\\\/\\\/quehacerpolitico.mx\\\/?s={search_term_string}\"},\"query-input\":{\"@type\":\"PropertyValueSpecification\",\"valueRequired\":true,\"valueName\":\"search_term_string\"}}],\"inLanguage\":\"es\"},{\"@type\":\"Person\",\"@id\":\"https:\\\/\\\/quehacerpolitico.mx\\\/#\\\/schema\\\/person\\\/496d8ad2d1d3f8036101dca7ee39e585\",\"name\":\"Redacci\u00f3n QP\",\"image\":{\"@type\":\"ImageObject\",\"inLanguage\":\"es\",\"@id\":\"https:\\\/\\\/secure.gravatar.com\\\/avatar\\\/c7164ed6fdec453195284ad24a5ae5b6e1eed2b848477fa2a4787ba9adf39a41?s=96&d=mm&r=g\",\"url\":\"https:\\\/\\\/secure.gravatar.com\\\/avatar\\\/c7164ed6fdec453195284ad24a5ae5b6e1eed2b848477fa2a4787ba9adf39a41?s=96&d=mm&r=g\",\"contentUrl\":\"https:\\\/\\\/secure.gravatar.com\\\/avatar\\\/c7164ed6fdec453195284ad24a5ae5b6e1eed2b848477fa2a4787ba9adf39a41?s=96&d=mm&r=g\",\"caption\":\"Redacci\u00f3n QP\"},\"url\":\"https:\\\/\\\/quehacerpolitico.mx\\\/?author=2\"}]}<\/script>\n<!-- \/ Yoast SEO plugin. -->","yoast_head_json":{"title":"Restablecen servicio de energ\u00eda el\u00e9ctrica en Sinaloa tras lluvias -","robots":{"index":"index","follow":"follow","max-snippet":"max-snippet:-1","max-image-preview":"max-image-preview:large","max-video-preview":"max-video-preview:-1"},"canonical":"https:\/\/quehacerpolitico.mx\/?p=5313","og_locale":"es_MX","og_type":"article","og_title":"Restablecen servicio de energ\u00eda el\u00e9ctrica en Sinaloa tras lluvias -","og_description":"La Secretar\u00eda de Gobernaci\u00f3n detalla que se tiene garantizado tanto el abasto alimenticio como de combustible para la poblaci\u00f3n Por Redacci\u00f3n QP","og_url":"https:\/\/quehacerpolitico.mx\/?p=5313","article_published_time":"2018-09-23T17:32:23+00:00","author":"Redacci\u00f3n QP","twitter_card":"summary_large_image","twitter_misc":{"Escrito por":"Redacci\u00f3n QP","Tiempo de lectura":"3 minutos"},"schema":{"@context":"https:\/\/schema.org","@graph":[{"@type":"Article","@id":"https:\/\/quehacerpolitico.mx\/?p=5313#article","isPartOf":{"@id":"https:\/\/quehacerpolitico.mx\/?p=5313"},"author":{"name":"Redacci\u00f3n QP","@id":"https:\/\/quehacerpolitico.mx\/#\/schema\/person\/496d8ad2d1d3f8036101dca7ee39e585"},"headline":"Restablecen servicio de energ\u00eda el\u00e9ctrica en Sinaloa tras lluvias","datePublished":"2018-09-23T17:32:23+00:00","mainEntityOfPage":{"@id":"https:\/\/quehacerpolitico.mx\/?p=5313"},"wordCount":549,"commentCount":0,"image":{"@id":"https:\/\/quehacerpolitico.mx\/?p=5313#primaryimage"},"thumbnailUrl":"","articleSection":["Noticias"],"inLanguage":"es","potentialAction":[{"@type":"CommentAction","name":"Comment","target":["https:\/\/quehacerpolitico.mx\/?p=5313#respond"]}]},{"@type":"WebPage","@id":"https:\/\/quehacerpolitico.mx\/?p=5313","url":"https:\/\/quehacerpolitico.mx\/?p=5313","name":"Restablecen servicio de energ\u00eda el\u00e9ctrica en Sinaloa tras lluvias -","isPartOf":{"@id":"https:\/\/quehacerpolitico.mx\/#website"},"primaryImageOfPage":{"@id":"https:\/\/quehacerpolitico.mx\/?p=5313#primaryimage"},"image":{"@id":"https:\/\/quehacerpolitico.mx\/?p=5313#primaryimage"},"thumbnailUrl":"","datePublished":"2018-09-23T17:32:23+00:00","author":{"@id":"https:\/\/quehacerpolitico.mx\/#\/schema\/person\/496d8ad2d1d3f8036101dca7ee39e585"},"breadcrumb":{"@id":"https:\/\/quehacerpolitico.mx\/?p=5313#breadcrumb"},"inLanguage":"es","potentialAction":[{"@type":"ReadAction","target":["https:\/\/quehacerpolitico.mx\/?p=5313"]}]},{"@type":"ImageObject","inLanguage":"es","@id":"https:\/\/quehacerpolitico.mx\/?p=5313#primaryimage","url":"","contentUrl":""},{"@type":"BreadcrumbList","@id":"https:\/\/quehacerpolitico.mx\/?p=5313#breadcrumb","itemListElement":[{"@type":"ListItem","position":1,"name":"Inicio","item":"https:\/\/quehacerpolitico.mx\/"},{"@type":"ListItem","position":2,"name":"Restablecen servicio de energ\u00eda el\u00e9ctrica en Sinaloa tras lluvias"}]},{"@type":"WebSite","@id":"https:\/\/quehacerpolitico.mx\/#website","url":"https:\/\/quehacerpolitico.mx\/","name":"","description":"","potentialAction":[{"@type":"SearchAction","target":{"@type":"EntryPoint","urlTemplate":"https:\/\/quehacerpolitico.mx\/?s={search_term_string}"},"query-input":{"@type":"PropertyValueSpecification","valueRequired":true,"valueName":"search_term_string"}}],"inLanguage":"es"},{"@type":"Person","@id":"https:\/\/quehacerpolitico.mx\/#\/schema\/person\/496d8ad2d1d3f8036101dca7ee39e585","name":"Redacci\u00f3n QP","image":{"@type":"ImageObject","inLanguage":"es","@id":"https:\/\/secure.gravatar.com\/avatar\/c7164ed6fdec453195284ad24a5ae5b6e1eed2b848477fa2a4787ba9adf39a41?s=96&d=mm&r=g","url":"https:\/\/secure.gravatar.com\/avatar\/c7164ed6fdec453195284ad24a5ae5b6e1eed2b848477fa2a4787ba9adf39a41?s=96&d=mm&r=g","contentUrl":"https:\/\/secure.gravatar.com\/avatar\/c7164ed6fdec453195284ad24a5ae5b6e1eed2b848477fa2a4787ba9adf39a41?s=96&d=mm&r=g","caption":"Redacci\u00f3n QP"},"url":"https:\/\/quehacerpolitico.mx\/?author=2"}]}},"featured_image_urls":{"full":"","thumbnail":"","medium":"","medium_large":"","large":"","1536x1536":"","2048x2048":"","covernews-featured":"","covernews-medium":""},"author_info":{"display_name":"Redacci\u00f3n QP","author_link":"https:\/\/quehacerpolitico.mx\/?author=2"},"category_info":"<a href=\"https:\/\/quehacerpolitico.mx\/?cat=2\" rel=\"category\">Noticias<\/a>","tag_info":"Noticias","comment_count":"0","_links":{"self":[{"href":"https:\/\/quehacerpolitico.mx\/index.php?rest_route=\/wp\/v2\/posts\/5313","targetHints":{"allow":["GET"]}}],"collection":[{"href":"https:\/\/quehacerpolitico.mx\/index.php?rest_route=\/wp\/v2\/posts"}],"about":[{"href":"https:\/\/quehacerpolitico.mx\/index.php?rest_route=\/wp\/v2\/types\/post"}],"author":[{"embeddable":true,"href":"https:\/\/quehacerpolitico.mx\/index.php?rest_route=\/wp\/v2\/users\/2"}],"replies":[{"embeddable":true,"href":"https:\/\/quehacerpolitico.mx\/index.php?rest_route=%2Fwp%2Fv2%2Fcomments&post=5313"}],"version-history":[{"count":0,"href":"https:\/\/quehacerpolitico.mx\/index.php?rest_route=\/wp\/v2\/posts\/5313\/revisions"}],"wp:featuredmedia":[{"embeddable":true,"href":"https:\/\/quehacerpolitico.mx\/index.php?rest_route=\/"}],"wp:attachment":[{"href":"https:\/\/quehacerpolitico.mx\/index.php?rest_route=%2Fwp%2Fv2%2Fmedia&parent=5313"}],"wp:term":[{"taxonomy":"category","embeddable":true,"href":"https:\/\/quehacerpolitico.mx\/index.php?rest_route=%2Fwp%2Fv2%2Fcategories&post=5313"},{"taxonomy":"post_tag","embeddable":true,"href":"https:\/\/quehacerpolitico.mx\/index.php?rest_route=%2Fwp%2Fv2%2Ftags&post=5313"}],"curies":[{"name":"wp","href":"https:\/\/api.w.org\/{rel}","templated":true}]}}