{"id":53124,"date":"2020-02-18T16:39:26","date_gmt":"2020-02-18T16:39:26","guid":{"rendered":"http:\/\/quehacerpolitico.mx\/?p=53124"},"modified":"2020-02-18T16:39:26","modified_gmt":"2020-02-18T16:39:26","slug":"abre-bolsa-mexicana-en-terreno-negativo-este-martes","status":"publish","type":"post","link":"https:\/\/quehacerpolitico.mx\/?p=53124","title":{"rendered":"Abre Bolsa Mexicana en terreno negativo este martes"},"content":{"rendered":"<p>Abre Bolsa Mexicana en terreno negativo este martes<br \/>\nPor Redacci\u00f3n QP<\/p>\n<p>La Bolsa Mexicana de Valores (BMV) inici\u00f3 operaciones en terrenos negativos, pues en la apertura de sesiones de este martes comenz\u00f3 con una p\u00e9rdida de 0.06 por ciento.<\/p>\n<p>En la apertura de la jornada de hoy, el S&amp;P BMV IPC, principal indicador del mercado accionario local, arranc\u00f3 en 44 mil 992.08 unidades.<\/p>\n<p>De acuerdo con su reporte matutino, Banco Ve por M\u00e1s (Bx+) y Grupo Financiero Monex coincidieron en que los mercados accionarios se ubicaron en terreno negativo ante los primeros se\u00f1alamientos de empresas como Apple, sobre el impacto que est\u00e1 generando el coronavirus en sus resultados.<\/p>\n<p>Bx+ dijo que que Apple advirti\u00f3 que no cumplir\u00e1 con su gu\u00eda del primer trimestre del 2020, debido a la menor oferta mundial de iPhone y la menor demanda de China, como resultado del brote del coronavirus.<\/p>\n<p>A lo anterior se sum\u00f3 HSBC que se\u00f1al\u00f3 que la situaci\u00f3n en el pa\u00eds asi\u00e1tico tambi\u00e9n afectar\u00e1 su negocio. Moody\u00b4s redujo su pron\u00f3stico de crecimiento para China de 5.8 al 5.2 por ciento para 2020, se\u00f1alando que el impacto se sentir\u00e1 a trav\u00e9s del comercio y turismo.<\/p>\n<p>En Europa, dijo, los mercados se ubican en terreno negativo, reaccionado a datos econ\u00f3micos que no cumplieron con las expectativas, donde el \u00edndice ZEW en Alemania se ubic\u00f3 en 8.7 desde 21.5 puntos.<\/p>\n<p>Por su parte, Grupo Financiero Monex expres\u00f3 que los mercados accionarios presentan movimientos negativos, considerando una agenda modesta alrededor del mundo, pero validando los primeros efectos econ\u00f3micos y burs\u00e1tiles asociados al coronavirus.<\/p>\n<p>Monex expres\u00f3 que en temas econ\u00f3micos sigue generando preocupaci\u00f3n la contracci\u00f3n en el Producto Interno Bruto (PIB) del pa\u00eds asi\u00e1tico, adem\u00e1s del clima de las expectativas en regiones como la Eurozona.<\/p>\n<p>Coincidi\u00f3 en el tema de Apple, donde la empresa dio a conocer que sus ingresos esperados para el primer trimestre de 2020 no se cumplir\u00edan, debido a las afectaciones provocadas por el virus en las ventas y producci\u00f3n de sus tel\u00e9fonos.<\/p>\n<p>Con informaci\u00f3n de NTX<\/p>\n","protected":false},"excerpt":{"rendered":"<p>Abre Bolsa Mexicana en terreno negativo este martes Por Redacci\u00f3n QP La Bolsa Mexicana de&#8230;<\/p>\n","protected":false},"author":2,"featured_media":50975,"comment_status":"open","ping_status":"open","sticky":false,"template":"","format":"standard","meta":{"_monsterinsights_skip_tracking":false,"_monsterinsights_sitenote_active":false,"_monsterinsights_sitenote_note":"","_monsterinsights_sitenote_category":0,"footnotes":""},"categories":[56],"tags":[],"class_list":["post-53124","post","type-post","status-publish","format-standard","has-post-thumbnail","hentry","category-economia"],"yoast_head":"<!-- This site is optimized with the Yoast SEO plugin v27.3 - https:\/\/yoast.com\/product\/yoast-seo-wordpress\/ -->\n<title>Abre Bolsa Mexicana en terreno negativo este martes -<\/title>\n<meta name=\"robots\" content=\"index, follow, max-snippet:-1, max-image-preview:large, max-video-preview:-1\" \/>\n<link rel=\"canonical\" href=\"https:\/\/quehacerpolitico.mx\/?p=53124\" \/>\n<meta property=\"og:locale\" content=\"es_MX\" \/>\n<meta property=\"og:type\" content=\"article\" \/>\n<meta property=\"og:title\" content=\"Abre Bolsa Mexicana en terreno negativo este martes -\" \/>\n<meta property=\"og:description\" content=\"Abre Bolsa Mexicana en terreno negativo este martes Por Redacci\u00f3n QP La Bolsa Mexicana de...\" \/>\n<meta property=\"og:url\" content=\"https:\/\/quehacerpolitico.mx\/?p=53124\" \/>\n<meta property=\"article:published_time\" content=\"2020-02-18T16:39:26+00:00\" \/>\n<meta name=\"author\" content=\"Redacci\u00f3n QP\" \/>\n<meta name=\"twitter:card\" content=\"summary_large_image\" \/>\n<meta name=\"twitter:label1\" content=\"Escrito por\" \/>\n\t<meta name=\"twitter:data1\" content=\"Redacci\u00f3n QP\" \/>\n\t<meta name=\"twitter:label2\" content=\"Tiempo de lectura\" \/>\n\t<meta name=\"twitter:data2\" content=\"2 minutos\" \/>\n<script type=\"application\/ld+json\" class=\"yoast-schema-graph\">{\"@context\":\"https:\\\/\\\/schema.org\",\"@graph\":[{\"@type\":\"Article\",\"@id\":\"https:\\\/\\\/quehacerpolitico.mx\\\/?p=53124#article\",\"isPartOf\":{\"@id\":\"https:\\\/\\\/quehacerpolitico.mx\\\/?p=53124\"},\"author\":{\"name\":\"Redacci\u00f3n QP\",\"@id\":\"https:\\\/\\\/quehacerpolitico.mx\\\/#\\\/schema\\\/person\\\/496d8ad2d1d3f8036101dca7ee39e585\"},\"headline\":\"Abre Bolsa Mexicana en terreno negativo este martes\",\"datePublished\":\"2020-02-18T16:39:26+00:00\",\"mainEntityOfPage\":{\"@id\":\"https:\\\/\\\/quehacerpolitico.mx\\\/?p=53124\"},\"wordCount\":360,\"commentCount\":0,\"image\":{\"@id\":\"https:\\\/\\\/quehacerpolitico.mx\\\/?p=53124#primaryimage\"},\"thumbnailUrl\":\"\",\"articleSection\":[\"Econom\u00eda\"],\"inLanguage\":\"es\",\"potentialAction\":[{\"@type\":\"CommentAction\",\"name\":\"Comment\",\"target\":[\"https:\\\/\\\/quehacerpolitico.mx\\\/?p=53124#respond\"]}]},{\"@type\":\"WebPage\",\"@id\":\"https:\\\/\\\/quehacerpolitico.mx\\\/?p=53124\",\"url\":\"https:\\\/\\\/quehacerpolitico.mx\\\/?p=53124\",\"name\":\"Abre Bolsa Mexicana en terreno negativo este martes -\",\"isPartOf\":{\"@id\":\"https:\\\/\\\/quehacerpolitico.mx\\\/#website\"},\"primaryImageOfPage\":{\"@id\":\"https:\\\/\\\/quehacerpolitico.mx\\\/?p=53124#primaryimage\"},\"image\":{\"@id\":\"https:\\\/\\\/quehacerpolitico.mx\\\/?p=53124#primaryimage\"},\"thumbnailUrl\":\"\",\"datePublished\":\"2020-02-18T16:39:26+00:00\",\"author\":{\"@id\":\"https:\\\/\\\/quehacerpolitico.mx\\\/#\\\/schema\\\/person\\\/496d8ad2d1d3f8036101dca7ee39e585\"},\"breadcrumb\":{\"@id\":\"https:\\\/\\\/quehacerpolitico.mx\\\/?p=53124#breadcrumb\"},\"inLanguage\":\"es\",\"potentialAction\":[{\"@type\":\"ReadAction\",\"target\":[\"https:\\\/\\\/quehacerpolitico.mx\\\/?p=53124\"]}]},{\"@type\":\"ImageObject\",\"inLanguage\":\"es\",\"@id\":\"https:\\\/\\\/quehacerpolitico.mx\\\/?p=53124#primaryimage\",\"url\":\"\",\"contentUrl\":\"\"},{\"@type\":\"BreadcrumbList\",\"@id\":\"https:\\\/\\\/quehacerpolitico.mx\\\/?p=53124#breadcrumb\",\"itemListElement\":[{\"@type\":\"ListItem\",\"position\":1,\"name\":\"Inicio\",\"item\":\"https:\\\/\\\/quehacerpolitico.mx\\\/\"},{\"@type\":\"ListItem\",\"position\":2,\"name\":\"Abre Bolsa Mexicana en terreno negativo este martes\"}]},{\"@type\":\"WebSite\",\"@id\":\"https:\\\/\\\/quehacerpolitico.mx\\\/#website\",\"url\":\"https:\\\/\\\/quehacerpolitico.mx\\\/\",\"name\":\"\",\"description\":\"\",\"potentialAction\":[{\"@type\":\"SearchAction\",\"target\":{\"@type\":\"EntryPoint\",\"urlTemplate\":\"https:\\\/\\\/quehacerpolitico.mx\\\/?s={search_term_string}\"},\"query-input\":{\"@type\":\"PropertyValueSpecification\",\"valueRequired\":true,\"valueName\":\"search_term_string\"}}],\"inLanguage\":\"es\"},{\"@type\":\"Person\",\"@id\":\"https:\\\/\\\/quehacerpolitico.mx\\\/#\\\/schema\\\/person\\\/496d8ad2d1d3f8036101dca7ee39e585\",\"name\":\"Redacci\u00f3n QP\",\"image\":{\"@type\":\"ImageObject\",\"inLanguage\":\"es\",\"@id\":\"https:\\\/\\\/secure.gravatar.com\\\/avatar\\\/c7164ed6fdec453195284ad24a5ae5b6e1eed2b848477fa2a4787ba9adf39a41?s=96&d=mm&r=g\",\"url\":\"https:\\\/\\\/secure.gravatar.com\\\/avatar\\\/c7164ed6fdec453195284ad24a5ae5b6e1eed2b848477fa2a4787ba9adf39a41?s=96&d=mm&r=g\",\"contentUrl\":\"https:\\\/\\\/secure.gravatar.com\\\/avatar\\\/c7164ed6fdec453195284ad24a5ae5b6e1eed2b848477fa2a4787ba9adf39a41?s=96&d=mm&r=g\",\"caption\":\"Redacci\u00f3n QP\"},\"url\":\"https:\\\/\\\/quehacerpolitico.mx\\\/?author=2\"}]}<\/script>\n<!-- \/ Yoast SEO plugin. -->","yoast_head_json":{"title":"Abre Bolsa Mexicana en terreno negativo este martes -","robots":{"index":"index","follow":"follow","max-snippet":"max-snippet:-1","max-image-preview":"max-image-preview:large","max-video-preview":"max-video-preview:-1"},"canonical":"https:\/\/quehacerpolitico.mx\/?p=53124","og_locale":"es_MX","og_type":"article","og_title":"Abre Bolsa Mexicana en terreno negativo este martes -","og_description":"Abre Bolsa Mexicana en terreno negativo este martes Por Redacci\u00f3n QP La Bolsa Mexicana de...","og_url":"https:\/\/quehacerpolitico.mx\/?p=53124","article_published_time":"2020-02-18T16:39:26+00:00","author":"Redacci\u00f3n QP","twitter_card":"summary_large_image","twitter_misc":{"Escrito por":"Redacci\u00f3n QP","Tiempo de lectura":"2 minutos"},"schema":{"@context":"https:\/\/schema.org","@graph":[{"@type":"Article","@id":"https:\/\/quehacerpolitico.mx\/?p=53124#article","isPartOf":{"@id":"https:\/\/quehacerpolitico.mx\/?p=53124"},"author":{"name":"Redacci\u00f3n QP","@id":"https:\/\/quehacerpolitico.mx\/#\/schema\/person\/496d8ad2d1d3f8036101dca7ee39e585"},"headline":"Abre Bolsa Mexicana en terreno negativo este martes","datePublished":"2020-02-18T16:39:26+00:00","mainEntityOfPage":{"@id":"https:\/\/quehacerpolitico.mx\/?p=53124"},"wordCount":360,"commentCount":0,"image":{"@id":"https:\/\/quehacerpolitico.mx\/?p=53124#primaryimage"},"thumbnailUrl":"","articleSection":["Econom\u00eda"],"inLanguage":"es","potentialAction":[{"@type":"CommentAction","name":"Comment","target":["https:\/\/quehacerpolitico.mx\/?p=53124#respond"]}]},{"@type":"WebPage","@id":"https:\/\/quehacerpolitico.mx\/?p=53124","url":"https:\/\/quehacerpolitico.mx\/?p=53124","name":"Abre Bolsa Mexicana en terreno negativo este martes -","isPartOf":{"@id":"https:\/\/quehacerpolitico.mx\/#website"},"primaryImageOfPage":{"@id":"https:\/\/quehacerpolitico.mx\/?p=53124#primaryimage"},"image":{"@id":"https:\/\/quehacerpolitico.mx\/?p=53124#primaryimage"},"thumbnailUrl":"","datePublished":"2020-02-18T16:39:26+00:00","author":{"@id":"https:\/\/quehacerpolitico.mx\/#\/schema\/person\/496d8ad2d1d3f8036101dca7ee39e585"},"breadcrumb":{"@id":"https:\/\/quehacerpolitico.mx\/?p=53124#breadcrumb"},"inLanguage":"es","potentialAction":[{"@type":"ReadAction","target":["https:\/\/quehacerpolitico.mx\/?p=53124"]}]},{"@type":"ImageObject","inLanguage":"es","@id":"https:\/\/quehacerpolitico.mx\/?p=53124#primaryimage","url":"","contentUrl":""},{"@type":"BreadcrumbList","@id":"https:\/\/quehacerpolitico.mx\/?p=53124#breadcrumb","itemListElement":[{"@type":"ListItem","position":1,"name":"Inicio","item":"https:\/\/quehacerpolitico.mx\/"},{"@type":"ListItem","position":2,"name":"Abre Bolsa Mexicana en terreno negativo este martes"}]},{"@type":"WebSite","@id":"https:\/\/quehacerpolitico.mx\/#website","url":"https:\/\/quehacerpolitico.mx\/","name":"","description":"","potentialAction":[{"@type":"SearchAction","target":{"@type":"EntryPoint","urlTemplate":"https:\/\/quehacerpolitico.mx\/?s={search_term_string}"},"query-input":{"@type":"PropertyValueSpecification","valueRequired":true,"valueName":"search_term_string"}}],"inLanguage":"es"},{"@type":"Person","@id":"https:\/\/quehacerpolitico.mx\/#\/schema\/person\/496d8ad2d1d3f8036101dca7ee39e585","name":"Redacci\u00f3n QP","image":{"@type":"ImageObject","inLanguage":"es","@id":"https:\/\/secure.gravatar.com\/avatar\/c7164ed6fdec453195284ad24a5ae5b6e1eed2b848477fa2a4787ba9adf39a41?s=96&d=mm&r=g","url":"https:\/\/secure.gravatar.com\/avatar\/c7164ed6fdec453195284ad24a5ae5b6e1eed2b848477fa2a4787ba9adf39a41?s=96&d=mm&r=g","contentUrl":"https:\/\/secure.gravatar.com\/avatar\/c7164ed6fdec453195284ad24a5ae5b6e1eed2b848477fa2a4787ba9adf39a41?s=96&d=mm&r=g","caption":"Redacci\u00f3n QP"},"url":"https:\/\/quehacerpolitico.mx\/?author=2"}]}},"featured_image_urls":{"full":"","thumbnail":"","medium":"","medium_large":"","large":"","1536x1536":"","2048x2048":"","covernews-featured":"","covernews-medium":""},"author_info":{"display_name":"Redacci\u00f3n QP","author_link":"https:\/\/quehacerpolitico.mx\/?author=2"},"category_info":"<a href=\"https:\/\/quehacerpolitico.mx\/?cat=56\" rel=\"category\">Econom\u00eda<\/a>","tag_info":"Econom\u00eda","comment_count":"0","_links":{"self":[{"href":"https:\/\/quehacerpolitico.mx\/index.php?rest_route=\/wp\/v2\/posts\/53124","targetHints":{"allow":["GET"]}}],"collection":[{"href":"https:\/\/quehacerpolitico.mx\/index.php?rest_route=\/wp\/v2\/posts"}],"about":[{"href":"https:\/\/quehacerpolitico.mx\/index.php?rest_route=\/wp\/v2\/types\/post"}],"author":[{"embeddable":true,"href":"https:\/\/quehacerpolitico.mx\/index.php?rest_route=\/wp\/v2\/users\/2"}],"replies":[{"embeddable":true,"href":"https:\/\/quehacerpolitico.mx\/index.php?rest_route=%2Fwp%2Fv2%2Fcomments&post=53124"}],"version-history":[{"count":0,"href":"https:\/\/quehacerpolitico.mx\/index.php?rest_route=\/wp\/v2\/posts\/53124\/revisions"}],"wp:featuredmedia":[{"embeddable":true,"href":"https:\/\/quehacerpolitico.mx\/index.php?rest_route=\/"}],"wp:attachment":[{"href":"https:\/\/quehacerpolitico.mx\/index.php?rest_route=%2Fwp%2Fv2%2Fmedia&parent=53124"}],"wp:term":[{"taxonomy":"category","embeddable":true,"href":"https:\/\/quehacerpolitico.mx\/index.php?rest_route=%2Fwp%2Fv2%2Fcategories&post=53124"},{"taxonomy":"post_tag","embeddable":true,"href":"https:\/\/quehacerpolitico.mx\/index.php?rest_route=%2Fwp%2Fv2%2Ftags&post=53124"}],"curies":[{"name":"wp","href":"https:\/\/api.w.org\/{rel}","templated":true}]}}