{"id":52913,"date":"2020-02-16T17:32:45","date_gmt":"2020-02-16T17:32:45","guid":{"rendered":"http:\/\/quehacerpolitico.mx\/?p=52913"},"modified":"2020-02-16T17:32:45","modified_gmt":"2020-02-16T17:32:45","slug":"preparan-iniciativa-para-proteger-derechos-de-periodistas","status":"publish","type":"post","link":"https:\/\/quehacerpolitico.mx\/?p=52913","title":{"rendered":"Preparan iniciativa para proteger derechos de periodistas"},"content":{"rendered":"<p>Preparan iniciativa para proteger derechos de periodistas<br \/>\nPor Redacci\u00f3n QP<\/p>\n<p>*Periodistas enfrentan precarizaci\u00f3n por revoluci\u00f3n tecnol\u00f3gica<\/p>\n<p>Por Elizabeth Rodr\u00edguez Mora<\/p>\n<p>M\u00e9xico, 16 Feb (Notimex).- El senador Emilio \u00c1lvarez Icaza construye una iniciativa para la protecci\u00f3n de los derechos laborales y humanos de los periodistas, por lo que ha iniciado una serie de consultas, \u201ctipo parlamento abierto\u201d, para consensar las demandas m\u00e1s sentidas de este gremio.<\/p>\n<p>En entrevista con Notimex, el senador independiente puntualiz\u00f3 que el objetivo es perfeccionar este borrador que plantea reformar la Ley Federal del Trabajo y otros ordenamientos en materia de seguridad social y derechos humanos, para construir una iniciativa que se presentar\u00e1 al Pleno del Senado en marzo pr\u00f3ximo.<\/p>\n<p>\u201cLo que se quiere esencialmente es acabar con la situaci\u00f3n de desprotecci\u00f3n profesional de los periodistas en M\u00e9xico\u201d, puntualiz\u00f3 al se\u00f1alar que los periodistas adem\u00e1s tienen que enfrentar situaciones peligrosas para desarrollar su labor.<\/p>\n<p>Apunt\u00f3 que M\u00e9xico no solo existe una condici\u00f3n de riesgo para los periodistas, sino que quienes ejercen la profesi\u00f3n tienen sus derechos socavados.<\/p>\n<p>Adem\u00e1s expuso que otro riesgo que enfrentan los periodistas es una revoluci\u00f3n tecnol\u00f3gica que ha provocado una precarizaci\u00f3n laboral a este sector, es decir, \u201cno solo son las amenazas del trabajo sino las p\u00e9simas condiciones para poder profesionalizarse\u201d.<\/p>\n<p>Dijo que la revoluci\u00f3n tecnol\u00f3gica no solo genera miles de despedidos en los medios de comunicaci\u00f3n, sino que adem\u00e1s los lleva a una tercearizaci\u00f3n que no tienen seguridad social, no tienen prestaciones, trabajan por honorarios, son &#8216;freelancers&#8217;, y las empresas no asumen sus riegos, y menos se genera protecci\u00f3n para sus familias.<\/p>\n<p>\u201cEn esencia, la aproximaci\u00f3n tiene un enfoque de derechos humanos, no solo porque los derechos sociales y laborales son derechos humanos, sino reivindicar en todo lo que cabe la vigencia y protecci\u00f3n de los derechos humanos de los profesionales de la comunicaci\u00f3n\u201d, afirm\u00f3.<\/p>\n<p>\u00c1lvarez Icaza expuso que la idea de esta iniciativa surgi\u00f3 porque se acercaron a \u00e9l un grupo de periodistas que le expresaron su preocupaci\u00f3n en materia de la falta de protecci\u00f3n de los derechos sociales y laborales de este sector.<\/p>\n<p>Con informaci\u00f3n de NTX<\/p>\n","protected":false},"excerpt":{"rendered":"<p>Preparan iniciativa para proteger derechos de periodistas Por Redacci\u00f3n QP *Periodistas enfrentan precarizaci\u00f3n por revoluci\u00f3n&#8230;<\/p>\n","protected":false},"author":2,"featured_media":52914,"comment_status":"open","ping_status":"open","sticky":false,"template":"","format":"standard","meta":{"_monsterinsights_skip_tracking":false,"_monsterinsights_sitenote_active":false,"_monsterinsights_sitenote_note":"","_monsterinsights_sitenote_category":0,"footnotes":""},"categories":[2],"tags":[],"class_list":["post-52913","post","type-post","status-publish","format-standard","has-post-thumbnail","hentry","category-noticias"],"yoast_head":"<!-- This site is optimized with the Yoast SEO plugin v27.3 - https:\/\/yoast.com\/product\/yoast-seo-wordpress\/ -->\n<title>Preparan iniciativa para proteger derechos de periodistas -<\/title>\n<meta name=\"robots\" content=\"index, follow, max-snippet:-1, max-image-preview:large, max-video-preview:-1\" \/>\n<link rel=\"canonical\" href=\"https:\/\/quehacerpolitico.mx\/?p=52913\" \/>\n<meta property=\"og:locale\" content=\"es_MX\" \/>\n<meta property=\"og:type\" content=\"article\" \/>\n<meta property=\"og:title\" content=\"Preparan iniciativa para proteger derechos de periodistas -\" \/>\n<meta property=\"og:description\" content=\"Preparan iniciativa para proteger derechos de periodistas Por Redacci\u00f3n QP *Periodistas enfrentan precarizaci\u00f3n por revoluci\u00f3n...\" \/>\n<meta property=\"og:url\" content=\"https:\/\/quehacerpolitico.mx\/?p=52913\" \/>\n<meta property=\"article:published_time\" content=\"2020-02-16T17:32:45+00:00\" \/>\n<meta property=\"og:image\" content=\"https:\/\/quehacerpolitico.mx\/wp-content\/uploads\/2020\/02\/9C0F7C49-BF5E-400D-A6BC-497C19DE94F7.jpeg\" \/>\n\t<meta property=\"og:image:width\" content=\"640\" \/>\n\t<meta property=\"og:image:height\" content=\"336\" \/>\n\t<meta property=\"og:image:type\" content=\"image\/jpeg\" \/>\n<meta name=\"author\" content=\"Redacci\u00f3n QP\" \/>\n<meta name=\"twitter:card\" content=\"summary_large_image\" \/>\n<meta name=\"twitter:label1\" content=\"Escrito por\" \/>\n\t<meta name=\"twitter:data1\" content=\"Redacci\u00f3n QP\" \/>\n\t<meta name=\"twitter:label2\" content=\"Tiempo de lectura\" \/>\n\t<meta name=\"twitter:data2\" content=\"2 minutos\" \/>\n<script type=\"application\/ld+json\" class=\"yoast-schema-graph\">{\"@context\":\"https:\\\/\\\/schema.org\",\"@graph\":[{\"@type\":\"Article\",\"@id\":\"https:\\\/\\\/quehacerpolitico.mx\\\/?p=52913#article\",\"isPartOf\":{\"@id\":\"https:\\\/\\\/quehacerpolitico.mx\\\/?p=52913\"},\"author\":{\"name\":\"Redacci\u00f3n QP\",\"@id\":\"https:\\\/\\\/quehacerpolitico.mx\\\/#\\\/schema\\\/person\\\/496d8ad2d1d3f8036101dca7ee39e585\"},\"headline\":\"Preparan iniciativa para proteger derechos de periodistas\",\"datePublished\":\"2020-02-16T17:32:45+00:00\",\"mainEntityOfPage\":{\"@id\":\"https:\\\/\\\/quehacerpolitico.mx\\\/?p=52913\"},\"wordCount\":388,\"commentCount\":0,\"image\":{\"@id\":\"https:\\\/\\\/quehacerpolitico.mx\\\/?p=52913#primaryimage\"},\"thumbnailUrl\":\"https:\\\/\\\/quehacerpolitico.mx\\\/wp-content\\\/uploads\\\/2020\\\/02\\\/9C0F7C49-BF5E-400D-A6BC-497C19DE94F7.jpeg\",\"articleSection\":[\"Noticias\"],\"inLanguage\":\"es\",\"potentialAction\":[{\"@type\":\"CommentAction\",\"name\":\"Comment\",\"target\":[\"https:\\\/\\\/quehacerpolitico.mx\\\/?p=52913#respond\"]}]},{\"@type\":\"WebPage\",\"@id\":\"https:\\\/\\\/quehacerpolitico.mx\\\/?p=52913\",\"url\":\"https:\\\/\\\/quehacerpolitico.mx\\\/?p=52913\",\"name\":\"Preparan iniciativa para proteger derechos de periodistas -\",\"isPartOf\":{\"@id\":\"https:\\\/\\\/quehacerpolitico.mx\\\/#website\"},\"primaryImageOfPage\":{\"@id\":\"https:\\\/\\\/quehacerpolitico.mx\\\/?p=52913#primaryimage\"},\"image\":{\"@id\":\"https:\\\/\\\/quehacerpolitico.mx\\\/?p=52913#primaryimage\"},\"thumbnailUrl\":\"https:\\\/\\\/quehacerpolitico.mx\\\/wp-content\\\/uploads\\\/2020\\\/02\\\/9C0F7C49-BF5E-400D-A6BC-497C19DE94F7.jpeg\",\"datePublished\":\"2020-02-16T17:32:45+00:00\",\"author\":{\"@id\":\"https:\\\/\\\/quehacerpolitico.mx\\\/#\\\/schema\\\/person\\\/496d8ad2d1d3f8036101dca7ee39e585\"},\"breadcrumb\":{\"@id\":\"https:\\\/\\\/quehacerpolitico.mx\\\/?p=52913#breadcrumb\"},\"inLanguage\":\"es\",\"potentialAction\":[{\"@type\":\"ReadAction\",\"target\":[\"https:\\\/\\\/quehacerpolitico.mx\\\/?p=52913\"]}]},{\"@type\":\"ImageObject\",\"inLanguage\":\"es\",\"@id\":\"https:\\\/\\\/quehacerpolitico.mx\\\/?p=52913#primaryimage\",\"url\":\"https:\\\/\\\/quehacerpolitico.mx\\\/wp-content\\\/uploads\\\/2020\\\/02\\\/9C0F7C49-BF5E-400D-A6BC-497C19DE94F7.jpeg\",\"contentUrl\":\"https:\\\/\\\/quehacerpolitico.mx\\\/wp-content\\\/uploads\\\/2020\\\/02\\\/9C0F7C49-BF5E-400D-A6BC-497C19DE94F7.jpeg\",\"width\":640,\"height\":336},{\"@type\":\"BreadcrumbList\",\"@id\":\"https:\\\/\\\/quehacerpolitico.mx\\\/?p=52913#breadcrumb\",\"itemListElement\":[{\"@type\":\"ListItem\",\"position\":1,\"name\":\"Inicio\",\"item\":\"https:\\\/\\\/quehacerpolitico.mx\\\/\"},{\"@type\":\"ListItem\",\"position\":2,\"name\":\"Preparan iniciativa para proteger derechos de periodistas\"}]},{\"@type\":\"WebSite\",\"@id\":\"https:\\\/\\\/quehacerpolitico.mx\\\/#website\",\"url\":\"https:\\\/\\\/quehacerpolitico.mx\\\/\",\"name\":\"\",\"description\":\"\",\"potentialAction\":[{\"@type\":\"SearchAction\",\"target\":{\"@type\":\"EntryPoint\",\"urlTemplate\":\"https:\\\/\\\/quehacerpolitico.mx\\\/?s={search_term_string}\"},\"query-input\":{\"@type\":\"PropertyValueSpecification\",\"valueRequired\":true,\"valueName\":\"search_term_string\"}}],\"inLanguage\":\"es\"},{\"@type\":\"Person\",\"@id\":\"https:\\\/\\\/quehacerpolitico.mx\\\/#\\\/schema\\\/person\\\/496d8ad2d1d3f8036101dca7ee39e585\",\"name\":\"Redacci\u00f3n QP\",\"image\":{\"@type\":\"ImageObject\",\"inLanguage\":\"es\",\"@id\":\"https:\\\/\\\/secure.gravatar.com\\\/avatar\\\/c7164ed6fdec453195284ad24a5ae5b6e1eed2b848477fa2a4787ba9adf39a41?s=96&d=mm&r=g\",\"url\":\"https:\\\/\\\/secure.gravatar.com\\\/avatar\\\/c7164ed6fdec453195284ad24a5ae5b6e1eed2b848477fa2a4787ba9adf39a41?s=96&d=mm&r=g\",\"contentUrl\":\"https:\\\/\\\/secure.gravatar.com\\\/avatar\\\/c7164ed6fdec453195284ad24a5ae5b6e1eed2b848477fa2a4787ba9adf39a41?s=96&d=mm&r=g\",\"caption\":\"Redacci\u00f3n QP\"},\"url\":\"https:\\\/\\\/quehacerpolitico.mx\\\/?author=2\"}]}<\/script>\n<!-- \/ Yoast SEO plugin. -->","yoast_head_json":{"title":"Preparan iniciativa para proteger derechos de periodistas -","robots":{"index":"index","follow":"follow","max-snippet":"max-snippet:-1","max-image-preview":"max-image-preview:large","max-video-preview":"max-video-preview:-1"},"canonical":"https:\/\/quehacerpolitico.mx\/?p=52913","og_locale":"es_MX","og_type":"article","og_title":"Preparan iniciativa para proteger derechos de periodistas -","og_description":"Preparan iniciativa para proteger derechos de periodistas Por Redacci\u00f3n QP *Periodistas enfrentan precarizaci\u00f3n por revoluci\u00f3n...","og_url":"https:\/\/quehacerpolitico.mx\/?p=52913","article_published_time":"2020-02-16T17:32:45+00:00","og_image":[{"width":640,"height":336,"url":"https:\/\/quehacerpolitico.mx\/wp-content\/uploads\/2020\/02\/9C0F7C49-BF5E-400D-A6BC-497C19DE94F7.jpeg","type":"image\/jpeg"}],"author":"Redacci\u00f3n QP","twitter_card":"summary_large_image","twitter_misc":{"Escrito por":"Redacci\u00f3n QP","Tiempo de lectura":"2 minutos"},"schema":{"@context":"https:\/\/schema.org","@graph":[{"@type":"Article","@id":"https:\/\/quehacerpolitico.mx\/?p=52913#article","isPartOf":{"@id":"https:\/\/quehacerpolitico.mx\/?p=52913"},"author":{"name":"Redacci\u00f3n QP","@id":"https:\/\/quehacerpolitico.mx\/#\/schema\/person\/496d8ad2d1d3f8036101dca7ee39e585"},"headline":"Preparan iniciativa para proteger derechos de periodistas","datePublished":"2020-02-16T17:32:45+00:00","mainEntityOfPage":{"@id":"https:\/\/quehacerpolitico.mx\/?p=52913"},"wordCount":388,"commentCount":0,"image":{"@id":"https:\/\/quehacerpolitico.mx\/?p=52913#primaryimage"},"thumbnailUrl":"https:\/\/quehacerpolitico.mx\/wp-content\/uploads\/2020\/02\/9C0F7C49-BF5E-400D-A6BC-497C19DE94F7.jpeg","articleSection":["Noticias"],"inLanguage":"es","potentialAction":[{"@type":"CommentAction","name":"Comment","target":["https:\/\/quehacerpolitico.mx\/?p=52913#respond"]}]},{"@type":"WebPage","@id":"https:\/\/quehacerpolitico.mx\/?p=52913","url":"https:\/\/quehacerpolitico.mx\/?p=52913","name":"Preparan iniciativa para proteger derechos de periodistas -","isPartOf":{"@id":"https:\/\/quehacerpolitico.mx\/#website"},"primaryImageOfPage":{"@id":"https:\/\/quehacerpolitico.mx\/?p=52913#primaryimage"},"image":{"@id":"https:\/\/quehacerpolitico.mx\/?p=52913#primaryimage"},"thumbnailUrl":"https:\/\/quehacerpolitico.mx\/wp-content\/uploads\/2020\/02\/9C0F7C49-BF5E-400D-A6BC-497C19DE94F7.jpeg","datePublished":"2020-02-16T17:32:45+00:00","author":{"@id":"https:\/\/quehacerpolitico.mx\/#\/schema\/person\/496d8ad2d1d3f8036101dca7ee39e585"},"breadcrumb":{"@id":"https:\/\/quehacerpolitico.mx\/?p=52913#breadcrumb"},"inLanguage":"es","potentialAction":[{"@type":"ReadAction","target":["https:\/\/quehacerpolitico.mx\/?p=52913"]}]},{"@type":"ImageObject","inLanguage":"es","@id":"https:\/\/quehacerpolitico.mx\/?p=52913#primaryimage","url":"https:\/\/quehacerpolitico.mx\/wp-content\/uploads\/2020\/02\/9C0F7C49-BF5E-400D-A6BC-497C19DE94F7.jpeg","contentUrl":"https:\/\/quehacerpolitico.mx\/wp-content\/uploads\/2020\/02\/9C0F7C49-BF5E-400D-A6BC-497C19DE94F7.jpeg","width":640,"height":336},{"@type":"BreadcrumbList","@id":"https:\/\/quehacerpolitico.mx\/?p=52913#breadcrumb","itemListElement":[{"@type":"ListItem","position":1,"name":"Inicio","item":"https:\/\/quehacerpolitico.mx\/"},{"@type":"ListItem","position":2,"name":"Preparan iniciativa para proteger derechos de periodistas"}]},{"@type":"WebSite","@id":"https:\/\/quehacerpolitico.mx\/#website","url":"https:\/\/quehacerpolitico.mx\/","name":"","description":"","potentialAction":[{"@type":"SearchAction","target":{"@type":"EntryPoint","urlTemplate":"https:\/\/quehacerpolitico.mx\/?s={search_term_string}"},"query-input":{"@type":"PropertyValueSpecification","valueRequired":true,"valueName":"search_term_string"}}],"inLanguage":"es"},{"@type":"Person","@id":"https:\/\/quehacerpolitico.mx\/#\/schema\/person\/496d8ad2d1d3f8036101dca7ee39e585","name":"Redacci\u00f3n QP","image":{"@type":"ImageObject","inLanguage":"es","@id":"https:\/\/secure.gravatar.com\/avatar\/c7164ed6fdec453195284ad24a5ae5b6e1eed2b848477fa2a4787ba9adf39a41?s=96&d=mm&r=g","url":"https:\/\/secure.gravatar.com\/avatar\/c7164ed6fdec453195284ad24a5ae5b6e1eed2b848477fa2a4787ba9adf39a41?s=96&d=mm&r=g","contentUrl":"https:\/\/secure.gravatar.com\/avatar\/c7164ed6fdec453195284ad24a5ae5b6e1eed2b848477fa2a4787ba9adf39a41?s=96&d=mm&r=g","caption":"Redacci\u00f3n QP"},"url":"https:\/\/quehacerpolitico.mx\/?author=2"}]}},"featured_image_urls":{"full":["https:\/\/quehacerpolitico.mx\/wp-content\/uploads\/2020\/02\/9C0F7C49-BF5E-400D-A6BC-497C19DE94F7.jpeg",640,336,false],"thumbnail":["https:\/\/quehacerpolitico.mx\/wp-content\/uploads\/2020\/02\/9C0F7C49-BF5E-400D-A6BC-497C19DE94F7-150x150.jpeg",150,150,true],"medium":["https:\/\/quehacerpolitico.mx\/wp-content\/uploads\/2020\/02\/9C0F7C49-BF5E-400D-A6BC-497C19DE94F7-300x158.jpeg",300,158,true],"medium_large":["https:\/\/quehacerpolitico.mx\/wp-content\/uploads\/2020\/02\/9C0F7C49-BF5E-400D-A6BC-497C19DE94F7.jpeg",640,336,false],"large":["https:\/\/quehacerpolitico.mx\/wp-content\/uploads\/2020\/02\/9C0F7C49-BF5E-400D-A6BC-497C19DE94F7.jpeg",640,336,false],"1536x1536":["https:\/\/quehacerpolitico.mx\/wp-content\/uploads\/2020\/02\/9C0F7C49-BF5E-400D-A6BC-497C19DE94F7.jpeg",640,336,false],"2048x2048":["https:\/\/quehacerpolitico.mx\/wp-content\/uploads\/2020\/02\/9C0F7C49-BF5E-400D-A6BC-497C19DE94F7.jpeg",640,336,false],"covernews-featured":["https:\/\/quehacerpolitico.mx\/wp-content\/uploads\/2020\/02\/9C0F7C49-BF5E-400D-A6BC-497C19DE94F7.jpeg",640,336,false],"covernews-medium":["https:\/\/quehacerpolitico.mx\/wp-content\/uploads\/2020\/02\/9C0F7C49-BF5E-400D-A6BC-497C19DE94F7.jpeg",540,284,false]},"author_info":{"display_name":"Redacci\u00f3n QP","author_link":"https:\/\/quehacerpolitico.mx\/?author=2"},"category_info":"<a href=\"https:\/\/quehacerpolitico.mx\/?cat=2\" rel=\"category\">Noticias<\/a>","tag_info":"Noticias","comment_count":"0","_links":{"self":[{"href":"https:\/\/quehacerpolitico.mx\/index.php?rest_route=\/wp\/v2\/posts\/52913","targetHints":{"allow":["GET"]}}],"collection":[{"href":"https:\/\/quehacerpolitico.mx\/index.php?rest_route=\/wp\/v2\/posts"}],"about":[{"href":"https:\/\/quehacerpolitico.mx\/index.php?rest_route=\/wp\/v2\/types\/post"}],"author":[{"embeddable":true,"href":"https:\/\/quehacerpolitico.mx\/index.php?rest_route=\/wp\/v2\/users\/2"}],"replies":[{"embeddable":true,"href":"https:\/\/quehacerpolitico.mx\/index.php?rest_route=%2Fwp%2Fv2%2Fcomments&post=52913"}],"version-history":[{"count":0,"href":"https:\/\/quehacerpolitico.mx\/index.php?rest_route=\/wp\/v2\/posts\/52913\/revisions"}],"wp:featuredmedia":[{"embeddable":true,"href":"https:\/\/quehacerpolitico.mx\/index.php?rest_route=\/wp\/v2\/media\/52914"}],"wp:attachment":[{"href":"https:\/\/quehacerpolitico.mx\/index.php?rest_route=%2Fwp%2Fv2%2Fmedia&parent=52913"}],"wp:term":[{"taxonomy":"category","embeddable":true,"href":"https:\/\/quehacerpolitico.mx\/index.php?rest_route=%2Fwp%2Fv2%2Fcategories&post=52913"},{"taxonomy":"post_tag","embeddable":true,"href":"https:\/\/quehacerpolitico.mx\/index.php?rest_route=%2Fwp%2Fv2%2Ftags&post=52913"}],"curies":[{"name":"wp","href":"https:\/\/api.w.org\/{rel}","templated":true}]}}