{"id":52910,"date":"2020-02-16T17:22:22","date_gmt":"2020-02-16T17:22:22","guid":{"rendered":"http:\/\/quehacerpolitico.mx\/?p=52910"},"modified":"2020-02-16T17:22:22","modified_gmt":"2020-02-16T17:22:22","slug":"internacionales-carolina-alonso-romei-autoridades-de-hubei-responsables-de-propagacion-de-covid-19-xi-jiping","status":"publish","type":"post","link":"https:\/\/quehacerpolitico.mx\/?p=52910","title":{"rendered":"Internacionales\/\/\/Carolina Alonso Romei\/\/\/Autoridades de Hubei, responsables de propagaci\u00f3n de Covid-19: Xi Jiping"},"content":{"rendered":"<p>Autoridades de Hubei, responsables de propagaci\u00f3n de Covid-19: Xi Jiping<br \/>\nPor Carolina Alonso Romei<\/p>\n<p>Internacionalista<\/p>\n<p>El presidente de China, Xi Jinping, asegur\u00f3 que su gobierno llam\u00f3 desde el 7 de enero a contener el brote del nuevo Coronavirus, pero que las autoridades de Hubei no atendieron la orden en su momento.<\/p>\n<p>Fue hasta el 22 de enero que la provincia de Hubei tom\u00f3 las medidas necesarias para que se contuviera de forma correcta el ahora conocido como Covid-19, asegur\u00f3 Xi en un discurso ante el Politbur\u00f3 del Partido Comunista de China.<\/p>\n<p>El discurso, reproducido por la agencia Xinhua, se\u00f1ala que el gobierno tiene un registro preciso de las condiciones actuales de la enfermedad y su avance por el pa\u00eds, bajo la administraci\u00f3n del partido central.<\/p>\n<p>Por ello, las fallas producidas en la provincia de Hubei son responsabilidad de la unidad del partido en la zona, que no realiz\u00f3 las medidas de prevenci\u00f3n necesarias y propici\u00f3 que continuara el contacto entre los ciudadanos.<\/p>\n<p>Durante esta semana se advirti\u00f3 del cambio de liderazgos dentro de la secci\u00f3n del partido que reg\u00eda en la provincia de Hubei, donde se encuentra la comunidad de Wuhan, epicentro de la enfermedad, que ya tiene presencia internacional.<\/p>\n<p>Adem\u00e1s, Xi llam\u00f3 a tomar medidas m\u00e1s estrictas para controlar la enfermedad en lugares a los que empieza a arribar\u00a0mucha gente, como la ciudad de Beijing, donde el flujo de personas se ha incrementado a causa del llamado de las empresas para retomar las actividades econ\u00f3micas.<\/p>\n<p>A ra\u00edz de esto replante\u00f3 la importancia de reforzar el flujo de trabajo y econ\u00f3mico regular para \u201cmantener la producci\u00f3n y la vida estable y ordenada\u201d, remarcando la importancia de la distribuci\u00f3n de insumos como carb\u00f3n, petr\u00f3leo y gas, al igual que la electricidad.<\/p>\n<p>El presidente llam\u00f3 a las instituciones a fortalecer la confianza para evitar el p\u00e1nico y mantener los eventos nacionales e internacionales acompa\u00f1ados de publicidad, educaci\u00f3n y \u201corientaci\u00f3n de la opini\u00f3n p\u00fablica\u201d, por lo que es necesario \u201cfortalecer la energ\u00eda positiva en los sitios de internet\u201d, empleando la red para la difusi\u00f3n de campa\u00f1as de salud y prevenci\u00f3n.<\/p>\n<p>El l\u00edder de las fuerzas armadas chinas admiti\u00f3 que su pa\u00eds a\u00fan tiene deficiencias en torno a la prevenci\u00f3n y control de enfermedades, por lo que se implementar\u00e1n leyes que eviten que este nivel de propagaci\u00f3n se repita a futuro, como la Ley de Bioseguridad.<\/p>\n<p>A inicios de diciembre, un equipo m\u00e9dico alert\u00f3 de la propagaci\u00f3n de esta enfermedad.\u00a0Entre sus integrantes estaba\u00a0el ya fallecido oftalm\u00f3logo Li Wenliang, quien, junto a sus compa\u00f1eros, fue acosado por las autoridades centrales por \u201cdifundir rumores\u201d al dar a conocer los s\u00edntomas que advirtieron de \u201cuna enfermedad extra\u00f1a\u201d entre sus pacientes, y que result\u00f3 ser el Covid-19.<\/p>\n<p>El acoso y la posterior muerte de Li, producto de su contagio, indignaron a ciudadanos de diversas regiones de China y del mundo, que cuestionan si las autoridades del gigante asi\u00e1tico actuaron acertadamente desde el mismo momento en que surgieron las primeras se\u00f1ales de la nueva cepa de coronavirus.<\/p>\n<p>Con informaci\u00f3n de NTX<\/p>\n","protected":false},"excerpt":{"rendered":"<p>Autoridades de Hubei, responsables de propagaci\u00f3n de Covid-19: Xi Jiping Por Carolina Alonso Romei Internacionalista&#8230;<\/p>\n","protected":false},"author":2,"featured_media":52911,"comment_status":"open","ping_status":"open","sticky":false,"template":"","format":"standard","meta":{"_monsterinsights_skip_tracking":false,"_monsterinsights_sitenote_active":false,"_monsterinsights_sitenote_note":"","_monsterinsights_sitenote_category":0,"footnotes":""},"categories":[1],"tags":[],"class_list":["post-52910","post","type-post","status-publish","format-standard","has-post-thumbnail","hentry","category-sin-categoria"],"yoast_head":"<!-- This site is optimized with the Yoast SEO plugin v27.3 - https:\/\/yoast.com\/product\/yoast-seo-wordpress\/ -->\n<title>Internacionales\/\/\/Carolina Alonso Romei\/\/\/Autoridades de Hubei, responsables de propagaci\u00f3n de Covid-19: Xi Jiping -<\/title>\n<meta name=\"robots\" content=\"index, follow, max-snippet:-1, max-image-preview:large, max-video-preview:-1\" \/>\n<link rel=\"canonical\" href=\"https:\/\/quehacerpolitico.mx\/?p=52910\" \/>\n<meta property=\"og:locale\" content=\"es_MX\" \/>\n<meta property=\"og:type\" content=\"article\" \/>\n<meta property=\"og:title\" content=\"Internacionales\/\/\/Carolina Alonso Romei\/\/\/Autoridades de Hubei, responsables de propagaci\u00f3n de Covid-19: Xi Jiping -\" \/>\n<meta property=\"og:description\" content=\"Autoridades de Hubei, responsables de propagaci\u00f3n de Covid-19: Xi Jiping Por Carolina Alonso Romei Internacionalista...\" \/>\n<meta property=\"og:url\" content=\"https:\/\/quehacerpolitico.mx\/?p=52910\" \/>\n<meta property=\"article:published_time\" content=\"2020-02-16T17:22:22+00:00\" \/>\n<meta property=\"og:image\" content=\"https:\/\/quehacerpolitico.mx\/wp-content\/uploads\/2020\/02\/4BB31DBA-6E7F-44A2-9660-267CC2FC1FC7.jpeg\" \/>\n\t<meta property=\"og:image:width\" content=\"650\" \/>\n\t<meta property=\"og:image:height\" content=\"481\" \/>\n\t<meta property=\"og:image:type\" content=\"image\/jpeg\" \/>\n<meta name=\"author\" content=\"Redacci\u00f3n QP\" \/>\n<meta name=\"twitter:card\" content=\"summary_large_image\" \/>\n<meta name=\"twitter:label1\" content=\"Escrito por\" \/>\n\t<meta name=\"twitter:data1\" content=\"Redacci\u00f3n QP\" \/>\n\t<meta name=\"twitter:label2\" content=\"Tiempo de lectura\" \/>\n\t<meta name=\"twitter:data2\" content=\"3 minutos\" \/>\n<script type=\"application\/ld+json\" class=\"yoast-schema-graph\">{\"@context\":\"https:\\\/\\\/schema.org\",\"@graph\":[{\"@type\":\"Article\",\"@id\":\"https:\\\/\\\/quehacerpolitico.mx\\\/?p=52910#article\",\"isPartOf\":{\"@id\":\"https:\\\/\\\/quehacerpolitico.mx\\\/?p=52910\"},\"author\":{\"name\":\"Redacci\u00f3n QP\",\"@id\":\"https:\\\/\\\/quehacerpolitico.mx\\\/#\\\/schema\\\/person\\\/496d8ad2d1d3f8036101dca7ee39e585\"},\"headline\":\"Internacionales\\\/\\\/\\\/Carolina Alonso Romei\\\/\\\/\\\/Autoridades de Hubei, responsables de propagaci\u00f3n de Covid-19: Xi Jiping\",\"datePublished\":\"2020-02-16T17:22:22+00:00\",\"mainEntityOfPage\":{\"@id\":\"https:\\\/\\\/quehacerpolitico.mx\\\/?p=52910\"},\"wordCount\":559,\"commentCount\":0,\"image\":{\"@id\":\"https:\\\/\\\/quehacerpolitico.mx\\\/?p=52910#primaryimage\"},\"thumbnailUrl\":\"https:\\\/\\\/quehacerpolitico.mx\\\/wp-content\\\/uploads\\\/2020\\\/02\\\/4BB31DBA-6E7F-44A2-9660-267CC2FC1FC7.jpeg\",\"articleSection\":[\"Internacionales\"],\"inLanguage\":\"es\",\"potentialAction\":[{\"@type\":\"CommentAction\",\"name\":\"Comment\",\"target\":[\"https:\\\/\\\/quehacerpolitico.mx\\\/?p=52910#respond\"]}]},{\"@type\":\"WebPage\",\"@id\":\"https:\\\/\\\/quehacerpolitico.mx\\\/?p=52910\",\"url\":\"https:\\\/\\\/quehacerpolitico.mx\\\/?p=52910\",\"name\":\"Internacionales\\\/\\\/\\\/Carolina Alonso Romei\\\/\\\/\\\/Autoridades de Hubei, responsables de propagaci\u00f3n de Covid-19: Xi Jiping -\",\"isPartOf\":{\"@id\":\"https:\\\/\\\/quehacerpolitico.mx\\\/#website\"},\"primaryImageOfPage\":{\"@id\":\"https:\\\/\\\/quehacerpolitico.mx\\\/?p=52910#primaryimage\"},\"image\":{\"@id\":\"https:\\\/\\\/quehacerpolitico.mx\\\/?p=52910#primaryimage\"},\"thumbnailUrl\":\"https:\\\/\\\/quehacerpolitico.mx\\\/wp-content\\\/uploads\\\/2020\\\/02\\\/4BB31DBA-6E7F-44A2-9660-267CC2FC1FC7.jpeg\",\"datePublished\":\"2020-02-16T17:22:22+00:00\",\"author\":{\"@id\":\"https:\\\/\\\/quehacerpolitico.mx\\\/#\\\/schema\\\/person\\\/496d8ad2d1d3f8036101dca7ee39e585\"},\"breadcrumb\":{\"@id\":\"https:\\\/\\\/quehacerpolitico.mx\\\/?p=52910#breadcrumb\"},\"inLanguage\":\"es\",\"potentialAction\":[{\"@type\":\"ReadAction\",\"target\":[\"https:\\\/\\\/quehacerpolitico.mx\\\/?p=52910\"]}]},{\"@type\":\"ImageObject\",\"inLanguage\":\"es\",\"@id\":\"https:\\\/\\\/quehacerpolitico.mx\\\/?p=52910#primaryimage\",\"url\":\"https:\\\/\\\/quehacerpolitico.mx\\\/wp-content\\\/uploads\\\/2020\\\/02\\\/4BB31DBA-6E7F-44A2-9660-267CC2FC1FC7.jpeg\",\"contentUrl\":\"https:\\\/\\\/quehacerpolitico.mx\\\/wp-content\\\/uploads\\\/2020\\\/02\\\/4BB31DBA-6E7F-44A2-9660-267CC2FC1FC7.jpeg\",\"width\":650,\"height\":481},{\"@type\":\"BreadcrumbList\",\"@id\":\"https:\\\/\\\/quehacerpolitico.mx\\\/?p=52910#breadcrumb\",\"itemListElement\":[{\"@type\":\"ListItem\",\"position\":1,\"name\":\"Inicio\",\"item\":\"https:\\\/\\\/quehacerpolitico.mx\\\/\"},{\"@type\":\"ListItem\",\"position\":2,\"name\":\"Internacionales\\\/\\\/\\\/Carolina Alonso Romei\\\/\\\/\\\/Autoridades de Hubei, responsables de propagaci\u00f3n de Covid-19: Xi Jiping\"}]},{\"@type\":\"WebSite\",\"@id\":\"https:\\\/\\\/quehacerpolitico.mx\\\/#website\",\"url\":\"https:\\\/\\\/quehacerpolitico.mx\\\/\",\"name\":\"\",\"description\":\"\",\"potentialAction\":[{\"@type\":\"SearchAction\",\"target\":{\"@type\":\"EntryPoint\",\"urlTemplate\":\"https:\\\/\\\/quehacerpolitico.mx\\\/?s={search_term_string}\"},\"query-input\":{\"@type\":\"PropertyValueSpecification\",\"valueRequired\":true,\"valueName\":\"search_term_string\"}}],\"inLanguage\":\"es\"},{\"@type\":\"Person\",\"@id\":\"https:\\\/\\\/quehacerpolitico.mx\\\/#\\\/schema\\\/person\\\/496d8ad2d1d3f8036101dca7ee39e585\",\"name\":\"Redacci\u00f3n QP\",\"image\":{\"@type\":\"ImageObject\",\"inLanguage\":\"es\",\"@id\":\"https:\\\/\\\/secure.gravatar.com\\\/avatar\\\/c7164ed6fdec453195284ad24a5ae5b6e1eed2b848477fa2a4787ba9adf39a41?s=96&d=mm&r=g\",\"url\":\"https:\\\/\\\/secure.gravatar.com\\\/avatar\\\/c7164ed6fdec453195284ad24a5ae5b6e1eed2b848477fa2a4787ba9adf39a41?s=96&d=mm&r=g\",\"contentUrl\":\"https:\\\/\\\/secure.gravatar.com\\\/avatar\\\/c7164ed6fdec453195284ad24a5ae5b6e1eed2b848477fa2a4787ba9adf39a41?s=96&d=mm&r=g\",\"caption\":\"Redacci\u00f3n QP\"},\"url\":\"https:\\\/\\\/quehacerpolitico.mx\\\/?author=2\"}]}<\/script>\n<!-- \/ Yoast SEO plugin. -->","yoast_head_json":{"title":"Internacionales\/\/\/Carolina Alonso Romei\/\/\/Autoridades de Hubei, responsables de propagaci\u00f3n de Covid-19: Xi Jiping -","robots":{"index":"index","follow":"follow","max-snippet":"max-snippet:-1","max-image-preview":"max-image-preview:large","max-video-preview":"max-video-preview:-1"},"canonical":"https:\/\/quehacerpolitico.mx\/?p=52910","og_locale":"es_MX","og_type":"article","og_title":"Internacionales\/\/\/Carolina Alonso Romei\/\/\/Autoridades de Hubei, responsables de propagaci\u00f3n de Covid-19: Xi Jiping -","og_description":"Autoridades de Hubei, responsables de propagaci\u00f3n de Covid-19: Xi Jiping Por Carolina Alonso Romei Internacionalista...","og_url":"https:\/\/quehacerpolitico.mx\/?p=52910","article_published_time":"2020-02-16T17:22:22+00:00","og_image":[{"width":650,"height":481,"url":"https:\/\/quehacerpolitico.mx\/wp-content\/uploads\/2020\/02\/4BB31DBA-6E7F-44A2-9660-267CC2FC1FC7.jpeg","type":"image\/jpeg"}],"author":"Redacci\u00f3n QP","twitter_card":"summary_large_image","twitter_misc":{"Escrito por":"Redacci\u00f3n QP","Tiempo de lectura":"3 minutos"},"schema":{"@context":"https:\/\/schema.org","@graph":[{"@type":"Article","@id":"https:\/\/quehacerpolitico.mx\/?p=52910#article","isPartOf":{"@id":"https:\/\/quehacerpolitico.mx\/?p=52910"},"author":{"name":"Redacci\u00f3n QP","@id":"https:\/\/quehacerpolitico.mx\/#\/schema\/person\/496d8ad2d1d3f8036101dca7ee39e585"},"headline":"Internacionales\/\/\/Carolina Alonso Romei\/\/\/Autoridades de Hubei, responsables de propagaci\u00f3n de Covid-19: Xi Jiping","datePublished":"2020-02-16T17:22:22+00:00","mainEntityOfPage":{"@id":"https:\/\/quehacerpolitico.mx\/?p=52910"},"wordCount":559,"commentCount":0,"image":{"@id":"https:\/\/quehacerpolitico.mx\/?p=52910#primaryimage"},"thumbnailUrl":"https:\/\/quehacerpolitico.mx\/wp-content\/uploads\/2020\/02\/4BB31DBA-6E7F-44A2-9660-267CC2FC1FC7.jpeg","articleSection":["Internacionales"],"inLanguage":"es","potentialAction":[{"@type":"CommentAction","name":"Comment","target":["https:\/\/quehacerpolitico.mx\/?p=52910#respond"]}]},{"@type":"WebPage","@id":"https:\/\/quehacerpolitico.mx\/?p=52910","url":"https:\/\/quehacerpolitico.mx\/?p=52910","name":"Internacionales\/\/\/Carolina Alonso Romei\/\/\/Autoridades de Hubei, responsables de propagaci\u00f3n de Covid-19: Xi Jiping -","isPartOf":{"@id":"https:\/\/quehacerpolitico.mx\/#website"},"primaryImageOfPage":{"@id":"https:\/\/quehacerpolitico.mx\/?p=52910#primaryimage"},"image":{"@id":"https:\/\/quehacerpolitico.mx\/?p=52910#primaryimage"},"thumbnailUrl":"https:\/\/quehacerpolitico.mx\/wp-content\/uploads\/2020\/02\/4BB31DBA-6E7F-44A2-9660-267CC2FC1FC7.jpeg","datePublished":"2020-02-16T17:22:22+00:00","author":{"@id":"https:\/\/quehacerpolitico.mx\/#\/schema\/person\/496d8ad2d1d3f8036101dca7ee39e585"},"breadcrumb":{"@id":"https:\/\/quehacerpolitico.mx\/?p=52910#breadcrumb"},"inLanguage":"es","potentialAction":[{"@type":"ReadAction","target":["https:\/\/quehacerpolitico.mx\/?p=52910"]}]},{"@type":"ImageObject","inLanguage":"es","@id":"https:\/\/quehacerpolitico.mx\/?p=52910#primaryimage","url":"https:\/\/quehacerpolitico.mx\/wp-content\/uploads\/2020\/02\/4BB31DBA-6E7F-44A2-9660-267CC2FC1FC7.jpeg","contentUrl":"https:\/\/quehacerpolitico.mx\/wp-content\/uploads\/2020\/02\/4BB31DBA-6E7F-44A2-9660-267CC2FC1FC7.jpeg","width":650,"height":481},{"@type":"BreadcrumbList","@id":"https:\/\/quehacerpolitico.mx\/?p=52910#breadcrumb","itemListElement":[{"@type":"ListItem","position":1,"name":"Inicio","item":"https:\/\/quehacerpolitico.mx\/"},{"@type":"ListItem","position":2,"name":"Internacionales\/\/\/Carolina Alonso Romei\/\/\/Autoridades de Hubei, responsables de propagaci\u00f3n de Covid-19: Xi Jiping"}]},{"@type":"WebSite","@id":"https:\/\/quehacerpolitico.mx\/#website","url":"https:\/\/quehacerpolitico.mx\/","name":"","description":"","potentialAction":[{"@type":"SearchAction","target":{"@type":"EntryPoint","urlTemplate":"https:\/\/quehacerpolitico.mx\/?s={search_term_string}"},"query-input":{"@type":"PropertyValueSpecification","valueRequired":true,"valueName":"search_term_string"}}],"inLanguage":"es"},{"@type":"Person","@id":"https:\/\/quehacerpolitico.mx\/#\/schema\/person\/496d8ad2d1d3f8036101dca7ee39e585","name":"Redacci\u00f3n QP","image":{"@type":"ImageObject","inLanguage":"es","@id":"https:\/\/secure.gravatar.com\/avatar\/c7164ed6fdec453195284ad24a5ae5b6e1eed2b848477fa2a4787ba9adf39a41?s=96&d=mm&r=g","url":"https:\/\/secure.gravatar.com\/avatar\/c7164ed6fdec453195284ad24a5ae5b6e1eed2b848477fa2a4787ba9adf39a41?s=96&d=mm&r=g","contentUrl":"https:\/\/secure.gravatar.com\/avatar\/c7164ed6fdec453195284ad24a5ae5b6e1eed2b848477fa2a4787ba9adf39a41?s=96&d=mm&r=g","caption":"Redacci\u00f3n QP"},"url":"https:\/\/quehacerpolitico.mx\/?author=2"}]}},"featured_image_urls":{"full":["https:\/\/quehacerpolitico.mx\/wp-content\/uploads\/2020\/02\/4BB31DBA-6E7F-44A2-9660-267CC2FC1FC7.jpeg",650,481,false],"thumbnail":["https:\/\/quehacerpolitico.mx\/wp-content\/uploads\/2020\/02\/4BB31DBA-6E7F-44A2-9660-267CC2FC1FC7-150x150.jpeg",150,150,true],"medium":["https:\/\/quehacerpolitico.mx\/wp-content\/uploads\/2020\/02\/4BB31DBA-6E7F-44A2-9660-267CC2FC1FC7-300x222.jpeg",300,222,true],"medium_large":["https:\/\/quehacerpolitico.mx\/wp-content\/uploads\/2020\/02\/4BB31DBA-6E7F-44A2-9660-267CC2FC1FC7.jpeg",640,474,false],"large":["https:\/\/quehacerpolitico.mx\/wp-content\/uploads\/2020\/02\/4BB31DBA-6E7F-44A2-9660-267CC2FC1FC7.jpeg",640,474,false],"1536x1536":["https:\/\/quehacerpolitico.mx\/wp-content\/uploads\/2020\/02\/4BB31DBA-6E7F-44A2-9660-267CC2FC1FC7.jpeg",650,481,false],"2048x2048":["https:\/\/quehacerpolitico.mx\/wp-content\/uploads\/2020\/02\/4BB31DBA-6E7F-44A2-9660-267CC2FC1FC7.jpeg",650,481,false],"covernews-featured":["https:\/\/quehacerpolitico.mx\/wp-content\/uploads\/2020\/02\/4BB31DBA-6E7F-44A2-9660-267CC2FC1FC7.jpeg",650,481,false],"covernews-medium":["https:\/\/quehacerpolitico.mx\/wp-content\/uploads\/2020\/02\/4BB31DBA-6E7F-44A2-9660-267CC2FC1FC7.jpeg",459,340,false]},"author_info":{"display_name":"Redacci\u00f3n QP","author_link":"https:\/\/quehacerpolitico.mx\/?author=2"},"category_info":"<a href=\"https:\/\/quehacerpolitico.mx\/?cat=1\" rel=\"category\">Internacionales<\/a>","tag_info":"Internacionales","comment_count":"0","_links":{"self":[{"href":"https:\/\/quehacerpolitico.mx\/index.php?rest_route=\/wp\/v2\/posts\/52910","targetHints":{"allow":["GET"]}}],"collection":[{"href":"https:\/\/quehacerpolitico.mx\/index.php?rest_route=\/wp\/v2\/posts"}],"about":[{"href":"https:\/\/quehacerpolitico.mx\/index.php?rest_route=\/wp\/v2\/types\/post"}],"author":[{"embeddable":true,"href":"https:\/\/quehacerpolitico.mx\/index.php?rest_route=\/wp\/v2\/users\/2"}],"replies":[{"embeddable":true,"href":"https:\/\/quehacerpolitico.mx\/index.php?rest_route=%2Fwp%2Fv2%2Fcomments&post=52910"}],"version-history":[{"count":0,"href":"https:\/\/quehacerpolitico.mx\/index.php?rest_route=\/wp\/v2\/posts\/52910\/revisions"}],"wp:featuredmedia":[{"embeddable":true,"href":"https:\/\/quehacerpolitico.mx\/index.php?rest_route=\/wp\/v2\/media\/52911"}],"wp:attachment":[{"href":"https:\/\/quehacerpolitico.mx\/index.php?rest_route=%2Fwp%2Fv2%2Fmedia&parent=52910"}],"wp:term":[{"taxonomy":"category","embeddable":true,"href":"https:\/\/quehacerpolitico.mx\/index.php?rest_route=%2Fwp%2Fv2%2Fcategories&post=52910"},{"taxonomy":"post_tag","embeddable":true,"href":"https:\/\/quehacerpolitico.mx\/index.php?rest_route=%2Fwp%2Fv2%2Ftags&post=52910"}],"curies":[{"name":"wp","href":"https:\/\/api.w.org\/{rel}","templated":true}]}}