{"id":52907,"date":"2020-02-16T05:04:47","date_gmt":"2020-02-16T05:04:47","guid":{"rendered":"http:\/\/quehacerpolitico.mx\/?p=52907"},"modified":"2020-02-16T05:04:47","modified_gmt":"2020-02-16T05:04:47","slug":"clamor-contra-feminicidios-retumba-en-varias-ciudades","status":"publish","type":"post","link":"https:\/\/quehacerpolitico.mx\/?p=52907","title":{"rendered":"Clamor contra feminicidios retumba en varias ciudades"},"content":{"rendered":"<p>Clamor contra feminicidios retumba en varias ciudades<br \/>\nPor Redacci\u00f3n QP<\/p>\n<p>Este s\u00e1bado se llevaron a cabo movilizaciones en varias ciudades del pa\u00eds para exigir justicia por los casos de feminicidio ocurridos en M\u00e9xico.<\/p>\n<p>Como hilo conductor de estas protestas fue retomado el feminicidio de Ingrid Escamilla, perpetrado por su pareja, y en particular en estas movilizaciones se recordaron los casos locales de mujeres que han sido privadas de la vida o v\u00edctimas de violencia.<\/p>\n<p>Una de las protestas se llev\u00f3 a cabo en la Plaza de Armas de Tampico, donde grupos de mujeres se reunieron para exigir cese a la violencia de g\u00e9nero y castigo a los que las revictimicen, esto \u00faltimo luego de la difusi\u00f3n de las fotograf\u00edas del asesinato de la joven Ingrid.<\/p>\n<p>Como parte de la movilizaci\u00f3n, el Colectivo Feminista Aquelarre Tampico, coloc\u00f3 un \u201cTendedero de denuncias\u201d para dar a conocer los casos de violencia que han recibido.<\/p>\n<p>Seg\u00fan informaci\u00f3n de medios locales, grupos feministas de esa entidad realizar\u00e1n una marcha con motivo del D\u00eda Internacional de la Mujer, el pr\u00f3ximo 8 de marzo. El punto de encuentro ser\u00e1 una tienda comercial ubicada en Alijadores de Tampico, a las 16:00 horas.<\/p>\n<p>El contingente saldr\u00e1 en punto de las 17:00 horas y las asistentes deber\u00e1n llevar vestimenta morada, verde o negra.<\/p>\n<p>Alrededor de las 17:00 horas, en la Plaza de Armas de Guadalajara, ubicada frente al palacio municipal, unas 200 mujeres se sumaron a las protestas colocando altares, encendiendo veladoras y cantando consignas para pedir que las autoridades tomen las medidas pertinentes contra el feminicidio.<\/p>\n<p>Por otra parte, en el estado de Quer\u00e9taro, el colectivo Feministas Antiespecistas Qro convoc\u00f3 a realizar una din\u00e1mica en punto de las 17:00 horas de este s\u00e1bado en el Jard\u00edn Guerrero.<\/p>\n<p>Esta consisti\u00f3 en realizar pintas con tiza en los suelos del Centro Hist\u00f3rico de la entidad con frases y consignas que permitan visibilizar la violencia que se vive al ser mujer, explicaron a trav\u00e9s de redes sociales.<\/p>\n<p>Asimismo, se solicit\u00f3 a las asistentes que acudieran con carteles, agua, veladoras, encendedores y tiza de colores.<\/p>\n<p>Mientras tanto, en Ciudad Ju\u00e1rez, cerca de 50 mujeres se reunieron a las afueras del Museo de la Revoluci\u00f3n en la Frontera para caminar con rumbo al puente internacional Paso del Norte, de acuerdo al reporte de medios de la entidad.<\/p>\n<p>De igual forma en Tijuana, la manifestaci\u00f3n se llev\u00f3 a cabo en la Glorieta de las Tijeras. Cabe se\u00f1alar que aunque la mayor parte de las movilizaciones fue de car\u00e1cter separatista, es decir, exclusiva para mujeres, fue posible ver a algunos hombres apoyando esta manifestaci\u00f3n, seg\u00fan mostraron fotograf\u00edas en redes sociales.<\/p>\n<p>Con informaci\u00f3n de NTX<\/p>\n","protected":false},"excerpt":{"rendered":"<p>Clamor contra feminicidios retumba en varias ciudades Por Redacci\u00f3n QP Este s\u00e1bado se llevaron a&#8230;<\/p>\n","protected":false},"author":2,"featured_media":52805,"comment_status":"open","ping_status":"open","sticky":false,"template":"","format":"standard","meta":{"_monsterinsights_skip_tracking":false,"_monsterinsights_sitenote_active":false,"_monsterinsights_sitenote_note":"","_monsterinsights_sitenote_category":0,"footnotes":""},"categories":[2],"tags":[],"class_list":["post-52907","post","type-post","status-publish","format-standard","has-post-thumbnail","hentry","category-noticias"],"yoast_head":"<!-- This site is optimized with the Yoast SEO plugin v27.3 - https:\/\/yoast.com\/product\/yoast-seo-wordpress\/ -->\n<title>Clamor contra feminicidios retumba en varias ciudades -<\/title>\n<meta name=\"robots\" content=\"index, follow, max-snippet:-1, max-image-preview:large, max-video-preview:-1\" \/>\n<link rel=\"canonical\" href=\"https:\/\/quehacerpolitico.mx\/?p=52907\" \/>\n<meta property=\"og:locale\" content=\"es_MX\" \/>\n<meta property=\"og:type\" content=\"article\" \/>\n<meta property=\"og:title\" content=\"Clamor contra feminicidios retumba en varias ciudades -\" \/>\n<meta property=\"og:description\" content=\"Clamor contra feminicidios retumba en varias ciudades Por Redacci\u00f3n QP Este s\u00e1bado se llevaron a...\" \/>\n<meta property=\"og:url\" content=\"https:\/\/quehacerpolitico.mx\/?p=52907\" \/>\n<meta property=\"article:published_time\" content=\"2020-02-16T05:04:47+00:00\" \/>\n<meta property=\"og:image\" content=\"https:\/\/quehacerpolitico.mx\/wp-content\/uploads\/2020\/02\/514C6735-C0AA-46D1-A61F-ECAF477E4399.jpeg\" \/>\n\t<meta property=\"og:image:width\" content=\"320\" \/>\n\t<meta property=\"og:image:height\" content=\"305\" \/>\n\t<meta property=\"og:image:type\" content=\"image\/jpeg\" \/>\n<meta name=\"author\" content=\"Redacci\u00f3n QP\" \/>\n<meta name=\"twitter:card\" content=\"summary_large_image\" \/>\n<meta name=\"twitter:label1\" content=\"Escrito por\" \/>\n\t<meta name=\"twitter:data1\" content=\"Redacci\u00f3n QP\" \/>\n\t<meta name=\"twitter:label2\" content=\"Tiempo de lectura\" \/>\n\t<meta name=\"twitter:data2\" content=\"2 minutos\" \/>\n<script type=\"application\/ld+json\" class=\"yoast-schema-graph\">{\"@context\":\"https:\\\/\\\/schema.org\",\"@graph\":[{\"@type\":\"Article\",\"@id\":\"https:\\\/\\\/quehacerpolitico.mx\\\/?p=52907#article\",\"isPartOf\":{\"@id\":\"https:\\\/\\\/quehacerpolitico.mx\\\/?p=52907\"},\"author\":{\"name\":\"Redacci\u00f3n QP\",\"@id\":\"https:\\\/\\\/quehacerpolitico.mx\\\/#\\\/schema\\\/person\\\/496d8ad2d1d3f8036101dca7ee39e585\"},\"headline\":\"Clamor contra feminicidios retumba en varias ciudades\",\"datePublished\":\"2020-02-16T05:04:47+00:00\",\"mainEntityOfPage\":{\"@id\":\"https:\\\/\\\/quehacerpolitico.mx\\\/?p=52907\"},\"wordCount\":468,\"commentCount\":0,\"image\":{\"@id\":\"https:\\\/\\\/quehacerpolitico.mx\\\/?p=52907#primaryimage\"},\"thumbnailUrl\":\"https:\\\/\\\/quehacerpolitico.mx\\\/wp-content\\\/uploads\\\/2020\\\/02\\\/514C6735-C0AA-46D1-A61F-ECAF477E4399.jpeg\",\"articleSection\":[\"Noticias\"],\"inLanguage\":\"es\",\"potentialAction\":[{\"@type\":\"CommentAction\",\"name\":\"Comment\",\"target\":[\"https:\\\/\\\/quehacerpolitico.mx\\\/?p=52907#respond\"]}]},{\"@type\":\"WebPage\",\"@id\":\"https:\\\/\\\/quehacerpolitico.mx\\\/?p=52907\",\"url\":\"https:\\\/\\\/quehacerpolitico.mx\\\/?p=52907\",\"name\":\"Clamor contra feminicidios retumba en varias ciudades -\",\"isPartOf\":{\"@id\":\"https:\\\/\\\/quehacerpolitico.mx\\\/#website\"},\"primaryImageOfPage\":{\"@id\":\"https:\\\/\\\/quehacerpolitico.mx\\\/?p=52907#primaryimage\"},\"image\":{\"@id\":\"https:\\\/\\\/quehacerpolitico.mx\\\/?p=52907#primaryimage\"},\"thumbnailUrl\":\"https:\\\/\\\/quehacerpolitico.mx\\\/wp-content\\\/uploads\\\/2020\\\/02\\\/514C6735-C0AA-46D1-A61F-ECAF477E4399.jpeg\",\"datePublished\":\"2020-02-16T05:04:47+00:00\",\"author\":{\"@id\":\"https:\\\/\\\/quehacerpolitico.mx\\\/#\\\/schema\\\/person\\\/496d8ad2d1d3f8036101dca7ee39e585\"},\"breadcrumb\":{\"@id\":\"https:\\\/\\\/quehacerpolitico.mx\\\/?p=52907#breadcrumb\"},\"inLanguage\":\"es\",\"potentialAction\":[{\"@type\":\"ReadAction\",\"target\":[\"https:\\\/\\\/quehacerpolitico.mx\\\/?p=52907\"]}]},{\"@type\":\"ImageObject\",\"inLanguage\":\"es\",\"@id\":\"https:\\\/\\\/quehacerpolitico.mx\\\/?p=52907#primaryimage\",\"url\":\"https:\\\/\\\/quehacerpolitico.mx\\\/wp-content\\\/uploads\\\/2020\\\/02\\\/514C6735-C0AA-46D1-A61F-ECAF477E4399.jpeg\",\"contentUrl\":\"https:\\\/\\\/quehacerpolitico.mx\\\/wp-content\\\/uploads\\\/2020\\\/02\\\/514C6735-C0AA-46D1-A61F-ECAF477E4399.jpeg\",\"width\":320,\"height\":305},{\"@type\":\"BreadcrumbList\",\"@id\":\"https:\\\/\\\/quehacerpolitico.mx\\\/?p=52907#breadcrumb\",\"itemListElement\":[{\"@type\":\"ListItem\",\"position\":1,\"name\":\"Inicio\",\"item\":\"https:\\\/\\\/quehacerpolitico.mx\\\/\"},{\"@type\":\"ListItem\",\"position\":2,\"name\":\"Clamor contra feminicidios retumba en varias ciudades\"}]},{\"@type\":\"WebSite\",\"@id\":\"https:\\\/\\\/quehacerpolitico.mx\\\/#website\",\"url\":\"https:\\\/\\\/quehacerpolitico.mx\\\/\",\"name\":\"\",\"description\":\"\",\"potentialAction\":[{\"@type\":\"SearchAction\",\"target\":{\"@type\":\"EntryPoint\",\"urlTemplate\":\"https:\\\/\\\/quehacerpolitico.mx\\\/?s={search_term_string}\"},\"query-input\":{\"@type\":\"PropertyValueSpecification\",\"valueRequired\":true,\"valueName\":\"search_term_string\"}}],\"inLanguage\":\"es\"},{\"@type\":\"Person\",\"@id\":\"https:\\\/\\\/quehacerpolitico.mx\\\/#\\\/schema\\\/person\\\/496d8ad2d1d3f8036101dca7ee39e585\",\"name\":\"Redacci\u00f3n QP\",\"image\":{\"@type\":\"ImageObject\",\"inLanguage\":\"es\",\"@id\":\"https:\\\/\\\/secure.gravatar.com\\\/avatar\\\/c7164ed6fdec453195284ad24a5ae5b6e1eed2b848477fa2a4787ba9adf39a41?s=96&d=mm&r=g\",\"url\":\"https:\\\/\\\/secure.gravatar.com\\\/avatar\\\/c7164ed6fdec453195284ad24a5ae5b6e1eed2b848477fa2a4787ba9adf39a41?s=96&d=mm&r=g\",\"contentUrl\":\"https:\\\/\\\/secure.gravatar.com\\\/avatar\\\/c7164ed6fdec453195284ad24a5ae5b6e1eed2b848477fa2a4787ba9adf39a41?s=96&d=mm&r=g\",\"caption\":\"Redacci\u00f3n QP\"},\"url\":\"https:\\\/\\\/quehacerpolitico.mx\\\/?author=2\"}]}<\/script>\n<!-- \/ Yoast SEO plugin. -->","yoast_head_json":{"title":"Clamor contra feminicidios retumba en varias ciudades -","robots":{"index":"index","follow":"follow","max-snippet":"max-snippet:-1","max-image-preview":"max-image-preview:large","max-video-preview":"max-video-preview:-1"},"canonical":"https:\/\/quehacerpolitico.mx\/?p=52907","og_locale":"es_MX","og_type":"article","og_title":"Clamor contra feminicidios retumba en varias ciudades -","og_description":"Clamor contra feminicidios retumba en varias ciudades Por Redacci\u00f3n QP Este s\u00e1bado se llevaron a...","og_url":"https:\/\/quehacerpolitico.mx\/?p=52907","article_published_time":"2020-02-16T05:04:47+00:00","og_image":[{"width":320,"height":305,"url":"https:\/\/quehacerpolitico.mx\/wp-content\/uploads\/2020\/02\/514C6735-C0AA-46D1-A61F-ECAF477E4399.jpeg","type":"image\/jpeg"}],"author":"Redacci\u00f3n QP","twitter_card":"summary_large_image","twitter_misc":{"Escrito por":"Redacci\u00f3n QP","Tiempo de lectura":"2 minutos"},"schema":{"@context":"https:\/\/schema.org","@graph":[{"@type":"Article","@id":"https:\/\/quehacerpolitico.mx\/?p=52907#article","isPartOf":{"@id":"https:\/\/quehacerpolitico.mx\/?p=52907"},"author":{"name":"Redacci\u00f3n QP","@id":"https:\/\/quehacerpolitico.mx\/#\/schema\/person\/496d8ad2d1d3f8036101dca7ee39e585"},"headline":"Clamor contra feminicidios retumba en varias ciudades","datePublished":"2020-02-16T05:04:47+00:00","mainEntityOfPage":{"@id":"https:\/\/quehacerpolitico.mx\/?p=52907"},"wordCount":468,"commentCount":0,"image":{"@id":"https:\/\/quehacerpolitico.mx\/?p=52907#primaryimage"},"thumbnailUrl":"https:\/\/quehacerpolitico.mx\/wp-content\/uploads\/2020\/02\/514C6735-C0AA-46D1-A61F-ECAF477E4399.jpeg","articleSection":["Noticias"],"inLanguage":"es","potentialAction":[{"@type":"CommentAction","name":"Comment","target":["https:\/\/quehacerpolitico.mx\/?p=52907#respond"]}]},{"@type":"WebPage","@id":"https:\/\/quehacerpolitico.mx\/?p=52907","url":"https:\/\/quehacerpolitico.mx\/?p=52907","name":"Clamor contra feminicidios retumba en varias ciudades -","isPartOf":{"@id":"https:\/\/quehacerpolitico.mx\/#website"},"primaryImageOfPage":{"@id":"https:\/\/quehacerpolitico.mx\/?p=52907#primaryimage"},"image":{"@id":"https:\/\/quehacerpolitico.mx\/?p=52907#primaryimage"},"thumbnailUrl":"https:\/\/quehacerpolitico.mx\/wp-content\/uploads\/2020\/02\/514C6735-C0AA-46D1-A61F-ECAF477E4399.jpeg","datePublished":"2020-02-16T05:04:47+00:00","author":{"@id":"https:\/\/quehacerpolitico.mx\/#\/schema\/person\/496d8ad2d1d3f8036101dca7ee39e585"},"breadcrumb":{"@id":"https:\/\/quehacerpolitico.mx\/?p=52907#breadcrumb"},"inLanguage":"es","potentialAction":[{"@type":"ReadAction","target":["https:\/\/quehacerpolitico.mx\/?p=52907"]}]},{"@type":"ImageObject","inLanguage":"es","@id":"https:\/\/quehacerpolitico.mx\/?p=52907#primaryimage","url":"https:\/\/quehacerpolitico.mx\/wp-content\/uploads\/2020\/02\/514C6735-C0AA-46D1-A61F-ECAF477E4399.jpeg","contentUrl":"https:\/\/quehacerpolitico.mx\/wp-content\/uploads\/2020\/02\/514C6735-C0AA-46D1-A61F-ECAF477E4399.jpeg","width":320,"height":305},{"@type":"BreadcrumbList","@id":"https:\/\/quehacerpolitico.mx\/?p=52907#breadcrumb","itemListElement":[{"@type":"ListItem","position":1,"name":"Inicio","item":"https:\/\/quehacerpolitico.mx\/"},{"@type":"ListItem","position":2,"name":"Clamor contra feminicidios retumba en varias ciudades"}]},{"@type":"WebSite","@id":"https:\/\/quehacerpolitico.mx\/#website","url":"https:\/\/quehacerpolitico.mx\/","name":"","description":"","potentialAction":[{"@type":"SearchAction","target":{"@type":"EntryPoint","urlTemplate":"https:\/\/quehacerpolitico.mx\/?s={search_term_string}"},"query-input":{"@type":"PropertyValueSpecification","valueRequired":true,"valueName":"search_term_string"}}],"inLanguage":"es"},{"@type":"Person","@id":"https:\/\/quehacerpolitico.mx\/#\/schema\/person\/496d8ad2d1d3f8036101dca7ee39e585","name":"Redacci\u00f3n QP","image":{"@type":"ImageObject","inLanguage":"es","@id":"https:\/\/secure.gravatar.com\/avatar\/c7164ed6fdec453195284ad24a5ae5b6e1eed2b848477fa2a4787ba9adf39a41?s=96&d=mm&r=g","url":"https:\/\/secure.gravatar.com\/avatar\/c7164ed6fdec453195284ad24a5ae5b6e1eed2b848477fa2a4787ba9adf39a41?s=96&d=mm&r=g","contentUrl":"https:\/\/secure.gravatar.com\/avatar\/c7164ed6fdec453195284ad24a5ae5b6e1eed2b848477fa2a4787ba9adf39a41?s=96&d=mm&r=g","caption":"Redacci\u00f3n QP"},"url":"https:\/\/quehacerpolitico.mx\/?author=2"}]}},"featured_image_urls":{"full":["https:\/\/quehacerpolitico.mx\/wp-content\/uploads\/2020\/02\/514C6735-C0AA-46D1-A61F-ECAF477E4399.jpeg",320,305,false],"thumbnail":["https:\/\/quehacerpolitico.mx\/wp-content\/uploads\/2020\/02\/514C6735-C0AA-46D1-A61F-ECAF477E4399-150x150.jpeg",150,150,true],"medium":["https:\/\/quehacerpolitico.mx\/wp-content\/uploads\/2020\/02\/514C6735-C0AA-46D1-A61F-ECAF477E4399-300x286.jpeg",300,286,true],"medium_large":["https:\/\/quehacerpolitico.mx\/wp-content\/uploads\/2020\/02\/514C6735-C0AA-46D1-A61F-ECAF477E4399.jpeg",320,305,false],"large":["https:\/\/quehacerpolitico.mx\/wp-content\/uploads\/2020\/02\/514C6735-C0AA-46D1-A61F-ECAF477E4399.jpeg",320,305,false],"1536x1536":["https:\/\/quehacerpolitico.mx\/wp-content\/uploads\/2020\/02\/514C6735-C0AA-46D1-A61F-ECAF477E4399.jpeg",320,305,false],"2048x2048":["https:\/\/quehacerpolitico.mx\/wp-content\/uploads\/2020\/02\/514C6735-C0AA-46D1-A61F-ECAF477E4399.jpeg",320,305,false],"covernews-featured":["https:\/\/quehacerpolitico.mx\/wp-content\/uploads\/2020\/02\/514C6735-C0AA-46D1-A61F-ECAF477E4399.jpeg",320,305,false],"covernews-medium":["https:\/\/quehacerpolitico.mx\/wp-content\/uploads\/2020\/02\/514C6735-C0AA-46D1-A61F-ECAF477E4399.jpeg",320,305,false]},"author_info":{"display_name":"Redacci\u00f3n QP","author_link":"https:\/\/quehacerpolitico.mx\/?author=2"},"category_info":"<a href=\"https:\/\/quehacerpolitico.mx\/?cat=2\" rel=\"category\">Noticias<\/a>","tag_info":"Noticias","comment_count":"0","_links":{"self":[{"href":"https:\/\/quehacerpolitico.mx\/index.php?rest_route=\/wp\/v2\/posts\/52907","targetHints":{"allow":["GET"]}}],"collection":[{"href":"https:\/\/quehacerpolitico.mx\/index.php?rest_route=\/wp\/v2\/posts"}],"about":[{"href":"https:\/\/quehacerpolitico.mx\/index.php?rest_route=\/wp\/v2\/types\/post"}],"author":[{"embeddable":true,"href":"https:\/\/quehacerpolitico.mx\/index.php?rest_route=\/wp\/v2\/users\/2"}],"replies":[{"embeddable":true,"href":"https:\/\/quehacerpolitico.mx\/index.php?rest_route=%2Fwp%2Fv2%2Fcomments&post=52907"}],"version-history":[{"count":0,"href":"https:\/\/quehacerpolitico.mx\/index.php?rest_route=\/wp\/v2\/posts\/52907\/revisions"}],"wp:featuredmedia":[{"embeddable":true,"href":"https:\/\/quehacerpolitico.mx\/index.php?rest_route=\/wp\/v2\/media\/52805"}],"wp:attachment":[{"href":"https:\/\/quehacerpolitico.mx\/index.php?rest_route=%2Fwp%2Fv2%2Fmedia&parent=52907"}],"wp:term":[{"taxonomy":"category","embeddable":true,"href":"https:\/\/quehacerpolitico.mx\/index.php?rest_route=%2Fwp%2Fv2%2Fcategories&post=52907"},{"taxonomy":"post_tag","embeddable":true,"href":"https:\/\/quehacerpolitico.mx\/index.php?rest_route=%2Fwp%2Fv2%2Ftags&post=52907"}],"curies":[{"name":"wp","href":"https:\/\/api.w.org\/{rel}","templated":true}]}}