{"id":52392,"date":"2020-02-11T19:04:27","date_gmt":"2020-02-11T19:04:27","guid":{"rendered":"http:\/\/quehacerpolitico.mx\/?p=52392"},"modified":"2020-02-11T19:04:27","modified_gmt":"2020-02-11T19:04:27","slug":"sanchez-cordero-se-reune-con-coordinadores-parlamentarios","status":"publish","type":"post","link":"https:\/\/quehacerpolitico.mx\/?p=52392","title":{"rendered":"S\u00e1nchez Cordero se re\u00fane con coordinadores parlamentarios"},"content":{"rendered":"<p>S\u00e1nchez Cordero se re\u00fane con coordinadores parlamentarios<br \/>\nPor Redacci\u00f3n QP<\/p>\n<p>La Secretaria de Gobernaci\u00f3n, Olga S\u00e1nchez Cordero, se reuni\u00f3 esta ma\u00f1ana con los coordinadores parlamentarios de la C\u00e1mara de Diputados, con quienes abord\u00f3 diversos temas de la agenda legislativa como elevar a rango constitucional los programas de bienestar y lo relativo al fuero.<\/p>\n<p>\u201cVimos temas de la agenda legislativa con la secretaria de Gobernaci\u00f3n. Todos los temas que tienen que ver con los programas de Bienestar que habr\u00e1 de consagrarse como un derecho en la Constituci\u00f3n, en el (art\u00edculo) 4\u00ba Constitucional\u201d, afirm\u00f3 el coordinador del Partido Revolucionario Institucional (PRI), Ren\u00e9 Ju\u00e1rez.<\/p>\n<p>A pregunta expresa, aclar\u00f3 que no se abord\u00f3 el tema de la designaci\u00f3n, antes del 4 de abril, de los cuatro nuevos consejeros del Instituto Nacional Electoral (INE), tras la conclusi\u00f3n del mandato de Pamela San Mart\u00edn, Marco Ba\u00f1os, Benito Nacif y Enrique Andrade.<\/p>\n<blockquote class=\"twitter-tweet\" data-width=\"550\" data-dnt=\"true\">\n<p lang=\"es\" dir=\"ltr\">Para mantener un di\u00e1logo permanente entre ambos poderes que contribuya a fortalecer la gobernabilidad en M\u00e9xico. La secretaria <a href=\"https:\/\/twitter.com\/M_OlgaSCordero?ref_src=twsrc%5Etfw\">@M_OlgaSCordero<\/a> y el subsecretario de gobierno <a href=\"https:\/\/twitter.com\/Ricar_peralta?ref_src=twsrc%5Etfw\">@Ricar_peralta<\/a> se reunieron con los l\u00edderes parlamentarios de la <a href=\"https:\/\/twitter.com\/Mx_Diputados?ref_src=twsrc%5Etfw\">@Mx_Diputados<\/a>. <a href=\"https:\/\/t.co\/WPeY9yBHCK\">pic.twitter.com\/WPeY9yBHCK<\/a><\/p>\n<p>&mdash; Gobernaci\u00f3n (@SEGOB_mx) <a href=\"https:\/\/twitter.com\/SEGOB_mx\/status\/1227269644097998848?ref_src=twsrc%5Etfw\">February 11, 2020<\/a><\/p><\/blockquote>\n<p><script async src=\"https:\/\/platform.twitter.com\/widgets.js\" charset=\"utf-8\"><\/script><\/p>\n<p>\u201cNo fue un tema que se abordara (el INE), fundamentalmente fueron los temas que ya est\u00e1n en discusi\u00f3n de la C\u00e1mara\u201d, a\u00f1adi\u00f3 el diputado tricolor, al destacar que por la tarde sostendr\u00e1n una reuni\u00f3n con el Fiscal General de la Rep\u00fablica, Alejandro Gertz Manero, a las 17:00 horas.<\/p>\n<p>Al encuentro privado tambi\u00e9n asistieron los coordinadores parlamentarios de Morena, Mario Delgado; del Partido Acci\u00f3n Nacional (PAN), Juan Carlos Romero Hicks; as\u00ed como del Verde Ecologista de M\u00e9xico (PVEM), Arturo Escobar, quienes declinaron dar declaraciones a los medios de comunicaci\u00f3n.<\/p>\n<p>Con informaci\u00f3n de NTX<\/p>\n","protected":false},"excerpt":{"rendered":"<p>S\u00e1nchez Cordero se re\u00fane con coordinadores parlamentarios Por Redacci\u00f3n QP La Secretaria de Gobernaci\u00f3n, Olga&#8230;<\/p>\n","protected":false},"author":2,"featured_media":52393,"comment_status":"open","ping_status":"open","sticky":false,"template":"","format":"standard","meta":{"_monsterinsights_skip_tracking":false,"_monsterinsights_sitenote_active":false,"_monsterinsights_sitenote_note":"","_monsterinsights_sitenote_category":0,"footnotes":""},"categories":[2],"tags":[],"class_list":["post-52392","post","type-post","status-publish","format-standard","has-post-thumbnail","hentry","category-noticias"],"yoast_head":"<!-- This site is optimized with the Yoast SEO plugin v27.3 - https:\/\/yoast.com\/product\/yoast-seo-wordpress\/ -->\n<title>S\u00e1nchez Cordero se re\u00fane con coordinadores parlamentarios -<\/title>\n<meta name=\"robots\" content=\"index, follow, max-snippet:-1, max-image-preview:large, max-video-preview:-1\" \/>\n<link rel=\"canonical\" href=\"https:\/\/quehacerpolitico.mx\/?p=52392\" \/>\n<meta property=\"og:locale\" content=\"es_MX\" \/>\n<meta property=\"og:type\" content=\"article\" \/>\n<meta property=\"og:title\" content=\"S\u00e1nchez Cordero se re\u00fane con coordinadores parlamentarios -\" \/>\n<meta property=\"og:description\" content=\"S\u00e1nchez Cordero se re\u00fane con coordinadores parlamentarios Por Redacci\u00f3n QP La Secretaria de Gobernaci\u00f3n, Olga...\" \/>\n<meta property=\"og:url\" content=\"https:\/\/quehacerpolitico.mx\/?p=52392\" \/>\n<meta property=\"article:published_time\" content=\"2020-02-11T19:04:27+00:00\" \/>\n<meta property=\"og:image\" content=\"https:\/\/quehacerpolitico.mx\/wp-content\/uploads\/2020\/02\/CD58D66A-1950-4994-9000-E95BF3D36882.jpeg\" \/>\n\t<meta property=\"og:image:width\" content=\"1024\" \/>\n\t<meta property=\"og:image:height\" content=\"576\" \/>\n\t<meta property=\"og:image:type\" content=\"image\/jpeg\" \/>\n<meta name=\"author\" content=\"Redacci\u00f3n QP\" \/>\n<meta name=\"twitter:card\" content=\"summary_large_image\" \/>\n<meta name=\"twitter:label1\" content=\"Escrito por\" \/>\n\t<meta name=\"twitter:data1\" content=\"Redacci\u00f3n QP\" \/>\n\t<meta name=\"twitter:label2\" content=\"Tiempo de lectura\" \/>\n\t<meta name=\"twitter:data2\" content=\"1 minuto\" \/>\n<script type=\"application\/ld+json\" class=\"yoast-schema-graph\">{\"@context\":\"https:\\\/\\\/schema.org\",\"@graph\":[{\"@type\":\"Article\",\"@id\":\"https:\\\/\\\/quehacerpolitico.mx\\\/?p=52392#article\",\"isPartOf\":{\"@id\":\"https:\\\/\\\/quehacerpolitico.mx\\\/?p=52392\"},\"author\":{\"name\":\"Redacci\u00f3n QP\",\"@id\":\"https:\\\/\\\/quehacerpolitico.mx\\\/#\\\/schema\\\/person\\\/496d8ad2d1d3f8036101dca7ee39e585\"},\"headline\":\"S\u00e1nchez Cordero se re\u00fane con coordinadores parlamentarios\",\"datePublished\":\"2020-02-11T19:04:27+00:00\",\"mainEntityOfPage\":{\"@id\":\"https:\\\/\\\/quehacerpolitico.mx\\\/?p=52392\"},\"wordCount\":277,\"commentCount\":0,\"image\":{\"@id\":\"https:\\\/\\\/quehacerpolitico.mx\\\/?p=52392#primaryimage\"},\"thumbnailUrl\":\"https:\\\/\\\/quehacerpolitico.mx\\\/wp-content\\\/uploads\\\/2020\\\/02\\\/CD58D66A-1950-4994-9000-E95BF3D36882.jpeg\",\"articleSection\":[\"Noticias\"],\"inLanguage\":\"es\",\"potentialAction\":[{\"@type\":\"CommentAction\",\"name\":\"Comment\",\"target\":[\"https:\\\/\\\/quehacerpolitico.mx\\\/?p=52392#respond\"]}]},{\"@type\":\"WebPage\",\"@id\":\"https:\\\/\\\/quehacerpolitico.mx\\\/?p=52392\",\"url\":\"https:\\\/\\\/quehacerpolitico.mx\\\/?p=52392\",\"name\":\"S\u00e1nchez Cordero se re\u00fane con coordinadores parlamentarios -\",\"isPartOf\":{\"@id\":\"https:\\\/\\\/quehacerpolitico.mx\\\/#website\"},\"primaryImageOfPage\":{\"@id\":\"https:\\\/\\\/quehacerpolitico.mx\\\/?p=52392#primaryimage\"},\"image\":{\"@id\":\"https:\\\/\\\/quehacerpolitico.mx\\\/?p=52392#primaryimage\"},\"thumbnailUrl\":\"https:\\\/\\\/quehacerpolitico.mx\\\/wp-content\\\/uploads\\\/2020\\\/02\\\/CD58D66A-1950-4994-9000-E95BF3D36882.jpeg\",\"datePublished\":\"2020-02-11T19:04:27+00:00\",\"author\":{\"@id\":\"https:\\\/\\\/quehacerpolitico.mx\\\/#\\\/schema\\\/person\\\/496d8ad2d1d3f8036101dca7ee39e585\"},\"breadcrumb\":{\"@id\":\"https:\\\/\\\/quehacerpolitico.mx\\\/?p=52392#breadcrumb\"},\"inLanguage\":\"es\",\"potentialAction\":[{\"@type\":\"ReadAction\",\"target\":[\"https:\\\/\\\/quehacerpolitico.mx\\\/?p=52392\"]}]},{\"@type\":\"ImageObject\",\"inLanguage\":\"es\",\"@id\":\"https:\\\/\\\/quehacerpolitico.mx\\\/?p=52392#primaryimage\",\"url\":\"https:\\\/\\\/quehacerpolitico.mx\\\/wp-content\\\/uploads\\\/2020\\\/02\\\/CD58D66A-1950-4994-9000-E95BF3D36882.jpeg\",\"contentUrl\":\"https:\\\/\\\/quehacerpolitico.mx\\\/wp-content\\\/uploads\\\/2020\\\/02\\\/CD58D66A-1950-4994-9000-E95BF3D36882.jpeg\",\"width\":1024,\"height\":576},{\"@type\":\"BreadcrumbList\",\"@id\":\"https:\\\/\\\/quehacerpolitico.mx\\\/?p=52392#breadcrumb\",\"itemListElement\":[{\"@type\":\"ListItem\",\"position\":1,\"name\":\"Inicio\",\"item\":\"https:\\\/\\\/quehacerpolitico.mx\\\/\"},{\"@type\":\"ListItem\",\"position\":2,\"name\":\"S\u00e1nchez Cordero se re\u00fane con coordinadores parlamentarios\"}]},{\"@type\":\"WebSite\",\"@id\":\"https:\\\/\\\/quehacerpolitico.mx\\\/#website\",\"url\":\"https:\\\/\\\/quehacerpolitico.mx\\\/\",\"name\":\"\",\"description\":\"\",\"potentialAction\":[{\"@type\":\"SearchAction\",\"target\":{\"@type\":\"EntryPoint\",\"urlTemplate\":\"https:\\\/\\\/quehacerpolitico.mx\\\/?s={search_term_string}\"},\"query-input\":{\"@type\":\"PropertyValueSpecification\",\"valueRequired\":true,\"valueName\":\"search_term_string\"}}],\"inLanguage\":\"es\"},{\"@type\":\"Person\",\"@id\":\"https:\\\/\\\/quehacerpolitico.mx\\\/#\\\/schema\\\/person\\\/496d8ad2d1d3f8036101dca7ee39e585\",\"name\":\"Redacci\u00f3n QP\",\"image\":{\"@type\":\"ImageObject\",\"inLanguage\":\"es\",\"@id\":\"https:\\\/\\\/secure.gravatar.com\\\/avatar\\\/c7164ed6fdec453195284ad24a5ae5b6e1eed2b848477fa2a4787ba9adf39a41?s=96&d=mm&r=g\",\"url\":\"https:\\\/\\\/secure.gravatar.com\\\/avatar\\\/c7164ed6fdec453195284ad24a5ae5b6e1eed2b848477fa2a4787ba9adf39a41?s=96&d=mm&r=g\",\"contentUrl\":\"https:\\\/\\\/secure.gravatar.com\\\/avatar\\\/c7164ed6fdec453195284ad24a5ae5b6e1eed2b848477fa2a4787ba9adf39a41?s=96&d=mm&r=g\",\"caption\":\"Redacci\u00f3n QP\"},\"url\":\"https:\\\/\\\/quehacerpolitico.mx\\\/?author=2\"}]}<\/script>\n<!-- \/ Yoast SEO plugin. -->","yoast_head_json":{"title":"S\u00e1nchez Cordero se re\u00fane con coordinadores parlamentarios -","robots":{"index":"index","follow":"follow","max-snippet":"max-snippet:-1","max-image-preview":"max-image-preview:large","max-video-preview":"max-video-preview:-1"},"canonical":"https:\/\/quehacerpolitico.mx\/?p=52392","og_locale":"es_MX","og_type":"article","og_title":"S\u00e1nchez Cordero se re\u00fane con coordinadores parlamentarios -","og_description":"S\u00e1nchez Cordero se re\u00fane con coordinadores parlamentarios Por Redacci\u00f3n QP La Secretaria de Gobernaci\u00f3n, Olga...","og_url":"https:\/\/quehacerpolitico.mx\/?p=52392","article_published_time":"2020-02-11T19:04:27+00:00","og_image":[{"width":1024,"height":576,"url":"https:\/\/quehacerpolitico.mx\/wp-content\/uploads\/2020\/02\/CD58D66A-1950-4994-9000-E95BF3D36882.jpeg","type":"image\/jpeg"}],"author":"Redacci\u00f3n QP","twitter_card":"summary_large_image","twitter_misc":{"Escrito por":"Redacci\u00f3n QP","Tiempo de lectura":"1 minuto"},"schema":{"@context":"https:\/\/schema.org","@graph":[{"@type":"Article","@id":"https:\/\/quehacerpolitico.mx\/?p=52392#article","isPartOf":{"@id":"https:\/\/quehacerpolitico.mx\/?p=52392"},"author":{"name":"Redacci\u00f3n QP","@id":"https:\/\/quehacerpolitico.mx\/#\/schema\/person\/496d8ad2d1d3f8036101dca7ee39e585"},"headline":"S\u00e1nchez Cordero se re\u00fane con coordinadores parlamentarios","datePublished":"2020-02-11T19:04:27+00:00","mainEntityOfPage":{"@id":"https:\/\/quehacerpolitico.mx\/?p=52392"},"wordCount":277,"commentCount":0,"image":{"@id":"https:\/\/quehacerpolitico.mx\/?p=52392#primaryimage"},"thumbnailUrl":"https:\/\/quehacerpolitico.mx\/wp-content\/uploads\/2020\/02\/CD58D66A-1950-4994-9000-E95BF3D36882.jpeg","articleSection":["Noticias"],"inLanguage":"es","potentialAction":[{"@type":"CommentAction","name":"Comment","target":["https:\/\/quehacerpolitico.mx\/?p=52392#respond"]}]},{"@type":"WebPage","@id":"https:\/\/quehacerpolitico.mx\/?p=52392","url":"https:\/\/quehacerpolitico.mx\/?p=52392","name":"S\u00e1nchez Cordero se re\u00fane con coordinadores parlamentarios -","isPartOf":{"@id":"https:\/\/quehacerpolitico.mx\/#website"},"primaryImageOfPage":{"@id":"https:\/\/quehacerpolitico.mx\/?p=52392#primaryimage"},"image":{"@id":"https:\/\/quehacerpolitico.mx\/?p=52392#primaryimage"},"thumbnailUrl":"https:\/\/quehacerpolitico.mx\/wp-content\/uploads\/2020\/02\/CD58D66A-1950-4994-9000-E95BF3D36882.jpeg","datePublished":"2020-02-11T19:04:27+00:00","author":{"@id":"https:\/\/quehacerpolitico.mx\/#\/schema\/person\/496d8ad2d1d3f8036101dca7ee39e585"},"breadcrumb":{"@id":"https:\/\/quehacerpolitico.mx\/?p=52392#breadcrumb"},"inLanguage":"es","potentialAction":[{"@type":"ReadAction","target":["https:\/\/quehacerpolitico.mx\/?p=52392"]}]},{"@type":"ImageObject","inLanguage":"es","@id":"https:\/\/quehacerpolitico.mx\/?p=52392#primaryimage","url":"https:\/\/quehacerpolitico.mx\/wp-content\/uploads\/2020\/02\/CD58D66A-1950-4994-9000-E95BF3D36882.jpeg","contentUrl":"https:\/\/quehacerpolitico.mx\/wp-content\/uploads\/2020\/02\/CD58D66A-1950-4994-9000-E95BF3D36882.jpeg","width":1024,"height":576},{"@type":"BreadcrumbList","@id":"https:\/\/quehacerpolitico.mx\/?p=52392#breadcrumb","itemListElement":[{"@type":"ListItem","position":1,"name":"Inicio","item":"https:\/\/quehacerpolitico.mx\/"},{"@type":"ListItem","position":2,"name":"S\u00e1nchez Cordero se re\u00fane con coordinadores parlamentarios"}]},{"@type":"WebSite","@id":"https:\/\/quehacerpolitico.mx\/#website","url":"https:\/\/quehacerpolitico.mx\/","name":"","description":"","potentialAction":[{"@type":"SearchAction","target":{"@type":"EntryPoint","urlTemplate":"https:\/\/quehacerpolitico.mx\/?s={search_term_string}"},"query-input":{"@type":"PropertyValueSpecification","valueRequired":true,"valueName":"search_term_string"}}],"inLanguage":"es"},{"@type":"Person","@id":"https:\/\/quehacerpolitico.mx\/#\/schema\/person\/496d8ad2d1d3f8036101dca7ee39e585","name":"Redacci\u00f3n QP","image":{"@type":"ImageObject","inLanguage":"es","@id":"https:\/\/secure.gravatar.com\/avatar\/c7164ed6fdec453195284ad24a5ae5b6e1eed2b848477fa2a4787ba9adf39a41?s=96&d=mm&r=g","url":"https:\/\/secure.gravatar.com\/avatar\/c7164ed6fdec453195284ad24a5ae5b6e1eed2b848477fa2a4787ba9adf39a41?s=96&d=mm&r=g","contentUrl":"https:\/\/secure.gravatar.com\/avatar\/c7164ed6fdec453195284ad24a5ae5b6e1eed2b848477fa2a4787ba9adf39a41?s=96&d=mm&r=g","caption":"Redacci\u00f3n QP"},"url":"https:\/\/quehacerpolitico.mx\/?author=2"}]}},"featured_image_urls":{"full":["https:\/\/quehacerpolitico.mx\/wp-content\/uploads\/2020\/02\/CD58D66A-1950-4994-9000-E95BF3D36882.jpeg",1024,576,false],"thumbnail":["https:\/\/quehacerpolitico.mx\/wp-content\/uploads\/2020\/02\/CD58D66A-1950-4994-9000-E95BF3D36882-150x150.jpeg",150,150,true],"medium":["https:\/\/quehacerpolitico.mx\/wp-content\/uploads\/2020\/02\/CD58D66A-1950-4994-9000-E95BF3D36882-300x169.jpeg",300,169,true],"medium_large":["https:\/\/quehacerpolitico.mx\/wp-content\/uploads\/2020\/02\/CD58D66A-1950-4994-9000-E95BF3D36882-768x432.jpeg",640,360,true],"large":["https:\/\/quehacerpolitico.mx\/wp-content\/uploads\/2020\/02\/CD58D66A-1950-4994-9000-E95BF3D36882.jpeg",640,360,false],"1536x1536":["https:\/\/quehacerpolitico.mx\/wp-content\/uploads\/2020\/02\/CD58D66A-1950-4994-9000-E95BF3D36882.jpeg",1024,576,false],"2048x2048":["https:\/\/quehacerpolitico.mx\/wp-content\/uploads\/2020\/02\/CD58D66A-1950-4994-9000-E95BF3D36882.jpeg",1024,576,false],"covernews-featured":["https:\/\/quehacerpolitico.mx\/wp-content\/uploads\/2020\/02\/CD58D66A-1950-4994-9000-E95BF3D36882.jpeg",1024,576,false],"covernews-medium":["https:\/\/quehacerpolitico.mx\/wp-content\/uploads\/2020\/02\/CD58D66A-1950-4994-9000-E95BF3D36882.jpeg",540,304,false]},"author_info":{"display_name":"Redacci\u00f3n QP","author_link":"https:\/\/quehacerpolitico.mx\/?author=2"},"category_info":"<a href=\"https:\/\/quehacerpolitico.mx\/?cat=2\" rel=\"category\">Noticias<\/a>","tag_info":"Noticias","comment_count":"0","_links":{"self":[{"href":"https:\/\/quehacerpolitico.mx\/index.php?rest_route=\/wp\/v2\/posts\/52392","targetHints":{"allow":["GET"]}}],"collection":[{"href":"https:\/\/quehacerpolitico.mx\/index.php?rest_route=\/wp\/v2\/posts"}],"about":[{"href":"https:\/\/quehacerpolitico.mx\/index.php?rest_route=\/wp\/v2\/types\/post"}],"author":[{"embeddable":true,"href":"https:\/\/quehacerpolitico.mx\/index.php?rest_route=\/wp\/v2\/users\/2"}],"replies":[{"embeddable":true,"href":"https:\/\/quehacerpolitico.mx\/index.php?rest_route=%2Fwp%2Fv2%2Fcomments&post=52392"}],"version-history":[{"count":0,"href":"https:\/\/quehacerpolitico.mx\/index.php?rest_route=\/wp\/v2\/posts\/52392\/revisions"}],"wp:featuredmedia":[{"embeddable":true,"href":"https:\/\/quehacerpolitico.mx\/index.php?rest_route=\/wp\/v2\/media\/52393"}],"wp:attachment":[{"href":"https:\/\/quehacerpolitico.mx\/index.php?rest_route=%2Fwp%2Fv2%2Fmedia&parent=52392"}],"wp:term":[{"taxonomy":"category","embeddable":true,"href":"https:\/\/quehacerpolitico.mx\/index.php?rest_route=%2Fwp%2Fv2%2Fcategories&post=52392"},{"taxonomy":"post_tag","embeddable":true,"href":"https:\/\/quehacerpolitico.mx\/index.php?rest_route=%2Fwp%2Fv2%2Ftags&post=52392"}],"curies":[{"name":"wp","href":"https:\/\/api.w.org\/{rel}","templated":true}]}}