{"id":52388,"date":"2020-02-11T18:55:48","date_gmt":"2020-02-11T18:55:48","guid":{"rendered":"http:\/\/quehacerpolitico.mx\/?p=52388"},"modified":"2020-02-11T18:55:48","modified_gmt":"2020-02-11T18:55:48","slug":"internacionales-carolina-alonso-romei-covid-19-nombre-oficial-del-nuevo-coronavirus-oms","status":"publish","type":"post","link":"https:\/\/quehacerpolitico.mx\/?p=52388","title":{"rendered":"Internacionales\/\/\/Carolina Alonso Romei\/\/\/COVID-19, nombre oficial del nuevo Coronavirus: OMS"},"content":{"rendered":"<div class=\"titulo\">COVID-19, nombre oficial del nuevo Coronavirus: OMS<\/div>\n<div class=\"desarrollo\">Por Carolina Alonso Romei<\/div>\n<div>Internacionalista<\/div>\n<div>\n<p>El nuevo nombre que la Organizaci\u00f3n Mundial de la Salud (OMS) le otorg\u00f3 al nuevo Coronavirus surgido en China ser\u00e1 COVID-19, esto con la intenci\u00f3n de terminar con las confusiones y los nombres err\u00f3neos.<\/p>\n<p>El nuevo nombre se compone de las primeras letras de la enfermedad en ingl\u00e9s: Corona (Co), Virus (Vi), Disease (D) y el a\u00f1o en que se localiz\u00f3, 2019 (19).<\/p>\n<blockquote class=\"twitter-tweet\" data-width=\"550\" data-dnt=\"true\">\n<p lang=\"en\" dir=\"ltr\">We now have a name for the disease caused by the novel coronavirus: COVID-19.<\/p>\n<p>Having a name matters to prevent the use of other names that can be inaccurate or stigmatizing. <a href=\"https:\/\/twitter.com\/hashtag\/COVID19?src=hash&amp;ref_src=twsrc%5Etfw\">#COVID19<\/a><a href=\"https:\/\/t.co\/HTNjm27BHw\">https:\/\/t.co\/HTNjm27BHw<\/a><\/p>\n<p>&mdash; Tedros Adhanom Ghebreyesus (@DrTedros) <a href=\"https:\/\/twitter.com\/DrTedros\/status\/1227297754499764230?ref_src=twsrc%5Etfw\">February 11, 2020<\/a><\/p><\/blockquote>\n<p><script async src=\"https:\/\/platform.twitter.com\/widgets.js\" charset=\"utf-8\"><\/script><\/p>\n<p>La OMS record\u00f3 que est\u00e1 prohibido nombrar a una enfermedad como un punto geogr\u00e1fico, como es el caso de quienes llamaron esta enfermedad \u201cvirus de Wuhan\u201d, as\u00ed como llamarla como un especie animal y mucho menos como un grupo de personas.<\/p>\n<p>El director de la OMS, Tedros Adhanom, anunci\u00f3 que, despu\u00e9s de la coordinaci\u00f3n con el Secretario General de la ONU, se enviar\u00e1 un equipo de manejo de crisis del sistema de las Naciones Unidas a las regiones que lo requieran, sobre todo a China.<\/p>\n<p>En este pa\u00eds se encuentra el 99 por ciento de los casos de Covid-19, detectada en diciembre del a\u00f1o pasado en el mercado de Wuhan, de la provincia de Hubei que permanece cerrada.<\/p>\n<p>Aclar\u00f3 que este periodo se trata de una ventana de oportunidad, en el cual se deben valorar los esfuerzos de China para contener el contagio, pero record\u00f3 que en caso de no prevenir no se podr\u00e1 hacer nada en contra de esta.<\/p>\n<p>Anunci\u00f3 que al menos 400 cient\u00edficos se reunir\u00e1n a partir de ma\u00f1ana para concentrar esfuerzos en atacar y prevenir la propagaci\u00f3n de la enfermedad, comenzando con recomendaciones b\u00e1sicas de protecci\u00f3n, empleadas por otras enfermedades como la gripe com\u00fan o la influenza.<\/p>\n<p>La OMS calcula que emplear\u00e1n al menos 18 meses m\u00e1s para lograr concretar una vacuna que ataque esta enfermedad, pero recuerdan que hasta ahora se ha podido atender a diferentes pacientes.<\/p>\n<p>Hasta el momento la organizaci\u00f3n tiene registrados 42 mil 708 pacientes, s\u00f3lo 393 se encuentran fuera de China, por lo que esperan que las acciones de control contin\u00faen funcionando y se sigan respetando.<\/p>\n<p>Aclar\u00f3 que se han podido superar otras crisis, como es el caso del \u00c9bola, que ya cumpli\u00f3 42 d\u00edas sin contagios nuevos, aunque el d\u00eda de ma\u00f1ana el comit\u00e9 de emergencia se volver\u00e1 a reunir para abordar el desarrollo del \u00c9bola.<\/p>\n<p>Con informaci\u00f3n de NTX<\/p>\n<\/div>\n","protected":false},"excerpt":{"rendered":"<p>COVID-19, nombre oficial del nuevo Coronavirus: OMS Por Carolina Alonso Romei Internacionalista El nuevo nombre&#8230;<\/p>\n","protected":false},"author":2,"featured_media":51076,"comment_status":"open","ping_status":"open","sticky":false,"template":"","format":"standard","meta":{"_monsterinsights_skip_tracking":false,"_monsterinsights_sitenote_active":false,"_monsterinsights_sitenote_note":"","_monsterinsights_sitenote_category":0,"footnotes":""},"categories":[1],"tags":[],"class_list":["post-52388","post","type-post","status-publish","format-standard","has-post-thumbnail","hentry","category-sin-categoria"],"yoast_head":"<!-- This site is optimized with the Yoast SEO plugin v27.3 - https:\/\/yoast.com\/product\/yoast-seo-wordpress\/ -->\n<title>Internacionales\/\/\/Carolina Alonso Romei\/\/\/COVID-19, nombre oficial del nuevo Coronavirus: OMS -<\/title>\n<meta name=\"robots\" content=\"index, follow, max-snippet:-1, max-image-preview:large, max-video-preview:-1\" \/>\n<link rel=\"canonical\" href=\"https:\/\/quehacerpolitico.mx\/?p=52388\" \/>\n<meta property=\"og:locale\" content=\"es_MX\" \/>\n<meta property=\"og:type\" content=\"article\" \/>\n<meta property=\"og:title\" content=\"Internacionales\/\/\/Carolina Alonso Romei\/\/\/COVID-19, nombre oficial del nuevo Coronavirus: OMS -\" \/>\n<meta property=\"og:description\" content=\"COVID-19, nombre oficial del nuevo Coronavirus: OMS Por Carolina Alonso Romei Internacionalista El nuevo nombre...\" \/>\n<meta property=\"og:url\" content=\"https:\/\/quehacerpolitico.mx\/?p=52388\" \/>\n<meta property=\"article:published_time\" content=\"2020-02-11T18:55:48+00:00\" \/>\n<meta name=\"author\" content=\"Redacci\u00f3n QP\" \/>\n<meta name=\"twitter:card\" content=\"summary_large_image\" \/>\n<meta name=\"twitter:label1\" content=\"Escrito por\" \/>\n\t<meta name=\"twitter:data1\" content=\"Redacci\u00f3n QP\" \/>\n\t<meta name=\"twitter:label2\" content=\"Tiempo de lectura\" \/>\n\t<meta name=\"twitter:data2\" content=\"2 minutos\" \/>\n<script type=\"application\/ld+json\" class=\"yoast-schema-graph\">{\"@context\":\"https:\\\/\\\/schema.org\",\"@graph\":[{\"@type\":\"Article\",\"@id\":\"https:\\\/\\\/quehacerpolitico.mx\\\/?p=52388#article\",\"isPartOf\":{\"@id\":\"https:\\\/\\\/quehacerpolitico.mx\\\/?p=52388\"},\"author\":{\"name\":\"Redacci\u00f3n QP\",\"@id\":\"https:\\\/\\\/quehacerpolitico.mx\\\/#\\\/schema\\\/person\\\/496d8ad2d1d3f8036101dca7ee39e585\"},\"headline\":\"Internacionales\\\/\\\/\\\/Carolina Alonso Romei\\\/\\\/\\\/COVID-19, nombre oficial del nuevo Coronavirus: OMS\",\"datePublished\":\"2020-02-11T18:55:48+00:00\",\"mainEntityOfPage\":{\"@id\":\"https:\\\/\\\/quehacerpolitico.mx\\\/?p=52388\"},\"wordCount\":419,\"commentCount\":0,\"image\":{\"@id\":\"https:\\\/\\\/quehacerpolitico.mx\\\/?p=52388#primaryimage\"},\"thumbnailUrl\":\"\",\"articleSection\":[\"Internacionales\"],\"inLanguage\":\"es\",\"potentialAction\":[{\"@type\":\"CommentAction\",\"name\":\"Comment\",\"target\":[\"https:\\\/\\\/quehacerpolitico.mx\\\/?p=52388#respond\"]}]},{\"@type\":\"WebPage\",\"@id\":\"https:\\\/\\\/quehacerpolitico.mx\\\/?p=52388\",\"url\":\"https:\\\/\\\/quehacerpolitico.mx\\\/?p=52388\",\"name\":\"Internacionales\\\/\\\/\\\/Carolina Alonso Romei\\\/\\\/\\\/COVID-19, nombre oficial del nuevo Coronavirus: OMS -\",\"isPartOf\":{\"@id\":\"https:\\\/\\\/quehacerpolitico.mx\\\/#website\"},\"primaryImageOfPage\":{\"@id\":\"https:\\\/\\\/quehacerpolitico.mx\\\/?p=52388#primaryimage\"},\"image\":{\"@id\":\"https:\\\/\\\/quehacerpolitico.mx\\\/?p=52388#primaryimage\"},\"thumbnailUrl\":\"\",\"datePublished\":\"2020-02-11T18:55:48+00:00\",\"author\":{\"@id\":\"https:\\\/\\\/quehacerpolitico.mx\\\/#\\\/schema\\\/person\\\/496d8ad2d1d3f8036101dca7ee39e585\"},\"breadcrumb\":{\"@id\":\"https:\\\/\\\/quehacerpolitico.mx\\\/?p=52388#breadcrumb\"},\"inLanguage\":\"es\",\"potentialAction\":[{\"@type\":\"ReadAction\",\"target\":[\"https:\\\/\\\/quehacerpolitico.mx\\\/?p=52388\"]}]},{\"@type\":\"ImageObject\",\"inLanguage\":\"es\",\"@id\":\"https:\\\/\\\/quehacerpolitico.mx\\\/?p=52388#primaryimage\",\"url\":\"\",\"contentUrl\":\"\"},{\"@type\":\"BreadcrumbList\",\"@id\":\"https:\\\/\\\/quehacerpolitico.mx\\\/?p=52388#breadcrumb\",\"itemListElement\":[{\"@type\":\"ListItem\",\"position\":1,\"name\":\"Inicio\",\"item\":\"https:\\\/\\\/quehacerpolitico.mx\\\/\"},{\"@type\":\"ListItem\",\"position\":2,\"name\":\"Internacionales\\\/\\\/\\\/Carolina Alonso Romei\\\/\\\/\\\/COVID-19, nombre oficial del nuevo Coronavirus: OMS\"}]},{\"@type\":\"WebSite\",\"@id\":\"https:\\\/\\\/quehacerpolitico.mx\\\/#website\",\"url\":\"https:\\\/\\\/quehacerpolitico.mx\\\/\",\"name\":\"\",\"description\":\"\",\"potentialAction\":[{\"@type\":\"SearchAction\",\"target\":{\"@type\":\"EntryPoint\",\"urlTemplate\":\"https:\\\/\\\/quehacerpolitico.mx\\\/?s={search_term_string}\"},\"query-input\":{\"@type\":\"PropertyValueSpecification\",\"valueRequired\":true,\"valueName\":\"search_term_string\"}}],\"inLanguage\":\"es\"},{\"@type\":\"Person\",\"@id\":\"https:\\\/\\\/quehacerpolitico.mx\\\/#\\\/schema\\\/person\\\/496d8ad2d1d3f8036101dca7ee39e585\",\"name\":\"Redacci\u00f3n QP\",\"image\":{\"@type\":\"ImageObject\",\"inLanguage\":\"es\",\"@id\":\"https:\\\/\\\/secure.gravatar.com\\\/avatar\\\/c7164ed6fdec453195284ad24a5ae5b6e1eed2b848477fa2a4787ba9adf39a41?s=96&d=mm&r=g\",\"url\":\"https:\\\/\\\/secure.gravatar.com\\\/avatar\\\/c7164ed6fdec453195284ad24a5ae5b6e1eed2b848477fa2a4787ba9adf39a41?s=96&d=mm&r=g\",\"contentUrl\":\"https:\\\/\\\/secure.gravatar.com\\\/avatar\\\/c7164ed6fdec453195284ad24a5ae5b6e1eed2b848477fa2a4787ba9adf39a41?s=96&d=mm&r=g\",\"caption\":\"Redacci\u00f3n QP\"},\"url\":\"https:\\\/\\\/quehacerpolitico.mx\\\/?author=2\"}]}<\/script>\n<!-- \/ Yoast SEO plugin. -->","yoast_head_json":{"title":"Internacionales\/\/\/Carolina Alonso Romei\/\/\/COVID-19, nombre oficial del nuevo Coronavirus: OMS -","robots":{"index":"index","follow":"follow","max-snippet":"max-snippet:-1","max-image-preview":"max-image-preview:large","max-video-preview":"max-video-preview:-1"},"canonical":"https:\/\/quehacerpolitico.mx\/?p=52388","og_locale":"es_MX","og_type":"article","og_title":"Internacionales\/\/\/Carolina Alonso Romei\/\/\/COVID-19, nombre oficial del nuevo Coronavirus: OMS -","og_description":"COVID-19, nombre oficial del nuevo Coronavirus: OMS Por Carolina Alonso Romei Internacionalista El nuevo nombre...","og_url":"https:\/\/quehacerpolitico.mx\/?p=52388","article_published_time":"2020-02-11T18:55:48+00:00","author":"Redacci\u00f3n QP","twitter_card":"summary_large_image","twitter_misc":{"Escrito por":"Redacci\u00f3n QP","Tiempo de lectura":"2 minutos"},"schema":{"@context":"https:\/\/schema.org","@graph":[{"@type":"Article","@id":"https:\/\/quehacerpolitico.mx\/?p=52388#article","isPartOf":{"@id":"https:\/\/quehacerpolitico.mx\/?p=52388"},"author":{"name":"Redacci\u00f3n QP","@id":"https:\/\/quehacerpolitico.mx\/#\/schema\/person\/496d8ad2d1d3f8036101dca7ee39e585"},"headline":"Internacionales\/\/\/Carolina Alonso Romei\/\/\/COVID-19, nombre oficial del nuevo Coronavirus: OMS","datePublished":"2020-02-11T18:55:48+00:00","mainEntityOfPage":{"@id":"https:\/\/quehacerpolitico.mx\/?p=52388"},"wordCount":419,"commentCount":0,"image":{"@id":"https:\/\/quehacerpolitico.mx\/?p=52388#primaryimage"},"thumbnailUrl":"","articleSection":["Internacionales"],"inLanguage":"es","potentialAction":[{"@type":"CommentAction","name":"Comment","target":["https:\/\/quehacerpolitico.mx\/?p=52388#respond"]}]},{"@type":"WebPage","@id":"https:\/\/quehacerpolitico.mx\/?p=52388","url":"https:\/\/quehacerpolitico.mx\/?p=52388","name":"Internacionales\/\/\/Carolina Alonso Romei\/\/\/COVID-19, nombre oficial del nuevo Coronavirus: OMS -","isPartOf":{"@id":"https:\/\/quehacerpolitico.mx\/#website"},"primaryImageOfPage":{"@id":"https:\/\/quehacerpolitico.mx\/?p=52388#primaryimage"},"image":{"@id":"https:\/\/quehacerpolitico.mx\/?p=52388#primaryimage"},"thumbnailUrl":"","datePublished":"2020-02-11T18:55:48+00:00","author":{"@id":"https:\/\/quehacerpolitico.mx\/#\/schema\/person\/496d8ad2d1d3f8036101dca7ee39e585"},"breadcrumb":{"@id":"https:\/\/quehacerpolitico.mx\/?p=52388#breadcrumb"},"inLanguage":"es","potentialAction":[{"@type":"ReadAction","target":["https:\/\/quehacerpolitico.mx\/?p=52388"]}]},{"@type":"ImageObject","inLanguage":"es","@id":"https:\/\/quehacerpolitico.mx\/?p=52388#primaryimage","url":"","contentUrl":""},{"@type":"BreadcrumbList","@id":"https:\/\/quehacerpolitico.mx\/?p=52388#breadcrumb","itemListElement":[{"@type":"ListItem","position":1,"name":"Inicio","item":"https:\/\/quehacerpolitico.mx\/"},{"@type":"ListItem","position":2,"name":"Internacionales\/\/\/Carolina Alonso Romei\/\/\/COVID-19, nombre oficial del nuevo Coronavirus: OMS"}]},{"@type":"WebSite","@id":"https:\/\/quehacerpolitico.mx\/#website","url":"https:\/\/quehacerpolitico.mx\/","name":"","description":"","potentialAction":[{"@type":"SearchAction","target":{"@type":"EntryPoint","urlTemplate":"https:\/\/quehacerpolitico.mx\/?s={search_term_string}"},"query-input":{"@type":"PropertyValueSpecification","valueRequired":true,"valueName":"search_term_string"}}],"inLanguage":"es"},{"@type":"Person","@id":"https:\/\/quehacerpolitico.mx\/#\/schema\/person\/496d8ad2d1d3f8036101dca7ee39e585","name":"Redacci\u00f3n QP","image":{"@type":"ImageObject","inLanguage":"es","@id":"https:\/\/secure.gravatar.com\/avatar\/c7164ed6fdec453195284ad24a5ae5b6e1eed2b848477fa2a4787ba9adf39a41?s=96&d=mm&r=g","url":"https:\/\/secure.gravatar.com\/avatar\/c7164ed6fdec453195284ad24a5ae5b6e1eed2b848477fa2a4787ba9adf39a41?s=96&d=mm&r=g","contentUrl":"https:\/\/secure.gravatar.com\/avatar\/c7164ed6fdec453195284ad24a5ae5b6e1eed2b848477fa2a4787ba9adf39a41?s=96&d=mm&r=g","caption":"Redacci\u00f3n QP"},"url":"https:\/\/quehacerpolitico.mx\/?author=2"}]}},"featured_image_urls":{"full":"","thumbnail":"","medium":"","medium_large":"","large":"","1536x1536":"","2048x2048":"","covernews-featured":"","covernews-medium":""},"author_info":{"display_name":"Redacci\u00f3n QP","author_link":"https:\/\/quehacerpolitico.mx\/?author=2"},"category_info":"<a href=\"https:\/\/quehacerpolitico.mx\/?cat=1\" rel=\"category\">Internacionales<\/a>","tag_info":"Internacionales","comment_count":"0","_links":{"self":[{"href":"https:\/\/quehacerpolitico.mx\/index.php?rest_route=\/wp\/v2\/posts\/52388","targetHints":{"allow":["GET"]}}],"collection":[{"href":"https:\/\/quehacerpolitico.mx\/index.php?rest_route=\/wp\/v2\/posts"}],"about":[{"href":"https:\/\/quehacerpolitico.mx\/index.php?rest_route=\/wp\/v2\/types\/post"}],"author":[{"embeddable":true,"href":"https:\/\/quehacerpolitico.mx\/index.php?rest_route=\/wp\/v2\/users\/2"}],"replies":[{"embeddable":true,"href":"https:\/\/quehacerpolitico.mx\/index.php?rest_route=%2Fwp%2Fv2%2Fcomments&post=52388"}],"version-history":[{"count":0,"href":"https:\/\/quehacerpolitico.mx\/index.php?rest_route=\/wp\/v2\/posts\/52388\/revisions"}],"wp:featuredmedia":[{"embeddable":true,"href":"https:\/\/quehacerpolitico.mx\/index.php?rest_route=\/"}],"wp:attachment":[{"href":"https:\/\/quehacerpolitico.mx\/index.php?rest_route=%2Fwp%2Fv2%2Fmedia&parent=52388"}],"wp:term":[{"taxonomy":"category","embeddable":true,"href":"https:\/\/quehacerpolitico.mx\/index.php?rest_route=%2Fwp%2Fv2%2Fcategories&post=52388"},{"taxonomy":"post_tag","embeddable":true,"href":"https:\/\/quehacerpolitico.mx\/index.php?rest_route=%2Fwp%2Fv2%2Ftags&post=52388"}],"curies":[{"name":"wp","href":"https:\/\/api.w.org\/{rel}","templated":true}]}}