{"id":5219,"date":"2018-09-21T16:16:38","date_gmt":"2018-09-21T16:16:38","guid":{"rendered":"http:\/\/quehacerpolitico.mx\/el-legado-literario-de-juan-jose-arreola\/"},"modified":"2018-09-21T16:16:38","modified_gmt":"2018-09-21T16:16:38","slug":"el-legado-literario-de-juan-jose-arreola","status":"publish","type":"post","link":"https:\/\/quehacerpolitico.mx\/?p=5219","title":{"rendered":"El legado literario de Juan Jos\u00e9 Arreola"},"content":{"rendered":"<p>Juan Jos\u00e9 Arreola es un destacado autor jalisciense, pero m\u00e1s all\u00e1 de su obra literaria, tambi\u00e9n se le reconoce como un gran impulsor de la lectura, inspirando a escritores de su \u00e9poca y de las siguientes generaciones.<\/p>\n<p>La pasi\u00f3n de Arreola trascend\u00eda el mundo de las letras, ya que era un fabuloso conocedor de vinos, ajedrecista, amante del ciclismo y de las tertulias en las que se pod\u00eda hablar de diferentes temas.<\/p>\n<p>Con motivo del centenario del nacimiento de este escritor oriundo del municipio de Zapotl\u00e1n El Grande, Jalisco, su hijo Orso Arreola indic\u00f3 que sin lugar a dudas su padre se hizo famoso recomendando libros porque la lectura fue su m\u00e1s grande pasi\u00f3n.<\/p>\n<p>A\u00f1adi\u00f3 que fue esencial para muchas generaciones de literatos, sobre todo quienes estuvieron presentes en sus talleres al influir en ellos espiritualmente, \u201cfue toda una generaci\u00f3n que en ese entonces eran menores de edad y quienes en su mayor\u00eda publicaron obra\u201d.<\/p>\n<p>Desde la Casa Arreola en Ciudad Guzm\u00e1n, Jalisco, coment\u00f3 que en esta propiedad que fue hogar de su padre y hoy es un recinto cultural se siguen formando muchos escritores, lo que significa que Juan Jos\u00e9 Arreola contin\u00faa influyendo en la literatura actual que se hace en Zapotl\u00e1n El Grande.<\/p>\n<p>Mencion\u00f3 que su padre siempre se preocup\u00f3 por dar mensajes de crecimiento literario a los j\u00f3venes y precisamente esa es la encomienda de la Casa Taller Literario Juan Jos\u00e9 Arreola a trav\u00e9s de conferencias, talleres y an\u00e1lisis de la obra del escritor.<\/p>\n<p>Manifest\u00f3 que para \u00e9l y sus hijos, as\u00ed como para toda la familia Arreola, es un honor que se recuerde a su padre en el centenario de su natalicio, de tal forma que agradecen el sinn\u00famero de actividades que se han realizado en diferentes ciudades del pa\u00eds.<\/p>\n<p>Ejemplo de ello son ferias del libros, lecturas, homenajes y coloquios, principalmente en instituciones educativas como la Universidad de Guadalajara (UdeG), fiel promotora del legado de Arreola, quien fue adem\u00e1s maestro en esta casa de estudios.<\/p>\n<p>Destac\u00f3 la participaci\u00f3n de sus hijos en estos homenajes y reconocimientos, luego de que tambi\u00e9n heredaron de su abuelo el gusto por la literatura y las artes. \u201cHa sido motivo de alegr\u00eda para todos como familia y hemos participado en diferentes actividades\u201d.<\/p>\n<p><strong>La FIL se une al festejo<\/strong><\/p>\n<p>Puntualiz\u00f3 que tambi\u00e9n se organiza un homenaje a Juan Jos\u00e9 Arreola en Par\u00eds; y adelant\u00f3 que el Fondo de Cultura presentar\u00e1 en la Casa Arreola una iconograf\u00eda con fotos de Juan Jos\u00e9 Arreola de ni\u00f1o, de joven, en teatro, con familiares y escritores, entre muchas otras.<\/p>\n<p>Resalt\u00f3 que durante todo el a\u00f1o continuar\u00e1n las actividades para celebrar el centenario del natalicio de Juan Jos\u00e9 Arreola, incluso en la Feria del Libro de Guadalajara (FIL) se prev\u00e9 una conversaci\u00f3n de Fernando del Paso con el escritor Juan Villoro sobre su vida y obra.<\/p>\n<p>Juan Jos\u00e9 Arreola, a quien en los a\u00f1os 50 le gustaba reunirse y dar textos a Juan Rulfo y a otros escritores de esa \u00e9poca, sigue vigente y m\u00e1s vivo que nunca a trav\u00e9s de su obra.<\/p>\n<p>\u201cSu legado mayor es su obra literaria, de hecho me encanta decirlo, que cuando lo leo siento que estoy hablando con \u00e9l, me pasa un fen\u00f3meno muy curioso, extra\u00f1o, \u00bfpor qu\u00e9 digo esto? porque est\u00e1 demasiado vivo, tal vez m\u00e1s vivo en sus textos que cuando estaba vivo en la vida real\u201d, agreg\u00f3.\u00a0<\/p>\n","protected":false},"excerpt":{"rendered":"<p>Hoy se celebra el centenario del natalicio del escritor zapotlense, y con este motivo Orso Arreola recuerda la obra y la pasi\u00f3n por la lectura de su padre<br \/>\nPor Redacci\u00f3n QP<\/p>\n","protected":false},"author":2,"featured_media":5218,"comment_status":"open","ping_status":"open","sticky":false,"template":"","format":"standard","meta":{"_monsterinsights_skip_tracking":false,"_monsterinsights_sitenote_active":false,"_monsterinsights_sitenote_note":"","_monsterinsights_sitenote_category":0,"footnotes":""},"categories":[58],"tags":[],"class_list":["post-5219","post","type-post","status-publish","format-standard","has-post-thumbnail","hentry","category-cultura"],"yoast_head":"<!-- This site is optimized with the Yoast SEO plugin v27.3 - https:\/\/yoast.com\/product\/yoast-seo-wordpress\/ -->\n<title>El legado literario de Juan Jos\u00e9 Arreola -<\/title>\n<meta name=\"robots\" content=\"index, follow, max-snippet:-1, max-image-preview:large, max-video-preview:-1\" \/>\n<link rel=\"canonical\" href=\"https:\/\/quehacerpolitico.mx\/?p=5219\" \/>\n<meta property=\"og:locale\" content=\"es_MX\" \/>\n<meta property=\"og:type\" content=\"article\" \/>\n<meta property=\"og:title\" content=\"El legado literario de Juan Jos\u00e9 Arreola -\" \/>\n<meta property=\"og:description\" content=\"Hoy se celebra el centenario del natalicio del escritor zapotlense, y con este motivo Orso Arreola recuerda la obra y la pasi\u00f3n por la lectura de su padre Por Redacci\u00f3n QP\" \/>\n<meta property=\"og:url\" content=\"https:\/\/quehacerpolitico.mx\/?p=5219\" \/>\n<meta property=\"article:published_time\" content=\"2018-09-21T16:16:38+00:00\" \/>\n<meta name=\"author\" content=\"Redacci\u00f3n QP\" \/>\n<meta name=\"twitter:card\" content=\"summary_large_image\" \/>\n<meta name=\"twitter:label1\" content=\"Escrito por\" \/>\n\t<meta name=\"twitter:data1\" content=\"Redacci\u00f3n QP\" \/>\n\t<meta name=\"twitter:label2\" content=\"Tiempo de lectura\" \/>\n\t<meta name=\"twitter:data2\" content=\"3 minutos\" \/>\n<script type=\"application\/ld+json\" class=\"yoast-schema-graph\">{\"@context\":\"https:\\\/\\\/schema.org\",\"@graph\":[{\"@type\":\"Article\",\"@id\":\"https:\\\/\\\/quehacerpolitico.mx\\\/?p=5219#article\",\"isPartOf\":{\"@id\":\"https:\\\/\\\/quehacerpolitico.mx\\\/?p=5219\"},\"author\":{\"name\":\"Redacci\u00f3n QP\",\"@id\":\"https:\\\/\\\/quehacerpolitico.mx\\\/#\\\/schema\\\/person\\\/496d8ad2d1d3f8036101dca7ee39e585\"},\"headline\":\"El legado literario de Juan Jos\u00e9 Arreola\",\"datePublished\":\"2018-09-21T16:16:38+00:00\",\"mainEntityOfPage\":{\"@id\":\"https:\\\/\\\/quehacerpolitico.mx\\\/?p=5219\"},\"wordCount\":602,\"commentCount\":0,\"image\":{\"@id\":\"https:\\\/\\\/quehacerpolitico.mx\\\/?p=5219#primaryimage\"},\"thumbnailUrl\":\"\",\"articleSection\":[\"Cultura y Entretenimiento\"],\"inLanguage\":\"es\",\"potentialAction\":[{\"@type\":\"CommentAction\",\"name\":\"Comment\",\"target\":[\"https:\\\/\\\/quehacerpolitico.mx\\\/?p=5219#respond\"]}]},{\"@type\":\"WebPage\",\"@id\":\"https:\\\/\\\/quehacerpolitico.mx\\\/?p=5219\",\"url\":\"https:\\\/\\\/quehacerpolitico.mx\\\/?p=5219\",\"name\":\"El legado literario de Juan Jos\u00e9 Arreola -\",\"isPartOf\":{\"@id\":\"https:\\\/\\\/quehacerpolitico.mx\\\/#website\"},\"primaryImageOfPage\":{\"@id\":\"https:\\\/\\\/quehacerpolitico.mx\\\/?p=5219#primaryimage\"},\"image\":{\"@id\":\"https:\\\/\\\/quehacerpolitico.mx\\\/?p=5219#primaryimage\"},\"thumbnailUrl\":\"\",\"datePublished\":\"2018-09-21T16:16:38+00:00\",\"author\":{\"@id\":\"https:\\\/\\\/quehacerpolitico.mx\\\/#\\\/schema\\\/person\\\/496d8ad2d1d3f8036101dca7ee39e585\"},\"breadcrumb\":{\"@id\":\"https:\\\/\\\/quehacerpolitico.mx\\\/?p=5219#breadcrumb\"},\"inLanguage\":\"es\",\"potentialAction\":[{\"@type\":\"ReadAction\",\"target\":[\"https:\\\/\\\/quehacerpolitico.mx\\\/?p=5219\"]}]},{\"@type\":\"ImageObject\",\"inLanguage\":\"es\",\"@id\":\"https:\\\/\\\/quehacerpolitico.mx\\\/?p=5219#primaryimage\",\"url\":\"\",\"contentUrl\":\"\"},{\"@type\":\"BreadcrumbList\",\"@id\":\"https:\\\/\\\/quehacerpolitico.mx\\\/?p=5219#breadcrumb\",\"itemListElement\":[{\"@type\":\"ListItem\",\"position\":1,\"name\":\"Inicio\",\"item\":\"https:\\\/\\\/quehacerpolitico.mx\\\/\"},{\"@type\":\"ListItem\",\"position\":2,\"name\":\"El legado literario de Juan Jos\u00e9 Arreola\"}]},{\"@type\":\"WebSite\",\"@id\":\"https:\\\/\\\/quehacerpolitico.mx\\\/#website\",\"url\":\"https:\\\/\\\/quehacerpolitico.mx\\\/\",\"name\":\"\",\"description\":\"\",\"potentialAction\":[{\"@type\":\"SearchAction\",\"target\":{\"@type\":\"EntryPoint\",\"urlTemplate\":\"https:\\\/\\\/quehacerpolitico.mx\\\/?s={search_term_string}\"},\"query-input\":{\"@type\":\"PropertyValueSpecification\",\"valueRequired\":true,\"valueName\":\"search_term_string\"}}],\"inLanguage\":\"es\"},{\"@type\":\"Person\",\"@id\":\"https:\\\/\\\/quehacerpolitico.mx\\\/#\\\/schema\\\/person\\\/496d8ad2d1d3f8036101dca7ee39e585\",\"name\":\"Redacci\u00f3n QP\",\"image\":{\"@type\":\"ImageObject\",\"inLanguage\":\"es\",\"@id\":\"https:\\\/\\\/secure.gravatar.com\\\/avatar\\\/c7164ed6fdec453195284ad24a5ae5b6e1eed2b848477fa2a4787ba9adf39a41?s=96&d=mm&r=g\",\"url\":\"https:\\\/\\\/secure.gravatar.com\\\/avatar\\\/c7164ed6fdec453195284ad24a5ae5b6e1eed2b848477fa2a4787ba9adf39a41?s=96&d=mm&r=g\",\"contentUrl\":\"https:\\\/\\\/secure.gravatar.com\\\/avatar\\\/c7164ed6fdec453195284ad24a5ae5b6e1eed2b848477fa2a4787ba9adf39a41?s=96&d=mm&r=g\",\"caption\":\"Redacci\u00f3n QP\"},\"url\":\"https:\\\/\\\/quehacerpolitico.mx\\\/?author=2\"}]}<\/script>\n<!-- \/ Yoast SEO plugin. -->","yoast_head_json":{"title":"El legado literario de Juan Jos\u00e9 Arreola -","robots":{"index":"index","follow":"follow","max-snippet":"max-snippet:-1","max-image-preview":"max-image-preview:large","max-video-preview":"max-video-preview:-1"},"canonical":"https:\/\/quehacerpolitico.mx\/?p=5219","og_locale":"es_MX","og_type":"article","og_title":"El legado literario de Juan Jos\u00e9 Arreola -","og_description":"Hoy se celebra el centenario del natalicio del escritor zapotlense, y con este motivo Orso Arreola recuerda la obra y la pasi\u00f3n por la lectura de su padre Por Redacci\u00f3n QP","og_url":"https:\/\/quehacerpolitico.mx\/?p=5219","article_published_time":"2018-09-21T16:16:38+00:00","author":"Redacci\u00f3n QP","twitter_card":"summary_large_image","twitter_misc":{"Escrito por":"Redacci\u00f3n QP","Tiempo de lectura":"3 minutos"},"schema":{"@context":"https:\/\/schema.org","@graph":[{"@type":"Article","@id":"https:\/\/quehacerpolitico.mx\/?p=5219#article","isPartOf":{"@id":"https:\/\/quehacerpolitico.mx\/?p=5219"},"author":{"name":"Redacci\u00f3n QP","@id":"https:\/\/quehacerpolitico.mx\/#\/schema\/person\/496d8ad2d1d3f8036101dca7ee39e585"},"headline":"El legado literario de Juan Jos\u00e9 Arreola","datePublished":"2018-09-21T16:16:38+00:00","mainEntityOfPage":{"@id":"https:\/\/quehacerpolitico.mx\/?p=5219"},"wordCount":602,"commentCount":0,"image":{"@id":"https:\/\/quehacerpolitico.mx\/?p=5219#primaryimage"},"thumbnailUrl":"","articleSection":["Cultura y Entretenimiento"],"inLanguage":"es","potentialAction":[{"@type":"CommentAction","name":"Comment","target":["https:\/\/quehacerpolitico.mx\/?p=5219#respond"]}]},{"@type":"WebPage","@id":"https:\/\/quehacerpolitico.mx\/?p=5219","url":"https:\/\/quehacerpolitico.mx\/?p=5219","name":"El legado literario de Juan Jos\u00e9 Arreola -","isPartOf":{"@id":"https:\/\/quehacerpolitico.mx\/#website"},"primaryImageOfPage":{"@id":"https:\/\/quehacerpolitico.mx\/?p=5219#primaryimage"},"image":{"@id":"https:\/\/quehacerpolitico.mx\/?p=5219#primaryimage"},"thumbnailUrl":"","datePublished":"2018-09-21T16:16:38+00:00","author":{"@id":"https:\/\/quehacerpolitico.mx\/#\/schema\/person\/496d8ad2d1d3f8036101dca7ee39e585"},"breadcrumb":{"@id":"https:\/\/quehacerpolitico.mx\/?p=5219#breadcrumb"},"inLanguage":"es","potentialAction":[{"@type":"ReadAction","target":["https:\/\/quehacerpolitico.mx\/?p=5219"]}]},{"@type":"ImageObject","inLanguage":"es","@id":"https:\/\/quehacerpolitico.mx\/?p=5219#primaryimage","url":"","contentUrl":""},{"@type":"BreadcrumbList","@id":"https:\/\/quehacerpolitico.mx\/?p=5219#breadcrumb","itemListElement":[{"@type":"ListItem","position":1,"name":"Inicio","item":"https:\/\/quehacerpolitico.mx\/"},{"@type":"ListItem","position":2,"name":"El legado literario de Juan Jos\u00e9 Arreola"}]},{"@type":"WebSite","@id":"https:\/\/quehacerpolitico.mx\/#website","url":"https:\/\/quehacerpolitico.mx\/","name":"","description":"","potentialAction":[{"@type":"SearchAction","target":{"@type":"EntryPoint","urlTemplate":"https:\/\/quehacerpolitico.mx\/?s={search_term_string}"},"query-input":{"@type":"PropertyValueSpecification","valueRequired":true,"valueName":"search_term_string"}}],"inLanguage":"es"},{"@type":"Person","@id":"https:\/\/quehacerpolitico.mx\/#\/schema\/person\/496d8ad2d1d3f8036101dca7ee39e585","name":"Redacci\u00f3n QP","image":{"@type":"ImageObject","inLanguage":"es","@id":"https:\/\/secure.gravatar.com\/avatar\/c7164ed6fdec453195284ad24a5ae5b6e1eed2b848477fa2a4787ba9adf39a41?s=96&d=mm&r=g","url":"https:\/\/secure.gravatar.com\/avatar\/c7164ed6fdec453195284ad24a5ae5b6e1eed2b848477fa2a4787ba9adf39a41?s=96&d=mm&r=g","contentUrl":"https:\/\/secure.gravatar.com\/avatar\/c7164ed6fdec453195284ad24a5ae5b6e1eed2b848477fa2a4787ba9adf39a41?s=96&d=mm&r=g","caption":"Redacci\u00f3n QP"},"url":"https:\/\/quehacerpolitico.mx\/?author=2"}]}},"featured_image_urls":{"full":"","thumbnail":"","medium":"","medium_large":"","large":"","1536x1536":"","2048x2048":"","covernews-featured":"","covernews-medium":""},"author_info":{"display_name":"Redacci\u00f3n QP","author_link":"https:\/\/quehacerpolitico.mx\/?author=2"},"category_info":"<a href=\"https:\/\/quehacerpolitico.mx\/?cat=58\" rel=\"category\">Cultura y Entretenimiento<\/a>","tag_info":"Cultura y Entretenimiento","comment_count":"0","_links":{"self":[{"href":"https:\/\/quehacerpolitico.mx\/index.php?rest_route=\/wp\/v2\/posts\/5219","targetHints":{"allow":["GET"]}}],"collection":[{"href":"https:\/\/quehacerpolitico.mx\/index.php?rest_route=\/wp\/v2\/posts"}],"about":[{"href":"https:\/\/quehacerpolitico.mx\/index.php?rest_route=\/wp\/v2\/types\/post"}],"author":[{"embeddable":true,"href":"https:\/\/quehacerpolitico.mx\/index.php?rest_route=\/wp\/v2\/users\/2"}],"replies":[{"embeddable":true,"href":"https:\/\/quehacerpolitico.mx\/index.php?rest_route=%2Fwp%2Fv2%2Fcomments&post=5219"}],"version-history":[{"count":0,"href":"https:\/\/quehacerpolitico.mx\/index.php?rest_route=\/wp\/v2\/posts\/5219\/revisions"}],"wp:featuredmedia":[{"embeddable":true,"href":"https:\/\/quehacerpolitico.mx\/index.php?rest_route=\/"}],"wp:attachment":[{"href":"https:\/\/quehacerpolitico.mx\/index.php?rest_route=%2Fwp%2Fv2%2Fmedia&parent=5219"}],"wp:term":[{"taxonomy":"category","embeddable":true,"href":"https:\/\/quehacerpolitico.mx\/index.php?rest_route=%2Fwp%2Fv2%2Fcategories&post=5219"},{"taxonomy":"post_tag","embeddable":true,"href":"https:\/\/quehacerpolitico.mx\/index.php?rest_route=%2Fwp%2Fv2%2Ftags&post=5219"}],"curies":[{"name":"wp","href":"https:\/\/api.w.org\/{rel}","templated":true}]}}