{"id":5207,"date":"2018-09-21T15:19:26","date_gmt":"2018-09-21T15:19:26","guid":{"rendered":"http:\/\/quehacerpolitico.mx\/emite-el-tepjf-reglas-para-recuento-de-votos-en-puebla\/"},"modified":"2018-09-21T15:19:26","modified_gmt":"2018-09-21T15:19:26","slug":"emite-el-tepjf-reglas-para-recuento-de-votos-en-puebla","status":"publish","type":"post","link":"https:\/\/quehacerpolitico.mx\/?p=5207","title":{"rendered":"Emite el TEPJF reglas para recuento de votos en Puebla"},"content":{"rendered":"<p>La Sala superior del Tribunal Electoral del Poder Judicial de la Federaci\u00f3n (TEPJF) estableci\u00f3 reglas generales que deber\u00e1n cumplirse para dar certeza al procedimiento de recuento total de la elecci\u00f3n de gobernador de Puebla, a fin de evitar riesgos en el resguardo de la documentaci\u00f3n o actos de indisciplina que afecten el nuevo conteo de votos.<\/p>\n<p>Se instruy\u00f3 la apertura de bodega ubicada en Puebla, donde se resguarda la documentaci\u00f3n, el domingo 23 de septiembre y la custodia de elementos de fuerzas federales para el traslado y resguardo de los paquetes ese mismo d\u00eda a la sede del recuento, las instalaciones del Tribunal de la Ciudad de M\u00e9xico.<\/p>\n<p>Los magistrados de las dos Salas Regionales Ciudad de M\u00e9xico y Toluca, mismos que ser\u00e1n los responsables del recuento, &#8220;podr\u00e1n solicitar a la fuerza p\u00fablica federal el resguardo del inmueble de este Tribunal en el que se desarrollar\u00e1n las diligencias, as\u00ed como durante el traslado&#8230; igualmente, podr\u00e1n ordenar que se desaloje a quienes no se apeguen al procedimiento establecido o caigan en actos de indisciplina&#8221;, se inform\u00f3 el organismos.<\/p>\n<p>En tanto, el Consejo General del Instituto Electoral del Estado y el Tribunal local deber\u00e1n tomar las medidas legales y pertinentes &#8220;a efecto de que la documentaci\u00f3n no se vea alterada, maltratada ni expuesta a riesgo alguno&#8221; antes del traslado.<\/p>\n<p>En la sentencia, los magistrados plasmaron las instrucciones para dar certeza a la remisi\u00f3n y traslado de paquetes, as\u00ed como su recuento.<\/p>\n<p>Los funcionarios judiciales con fe p\u00fablica que ser\u00e1n nombrados por las Salas Regionales para realizar la diligencia de apertura de bodega y traslado deber\u00e1n presentarse a partir de las 9 de la ma\u00f1ana del domingo en donde est\u00e1n resguardados los documentos, al igual que integrantes del Instituto Electoral local y del Tribunal local, y podr\u00e1n asistir representantes de partidos, coaliciones y candidatos independientes.<\/p>\n<p>Posteriormente, en presencia de los representantes de los partidos pol\u00edticos se abrir\u00e1 la bodega y se dar\u00e1 fe del estado de los paquetes; de todos estos actos se levantar\u00e1 un acta circunstanciada. Luego se realizar\u00e1 el traslado bajo custodia de fuerzas federales.<\/p>\n<p>&#8220;Una vez entregados los paquetes, se dar\u00e1 fe del resguardo de los mismos, debiendo sellar el lugar donde queden almacenados&#8221;.<\/p>\n<p>A partir de las 9 de la ma\u00f1ana del lunes 24, en las oficinas alternas del TEPJF en la capital del pa\u00eds, los magistrados de las Salas Regionales Ciudad de M\u00e9xico y Toluca deber\u00e1n dar inicio a la diligencia de recuento total de la elecci\u00f3n de gobernador de Puebla, &#8220;y de ser posible, se desarrollar\u00e1 en sesi\u00f3n ininterrumpida hasta su conclusi\u00f3n&#8221;.<\/p>\n<p>Los responsables de las Salas Regionales integrar\u00e1n los grupos de trabajo que &#8220;sean necesarios y viables&#8221;, mismos que podr\u00e1n ser integrados por funcionarios designados y el representante de cada partido, coalici\u00f3n o abanderado independiente que sea avalado por los \u00f3rganos nacionales o estatales de esas fuerzas pol\u00edticas.<\/p>\n<p>Estos grupos contar\u00e1n con asistencia de secretarios designados por la Sala Superior y s\u00f3lo podr\u00e1n participar en la diligencia funcionarios autorizados.<\/p>\n<p>Para el recuento de las 7 mil 174 casillas de los 26 distritos electorales del estado se estableci\u00f3 que &#8220;en el acto de apertura de cada casilla, se le conceder\u00e1 el uso de la palabra&#8221; al representante del partido que desee objetar la calificaci\u00f3n de determinado voto para que manifieste los argumentos que sustente su dicho, m\u00e1ximo por dos minutos en una sola ronda.<\/p>\n<p>Esa intervenci\u00f3n s\u00f3lo podr\u00e1 relacionarse con el contenido espec\u00edfico de los voto &#8220;y se limitar\u00e1 a se\u00f1alar, en forma breve y concisa, el motivo de su oposici\u00f3n&#8221; relativa a los supuestos de marcaci\u00f3n de boleta con varias opciones, la boleta carece de marca o por el contrario las razones porque un voto s\u00ed debe ser considerado v\u00e1lido. Los magistrados que encabecen cada grupo determinar\u00e1n c\u00f3mo debe calificarse cada voto objetado.<\/p>\n<p>Cada grupo recontar\u00e1 un mismo distrito electoral en orden progresivo y se extraer\u00e1n paquetes uno a la vez, se volver\u00e1 a cerrar el \u00e1rea donde est\u00e9n resguardados y as\u00ed sucesivamente, dando fe del estado en el que se encuentre cada uno.<\/p>\n<p>Primero se verificar\u00e1 que haya listado nominal correspondiente, se precisar\u00e1 n\u00famero de personas que votaron, los representantes que estuvieron en la casilla; \u00a0se consignar\u00e1n boletas sobrantes e inutilizadas y luego votos recibidos por cada partido o coalici\u00f3n, las diferentes variables de votos (marcados por m\u00e1s de un partido) y los votos nulos \u00a0y el acta resultante ser\u00e1 firmada por los que participaron en el nuevo escrutinio y c\u00f3mputo.<\/p>\n<p>Al final de \u00a0la diligencia se firmar\u00e1 el acta respectiva por los representantes partidistas o en caso de que se nieguen a hacerlo eso quedar\u00e1 consignado, y toda la documentaci\u00f3n generada (actas de c\u00f3mputo de punto de recuento) deber\u00e1 ser remitida a la Sala Superior en un solo paquete cerrado por distrito.<\/p>\n","protected":false},"excerpt":{"rendered":"<p>El domingo 23 de septiembre se trasladar\u00e1n los paquetes electorales al Tribunal de la Ciudad de M\u00e9xico, donde se realizar\u00e1 la revisi\u00f3n<br \/>\nPor Redacci\u00f3n QP<\/p>\n","protected":false},"author":2,"featured_media":5206,"comment_status":"open","ping_status":"open","sticky":false,"template":"","format":"standard","meta":{"_monsterinsights_skip_tracking":false,"_monsterinsights_sitenote_active":false,"_monsterinsights_sitenote_note":"","_monsterinsights_sitenote_category":0,"footnotes":""},"categories":[2],"tags":[],"class_list":["post-5207","post","type-post","status-publish","format-standard","has-post-thumbnail","hentry","category-noticias"],"yoast_head":"<!-- This site is optimized with the Yoast SEO plugin v27.3 - https:\/\/yoast.com\/product\/yoast-seo-wordpress\/ -->\n<title>Emite el TEPJF reglas para recuento de votos en Puebla -<\/title>\n<meta name=\"robots\" content=\"index, follow, max-snippet:-1, max-image-preview:large, max-video-preview:-1\" \/>\n<link rel=\"canonical\" href=\"https:\/\/quehacerpolitico.mx\/?p=5207\" \/>\n<meta property=\"og:locale\" content=\"es_MX\" \/>\n<meta property=\"og:type\" content=\"article\" \/>\n<meta property=\"og:title\" content=\"Emite el TEPJF reglas para recuento de votos en Puebla -\" \/>\n<meta property=\"og:description\" content=\"El domingo 23 de septiembre se trasladar\u00e1n los paquetes electorales al Tribunal de la Ciudad de M\u00e9xico, donde se realizar\u00e1 la revisi\u00f3n Por Redacci\u00f3n QP\" \/>\n<meta property=\"og:url\" content=\"https:\/\/quehacerpolitico.mx\/?p=5207\" \/>\n<meta property=\"article:published_time\" content=\"2018-09-21T15:19:26+00:00\" \/>\n<meta name=\"author\" content=\"Redacci\u00f3n QP\" \/>\n<meta name=\"twitter:card\" content=\"summary_large_image\" \/>\n<meta name=\"twitter:label1\" content=\"Escrito por\" \/>\n\t<meta name=\"twitter:data1\" content=\"Redacci\u00f3n QP\" \/>\n\t<meta name=\"twitter:label2\" content=\"Tiempo de lectura\" \/>\n\t<meta name=\"twitter:data2\" content=\"4 minutos\" \/>\n<script type=\"application\/ld+json\" class=\"yoast-schema-graph\">{\"@context\":\"https:\\\/\\\/schema.org\",\"@graph\":[{\"@type\":\"Article\",\"@id\":\"https:\\\/\\\/quehacerpolitico.mx\\\/?p=5207#article\",\"isPartOf\":{\"@id\":\"https:\\\/\\\/quehacerpolitico.mx\\\/?p=5207\"},\"author\":{\"name\":\"Redacci\u00f3n QP\",\"@id\":\"https:\\\/\\\/quehacerpolitico.mx\\\/#\\\/schema\\\/person\\\/496d8ad2d1d3f8036101dca7ee39e585\"},\"headline\":\"Emite el TEPJF reglas para recuento de votos en Puebla\",\"datePublished\":\"2018-09-21T15:19:26+00:00\",\"mainEntityOfPage\":{\"@id\":\"https:\\\/\\\/quehacerpolitico.mx\\\/?p=5207\"},\"wordCount\":848,\"commentCount\":0,\"image\":{\"@id\":\"https:\\\/\\\/quehacerpolitico.mx\\\/?p=5207#primaryimage\"},\"thumbnailUrl\":\"\",\"articleSection\":[\"Noticias\"],\"inLanguage\":\"es\",\"potentialAction\":[{\"@type\":\"CommentAction\",\"name\":\"Comment\",\"target\":[\"https:\\\/\\\/quehacerpolitico.mx\\\/?p=5207#respond\"]}]},{\"@type\":\"WebPage\",\"@id\":\"https:\\\/\\\/quehacerpolitico.mx\\\/?p=5207\",\"url\":\"https:\\\/\\\/quehacerpolitico.mx\\\/?p=5207\",\"name\":\"Emite el TEPJF reglas para recuento de votos en Puebla -\",\"isPartOf\":{\"@id\":\"https:\\\/\\\/quehacerpolitico.mx\\\/#website\"},\"primaryImageOfPage\":{\"@id\":\"https:\\\/\\\/quehacerpolitico.mx\\\/?p=5207#primaryimage\"},\"image\":{\"@id\":\"https:\\\/\\\/quehacerpolitico.mx\\\/?p=5207#primaryimage\"},\"thumbnailUrl\":\"\",\"datePublished\":\"2018-09-21T15:19:26+00:00\",\"author\":{\"@id\":\"https:\\\/\\\/quehacerpolitico.mx\\\/#\\\/schema\\\/person\\\/496d8ad2d1d3f8036101dca7ee39e585\"},\"breadcrumb\":{\"@id\":\"https:\\\/\\\/quehacerpolitico.mx\\\/?p=5207#breadcrumb\"},\"inLanguage\":\"es\",\"potentialAction\":[{\"@type\":\"ReadAction\",\"target\":[\"https:\\\/\\\/quehacerpolitico.mx\\\/?p=5207\"]}]},{\"@type\":\"ImageObject\",\"inLanguage\":\"es\",\"@id\":\"https:\\\/\\\/quehacerpolitico.mx\\\/?p=5207#primaryimage\",\"url\":\"\",\"contentUrl\":\"\"},{\"@type\":\"BreadcrumbList\",\"@id\":\"https:\\\/\\\/quehacerpolitico.mx\\\/?p=5207#breadcrumb\",\"itemListElement\":[{\"@type\":\"ListItem\",\"position\":1,\"name\":\"Inicio\",\"item\":\"https:\\\/\\\/quehacerpolitico.mx\\\/\"},{\"@type\":\"ListItem\",\"position\":2,\"name\":\"Emite el TEPJF reglas para recuento de votos en Puebla\"}]},{\"@type\":\"WebSite\",\"@id\":\"https:\\\/\\\/quehacerpolitico.mx\\\/#website\",\"url\":\"https:\\\/\\\/quehacerpolitico.mx\\\/\",\"name\":\"\",\"description\":\"\",\"potentialAction\":[{\"@type\":\"SearchAction\",\"target\":{\"@type\":\"EntryPoint\",\"urlTemplate\":\"https:\\\/\\\/quehacerpolitico.mx\\\/?s={search_term_string}\"},\"query-input\":{\"@type\":\"PropertyValueSpecification\",\"valueRequired\":true,\"valueName\":\"search_term_string\"}}],\"inLanguage\":\"es\"},{\"@type\":\"Person\",\"@id\":\"https:\\\/\\\/quehacerpolitico.mx\\\/#\\\/schema\\\/person\\\/496d8ad2d1d3f8036101dca7ee39e585\",\"name\":\"Redacci\u00f3n QP\",\"image\":{\"@type\":\"ImageObject\",\"inLanguage\":\"es\",\"@id\":\"https:\\\/\\\/secure.gravatar.com\\\/avatar\\\/c7164ed6fdec453195284ad24a5ae5b6e1eed2b848477fa2a4787ba9adf39a41?s=96&d=mm&r=g\",\"url\":\"https:\\\/\\\/secure.gravatar.com\\\/avatar\\\/c7164ed6fdec453195284ad24a5ae5b6e1eed2b848477fa2a4787ba9adf39a41?s=96&d=mm&r=g\",\"contentUrl\":\"https:\\\/\\\/secure.gravatar.com\\\/avatar\\\/c7164ed6fdec453195284ad24a5ae5b6e1eed2b848477fa2a4787ba9adf39a41?s=96&d=mm&r=g\",\"caption\":\"Redacci\u00f3n QP\"},\"url\":\"https:\\\/\\\/quehacerpolitico.mx\\\/?author=2\"}]}<\/script>\n<!-- \/ Yoast SEO plugin. -->","yoast_head_json":{"title":"Emite el TEPJF reglas para recuento de votos en Puebla -","robots":{"index":"index","follow":"follow","max-snippet":"max-snippet:-1","max-image-preview":"max-image-preview:large","max-video-preview":"max-video-preview:-1"},"canonical":"https:\/\/quehacerpolitico.mx\/?p=5207","og_locale":"es_MX","og_type":"article","og_title":"Emite el TEPJF reglas para recuento de votos en Puebla -","og_description":"El domingo 23 de septiembre se trasladar\u00e1n los paquetes electorales al Tribunal de la Ciudad de M\u00e9xico, donde se realizar\u00e1 la revisi\u00f3n Por Redacci\u00f3n QP","og_url":"https:\/\/quehacerpolitico.mx\/?p=5207","article_published_time":"2018-09-21T15:19:26+00:00","author":"Redacci\u00f3n QP","twitter_card":"summary_large_image","twitter_misc":{"Escrito por":"Redacci\u00f3n QP","Tiempo de lectura":"4 minutos"},"schema":{"@context":"https:\/\/schema.org","@graph":[{"@type":"Article","@id":"https:\/\/quehacerpolitico.mx\/?p=5207#article","isPartOf":{"@id":"https:\/\/quehacerpolitico.mx\/?p=5207"},"author":{"name":"Redacci\u00f3n QP","@id":"https:\/\/quehacerpolitico.mx\/#\/schema\/person\/496d8ad2d1d3f8036101dca7ee39e585"},"headline":"Emite el TEPJF reglas para recuento de votos en Puebla","datePublished":"2018-09-21T15:19:26+00:00","mainEntityOfPage":{"@id":"https:\/\/quehacerpolitico.mx\/?p=5207"},"wordCount":848,"commentCount":0,"image":{"@id":"https:\/\/quehacerpolitico.mx\/?p=5207#primaryimage"},"thumbnailUrl":"","articleSection":["Noticias"],"inLanguage":"es","potentialAction":[{"@type":"CommentAction","name":"Comment","target":["https:\/\/quehacerpolitico.mx\/?p=5207#respond"]}]},{"@type":"WebPage","@id":"https:\/\/quehacerpolitico.mx\/?p=5207","url":"https:\/\/quehacerpolitico.mx\/?p=5207","name":"Emite el TEPJF reglas para recuento de votos en Puebla -","isPartOf":{"@id":"https:\/\/quehacerpolitico.mx\/#website"},"primaryImageOfPage":{"@id":"https:\/\/quehacerpolitico.mx\/?p=5207#primaryimage"},"image":{"@id":"https:\/\/quehacerpolitico.mx\/?p=5207#primaryimage"},"thumbnailUrl":"","datePublished":"2018-09-21T15:19:26+00:00","author":{"@id":"https:\/\/quehacerpolitico.mx\/#\/schema\/person\/496d8ad2d1d3f8036101dca7ee39e585"},"breadcrumb":{"@id":"https:\/\/quehacerpolitico.mx\/?p=5207#breadcrumb"},"inLanguage":"es","potentialAction":[{"@type":"ReadAction","target":["https:\/\/quehacerpolitico.mx\/?p=5207"]}]},{"@type":"ImageObject","inLanguage":"es","@id":"https:\/\/quehacerpolitico.mx\/?p=5207#primaryimage","url":"","contentUrl":""},{"@type":"BreadcrumbList","@id":"https:\/\/quehacerpolitico.mx\/?p=5207#breadcrumb","itemListElement":[{"@type":"ListItem","position":1,"name":"Inicio","item":"https:\/\/quehacerpolitico.mx\/"},{"@type":"ListItem","position":2,"name":"Emite el TEPJF reglas para recuento de votos en Puebla"}]},{"@type":"WebSite","@id":"https:\/\/quehacerpolitico.mx\/#website","url":"https:\/\/quehacerpolitico.mx\/","name":"","description":"","potentialAction":[{"@type":"SearchAction","target":{"@type":"EntryPoint","urlTemplate":"https:\/\/quehacerpolitico.mx\/?s={search_term_string}"},"query-input":{"@type":"PropertyValueSpecification","valueRequired":true,"valueName":"search_term_string"}}],"inLanguage":"es"},{"@type":"Person","@id":"https:\/\/quehacerpolitico.mx\/#\/schema\/person\/496d8ad2d1d3f8036101dca7ee39e585","name":"Redacci\u00f3n QP","image":{"@type":"ImageObject","inLanguage":"es","@id":"https:\/\/secure.gravatar.com\/avatar\/c7164ed6fdec453195284ad24a5ae5b6e1eed2b848477fa2a4787ba9adf39a41?s=96&d=mm&r=g","url":"https:\/\/secure.gravatar.com\/avatar\/c7164ed6fdec453195284ad24a5ae5b6e1eed2b848477fa2a4787ba9adf39a41?s=96&d=mm&r=g","contentUrl":"https:\/\/secure.gravatar.com\/avatar\/c7164ed6fdec453195284ad24a5ae5b6e1eed2b848477fa2a4787ba9adf39a41?s=96&d=mm&r=g","caption":"Redacci\u00f3n QP"},"url":"https:\/\/quehacerpolitico.mx\/?author=2"}]}},"featured_image_urls":{"full":"","thumbnail":"","medium":"","medium_large":"","large":"","1536x1536":"","2048x2048":"","covernews-featured":"","covernews-medium":""},"author_info":{"display_name":"Redacci\u00f3n QP","author_link":"https:\/\/quehacerpolitico.mx\/?author=2"},"category_info":"<a href=\"https:\/\/quehacerpolitico.mx\/?cat=2\" rel=\"category\">Noticias<\/a>","tag_info":"Noticias","comment_count":"0","_links":{"self":[{"href":"https:\/\/quehacerpolitico.mx\/index.php?rest_route=\/wp\/v2\/posts\/5207","targetHints":{"allow":["GET"]}}],"collection":[{"href":"https:\/\/quehacerpolitico.mx\/index.php?rest_route=\/wp\/v2\/posts"}],"about":[{"href":"https:\/\/quehacerpolitico.mx\/index.php?rest_route=\/wp\/v2\/types\/post"}],"author":[{"embeddable":true,"href":"https:\/\/quehacerpolitico.mx\/index.php?rest_route=\/wp\/v2\/users\/2"}],"replies":[{"embeddable":true,"href":"https:\/\/quehacerpolitico.mx\/index.php?rest_route=%2Fwp%2Fv2%2Fcomments&post=5207"}],"version-history":[{"count":0,"href":"https:\/\/quehacerpolitico.mx\/index.php?rest_route=\/wp\/v2\/posts\/5207\/revisions"}],"wp:featuredmedia":[{"embeddable":true,"href":"https:\/\/quehacerpolitico.mx\/index.php?rest_route=\/"}],"wp:attachment":[{"href":"https:\/\/quehacerpolitico.mx\/index.php?rest_route=%2Fwp%2Fv2%2Fmedia&parent=5207"}],"wp:term":[{"taxonomy":"category","embeddable":true,"href":"https:\/\/quehacerpolitico.mx\/index.php?rest_route=%2Fwp%2Fv2%2Fcategories&post=5207"},{"taxonomy":"post_tag","embeddable":true,"href":"https:\/\/quehacerpolitico.mx\/index.php?rest_route=%2Fwp%2Fv2%2Ftags&post=5207"}],"curies":[{"name":"wp","href":"https:\/\/api.w.org\/{rel}","templated":true}]}}