{"id":5199,"date":"2018-09-21T14:41:35","date_gmt":"2018-09-21T14:41:35","guid":{"rendered":"http:\/\/quehacerpolitico.mx\/la-fiscalia-de-jalisco-fue-de-una-mentira-a-otra-y-trato-cientos-de-cuerpos-como-basura-graficos\/"},"modified":"2018-09-21T14:41:35","modified_gmt":"2018-09-21T14:41:35","slug":"la-fiscalia-de-jalisco-fue-de-una-mentira-a-otra-y-trato-cientos-de-cuerpos-como-basura-graficos","status":"publish","type":"post","link":"https:\/\/quehacerpolitico.mx\/?p=5199","title":{"rendered":"La Fiscal\u00eda de Jalisco fue de una mentira a otra y trat\u00f3 cientos de cuerpos como basura (GR\u00c1FICOS)"},"content":{"rendered":"<h3><strong>El ir y venir por al menos tres municipios de Jalisco de aproximadamente 300 cuerpos en estado de descomposici\u00f3n, y con la anuencia de las autoridades de la entidad, ha desatado un esc\u00e1ndalo de dimensi\u00f3n internacional y del que a\u00fan queda mucho por revelarse, pues altos funcionarios locales han ca\u00eddo en contradicciones.<\/strong><\/h3>\n<h3><strong>El Gobernador de la entidad, el Secretario de Gobierno y los ahora destituidos Fiscal General y director del Instituto Jalisciense de Ciencias Forenses han dado versiones encontradas: unos a otros se acusan de saber que el problema estaba ah\u00ed y nadie hizo nada. Hubo negligencia, s\u00ed. Pero, \u00bfd\u00f3nde se origin\u00f3? No se sabe.<\/strong><\/h3>\n<p>De mentira en mentira o de verdades a medias, as\u00ed ha ido creciendo, hasta alcanzar dimensi\u00f3n internacional, el esc\u00e1ndalo por el peregrinar de restos humanos descompuestos en Jalisco.<\/p>\n<p>El ir y venir de un tr\u00e1iler que conten\u00eda 157 cuerpos supuestamente en refrigeraci\u00f3n, m\u00e1s las condiciones en las que se encuentran m\u00e1s de 100 restos humanos en otro veh\u00edculo apostado el patio del Instituto Jalisciense de Ciencias Forenses (IJCF), han puesto al Gobierno de Jalisco, que lidera el priista Arist\u00f3teles Sandoval D\u00edaz, en el ojo del hurac\u00e1n, y como ejemplo de la negligencia y falta de capacidad de los gobiernos para ocuparse integralmente del tema de la violencia, acusaron organizaciones civiles y de padres de desaparecidos.<\/p>\n<p>Los choferes encargados de trasladar los restos humanos por tres municipios de la entidad fueron advertidos que era una operaci\u00f3n ilegal, y les pidieron que \u201ccerraran el hocico\u201d.<\/p>\n<p>Sab\u00eda el Fiscal de Jalisco, Ra\u00fal S\u00e1nchez Jim\u00e9nez, ahora destituido. Sab\u00eda el Gobernador Arist\u00f3teles Sandoval. Recib\u00edan instrucciones directas de la Fiscal\u00eda para mover los cad\u00e1veres de un lado a otro, \u00a0dijo uno de los choferes, que ayud\u00f3 al traslado de cuerpos, a periodistas del sitio jalisciense <em>Cabecera.mx<\/em>.<\/p>\n<p>\u2013En alg\u00fan momento, \u00bfalguien les dijo que se mantuvieran sigilosos porque se estaba procediendo de una manera inadecuada? \u2013le pregunt\u00f3 al chofer un reportero.<\/p>\n<blockquote>\n<p>\u2013S\u00ed, claro. Por eso es que le digo que a m\u00ed me da miedo platicar esto. A nosotros nos hicieron saber que si abr\u00edamos el hocico, algo nos podr\u00eda pasar. As\u00ed nos lo dijeron, con esas palabras. Nos lo hicieron notar unos tipos de una camioneta de la Fiscal\u00eda. \u201cUstedes c\u00e1llense, cierren el hocico, se les va a pagar bien\u201d.<\/p>\n<\/blockquote>\n<p>Sin embargo, el Gobernador de Jalisco no ha reconocido responsabilidad alguna.<\/p>\n<p>\u201cNo estoy dispuesto a tolerar este tipo de errores que sacuden y horrorizan a la opini\u00f3n p\u00fablica. La acumulaci\u00f3n de cuerpos en las instalaciones del Instituto tiene una l\u00f3gica de negligencia, indolencia falta de coordinaci\u00f3n y nula capacidad de gesti\u00f3n. Las determinaciones que he tomado estos \u00faltimos d\u00edas buscan ser sanciones que se ajusten a la dimensi\u00f3n de estas anomal\u00edas\u201d, dijo Sandoval D\u00edaz ayer, al anunciar el cese de Ra\u00fal S\u00e1nchez Jim\u00e9nez, Fiscal General de la entidad.<img loading=\"lazy\" decoding=\"async\" class=\"aligncenter size-full wp-image-3474272\" src=\"http:\/\/www.sinembargo.mx\/wp-content\/uploads\/2018\/09\/cuerpos-trailersok.jpg\" sizes=\"auto, (max-width: 700px) 100vw, 700px\" srcset=\"http:\/\/www.sinembargo.mx\/wp-content\/uploads\/2018\/09\/cuerpos-trailersok.jpg 700w, http:\/\/www.sinembargo.mx\/wp-content\/uploads\/2018\/09\/cuerpos-trailersok-39x300.jpg 39w\" alt=\"\" width=\"700\" height=\"5372\" \/><\/p>\n<p>Dos d\u00edas antes, el Gobernador hab\u00eda despedido a Luis Octavio Cotero Bernal, quien fung\u00eda como director del Instituto Jalisciense de Ciencias Forenses (IJCG).<\/p>\n<p>El Gobernador dijo tambi\u00e9n que no sab\u00eda de las condiciones en que se encontraban las instalaciones del IJCF.<\/p>\n<blockquote>\n<p>\u201cNo estoy dispuesto a tolerar estos errores. La acumulaci\u00f3n de cuerpos en las instalaciones tiene una l\u00f3gica: negligencia\u201d, dijo el 19 de septiembre.<\/p>\n<\/blockquote>\n<p>Sin embargo, Cotero Bernal dijo que \u00e9l alert\u00f3 tanto a la Fiscal\u00eda General como la Secretar\u00eda de Gobierno la urgencia de construir un espacio donde se pudieran inhumar los cuerpos porque eran demasiados.<\/p>\n<p>Tambi\u00e9n detall\u00f3 que por la visita de integrantes de organismos defensores de derechos humanos a Jalisco, los cuerpos que permanec\u00edan en el suelo de una \u00e1rea del Instituto Jalisciense de Ciencias Forense, sin refrigerar, fueron movidos al tr\u00e1iler que se encuentra en el patio de la instituci\u00f3n.<\/p>\n<blockquote>\n<p>\u201cSon los que estaban guardados por ah\u00ed, y llegaron y los aventaron para que no los vieran en las instalaciones del edificio. Estaban en el edificio, pero fueron y los aventaron al cami\u00f3n as\u00ed como se ven [en las fotos que circulan en redes sociales y en la prensa], eso yo jam\u00e1s lo hubiera permitido (\u2026) Es lamentable que est\u00e9n cubriendo sus cosas de esta manera tan atroz\u201d.<\/p>\n<\/blockquote>\n<p>En tanto, Roberto L\u00f3pez Lara, Secretario de Gobierno de Jalisco, confirm\u00f3, sin aceptarlo literalmente, que sab\u00eda de la situaci\u00f3n.<\/p>\n<p>El funcionario explic\u00f3 en una de las primeras reacciones a la prensa, luego de que estallara el esc\u00e1ndalo, que el contenedor fue dejado en el predio de Tlajomulco de Z\u00fa\u00f1iga, a la espera de la construcci\u00f3n de un \u201ccampo experimental forense\u201d en el municipio de Tonal\u00e1, donde el Gobierno estatal pretend\u00eda tener nichos para inhumar y cremar hasta 700 cad\u00e1veres no identificados.<\/p>\n<p>Por su parte, la Comisi\u00f3n Estatal de Derechos Humanos de Jalisco (CEDHJ) abri\u00f3 un acta de investigaci\u00f3n por los hechos y record\u00f3 que el 21 de marzo pasado emiti\u00f3 una recomendaci\u00f3n en la que ya le exig\u00eda al Gobierno estatal tener un cementerio forense para los cad\u00e1veres que son resguardados por la autoridad ministerial.<\/p>\n<blockquote>\n<p>\u201cLa CEDHJ pidi\u00f3 al IJCF que, en coordinaci\u00f3n con la Fiscal\u00eda General del Estado, establezcan un cementerio forense para realizar, conforme a los protocolos correspondientes, las inhumaciones\u201d de aquellos cuerpos que a\u00fan no han sido identificados por sus familiares, expuso el organismo en un comunicado difundido hace tres d\u00edas.<\/p>\n<\/blockquote>\n<p>Tambi\u00e9n advirti\u00f3 a las autoridades del estado de asegurarse que, antes de la inhumaci\u00f3n, deben estar \u201cdebidamente tomados y capturados los registros de datos completos y correctos, incluyendo los perfiles gen\u00e9ticos de ADN\u201d.<\/p>\n<p><strong>LA MORGUE DE LA INDIGNACI\u00d3N<\/strong><\/p>\n<p>El 17 de septiembre, Luis Octavio Cotero fue cesado como director del IJCF, luego de que un tr\u00e1iler con 157 cuerpos supuestamente refrigerados rondara por diferentes puntos de Guadalajara y de municipios connurbados de la capital jalisciense.<\/p>\n<p>El veh\u00edculo con caja de refrigeraci\u00f3n estuvo estacionado durante meses \u2013no se sabe con precisi\u00f3n cu\u00e1ntos\u2013 en el patio del Instituto Jaliscience de Ciencias Forenses, debido a que los cuerpos sin reconocer ya no caben dentro de sus instalaciones. El Instituto tiene su sede en la calle Batalla de Zacatecas, n\u00famero 2395, en el Fraccionamiento Revoluci\u00f3n del municipio de Tlaquepaque.<\/p>\n<p>Una segunda caja con m\u00e1s de 100 cuerpos, se inform\u00f3 despu\u00e9s, se halla estacionada en el patio del Instituto, lo que significa que hay aproximadamente 300 cuerpos hacinados en esas cajas refrigerantes.<\/p>\n<p>La caja que deambul\u00f3 por la entidad con restos humanos fue sacada del IJCF la noche del 4 de septiembre pasado. De acuerdo con la informaci\u00f3n que se ha consignado en la prensa, el veh\u00edculo estuvo resguardado por personal de la Fuerza \u00danica de Jalisco en una bodega de la colonia Duraznera, situada tambi\u00e9n en Tlaquepaque, pero ante los reclamos de vecinos inconformes por los malos olores que desped\u00eda, la Alcaldesa Mar\u00eda Elena Lim\u00f3n Garc\u00eda exigi\u00f3 al IJCF que se moviera.<\/p>\n<p>As\u00ed, la noche del viernes 14 de septiembre el veh\u00edculo fue trasladado a una brecha a espaldas del Fraccionamiento Paseos del Valle, en el municipio de Tlajomulco de Z\u00fa\u00f1iga. Ah\u00ed qued\u00f3 varada s\u00f3lo la caja con los cuerpos.<\/p>\n<p>En unas horas los reclamos de vecinos subieron de tono, y varios de ellos denunciaron con fotos y videos en las redes sociales la presencia de la caja abandonada y los olores f\u00e9tidos, adem\u00e1s de que observaron manchas de sangre y otros l\u00edquidos.<\/p>\n<p>Fue entonces que estall\u00f3 el esc\u00e1ndalo que hoy ya ha tomado dimensi\u00f3n internacional.<\/p>\n<p>El domingo 16 de septiembre esa caja fue enviada a una bodega de la Zona Industrial de Guadalajara, por cierto muy cerca de las instalaciones de la Fiscal\u00eda General del Estado de Jalisco, que se ubica en Calle 14 n\u00famero 2550, en esa misma Zona Industrial.<\/p>\n<p>Ya despedido, Cotero Bernal Cotero se deslind\u00f3 de cualquier responsabilidad por el abandono de los cuerpos y acus\u00f3 a la Fiscal\u00eda General del Estado y al Gobierno del priista Arist\u00f3teles Sandoval de no hacer lo necesario para que los cad\u00e1veres est\u00e9n preservados en refrigeradores adecuados o inhumados en un cementerio forense.<\/p>\n<blockquote>\n<p>\u201cSe estaba buscando un lugar decorosamente para inhumar los cuerpos una vez que se construyera un cementerio, pero a la fecha est\u00e1 suspendida la obra y no se tiene un lugar donde construir\u201d, asegur\u00f3 el ex ahora funcionario.<\/p>\n<\/blockquote>\n<p>De acuerdo con los medios locales, Cotero afirm\u00f3 en rueda de prensa que la orden de sacar el tr\u00e1iler con 157 cuerpos fue de la Fiscal\u00eda del Estado, pues legalmente a esa dependencia corresponde el resguardo de los cuerpos.<\/p>\n<blockquote>\n<p>\u201cQuien lo orden\u00f3 debe ser la Fiscal Central o el Fiscal General; no hay ning\u00fan documento [un informe del movimiento del tr\u00e1iler], a m\u00ed no ten\u00edan que darme ning\u00fan documento, ellos son quienes disponen, fue provisional que fueran a dar ah\u00ed [al Instituto] para ser dictaminados\u201d. explic\u00f3.<\/p>\n<\/blockquote>\n<p>Adem\u00e1s, detall\u00f3, fue la noche del 4 de septiembre, que llegaron dos patrullas para sacar el tr\u00e1iler cuando ya s\u00f3lo estaba en la sede del IJCF el responsable de seguridad de las instalaciones.<\/p>\n<p><strong>RECLAMOS CONTRA EL GOBERNADOR<\/strong><\/p>\n<p>Luego de que detonara el esc\u00e1ndalo, el Consejo Nacional Ciudadano del Sistema Nacional de B\u00fasqueda de Personas Desaparecidas solicit\u00f3 al Gobierno de Arist\u00f3teles Sandoval informaci\u00f3n sobre los cuerpos que se hallan hacinados en los tr\u00e1ileres.<\/p>\n<p>En un un documento exigi\u00f3 el n\u00famero de carpetas de investigaci\u00f3n a las que corresponden los cad\u00e1veres.<\/p>\n<blockquote>\n<p>\u201cEl Gobierno del Estado tiene la responsabilidad de generar las condiciones necesarias para que los cuerpos de las personas no identificadas y\/o entregadas a sus familias reciban un trato digno\u201d, expuso.<\/p>\n<p>Adem\u00e1s, la bancada del Partido Acci\u00f3n Nacional (PAN) en el Congreso de Jalisco exigi\u00f3 al Gobernador que explique si existen m\u00e1s tr\u00e1ileres con personas fallecidas deambulando por Jalisco.<\/p>\n<p>El coordinador del grupo parlamentario blanquiazul, Miguel Monraz Ibarra, \u00a0afirm\u00f3 que la destituci\u00f3n de funcionarios no es suficiente y explic\u00f3 que existe la sospecha de que hay m\u00e1s veh\u00edculos refrigerantes con cuerpos y eso lo debe explicar Arist\u00f3teles Sandoval.<\/p>\n<p>Tambi\u00e9n dijo que hay otros que deben irse de su cargo y que en lugar de citar a comparecer al Secretario de Gobierno Roberto L\u00f3pez Lara, como propuso Movimiento Ciudadano, lo que se debe exigir es una explicaci\u00f3n del mism\u00edsimo Gobernador Arist\u00f3teles Sandoval a quien llam\u00f3 a no lavarse las manos por esta crisis.<\/p>\n<p>Con Informaci\u00f3n de Sin Embargo.mx<\/p>\n<\/blockquote>\n","protected":false},"excerpt":{"rendered":"<p>La Fiscal\u00eda de Jalisco fue de una mentira a otra y trat\u00f3 cientos de cuerpos como basura (GR\u00c1FICOS)<br \/>\nPor Redacci\u00f3n QP<\/p>\n","protected":false},"author":2,"featured_media":5198,"comment_status":"open","ping_status":"open","sticky":false,"template":"","format":"standard","meta":{"_monsterinsights_skip_tracking":false,"_monsterinsights_sitenote_active":false,"_monsterinsights_sitenote_note":"","_monsterinsights_sitenote_category":0,"footnotes":""},"categories":[2],"tags":[],"class_list":["post-5199","post","type-post","status-publish","format-standard","has-post-thumbnail","hentry","category-noticias"],"yoast_head":"<!-- This site is optimized with the Yoast SEO plugin v27.3 - https:\/\/yoast.com\/product\/yoast-seo-wordpress\/ -->\n<title>La Fiscal\u00eda de Jalisco fue de una mentira a otra y trat\u00f3 cientos de cuerpos como basura (GR\u00c1FICOS) -<\/title>\n<meta name=\"robots\" content=\"index, follow, max-snippet:-1, max-image-preview:large, max-video-preview:-1\" \/>\n<link rel=\"canonical\" href=\"https:\/\/quehacerpolitico.mx\/?p=5199\" \/>\n<meta property=\"og:locale\" content=\"es_MX\" \/>\n<meta property=\"og:type\" content=\"article\" \/>\n<meta property=\"og:title\" content=\"La Fiscal\u00eda de Jalisco fue de una mentira a otra y trat\u00f3 cientos de cuerpos como basura (GR\u00c1FICOS) -\" \/>\n<meta property=\"og:description\" content=\"La Fiscal\u00eda de Jalisco fue de una mentira a otra y trat\u00f3 cientos de cuerpos como basura (GR\u00c1FICOS) Por Redacci\u00f3n QP\" \/>\n<meta property=\"og:url\" content=\"https:\/\/quehacerpolitico.mx\/?p=5199\" \/>\n<meta property=\"article:published_time\" content=\"2018-09-21T14:41:35+00:00\" \/>\n<meta name=\"author\" content=\"Redacci\u00f3n QP\" \/>\n<meta name=\"twitter:card\" content=\"summary_large_image\" \/>\n<meta name=\"twitter:label1\" content=\"Escrito por\" \/>\n\t<meta name=\"twitter:data1\" content=\"Redacci\u00f3n QP\" \/>\n\t<meta name=\"twitter:label2\" content=\"Tiempo de lectura\" \/>\n\t<meta name=\"twitter:data2\" content=\"9 minutos\" \/>\n<script type=\"application\/ld+json\" class=\"yoast-schema-graph\">{\"@context\":\"https:\\\/\\\/schema.org\",\"@graph\":[{\"@type\":\"Article\",\"@id\":\"https:\\\/\\\/quehacerpolitico.mx\\\/?p=5199#article\",\"isPartOf\":{\"@id\":\"https:\\\/\\\/quehacerpolitico.mx\\\/?p=5199\"},\"author\":{\"name\":\"Redacci\u00f3n QP\",\"@id\":\"https:\\\/\\\/quehacerpolitico.mx\\\/#\\\/schema\\\/person\\\/496d8ad2d1d3f8036101dca7ee39e585\"},\"headline\":\"La Fiscal\u00eda de Jalisco fue de una mentira a otra y trat\u00f3 cientos de cuerpos como basura (GR\u00c1FICOS)\",\"datePublished\":\"2018-09-21T14:41:35+00:00\",\"mainEntityOfPage\":{\"@id\":\"https:\\\/\\\/quehacerpolitico.mx\\\/?p=5199\"},\"wordCount\":1819,\"commentCount\":0,\"image\":{\"@id\":\"https:\\\/\\\/quehacerpolitico.mx\\\/?p=5199#primaryimage\"},\"thumbnailUrl\":\"\",\"articleSection\":[\"Noticias\"],\"inLanguage\":\"es\",\"potentialAction\":[{\"@type\":\"CommentAction\",\"name\":\"Comment\",\"target\":[\"https:\\\/\\\/quehacerpolitico.mx\\\/?p=5199#respond\"]}]},{\"@type\":\"WebPage\",\"@id\":\"https:\\\/\\\/quehacerpolitico.mx\\\/?p=5199\",\"url\":\"https:\\\/\\\/quehacerpolitico.mx\\\/?p=5199\",\"name\":\"La Fiscal\u00eda de Jalisco fue de una mentira a otra y trat\u00f3 cientos de cuerpos como basura (GR\u00c1FICOS) -\",\"isPartOf\":{\"@id\":\"https:\\\/\\\/quehacerpolitico.mx\\\/#website\"},\"primaryImageOfPage\":{\"@id\":\"https:\\\/\\\/quehacerpolitico.mx\\\/?p=5199#primaryimage\"},\"image\":{\"@id\":\"https:\\\/\\\/quehacerpolitico.mx\\\/?p=5199#primaryimage\"},\"thumbnailUrl\":\"\",\"datePublished\":\"2018-09-21T14:41:35+00:00\",\"author\":{\"@id\":\"https:\\\/\\\/quehacerpolitico.mx\\\/#\\\/schema\\\/person\\\/496d8ad2d1d3f8036101dca7ee39e585\"},\"breadcrumb\":{\"@id\":\"https:\\\/\\\/quehacerpolitico.mx\\\/?p=5199#breadcrumb\"},\"inLanguage\":\"es\",\"potentialAction\":[{\"@type\":\"ReadAction\",\"target\":[\"https:\\\/\\\/quehacerpolitico.mx\\\/?p=5199\"]}]},{\"@type\":\"ImageObject\",\"inLanguage\":\"es\",\"@id\":\"https:\\\/\\\/quehacerpolitico.mx\\\/?p=5199#primaryimage\",\"url\":\"\",\"contentUrl\":\"\"},{\"@type\":\"BreadcrumbList\",\"@id\":\"https:\\\/\\\/quehacerpolitico.mx\\\/?p=5199#breadcrumb\",\"itemListElement\":[{\"@type\":\"ListItem\",\"position\":1,\"name\":\"Inicio\",\"item\":\"https:\\\/\\\/quehacerpolitico.mx\\\/\"},{\"@type\":\"ListItem\",\"position\":2,\"name\":\"La Fiscal\u00eda de Jalisco fue de una mentira a otra y trat\u00f3 cientos de cuerpos como basura (GR\u00c1FICOS)\"}]},{\"@type\":\"WebSite\",\"@id\":\"https:\\\/\\\/quehacerpolitico.mx\\\/#website\",\"url\":\"https:\\\/\\\/quehacerpolitico.mx\\\/\",\"name\":\"\",\"description\":\"\",\"potentialAction\":[{\"@type\":\"SearchAction\",\"target\":{\"@type\":\"EntryPoint\",\"urlTemplate\":\"https:\\\/\\\/quehacerpolitico.mx\\\/?s={search_term_string}\"},\"query-input\":{\"@type\":\"PropertyValueSpecification\",\"valueRequired\":true,\"valueName\":\"search_term_string\"}}],\"inLanguage\":\"es\"},{\"@type\":\"Person\",\"@id\":\"https:\\\/\\\/quehacerpolitico.mx\\\/#\\\/schema\\\/person\\\/496d8ad2d1d3f8036101dca7ee39e585\",\"name\":\"Redacci\u00f3n QP\",\"image\":{\"@type\":\"ImageObject\",\"inLanguage\":\"es\",\"@id\":\"https:\\\/\\\/secure.gravatar.com\\\/avatar\\\/c7164ed6fdec453195284ad24a5ae5b6e1eed2b848477fa2a4787ba9adf39a41?s=96&d=mm&r=g\",\"url\":\"https:\\\/\\\/secure.gravatar.com\\\/avatar\\\/c7164ed6fdec453195284ad24a5ae5b6e1eed2b848477fa2a4787ba9adf39a41?s=96&d=mm&r=g\",\"contentUrl\":\"https:\\\/\\\/secure.gravatar.com\\\/avatar\\\/c7164ed6fdec453195284ad24a5ae5b6e1eed2b848477fa2a4787ba9adf39a41?s=96&d=mm&r=g\",\"caption\":\"Redacci\u00f3n QP\"},\"url\":\"https:\\\/\\\/quehacerpolitico.mx\\\/?author=2\"}]}<\/script>\n<!-- \/ Yoast SEO plugin. -->","yoast_head_json":{"title":"La Fiscal\u00eda de Jalisco fue de una mentira a otra y trat\u00f3 cientos de cuerpos como basura (GR\u00c1FICOS) -","robots":{"index":"index","follow":"follow","max-snippet":"max-snippet:-1","max-image-preview":"max-image-preview:large","max-video-preview":"max-video-preview:-1"},"canonical":"https:\/\/quehacerpolitico.mx\/?p=5199","og_locale":"es_MX","og_type":"article","og_title":"La Fiscal\u00eda de Jalisco fue de una mentira a otra y trat\u00f3 cientos de cuerpos como basura (GR\u00c1FICOS) -","og_description":"La Fiscal\u00eda de Jalisco fue de una mentira a otra y trat\u00f3 cientos de cuerpos como basura (GR\u00c1FICOS) Por Redacci\u00f3n QP","og_url":"https:\/\/quehacerpolitico.mx\/?p=5199","article_published_time":"2018-09-21T14:41:35+00:00","author":"Redacci\u00f3n QP","twitter_card":"summary_large_image","twitter_misc":{"Escrito por":"Redacci\u00f3n QP","Tiempo de lectura":"9 minutos"},"schema":{"@context":"https:\/\/schema.org","@graph":[{"@type":"Article","@id":"https:\/\/quehacerpolitico.mx\/?p=5199#article","isPartOf":{"@id":"https:\/\/quehacerpolitico.mx\/?p=5199"},"author":{"name":"Redacci\u00f3n QP","@id":"https:\/\/quehacerpolitico.mx\/#\/schema\/person\/496d8ad2d1d3f8036101dca7ee39e585"},"headline":"La Fiscal\u00eda de Jalisco fue de una mentira a otra y trat\u00f3 cientos de cuerpos como basura (GR\u00c1FICOS)","datePublished":"2018-09-21T14:41:35+00:00","mainEntityOfPage":{"@id":"https:\/\/quehacerpolitico.mx\/?p=5199"},"wordCount":1819,"commentCount":0,"image":{"@id":"https:\/\/quehacerpolitico.mx\/?p=5199#primaryimage"},"thumbnailUrl":"","articleSection":["Noticias"],"inLanguage":"es","potentialAction":[{"@type":"CommentAction","name":"Comment","target":["https:\/\/quehacerpolitico.mx\/?p=5199#respond"]}]},{"@type":"WebPage","@id":"https:\/\/quehacerpolitico.mx\/?p=5199","url":"https:\/\/quehacerpolitico.mx\/?p=5199","name":"La Fiscal\u00eda de Jalisco fue de una mentira a otra y trat\u00f3 cientos de cuerpos como basura (GR\u00c1FICOS) -","isPartOf":{"@id":"https:\/\/quehacerpolitico.mx\/#website"},"primaryImageOfPage":{"@id":"https:\/\/quehacerpolitico.mx\/?p=5199#primaryimage"},"image":{"@id":"https:\/\/quehacerpolitico.mx\/?p=5199#primaryimage"},"thumbnailUrl":"","datePublished":"2018-09-21T14:41:35+00:00","author":{"@id":"https:\/\/quehacerpolitico.mx\/#\/schema\/person\/496d8ad2d1d3f8036101dca7ee39e585"},"breadcrumb":{"@id":"https:\/\/quehacerpolitico.mx\/?p=5199#breadcrumb"},"inLanguage":"es","potentialAction":[{"@type":"ReadAction","target":["https:\/\/quehacerpolitico.mx\/?p=5199"]}]},{"@type":"ImageObject","inLanguage":"es","@id":"https:\/\/quehacerpolitico.mx\/?p=5199#primaryimage","url":"","contentUrl":""},{"@type":"BreadcrumbList","@id":"https:\/\/quehacerpolitico.mx\/?p=5199#breadcrumb","itemListElement":[{"@type":"ListItem","position":1,"name":"Inicio","item":"https:\/\/quehacerpolitico.mx\/"},{"@type":"ListItem","position":2,"name":"La Fiscal\u00eda de Jalisco fue de una mentira a otra y trat\u00f3 cientos de cuerpos como basura (GR\u00c1FICOS)"}]},{"@type":"WebSite","@id":"https:\/\/quehacerpolitico.mx\/#website","url":"https:\/\/quehacerpolitico.mx\/","name":"","description":"","potentialAction":[{"@type":"SearchAction","target":{"@type":"EntryPoint","urlTemplate":"https:\/\/quehacerpolitico.mx\/?s={search_term_string}"},"query-input":{"@type":"PropertyValueSpecification","valueRequired":true,"valueName":"search_term_string"}}],"inLanguage":"es"},{"@type":"Person","@id":"https:\/\/quehacerpolitico.mx\/#\/schema\/person\/496d8ad2d1d3f8036101dca7ee39e585","name":"Redacci\u00f3n QP","image":{"@type":"ImageObject","inLanguage":"es","@id":"https:\/\/secure.gravatar.com\/avatar\/c7164ed6fdec453195284ad24a5ae5b6e1eed2b848477fa2a4787ba9adf39a41?s=96&d=mm&r=g","url":"https:\/\/secure.gravatar.com\/avatar\/c7164ed6fdec453195284ad24a5ae5b6e1eed2b848477fa2a4787ba9adf39a41?s=96&d=mm&r=g","contentUrl":"https:\/\/secure.gravatar.com\/avatar\/c7164ed6fdec453195284ad24a5ae5b6e1eed2b848477fa2a4787ba9adf39a41?s=96&d=mm&r=g","caption":"Redacci\u00f3n QP"},"url":"https:\/\/quehacerpolitico.mx\/?author=2"}]}},"featured_image_urls":{"full":"","thumbnail":"","medium":"","medium_large":"","large":"","1536x1536":"","2048x2048":"","covernews-featured":"","covernews-medium":""},"author_info":{"display_name":"Redacci\u00f3n QP","author_link":"https:\/\/quehacerpolitico.mx\/?author=2"},"category_info":"<a href=\"https:\/\/quehacerpolitico.mx\/?cat=2\" rel=\"category\">Noticias<\/a>","tag_info":"Noticias","comment_count":"0","_links":{"self":[{"href":"https:\/\/quehacerpolitico.mx\/index.php?rest_route=\/wp\/v2\/posts\/5199","targetHints":{"allow":["GET"]}}],"collection":[{"href":"https:\/\/quehacerpolitico.mx\/index.php?rest_route=\/wp\/v2\/posts"}],"about":[{"href":"https:\/\/quehacerpolitico.mx\/index.php?rest_route=\/wp\/v2\/types\/post"}],"author":[{"embeddable":true,"href":"https:\/\/quehacerpolitico.mx\/index.php?rest_route=\/wp\/v2\/users\/2"}],"replies":[{"embeddable":true,"href":"https:\/\/quehacerpolitico.mx\/index.php?rest_route=%2Fwp%2Fv2%2Fcomments&post=5199"}],"version-history":[{"count":0,"href":"https:\/\/quehacerpolitico.mx\/index.php?rest_route=\/wp\/v2\/posts\/5199\/revisions"}],"wp:featuredmedia":[{"embeddable":true,"href":"https:\/\/quehacerpolitico.mx\/index.php?rest_route=\/"}],"wp:attachment":[{"href":"https:\/\/quehacerpolitico.mx\/index.php?rest_route=%2Fwp%2Fv2%2Fmedia&parent=5199"}],"wp:term":[{"taxonomy":"category","embeddable":true,"href":"https:\/\/quehacerpolitico.mx\/index.php?rest_route=%2Fwp%2Fv2%2Fcategories&post=5199"},{"taxonomy":"post_tag","embeddable":true,"href":"https:\/\/quehacerpolitico.mx\/index.php?rest_route=%2Fwp%2Fv2%2Ftags&post=5199"}],"curies":[{"name":"wp","href":"https:\/\/api.w.org\/{rel}","templated":true}]}}