{"id":51841,"date":"2020-02-05T23:02:10","date_gmt":"2020-02-05T23:02:10","guid":{"rendered":"http:\/\/quehacerpolitico.mx\/?p=51841"},"modified":"2020-02-05T23:02:10","modified_gmt":"2020-02-05T23:02:10","slug":"espera-amlo-programas-de-bienestar-lleguen-a-constitucion","status":"publish","type":"post","link":"https:\/\/quehacerpolitico.mx\/?p=51841","title":{"rendered":"Espera AMLO programas de bienestar lleguen a Constituci\u00f3n"},"content":{"rendered":"<div class=\"titulo\">Espera AMLO programas de bienestar lleguen a Constituci\u00f3n<\/div>\n<div class=\"desarrollo\">Por Redacci\u00f3n QP<\/div>\n<div>\n<p>El presidente Andr\u00e9s Manuel L\u00f3pez Obrador afirm\u00f3 que M\u00e9xico contar\u00e1 con un aut\u00e9ntico Estado de bienestar cuando el derecho del pueblo a la salud, a la pensi\u00f3n de adultos mayores y las becas para los estudiantes de escasos recursos se eleven a rango constitucional.<\/p>\n<p>&#8220;Esa es la reforma pendiente&#8221;, dijo al encabezar en el Teatro de la Rep\u00fablica el 103 Aniversario de la promulgaci\u00f3n de la Constituci\u00f3n de 1917, en un discurso donde mencion\u00f3 que el presidente de Estados Unidos, Donald Trump, fue &#8220;respetuoso de nuestra soberan\u00eda&#8221; en el marco de la negociaci\u00f3n del T-MEC.<\/p>\n<p>Acompa\u00f1ado por su gabinete legal y ampliado, as\u00ed como 18 gobernadores e invitados especiales, se mostr\u00f3 optimista de que la reforma en materia de derechos sociales sea discutida y, en su caso, aprobada durante el actual periodo de sesiones de la LXIV Legislatura.<\/p>\n<p>&#8220;Va a ser muy trascendente el que en el Congreso se apruebe que los programas del bienestar, en especial el derecho del pueblo a la salud, el derecho de la pensi\u00f3n de adultos mayores, la pensi\u00f3n a ni\u00f1os con discapacidad, el derecho de familias de escasos recursos a tener una beca, se eleven a rango constitucional.<\/p>\n<p>&#8220;Estoy seguro que se discutir\u00e1 y de aprobarse significar\u00e1 el establecimiento de un aut\u00e9ntico Estado de bienestar&#8221;, subray\u00f3.<\/p>\n<p>En su discurso de cerca de 32 minutos, destac\u00f3 los avances y pendientes de la Constituci\u00f3n, enumer\u00f3 varias de las reformas aprobadas en el primer a\u00f1o de su gobierno, y se refiri\u00f3 a las negociaciones de M\u00e9xico con Estados Unidos, que culminaron en la firma del tratado comercial que tambi\u00e9n incluye a Canad\u00e1 (T-MEC).<\/p>\n<p>Record\u00f3 que un cap\u00edtulo original del T-MEC contemplaba &#8220;comprometer nuestro petr\u00f3leo y los recursos energ\u00e9ticos de M\u00e9xico, en una especie de manejo oculto de los pa\u00edses de Am\u00e9rica del Norte.<\/p>\n<p>&#8220;Se elimin\u00f3 ese voluminoso cap\u00edtulo y qued\u00f3 en el tratado dos o tres renglones donde se reafirma la soberan\u00eda de nuestro pa\u00eds y el dominio de la naci\u00f3n sobre nuestros recursos naturales, en particular del petr\u00f3leo&#8221;, subray\u00f3.<\/p>\n<p>Indic\u00f3 que antes de asumir la presidencia hubo muchas negociaciones, tensiones durante 15 d\u00edas &#8220;y ruptura de pl\u00e1ticas por una semana&#8221;, con Estados Unidos.<\/p>\n<p>&#8220;Quiero aqu\u00ed decir en este Teatro de la Rep\u00fablica, por la importancia que tiene, el que se haya logrado lo que se plante\u00f3 de parte de M\u00e9xico, pero s\u00ed se reiniciaron las pl\u00e1ticas, se reinici\u00f3 la negociaci\u00f3n, luego de una consulta al presidente (estadunidense) Donald Trump&#8221;.<\/p>\n<p>&#8220;Y, aunque parezca incre\u00edble, \u00e9l (Donald Trump) fue respetuoso de nuestra soberan\u00eda, incluso hablamos de respeto mutuo y no vamos a estarnos peleando por gusto. No vamos a ir a todas, vamos a las que signifiquen realmente hacer valer nuestra independencia, nuestra soberan\u00eda, lo que es M\u00e9xico: pa\u00eds libre y soberano&#8221;.<\/p>\n<p>Antes coment\u00f3 que las reformas impulsadas por su gobierno han significado importantes cambios como el hecho de que la corrupci\u00f3n haya sido considerada como delito grave, &#8220;porque nada ha da\u00f1ado tanto a M\u00e9xico que la deshonestidad de los gobernantes&#8221;, de ah\u00ed la importancia de estigmatizar al corrupto.<\/p>\n<p>Celebr\u00f3 tambi\u00e9n la creaci\u00f3n de la Guardia Nacional con el consenso de todos los partidos, la figura de revocaci\u00f3n de mandato y el que se haya tipificado el fraude electoral como delito.<\/p>\n<p>Se trata, dijo, de &#8220;acabar ya y para siempre con las trampas. Hablaba yo de la vocaci\u00f3n democr\u00e1tica de (Francisco I.) Madero&#8230; se hizo un lado a don Porfirio, pero se qued\u00f3 do\u00f1a Porfiria y se simul\u00f3. Tiene que haber democracia.<\/p>\n<p>&#8220;Nada de compra de votos, nada de utilizar el presupuesto p\u00fablico para favorecer al candidato, para favorecer a partidos. Nada de falsificaci\u00f3n de actas, nada de relleno de urnas, nada de que voten los finales. Nada de nada. Tiene que haber democracia y no permitir el fraude electoral. Y el que act\u00fae como mapache electoral, el que haga fraude, a la c\u00e1rcel sin derecho a fianza&#8221;.<\/p>\n<p>En el evento estuvieron el presidente de la Suprema Corte de Justicia de la Naci\u00f3n, Arturo Zald\u00edvar Lelo de Larrea; la secretaria de Gobernaci\u00f3n, Olga S\u00e1nchez Cordero; la presidenta del Senado de la Rep\u00fablica; M\u00f3nica Fern\u00e1ndez Balboa, y el gobernador Francisco Dom\u00ednguez Servi\u00e9n, entre otros.<\/p>\n<p>https:\/\/www.facebook.com\/gobmexico\/videos\/2454655347972916\/<\/p>\n<p>Con informaci\u00f3n de NTX<\/p>\n<\/div>\n","protected":false},"excerpt":{"rendered":"<p>Espera AMLO programas de bienestar lleguen a Constituci\u00f3n Por Redacci\u00f3n QP El presidente Andr\u00e9s Manuel&#8230;<\/p>\n","protected":false},"author":2,"featured_media":51842,"comment_status":"open","ping_status":"open","sticky":false,"template":"","format":"standard","meta":{"_monsterinsights_skip_tracking":false,"_monsterinsights_sitenote_active":false,"_monsterinsights_sitenote_note":"","_monsterinsights_sitenote_category":0,"footnotes":""},"categories":[2],"tags":[],"class_list":["post-51841","post","type-post","status-publish","format-standard","has-post-thumbnail","hentry","category-noticias"],"yoast_head":"<!-- This site is optimized with the Yoast SEO plugin v27.3 - https:\/\/yoast.com\/product\/yoast-seo-wordpress\/ -->\n<title>Espera AMLO programas de bienestar lleguen a Constituci\u00f3n -<\/title>\n<meta name=\"robots\" content=\"index, follow, max-snippet:-1, max-image-preview:large, max-video-preview:-1\" \/>\n<link rel=\"canonical\" href=\"https:\/\/quehacerpolitico.mx\/?p=51841\" \/>\n<meta property=\"og:locale\" content=\"es_MX\" \/>\n<meta property=\"og:type\" content=\"article\" \/>\n<meta property=\"og:title\" content=\"Espera AMLO programas de bienestar lleguen a Constituci\u00f3n -\" \/>\n<meta property=\"og:description\" content=\"Espera AMLO programas de bienestar lleguen a Constituci\u00f3n Por Redacci\u00f3n QP El presidente Andr\u00e9s Manuel...\" \/>\n<meta property=\"og:url\" content=\"https:\/\/quehacerpolitico.mx\/?p=51841\" \/>\n<meta property=\"article:published_time\" content=\"2020-02-05T23:02:10+00:00\" \/>\n<meta property=\"og:image\" content=\"https:\/\/quehacerpolitico.mx\/wp-content\/uploads\/2020\/02\/F1967968-29DF-4387-86C9-87B4ECBD882E.jpeg\" \/>\n\t<meta property=\"og:image:width\" content=\"1242\" \/>\n\t<meta property=\"og:image:height\" content=\"707\" \/>\n\t<meta property=\"og:image:type\" content=\"image\/jpeg\" \/>\n<meta name=\"author\" content=\"Redacci\u00f3n QP\" \/>\n<meta name=\"twitter:card\" content=\"summary_large_image\" \/>\n<meta name=\"twitter:label1\" content=\"Escrito por\" \/>\n\t<meta name=\"twitter:data1\" content=\"Redacci\u00f3n QP\" \/>\n\t<meta name=\"twitter:label2\" content=\"Tiempo de lectura\" \/>\n\t<meta name=\"twitter:data2\" content=\"4 minutos\" \/>\n<script type=\"application\/ld+json\" class=\"yoast-schema-graph\">{\"@context\":\"https:\\\/\\\/schema.org\",\"@graph\":[{\"@type\":\"Article\",\"@id\":\"https:\\\/\\\/quehacerpolitico.mx\\\/?p=51841#article\",\"isPartOf\":{\"@id\":\"https:\\\/\\\/quehacerpolitico.mx\\\/?p=51841\"},\"author\":{\"name\":\"Redacci\u00f3n QP\",\"@id\":\"https:\\\/\\\/quehacerpolitico.mx\\\/#\\\/schema\\\/person\\\/496d8ad2d1d3f8036101dca7ee39e585\"},\"headline\":\"Espera AMLO programas de bienestar lleguen a Constituci\u00f3n\",\"datePublished\":\"2020-02-05T23:02:10+00:00\",\"mainEntityOfPage\":{\"@id\":\"https:\\\/\\\/quehacerpolitico.mx\\\/?p=51841\"},\"wordCount\":776,\"commentCount\":0,\"image\":{\"@id\":\"https:\\\/\\\/quehacerpolitico.mx\\\/?p=51841#primaryimage\"},\"thumbnailUrl\":\"https:\\\/\\\/quehacerpolitico.mx\\\/wp-content\\\/uploads\\\/2020\\\/02\\\/F1967968-29DF-4387-86C9-87B4ECBD882E.jpeg\",\"articleSection\":[\"Noticias\"],\"inLanguage\":\"es\",\"potentialAction\":[{\"@type\":\"CommentAction\",\"name\":\"Comment\",\"target\":[\"https:\\\/\\\/quehacerpolitico.mx\\\/?p=51841#respond\"]}]},{\"@type\":\"WebPage\",\"@id\":\"https:\\\/\\\/quehacerpolitico.mx\\\/?p=51841\",\"url\":\"https:\\\/\\\/quehacerpolitico.mx\\\/?p=51841\",\"name\":\"Espera AMLO programas de bienestar lleguen a Constituci\u00f3n -\",\"isPartOf\":{\"@id\":\"https:\\\/\\\/quehacerpolitico.mx\\\/#website\"},\"primaryImageOfPage\":{\"@id\":\"https:\\\/\\\/quehacerpolitico.mx\\\/?p=51841#primaryimage\"},\"image\":{\"@id\":\"https:\\\/\\\/quehacerpolitico.mx\\\/?p=51841#primaryimage\"},\"thumbnailUrl\":\"https:\\\/\\\/quehacerpolitico.mx\\\/wp-content\\\/uploads\\\/2020\\\/02\\\/F1967968-29DF-4387-86C9-87B4ECBD882E.jpeg\",\"datePublished\":\"2020-02-05T23:02:10+00:00\",\"author\":{\"@id\":\"https:\\\/\\\/quehacerpolitico.mx\\\/#\\\/schema\\\/person\\\/496d8ad2d1d3f8036101dca7ee39e585\"},\"breadcrumb\":{\"@id\":\"https:\\\/\\\/quehacerpolitico.mx\\\/?p=51841#breadcrumb\"},\"inLanguage\":\"es\",\"potentialAction\":[{\"@type\":\"ReadAction\",\"target\":[\"https:\\\/\\\/quehacerpolitico.mx\\\/?p=51841\"]}]},{\"@type\":\"ImageObject\",\"inLanguage\":\"es\",\"@id\":\"https:\\\/\\\/quehacerpolitico.mx\\\/?p=51841#primaryimage\",\"url\":\"https:\\\/\\\/quehacerpolitico.mx\\\/wp-content\\\/uploads\\\/2020\\\/02\\\/F1967968-29DF-4387-86C9-87B4ECBD882E.jpeg\",\"contentUrl\":\"https:\\\/\\\/quehacerpolitico.mx\\\/wp-content\\\/uploads\\\/2020\\\/02\\\/F1967968-29DF-4387-86C9-87B4ECBD882E.jpeg\",\"width\":1242,\"height\":707},{\"@type\":\"BreadcrumbList\",\"@id\":\"https:\\\/\\\/quehacerpolitico.mx\\\/?p=51841#breadcrumb\",\"itemListElement\":[{\"@type\":\"ListItem\",\"position\":1,\"name\":\"Inicio\",\"item\":\"https:\\\/\\\/quehacerpolitico.mx\\\/\"},{\"@type\":\"ListItem\",\"position\":2,\"name\":\"Espera AMLO programas de bienestar lleguen a Constituci\u00f3n\"}]},{\"@type\":\"WebSite\",\"@id\":\"https:\\\/\\\/quehacerpolitico.mx\\\/#website\",\"url\":\"https:\\\/\\\/quehacerpolitico.mx\\\/\",\"name\":\"\",\"description\":\"\",\"potentialAction\":[{\"@type\":\"SearchAction\",\"target\":{\"@type\":\"EntryPoint\",\"urlTemplate\":\"https:\\\/\\\/quehacerpolitico.mx\\\/?s={search_term_string}\"},\"query-input\":{\"@type\":\"PropertyValueSpecification\",\"valueRequired\":true,\"valueName\":\"search_term_string\"}}],\"inLanguage\":\"es\"},{\"@type\":\"Person\",\"@id\":\"https:\\\/\\\/quehacerpolitico.mx\\\/#\\\/schema\\\/person\\\/496d8ad2d1d3f8036101dca7ee39e585\",\"name\":\"Redacci\u00f3n QP\",\"image\":{\"@type\":\"ImageObject\",\"inLanguage\":\"es\",\"@id\":\"https:\\\/\\\/secure.gravatar.com\\\/avatar\\\/c7164ed6fdec453195284ad24a5ae5b6e1eed2b848477fa2a4787ba9adf39a41?s=96&d=mm&r=g\",\"url\":\"https:\\\/\\\/secure.gravatar.com\\\/avatar\\\/c7164ed6fdec453195284ad24a5ae5b6e1eed2b848477fa2a4787ba9adf39a41?s=96&d=mm&r=g\",\"contentUrl\":\"https:\\\/\\\/secure.gravatar.com\\\/avatar\\\/c7164ed6fdec453195284ad24a5ae5b6e1eed2b848477fa2a4787ba9adf39a41?s=96&d=mm&r=g\",\"caption\":\"Redacci\u00f3n QP\"},\"url\":\"https:\\\/\\\/quehacerpolitico.mx\\\/?author=2\"}]}<\/script>\n<!-- \/ Yoast SEO plugin. -->","yoast_head_json":{"title":"Espera AMLO programas de bienestar lleguen a Constituci\u00f3n -","robots":{"index":"index","follow":"follow","max-snippet":"max-snippet:-1","max-image-preview":"max-image-preview:large","max-video-preview":"max-video-preview:-1"},"canonical":"https:\/\/quehacerpolitico.mx\/?p=51841","og_locale":"es_MX","og_type":"article","og_title":"Espera AMLO programas de bienestar lleguen a Constituci\u00f3n -","og_description":"Espera AMLO programas de bienestar lleguen a Constituci\u00f3n Por Redacci\u00f3n QP El presidente Andr\u00e9s Manuel...","og_url":"https:\/\/quehacerpolitico.mx\/?p=51841","article_published_time":"2020-02-05T23:02:10+00:00","og_image":[{"width":1242,"height":707,"url":"https:\/\/quehacerpolitico.mx\/wp-content\/uploads\/2020\/02\/F1967968-29DF-4387-86C9-87B4ECBD882E.jpeg","type":"image\/jpeg"}],"author":"Redacci\u00f3n QP","twitter_card":"summary_large_image","twitter_misc":{"Escrito por":"Redacci\u00f3n QP","Tiempo de lectura":"4 minutos"},"schema":{"@context":"https:\/\/schema.org","@graph":[{"@type":"Article","@id":"https:\/\/quehacerpolitico.mx\/?p=51841#article","isPartOf":{"@id":"https:\/\/quehacerpolitico.mx\/?p=51841"},"author":{"name":"Redacci\u00f3n QP","@id":"https:\/\/quehacerpolitico.mx\/#\/schema\/person\/496d8ad2d1d3f8036101dca7ee39e585"},"headline":"Espera AMLO programas de bienestar lleguen a Constituci\u00f3n","datePublished":"2020-02-05T23:02:10+00:00","mainEntityOfPage":{"@id":"https:\/\/quehacerpolitico.mx\/?p=51841"},"wordCount":776,"commentCount":0,"image":{"@id":"https:\/\/quehacerpolitico.mx\/?p=51841#primaryimage"},"thumbnailUrl":"https:\/\/quehacerpolitico.mx\/wp-content\/uploads\/2020\/02\/F1967968-29DF-4387-86C9-87B4ECBD882E.jpeg","articleSection":["Noticias"],"inLanguage":"es","potentialAction":[{"@type":"CommentAction","name":"Comment","target":["https:\/\/quehacerpolitico.mx\/?p=51841#respond"]}]},{"@type":"WebPage","@id":"https:\/\/quehacerpolitico.mx\/?p=51841","url":"https:\/\/quehacerpolitico.mx\/?p=51841","name":"Espera AMLO programas de bienestar lleguen a Constituci\u00f3n -","isPartOf":{"@id":"https:\/\/quehacerpolitico.mx\/#website"},"primaryImageOfPage":{"@id":"https:\/\/quehacerpolitico.mx\/?p=51841#primaryimage"},"image":{"@id":"https:\/\/quehacerpolitico.mx\/?p=51841#primaryimage"},"thumbnailUrl":"https:\/\/quehacerpolitico.mx\/wp-content\/uploads\/2020\/02\/F1967968-29DF-4387-86C9-87B4ECBD882E.jpeg","datePublished":"2020-02-05T23:02:10+00:00","author":{"@id":"https:\/\/quehacerpolitico.mx\/#\/schema\/person\/496d8ad2d1d3f8036101dca7ee39e585"},"breadcrumb":{"@id":"https:\/\/quehacerpolitico.mx\/?p=51841#breadcrumb"},"inLanguage":"es","potentialAction":[{"@type":"ReadAction","target":["https:\/\/quehacerpolitico.mx\/?p=51841"]}]},{"@type":"ImageObject","inLanguage":"es","@id":"https:\/\/quehacerpolitico.mx\/?p=51841#primaryimage","url":"https:\/\/quehacerpolitico.mx\/wp-content\/uploads\/2020\/02\/F1967968-29DF-4387-86C9-87B4ECBD882E.jpeg","contentUrl":"https:\/\/quehacerpolitico.mx\/wp-content\/uploads\/2020\/02\/F1967968-29DF-4387-86C9-87B4ECBD882E.jpeg","width":1242,"height":707},{"@type":"BreadcrumbList","@id":"https:\/\/quehacerpolitico.mx\/?p=51841#breadcrumb","itemListElement":[{"@type":"ListItem","position":1,"name":"Inicio","item":"https:\/\/quehacerpolitico.mx\/"},{"@type":"ListItem","position":2,"name":"Espera AMLO programas de bienestar lleguen a Constituci\u00f3n"}]},{"@type":"WebSite","@id":"https:\/\/quehacerpolitico.mx\/#website","url":"https:\/\/quehacerpolitico.mx\/","name":"","description":"","potentialAction":[{"@type":"SearchAction","target":{"@type":"EntryPoint","urlTemplate":"https:\/\/quehacerpolitico.mx\/?s={search_term_string}"},"query-input":{"@type":"PropertyValueSpecification","valueRequired":true,"valueName":"search_term_string"}}],"inLanguage":"es"},{"@type":"Person","@id":"https:\/\/quehacerpolitico.mx\/#\/schema\/person\/496d8ad2d1d3f8036101dca7ee39e585","name":"Redacci\u00f3n QP","image":{"@type":"ImageObject","inLanguage":"es","@id":"https:\/\/secure.gravatar.com\/avatar\/c7164ed6fdec453195284ad24a5ae5b6e1eed2b848477fa2a4787ba9adf39a41?s=96&d=mm&r=g","url":"https:\/\/secure.gravatar.com\/avatar\/c7164ed6fdec453195284ad24a5ae5b6e1eed2b848477fa2a4787ba9adf39a41?s=96&d=mm&r=g","contentUrl":"https:\/\/secure.gravatar.com\/avatar\/c7164ed6fdec453195284ad24a5ae5b6e1eed2b848477fa2a4787ba9adf39a41?s=96&d=mm&r=g","caption":"Redacci\u00f3n QP"},"url":"https:\/\/quehacerpolitico.mx\/?author=2"}]}},"featured_image_urls":{"full":["https:\/\/quehacerpolitico.mx\/wp-content\/uploads\/2020\/02\/F1967968-29DF-4387-86C9-87B4ECBD882E.jpeg",1242,707,false],"thumbnail":["https:\/\/quehacerpolitico.mx\/wp-content\/uploads\/2020\/02\/F1967968-29DF-4387-86C9-87B4ECBD882E-150x150.jpeg",150,150,true],"medium":["https:\/\/quehacerpolitico.mx\/wp-content\/uploads\/2020\/02\/F1967968-29DF-4387-86C9-87B4ECBD882E-300x171.jpeg",300,171,true],"medium_large":["https:\/\/quehacerpolitico.mx\/wp-content\/uploads\/2020\/02\/F1967968-29DF-4387-86C9-87B4ECBD882E-768x437.jpeg",640,364,true],"large":["https:\/\/quehacerpolitico.mx\/wp-content\/uploads\/2020\/02\/F1967968-29DF-4387-86C9-87B4ECBD882E-1024x583.jpeg",640,364,true],"1536x1536":["https:\/\/quehacerpolitico.mx\/wp-content\/uploads\/2020\/02\/F1967968-29DF-4387-86C9-87B4ECBD882E.jpeg",1242,707,false],"2048x2048":["https:\/\/quehacerpolitico.mx\/wp-content\/uploads\/2020\/02\/F1967968-29DF-4387-86C9-87B4ECBD882E.jpeg",1242,707,false],"covernews-featured":["https:\/\/quehacerpolitico.mx\/wp-content\/uploads\/2020\/02\/F1967968-29DF-4387-86C9-87B4ECBD882E.jpeg",1024,583,false],"covernews-medium":["https:\/\/quehacerpolitico.mx\/wp-content\/uploads\/2020\/02\/F1967968-29DF-4387-86C9-87B4ECBD882E.jpeg",540,307,false]},"author_info":{"display_name":"Redacci\u00f3n QP","author_link":"https:\/\/quehacerpolitico.mx\/?author=2"},"category_info":"<a href=\"https:\/\/quehacerpolitico.mx\/?cat=2\" rel=\"category\">Noticias<\/a>","tag_info":"Noticias","comment_count":"0","_links":{"self":[{"href":"https:\/\/quehacerpolitico.mx\/index.php?rest_route=\/wp\/v2\/posts\/51841","targetHints":{"allow":["GET"]}}],"collection":[{"href":"https:\/\/quehacerpolitico.mx\/index.php?rest_route=\/wp\/v2\/posts"}],"about":[{"href":"https:\/\/quehacerpolitico.mx\/index.php?rest_route=\/wp\/v2\/types\/post"}],"author":[{"embeddable":true,"href":"https:\/\/quehacerpolitico.mx\/index.php?rest_route=\/wp\/v2\/users\/2"}],"replies":[{"embeddable":true,"href":"https:\/\/quehacerpolitico.mx\/index.php?rest_route=%2Fwp%2Fv2%2Fcomments&post=51841"}],"version-history":[{"count":0,"href":"https:\/\/quehacerpolitico.mx\/index.php?rest_route=\/wp\/v2\/posts\/51841\/revisions"}],"wp:featuredmedia":[{"embeddable":true,"href":"https:\/\/quehacerpolitico.mx\/index.php?rest_route=\/wp\/v2\/media\/51842"}],"wp:attachment":[{"href":"https:\/\/quehacerpolitico.mx\/index.php?rest_route=%2Fwp%2Fv2%2Fmedia&parent=51841"}],"wp:term":[{"taxonomy":"category","embeddable":true,"href":"https:\/\/quehacerpolitico.mx\/index.php?rest_route=%2Fwp%2Fv2%2Fcategories&post=51841"},{"taxonomy":"post_tag","embeddable":true,"href":"https:\/\/quehacerpolitico.mx\/index.php?rest_route=%2Fwp%2Fv2%2Ftags&post=51841"}],"curies":[{"name":"wp","href":"https:\/\/api.w.org\/{rel}","templated":true}]}}