{"id":5112,"date":"2018-09-21T03:46:55","date_gmt":"2018-09-21T03:46:55","guid":{"rendered":"http:\/\/quehacerpolitico.mx\/no-cerrare-palacio-nacional-solo-pondre-un-catre-y-una-hamaca-amlo\/"},"modified":"2018-09-21T03:46:55","modified_gmt":"2018-09-21T03:46:55","slug":"no-cerrare-palacio-nacional-solo-pondre-un-catre-y-una-hamaca-amlo","status":"publish","type":"post","link":"https:\/\/quehacerpolitico.mx\/?p=5112","title":{"rendered":"No cerrar\u00e9 Palacio Nacional, s\u00f3lo pondr\u00e9 un catre y una hamaca: AMLO"},"content":{"rendered":"<p>Al oficializar que se ir\u00e1 a vivir a Palacio Nacional despu\u00e9s de que su hijo concluya la primaria, el presidente electo, Andr\u00e9s Manuel L\u00f3pez Obrador, aclar\u00f3 que no cerrar\u00e1 ni gastar\u00e1 en remodelar el palacio pues s\u00f3lo necesita espacio para poner un catre y colgar la hamaca.<\/p>\n<p>&#8220;No se va a gastar en eso, es lo que ya est\u00e1 hecho, lo que pasa es que mis adversarios que no mis enemigos, nada m\u00e1s digo una cosa y dicen `ay, se va a ir a vivir a Palacio y ya van a cerrar Palacio y va a ser todo el palacio para Andr\u00e9s Manuel\u00b4, \u00a1No! Si yo necesito muy poco de espacio, nada m\u00e1s es para tener un catre y en d\u00f3nde colgar la hamaca&#8221;, expres\u00f3.<\/p>\n<blockquote>\n<p>&#8220;Nada m\u00e1s digo una cosa y dicen &#8216;ay, se va a ir a vivir a Palacio y ya van a cerrar Palacio'&#8221;<\/p>\n<\/blockquote>\n<p>En entrevista a medios tras concluir una reuni\u00f3n con el gobernador de Baja California, Francisco &#8220;Kiko&#8221; Vega, <strong>L\u00f3pez Obrador aclar\u00f3 que no est\u00e1 acostumbrado a vivir en mansiones y s\u00f3lo ocupar\u00e1 una partecita del Palacio Nacional y ese espacio seguir\u00e1 abierto para las visitas p\u00fablicas.<\/strong><\/p>\n<p>&#8220;Lo que se va convertir en museo van a ser Los Pinos van a ser un museo y se va a integrar al Bosque de Chapultepec. Los Pinos, van a ser un espacio para las artes y la cultura de nuestro pueblo&#8221;, precis\u00f3.<\/p>\n<p>En la reuni\u00f3n con el mandatario de Baja California <strong>se acord\u00f3 trabajar de manera conjunta con un programa integral que tiene que ver con lo econ\u00f3mico, social, cultural, deporte y todo lo que tiene que ver con el bienestar de la gente.<\/strong><\/p>\n","protected":false},"excerpt":{"rendered":"<p>El presidente electo se\u00f1al\u00f3 que no va a gastar en remodelar el lugar<br \/>\nPor Redacci\u00f3n QP<\/p>\n","protected":false},"author":2,"featured_media":5111,"comment_status":"open","ping_status":"open","sticky":false,"template":"","format":"standard","meta":{"_monsterinsights_skip_tracking":false,"_monsterinsights_sitenote_active":false,"_monsterinsights_sitenote_note":"","_monsterinsights_sitenote_category":0,"footnotes":""},"categories":[2],"tags":[],"class_list":["post-5112","post","type-post","status-publish","format-standard","has-post-thumbnail","hentry","category-noticias"],"yoast_head":"<!-- This site is optimized with the Yoast SEO plugin v27.3 - https:\/\/yoast.com\/product\/yoast-seo-wordpress\/ -->\n<title>No cerrar\u00e9 Palacio Nacional, s\u00f3lo pondr\u00e9 un catre y una hamaca: AMLO -<\/title>\n<meta name=\"robots\" content=\"index, follow, max-snippet:-1, max-image-preview:large, max-video-preview:-1\" \/>\n<link rel=\"canonical\" href=\"https:\/\/quehacerpolitico.mx\/?p=5112\" \/>\n<meta property=\"og:locale\" content=\"es_MX\" \/>\n<meta property=\"og:type\" content=\"article\" \/>\n<meta property=\"og:title\" content=\"No cerrar\u00e9 Palacio Nacional, s\u00f3lo pondr\u00e9 un catre y una hamaca: AMLO -\" \/>\n<meta property=\"og:description\" content=\"El presidente electo se\u00f1al\u00f3 que no va a gastar en remodelar el lugar Por Redacci\u00f3n QP\" \/>\n<meta property=\"og:url\" content=\"https:\/\/quehacerpolitico.mx\/?p=5112\" \/>\n<meta property=\"article:published_time\" content=\"2018-09-21T03:46:55+00:00\" \/>\n<meta name=\"author\" content=\"Redacci\u00f3n QP\" \/>\n<meta name=\"twitter:card\" content=\"summary_large_image\" \/>\n<meta name=\"twitter:label1\" content=\"Escrito por\" \/>\n\t<meta name=\"twitter:data1\" content=\"Redacci\u00f3n QP\" \/>\n\t<meta name=\"twitter:label2\" content=\"Tiempo de lectura\" \/>\n\t<meta name=\"twitter:data2\" content=\"1 minuto\" \/>\n<script type=\"application\/ld+json\" class=\"yoast-schema-graph\">{\"@context\":\"https:\\\/\\\/schema.org\",\"@graph\":[{\"@type\":\"Article\",\"@id\":\"https:\\\/\\\/quehacerpolitico.mx\\\/?p=5112#article\",\"isPartOf\":{\"@id\":\"https:\\\/\\\/quehacerpolitico.mx\\\/?p=5112\"},\"author\":{\"name\":\"Redacci\u00f3n QP\",\"@id\":\"https:\\\/\\\/quehacerpolitico.mx\\\/#\\\/schema\\\/person\\\/496d8ad2d1d3f8036101dca7ee39e585\"},\"headline\":\"No cerrar\u00e9 Palacio Nacional, s\u00f3lo pondr\u00e9 un catre y una hamaca: AMLO\",\"datePublished\":\"2018-09-21T03:46:55+00:00\",\"mainEntityOfPage\":{\"@id\":\"https:\\\/\\\/quehacerpolitico.mx\\\/?p=5112\"},\"wordCount\":305,\"commentCount\":0,\"image\":{\"@id\":\"https:\\\/\\\/quehacerpolitico.mx\\\/?p=5112#primaryimage\"},\"thumbnailUrl\":\"\",\"articleSection\":[\"Noticias\"],\"inLanguage\":\"es\",\"potentialAction\":[{\"@type\":\"CommentAction\",\"name\":\"Comment\",\"target\":[\"https:\\\/\\\/quehacerpolitico.mx\\\/?p=5112#respond\"]}]},{\"@type\":\"WebPage\",\"@id\":\"https:\\\/\\\/quehacerpolitico.mx\\\/?p=5112\",\"url\":\"https:\\\/\\\/quehacerpolitico.mx\\\/?p=5112\",\"name\":\"No cerrar\u00e9 Palacio Nacional, s\u00f3lo pondr\u00e9 un catre y una hamaca: AMLO -\",\"isPartOf\":{\"@id\":\"https:\\\/\\\/quehacerpolitico.mx\\\/#website\"},\"primaryImageOfPage\":{\"@id\":\"https:\\\/\\\/quehacerpolitico.mx\\\/?p=5112#primaryimage\"},\"image\":{\"@id\":\"https:\\\/\\\/quehacerpolitico.mx\\\/?p=5112#primaryimage\"},\"thumbnailUrl\":\"\",\"datePublished\":\"2018-09-21T03:46:55+00:00\",\"author\":{\"@id\":\"https:\\\/\\\/quehacerpolitico.mx\\\/#\\\/schema\\\/person\\\/496d8ad2d1d3f8036101dca7ee39e585\"},\"breadcrumb\":{\"@id\":\"https:\\\/\\\/quehacerpolitico.mx\\\/?p=5112#breadcrumb\"},\"inLanguage\":\"es\",\"potentialAction\":[{\"@type\":\"ReadAction\",\"target\":[\"https:\\\/\\\/quehacerpolitico.mx\\\/?p=5112\"]}]},{\"@type\":\"ImageObject\",\"inLanguage\":\"es\",\"@id\":\"https:\\\/\\\/quehacerpolitico.mx\\\/?p=5112#primaryimage\",\"url\":\"\",\"contentUrl\":\"\"},{\"@type\":\"BreadcrumbList\",\"@id\":\"https:\\\/\\\/quehacerpolitico.mx\\\/?p=5112#breadcrumb\",\"itemListElement\":[{\"@type\":\"ListItem\",\"position\":1,\"name\":\"Inicio\",\"item\":\"https:\\\/\\\/quehacerpolitico.mx\\\/\"},{\"@type\":\"ListItem\",\"position\":2,\"name\":\"No cerrar\u00e9 Palacio Nacional, s\u00f3lo pondr\u00e9 un catre y una hamaca: AMLO\"}]},{\"@type\":\"WebSite\",\"@id\":\"https:\\\/\\\/quehacerpolitico.mx\\\/#website\",\"url\":\"https:\\\/\\\/quehacerpolitico.mx\\\/\",\"name\":\"\",\"description\":\"\",\"potentialAction\":[{\"@type\":\"SearchAction\",\"target\":{\"@type\":\"EntryPoint\",\"urlTemplate\":\"https:\\\/\\\/quehacerpolitico.mx\\\/?s={search_term_string}\"},\"query-input\":{\"@type\":\"PropertyValueSpecification\",\"valueRequired\":true,\"valueName\":\"search_term_string\"}}],\"inLanguage\":\"es\"},{\"@type\":\"Person\",\"@id\":\"https:\\\/\\\/quehacerpolitico.mx\\\/#\\\/schema\\\/person\\\/496d8ad2d1d3f8036101dca7ee39e585\",\"name\":\"Redacci\u00f3n QP\",\"image\":{\"@type\":\"ImageObject\",\"inLanguage\":\"es\",\"@id\":\"https:\\\/\\\/secure.gravatar.com\\\/avatar\\\/c7164ed6fdec453195284ad24a5ae5b6e1eed2b848477fa2a4787ba9adf39a41?s=96&d=mm&r=g\",\"url\":\"https:\\\/\\\/secure.gravatar.com\\\/avatar\\\/c7164ed6fdec453195284ad24a5ae5b6e1eed2b848477fa2a4787ba9adf39a41?s=96&d=mm&r=g\",\"contentUrl\":\"https:\\\/\\\/secure.gravatar.com\\\/avatar\\\/c7164ed6fdec453195284ad24a5ae5b6e1eed2b848477fa2a4787ba9adf39a41?s=96&d=mm&r=g\",\"caption\":\"Redacci\u00f3n QP\"},\"url\":\"https:\\\/\\\/quehacerpolitico.mx\\\/?author=2\"}]}<\/script>\n<!-- \/ Yoast SEO plugin. -->","yoast_head_json":{"title":"No cerrar\u00e9 Palacio Nacional, s\u00f3lo pondr\u00e9 un catre y una hamaca: AMLO -","robots":{"index":"index","follow":"follow","max-snippet":"max-snippet:-1","max-image-preview":"max-image-preview:large","max-video-preview":"max-video-preview:-1"},"canonical":"https:\/\/quehacerpolitico.mx\/?p=5112","og_locale":"es_MX","og_type":"article","og_title":"No cerrar\u00e9 Palacio Nacional, s\u00f3lo pondr\u00e9 un catre y una hamaca: AMLO -","og_description":"El presidente electo se\u00f1al\u00f3 que no va a gastar en remodelar el lugar Por Redacci\u00f3n QP","og_url":"https:\/\/quehacerpolitico.mx\/?p=5112","article_published_time":"2018-09-21T03:46:55+00:00","author":"Redacci\u00f3n QP","twitter_card":"summary_large_image","twitter_misc":{"Escrito por":"Redacci\u00f3n QP","Tiempo de lectura":"1 minuto"},"schema":{"@context":"https:\/\/schema.org","@graph":[{"@type":"Article","@id":"https:\/\/quehacerpolitico.mx\/?p=5112#article","isPartOf":{"@id":"https:\/\/quehacerpolitico.mx\/?p=5112"},"author":{"name":"Redacci\u00f3n QP","@id":"https:\/\/quehacerpolitico.mx\/#\/schema\/person\/496d8ad2d1d3f8036101dca7ee39e585"},"headline":"No cerrar\u00e9 Palacio Nacional, s\u00f3lo pondr\u00e9 un catre y una hamaca: AMLO","datePublished":"2018-09-21T03:46:55+00:00","mainEntityOfPage":{"@id":"https:\/\/quehacerpolitico.mx\/?p=5112"},"wordCount":305,"commentCount":0,"image":{"@id":"https:\/\/quehacerpolitico.mx\/?p=5112#primaryimage"},"thumbnailUrl":"","articleSection":["Noticias"],"inLanguage":"es","potentialAction":[{"@type":"CommentAction","name":"Comment","target":["https:\/\/quehacerpolitico.mx\/?p=5112#respond"]}]},{"@type":"WebPage","@id":"https:\/\/quehacerpolitico.mx\/?p=5112","url":"https:\/\/quehacerpolitico.mx\/?p=5112","name":"No cerrar\u00e9 Palacio Nacional, s\u00f3lo pondr\u00e9 un catre y una hamaca: AMLO -","isPartOf":{"@id":"https:\/\/quehacerpolitico.mx\/#website"},"primaryImageOfPage":{"@id":"https:\/\/quehacerpolitico.mx\/?p=5112#primaryimage"},"image":{"@id":"https:\/\/quehacerpolitico.mx\/?p=5112#primaryimage"},"thumbnailUrl":"","datePublished":"2018-09-21T03:46:55+00:00","author":{"@id":"https:\/\/quehacerpolitico.mx\/#\/schema\/person\/496d8ad2d1d3f8036101dca7ee39e585"},"breadcrumb":{"@id":"https:\/\/quehacerpolitico.mx\/?p=5112#breadcrumb"},"inLanguage":"es","potentialAction":[{"@type":"ReadAction","target":["https:\/\/quehacerpolitico.mx\/?p=5112"]}]},{"@type":"ImageObject","inLanguage":"es","@id":"https:\/\/quehacerpolitico.mx\/?p=5112#primaryimage","url":"","contentUrl":""},{"@type":"BreadcrumbList","@id":"https:\/\/quehacerpolitico.mx\/?p=5112#breadcrumb","itemListElement":[{"@type":"ListItem","position":1,"name":"Inicio","item":"https:\/\/quehacerpolitico.mx\/"},{"@type":"ListItem","position":2,"name":"No cerrar\u00e9 Palacio Nacional, s\u00f3lo pondr\u00e9 un catre y una hamaca: AMLO"}]},{"@type":"WebSite","@id":"https:\/\/quehacerpolitico.mx\/#website","url":"https:\/\/quehacerpolitico.mx\/","name":"","description":"","potentialAction":[{"@type":"SearchAction","target":{"@type":"EntryPoint","urlTemplate":"https:\/\/quehacerpolitico.mx\/?s={search_term_string}"},"query-input":{"@type":"PropertyValueSpecification","valueRequired":true,"valueName":"search_term_string"}}],"inLanguage":"es"},{"@type":"Person","@id":"https:\/\/quehacerpolitico.mx\/#\/schema\/person\/496d8ad2d1d3f8036101dca7ee39e585","name":"Redacci\u00f3n QP","image":{"@type":"ImageObject","inLanguage":"es","@id":"https:\/\/secure.gravatar.com\/avatar\/c7164ed6fdec453195284ad24a5ae5b6e1eed2b848477fa2a4787ba9adf39a41?s=96&d=mm&r=g","url":"https:\/\/secure.gravatar.com\/avatar\/c7164ed6fdec453195284ad24a5ae5b6e1eed2b848477fa2a4787ba9adf39a41?s=96&d=mm&r=g","contentUrl":"https:\/\/secure.gravatar.com\/avatar\/c7164ed6fdec453195284ad24a5ae5b6e1eed2b848477fa2a4787ba9adf39a41?s=96&d=mm&r=g","caption":"Redacci\u00f3n QP"},"url":"https:\/\/quehacerpolitico.mx\/?author=2"}]}},"featured_image_urls":{"full":"","thumbnail":"","medium":"","medium_large":"","large":"","1536x1536":"","2048x2048":"","covernews-featured":"","covernews-medium":""},"author_info":{"display_name":"Redacci\u00f3n QP","author_link":"https:\/\/quehacerpolitico.mx\/?author=2"},"category_info":"<a href=\"https:\/\/quehacerpolitico.mx\/?cat=2\" rel=\"category\">Noticias<\/a>","tag_info":"Noticias","comment_count":"0","_links":{"self":[{"href":"https:\/\/quehacerpolitico.mx\/index.php?rest_route=\/wp\/v2\/posts\/5112","targetHints":{"allow":["GET"]}}],"collection":[{"href":"https:\/\/quehacerpolitico.mx\/index.php?rest_route=\/wp\/v2\/posts"}],"about":[{"href":"https:\/\/quehacerpolitico.mx\/index.php?rest_route=\/wp\/v2\/types\/post"}],"author":[{"embeddable":true,"href":"https:\/\/quehacerpolitico.mx\/index.php?rest_route=\/wp\/v2\/users\/2"}],"replies":[{"embeddable":true,"href":"https:\/\/quehacerpolitico.mx\/index.php?rest_route=%2Fwp%2Fv2%2Fcomments&post=5112"}],"version-history":[{"count":0,"href":"https:\/\/quehacerpolitico.mx\/index.php?rest_route=\/wp\/v2\/posts\/5112\/revisions"}],"wp:featuredmedia":[{"embeddable":true,"href":"https:\/\/quehacerpolitico.mx\/index.php?rest_route=\/"}],"wp:attachment":[{"href":"https:\/\/quehacerpolitico.mx\/index.php?rest_route=%2Fwp%2Fv2%2Fmedia&parent=5112"}],"wp:term":[{"taxonomy":"category","embeddable":true,"href":"https:\/\/quehacerpolitico.mx\/index.php?rest_route=%2Fwp%2Fv2%2Fcategories&post=5112"},{"taxonomy":"post_tag","embeddable":true,"href":"https:\/\/quehacerpolitico.mx\/index.php?rest_route=%2Fwp%2Fv2%2Ftags&post=5112"}],"curies":[{"name":"wp","href":"https:\/\/api.w.org\/{rel}","templated":true}]}}