{"id":50582,"date":"2020-01-24T00:21:00","date_gmt":"2020-01-24T00:21:00","guid":{"rendered":"http:\/\/quehacerpolitico.mx\/?p=50582"},"modified":"2020-01-24T00:21:00","modified_gmt":"2020-01-24T00:21:00","slug":"la-secretaria-de-salud-rechaza-caso-de-coronavirus-en-yucatan","status":"publish","type":"post","link":"https:\/\/quehacerpolitico.mx\/?p=50582","title":{"rendered":"La Secretar\u00eda de Salud rechaza caso de coronavirus en Yucat\u00e1n"},"content":{"rendered":"<h1 class=\"news-title\">La Secretar\u00eda de Salud rechaza caso de coronavirus en Yucat\u00e1n<br \/>\nPor Redacci\u00f3n QP<\/h1>\n<p>La paciente, de 58 a\u00f1os, result\u00f3 positiva al coronavirus de la familia HKU 1, considerado uno de los m\u00e1s comunes, no al detectado en China<\/p>\n<p>La Secretar\u00eda de los Servicios de Salud en Yucatan\u00a0(SSY) inform\u00f3 que una paciente femenina de 58 a\u00f1os, que acudi\u00f3 a una cl\u00ednica privada de esta ciudad, result\u00f3 positivo al coronavirus de la familia HKU 1, considerado uno de los m\u00e1s comunes, por lo que descarta que corresponda al nuevo coronavirus 2019-nCov detectado en una ciudad de China.<\/p>\n<p><strong>La paciente no cuenta con antecedentes de viaje a China ni de contacto con casos sospechosos o positivos a ese nuevo virus 2019-nCoV.<\/strong><\/p>\n<p>Los coronavirus humanos se identificaron por primera vez a mediados del a\u00f1o de 1960, la mayor\u00eda de las personas que se enferman con el virus en alguna etapa de su vida, generalmente tienen infecciones de leves a moderadas en las v\u00edas respiratorias.<\/p>\n<p>La dependencia coment\u00f3 acerca de esta paciente que <strong>no se debe confundir el virus que se le detect\u00f3 porque no es el mismo del surgido en la ciudad china de Wuhan.<\/strong><\/p>\n<p>No obstante, la dependencia del sector salud dijo que mantiene contacto permanente con la Comisi\u00f3n Nacional de Vigilancia Epidemiol\u00f3gica (Conave) en apego a los lineamientos de vigilancia epidemiol\u00f3gica y el diagn\u00f3stico por laboratorio.<\/p>\n<p>La Secretar\u00eda de Salud federal no ha ubicado en M\u00e9xico casos positivos a 2019-nCoV y el \u00faltimo probable que se hab\u00eda reportado en Tamaulipas\u00a0result\u00f3 negativo.<\/p>\n<p>La dependencia estatal hace un llamado a la poblaci\u00f3n mantenerse informada por los canales oficiales sobre el desarrollo de esta enfermedad y evitar generar alarma sobre este padecimiento.<\/p>\n<p>Por otro lado, la Organizaci\u00f3n Mundial de la Salud (OMS) revel\u00f3 que los signos comunes de infecci\u00f3n incluyen s\u00edntomas respiratorios, fiebre, tos y dificultad para respirar. En casos m\u00e1s graves, la infecci\u00f3n puede causar neumon\u00eda, s\u00edndrome respiratorio agudo severo, insuficiencia renal e incluso la muerte.<\/p>\n<div class=\"banner b2\">\n<div id=\"div-gpt-ad-1505954097040-2\" data-google-query-id=\"CNSFmvP6mucCFQ8YAQodwsEM7w\">Con Informaci\u00f3n de SUN<\/div>\n<\/div>\n","protected":false},"excerpt":{"rendered":"<p>La Secretar\u00eda de Salud rechaza caso de coronavirus en Yucat\u00e1n Por Redacci\u00f3n QP La paciente,&#8230;<\/p>\n","protected":false},"author":2,"featured_media":50583,"comment_status":"open","ping_status":"open","sticky":false,"template":"","format":"standard","meta":{"_monsterinsights_skip_tracking":false,"_monsterinsights_sitenote_active":false,"_monsterinsights_sitenote_note":"","_monsterinsights_sitenote_category":0,"footnotes":""},"categories":[2],"tags":[],"class_list":["post-50582","post","type-post","status-publish","format-standard","has-post-thumbnail","hentry","category-noticias"],"yoast_head":"<!-- This site is optimized with the Yoast SEO plugin v27.3 - https:\/\/yoast.com\/product\/yoast-seo-wordpress\/ -->\n<title>La Secretar\u00eda de Salud rechaza caso de coronavirus en Yucat\u00e1n -<\/title>\n<meta name=\"robots\" content=\"index, follow, max-snippet:-1, max-image-preview:large, max-video-preview:-1\" \/>\n<link rel=\"canonical\" href=\"https:\/\/quehacerpolitico.mx\/?p=50582\" \/>\n<meta property=\"og:locale\" content=\"es_MX\" \/>\n<meta property=\"og:type\" content=\"article\" \/>\n<meta property=\"og:title\" content=\"La Secretar\u00eda de Salud rechaza caso de coronavirus en Yucat\u00e1n -\" \/>\n<meta property=\"og:description\" content=\"La Secretar\u00eda de Salud rechaza caso de coronavirus en Yucat\u00e1n Por Redacci\u00f3n QP La paciente,...\" \/>\n<meta property=\"og:url\" content=\"https:\/\/quehacerpolitico.mx\/?p=50582\" \/>\n<meta property=\"article:published_time\" content=\"2020-01-24T00:21:00+00:00\" \/>\n<meta property=\"og:image\" content=\"https:\/\/quehacerpolitico.mx\/wp-content\/uploads\/2020\/01\/431A0898-E7D7-475A-BD32-6E0DC57F6A27.jpeg\" \/>\n\t<meta property=\"og:image:width\" content=\"320\" \/>\n\t<meta property=\"og:image:height\" content=\"305\" \/>\n\t<meta property=\"og:image:type\" content=\"image\/jpeg\" \/>\n<meta name=\"author\" content=\"Redacci\u00f3n QP\" \/>\n<meta name=\"twitter:card\" content=\"summary_large_image\" \/>\n<meta name=\"twitter:label1\" content=\"Escrito por\" \/>\n\t<meta name=\"twitter:data1\" content=\"Redacci\u00f3n QP\" \/>\n\t<meta name=\"twitter:label2\" content=\"Tiempo de lectura\" \/>\n\t<meta name=\"twitter:data2\" content=\"2 minutos\" \/>\n<script type=\"application\/ld+json\" class=\"yoast-schema-graph\">{\"@context\":\"https:\\\/\\\/schema.org\",\"@graph\":[{\"@type\":\"Article\",\"@id\":\"https:\\\/\\\/quehacerpolitico.mx\\\/?p=50582#article\",\"isPartOf\":{\"@id\":\"https:\\\/\\\/quehacerpolitico.mx\\\/?p=50582\"},\"author\":{\"name\":\"Redacci\u00f3n QP\",\"@id\":\"https:\\\/\\\/quehacerpolitico.mx\\\/#\\\/schema\\\/person\\\/496d8ad2d1d3f8036101dca7ee39e585\"},\"headline\":\"La Secretar\u00eda de Salud rechaza caso de coronavirus en Yucat\u00e1n\",\"datePublished\":\"2020-01-24T00:21:00+00:00\",\"mainEntityOfPage\":{\"@id\":\"https:\\\/\\\/quehacerpolitico.mx\\\/?p=50582\"},\"wordCount\":363,\"commentCount\":0,\"image\":{\"@id\":\"https:\\\/\\\/quehacerpolitico.mx\\\/?p=50582#primaryimage\"},\"thumbnailUrl\":\"https:\\\/\\\/quehacerpolitico.mx\\\/wp-content\\\/uploads\\\/2020\\\/01\\\/431A0898-E7D7-475A-BD32-6E0DC57F6A27.jpeg\",\"articleSection\":[\"Noticias\"],\"inLanguage\":\"es\",\"potentialAction\":[{\"@type\":\"CommentAction\",\"name\":\"Comment\",\"target\":[\"https:\\\/\\\/quehacerpolitico.mx\\\/?p=50582#respond\"]}]},{\"@type\":\"WebPage\",\"@id\":\"https:\\\/\\\/quehacerpolitico.mx\\\/?p=50582\",\"url\":\"https:\\\/\\\/quehacerpolitico.mx\\\/?p=50582\",\"name\":\"La Secretar\u00eda de Salud rechaza caso de coronavirus en Yucat\u00e1n -\",\"isPartOf\":{\"@id\":\"https:\\\/\\\/quehacerpolitico.mx\\\/#website\"},\"primaryImageOfPage\":{\"@id\":\"https:\\\/\\\/quehacerpolitico.mx\\\/?p=50582#primaryimage\"},\"image\":{\"@id\":\"https:\\\/\\\/quehacerpolitico.mx\\\/?p=50582#primaryimage\"},\"thumbnailUrl\":\"https:\\\/\\\/quehacerpolitico.mx\\\/wp-content\\\/uploads\\\/2020\\\/01\\\/431A0898-E7D7-475A-BD32-6E0DC57F6A27.jpeg\",\"datePublished\":\"2020-01-24T00:21:00+00:00\",\"author\":{\"@id\":\"https:\\\/\\\/quehacerpolitico.mx\\\/#\\\/schema\\\/person\\\/496d8ad2d1d3f8036101dca7ee39e585\"},\"breadcrumb\":{\"@id\":\"https:\\\/\\\/quehacerpolitico.mx\\\/?p=50582#breadcrumb\"},\"inLanguage\":\"es\",\"potentialAction\":[{\"@type\":\"ReadAction\",\"target\":[\"https:\\\/\\\/quehacerpolitico.mx\\\/?p=50582\"]}]},{\"@type\":\"ImageObject\",\"inLanguage\":\"es\",\"@id\":\"https:\\\/\\\/quehacerpolitico.mx\\\/?p=50582#primaryimage\",\"url\":\"https:\\\/\\\/quehacerpolitico.mx\\\/wp-content\\\/uploads\\\/2020\\\/01\\\/431A0898-E7D7-475A-BD32-6E0DC57F6A27.jpeg\",\"contentUrl\":\"https:\\\/\\\/quehacerpolitico.mx\\\/wp-content\\\/uploads\\\/2020\\\/01\\\/431A0898-E7D7-475A-BD32-6E0DC57F6A27.jpeg\",\"width\":320,\"height\":305},{\"@type\":\"BreadcrumbList\",\"@id\":\"https:\\\/\\\/quehacerpolitico.mx\\\/?p=50582#breadcrumb\",\"itemListElement\":[{\"@type\":\"ListItem\",\"position\":1,\"name\":\"Inicio\",\"item\":\"https:\\\/\\\/quehacerpolitico.mx\\\/\"},{\"@type\":\"ListItem\",\"position\":2,\"name\":\"La Secretar\u00eda de Salud rechaza caso de coronavirus en Yucat\u00e1n\"}]},{\"@type\":\"WebSite\",\"@id\":\"https:\\\/\\\/quehacerpolitico.mx\\\/#website\",\"url\":\"https:\\\/\\\/quehacerpolitico.mx\\\/\",\"name\":\"\",\"description\":\"\",\"potentialAction\":[{\"@type\":\"SearchAction\",\"target\":{\"@type\":\"EntryPoint\",\"urlTemplate\":\"https:\\\/\\\/quehacerpolitico.mx\\\/?s={search_term_string}\"},\"query-input\":{\"@type\":\"PropertyValueSpecification\",\"valueRequired\":true,\"valueName\":\"search_term_string\"}}],\"inLanguage\":\"es\"},{\"@type\":\"Person\",\"@id\":\"https:\\\/\\\/quehacerpolitico.mx\\\/#\\\/schema\\\/person\\\/496d8ad2d1d3f8036101dca7ee39e585\",\"name\":\"Redacci\u00f3n QP\",\"image\":{\"@type\":\"ImageObject\",\"inLanguage\":\"es\",\"@id\":\"https:\\\/\\\/secure.gravatar.com\\\/avatar\\\/c7164ed6fdec453195284ad24a5ae5b6e1eed2b848477fa2a4787ba9adf39a41?s=96&d=mm&r=g\",\"url\":\"https:\\\/\\\/secure.gravatar.com\\\/avatar\\\/c7164ed6fdec453195284ad24a5ae5b6e1eed2b848477fa2a4787ba9adf39a41?s=96&d=mm&r=g\",\"contentUrl\":\"https:\\\/\\\/secure.gravatar.com\\\/avatar\\\/c7164ed6fdec453195284ad24a5ae5b6e1eed2b848477fa2a4787ba9adf39a41?s=96&d=mm&r=g\",\"caption\":\"Redacci\u00f3n QP\"},\"url\":\"https:\\\/\\\/quehacerpolitico.mx\\\/?author=2\"}]}<\/script>\n<!-- \/ Yoast SEO plugin. -->","yoast_head_json":{"title":"La Secretar\u00eda de Salud rechaza caso de coronavirus en Yucat\u00e1n -","robots":{"index":"index","follow":"follow","max-snippet":"max-snippet:-1","max-image-preview":"max-image-preview:large","max-video-preview":"max-video-preview:-1"},"canonical":"https:\/\/quehacerpolitico.mx\/?p=50582","og_locale":"es_MX","og_type":"article","og_title":"La Secretar\u00eda de Salud rechaza caso de coronavirus en Yucat\u00e1n -","og_description":"La Secretar\u00eda de Salud rechaza caso de coronavirus en Yucat\u00e1n Por Redacci\u00f3n QP La paciente,...","og_url":"https:\/\/quehacerpolitico.mx\/?p=50582","article_published_time":"2020-01-24T00:21:00+00:00","og_image":[{"width":320,"height":305,"url":"https:\/\/quehacerpolitico.mx\/wp-content\/uploads\/2020\/01\/431A0898-E7D7-475A-BD32-6E0DC57F6A27.jpeg","type":"image\/jpeg"}],"author":"Redacci\u00f3n QP","twitter_card":"summary_large_image","twitter_misc":{"Escrito por":"Redacci\u00f3n QP","Tiempo de lectura":"2 minutos"},"schema":{"@context":"https:\/\/schema.org","@graph":[{"@type":"Article","@id":"https:\/\/quehacerpolitico.mx\/?p=50582#article","isPartOf":{"@id":"https:\/\/quehacerpolitico.mx\/?p=50582"},"author":{"name":"Redacci\u00f3n QP","@id":"https:\/\/quehacerpolitico.mx\/#\/schema\/person\/496d8ad2d1d3f8036101dca7ee39e585"},"headline":"La Secretar\u00eda de Salud rechaza caso de coronavirus en Yucat\u00e1n","datePublished":"2020-01-24T00:21:00+00:00","mainEntityOfPage":{"@id":"https:\/\/quehacerpolitico.mx\/?p=50582"},"wordCount":363,"commentCount":0,"image":{"@id":"https:\/\/quehacerpolitico.mx\/?p=50582#primaryimage"},"thumbnailUrl":"https:\/\/quehacerpolitico.mx\/wp-content\/uploads\/2020\/01\/431A0898-E7D7-475A-BD32-6E0DC57F6A27.jpeg","articleSection":["Noticias"],"inLanguage":"es","potentialAction":[{"@type":"CommentAction","name":"Comment","target":["https:\/\/quehacerpolitico.mx\/?p=50582#respond"]}]},{"@type":"WebPage","@id":"https:\/\/quehacerpolitico.mx\/?p=50582","url":"https:\/\/quehacerpolitico.mx\/?p=50582","name":"La Secretar\u00eda de Salud rechaza caso de coronavirus en Yucat\u00e1n -","isPartOf":{"@id":"https:\/\/quehacerpolitico.mx\/#website"},"primaryImageOfPage":{"@id":"https:\/\/quehacerpolitico.mx\/?p=50582#primaryimage"},"image":{"@id":"https:\/\/quehacerpolitico.mx\/?p=50582#primaryimage"},"thumbnailUrl":"https:\/\/quehacerpolitico.mx\/wp-content\/uploads\/2020\/01\/431A0898-E7D7-475A-BD32-6E0DC57F6A27.jpeg","datePublished":"2020-01-24T00:21:00+00:00","author":{"@id":"https:\/\/quehacerpolitico.mx\/#\/schema\/person\/496d8ad2d1d3f8036101dca7ee39e585"},"breadcrumb":{"@id":"https:\/\/quehacerpolitico.mx\/?p=50582#breadcrumb"},"inLanguage":"es","potentialAction":[{"@type":"ReadAction","target":["https:\/\/quehacerpolitico.mx\/?p=50582"]}]},{"@type":"ImageObject","inLanguage":"es","@id":"https:\/\/quehacerpolitico.mx\/?p=50582#primaryimage","url":"https:\/\/quehacerpolitico.mx\/wp-content\/uploads\/2020\/01\/431A0898-E7D7-475A-BD32-6E0DC57F6A27.jpeg","contentUrl":"https:\/\/quehacerpolitico.mx\/wp-content\/uploads\/2020\/01\/431A0898-E7D7-475A-BD32-6E0DC57F6A27.jpeg","width":320,"height":305},{"@type":"BreadcrumbList","@id":"https:\/\/quehacerpolitico.mx\/?p=50582#breadcrumb","itemListElement":[{"@type":"ListItem","position":1,"name":"Inicio","item":"https:\/\/quehacerpolitico.mx\/"},{"@type":"ListItem","position":2,"name":"La Secretar\u00eda de Salud rechaza caso de coronavirus en Yucat\u00e1n"}]},{"@type":"WebSite","@id":"https:\/\/quehacerpolitico.mx\/#website","url":"https:\/\/quehacerpolitico.mx\/","name":"","description":"","potentialAction":[{"@type":"SearchAction","target":{"@type":"EntryPoint","urlTemplate":"https:\/\/quehacerpolitico.mx\/?s={search_term_string}"},"query-input":{"@type":"PropertyValueSpecification","valueRequired":true,"valueName":"search_term_string"}}],"inLanguage":"es"},{"@type":"Person","@id":"https:\/\/quehacerpolitico.mx\/#\/schema\/person\/496d8ad2d1d3f8036101dca7ee39e585","name":"Redacci\u00f3n QP","image":{"@type":"ImageObject","inLanguage":"es","@id":"https:\/\/secure.gravatar.com\/avatar\/c7164ed6fdec453195284ad24a5ae5b6e1eed2b848477fa2a4787ba9adf39a41?s=96&d=mm&r=g","url":"https:\/\/secure.gravatar.com\/avatar\/c7164ed6fdec453195284ad24a5ae5b6e1eed2b848477fa2a4787ba9adf39a41?s=96&d=mm&r=g","contentUrl":"https:\/\/secure.gravatar.com\/avatar\/c7164ed6fdec453195284ad24a5ae5b6e1eed2b848477fa2a4787ba9adf39a41?s=96&d=mm&r=g","caption":"Redacci\u00f3n QP"},"url":"https:\/\/quehacerpolitico.mx\/?author=2"}]}},"featured_image_urls":{"full":["https:\/\/quehacerpolitico.mx\/wp-content\/uploads\/2020\/01\/431A0898-E7D7-475A-BD32-6E0DC57F6A27.jpeg",320,305,false],"thumbnail":["https:\/\/quehacerpolitico.mx\/wp-content\/uploads\/2020\/01\/431A0898-E7D7-475A-BD32-6E0DC57F6A27-150x150.jpeg",150,150,true],"medium":["https:\/\/quehacerpolitico.mx\/wp-content\/uploads\/2020\/01\/431A0898-E7D7-475A-BD32-6E0DC57F6A27-300x286.jpeg",300,286,true],"medium_large":["https:\/\/quehacerpolitico.mx\/wp-content\/uploads\/2020\/01\/431A0898-E7D7-475A-BD32-6E0DC57F6A27.jpeg",320,305,false],"large":["https:\/\/quehacerpolitico.mx\/wp-content\/uploads\/2020\/01\/431A0898-E7D7-475A-BD32-6E0DC57F6A27.jpeg",320,305,false],"1536x1536":["https:\/\/quehacerpolitico.mx\/wp-content\/uploads\/2020\/01\/431A0898-E7D7-475A-BD32-6E0DC57F6A27.jpeg",320,305,false],"2048x2048":["https:\/\/quehacerpolitico.mx\/wp-content\/uploads\/2020\/01\/431A0898-E7D7-475A-BD32-6E0DC57F6A27.jpeg",320,305,false],"covernews-featured":["https:\/\/quehacerpolitico.mx\/wp-content\/uploads\/2020\/01\/431A0898-E7D7-475A-BD32-6E0DC57F6A27.jpeg",320,305,false],"covernews-medium":["https:\/\/quehacerpolitico.mx\/wp-content\/uploads\/2020\/01\/431A0898-E7D7-475A-BD32-6E0DC57F6A27.jpeg",320,305,false]},"author_info":{"display_name":"Redacci\u00f3n QP","author_link":"https:\/\/quehacerpolitico.mx\/?author=2"},"category_info":"<a href=\"https:\/\/quehacerpolitico.mx\/?cat=2\" rel=\"category\">Noticias<\/a>","tag_info":"Noticias","comment_count":"0","_links":{"self":[{"href":"https:\/\/quehacerpolitico.mx\/index.php?rest_route=\/wp\/v2\/posts\/50582","targetHints":{"allow":["GET"]}}],"collection":[{"href":"https:\/\/quehacerpolitico.mx\/index.php?rest_route=\/wp\/v2\/posts"}],"about":[{"href":"https:\/\/quehacerpolitico.mx\/index.php?rest_route=\/wp\/v2\/types\/post"}],"author":[{"embeddable":true,"href":"https:\/\/quehacerpolitico.mx\/index.php?rest_route=\/wp\/v2\/users\/2"}],"replies":[{"embeddable":true,"href":"https:\/\/quehacerpolitico.mx\/index.php?rest_route=%2Fwp%2Fv2%2Fcomments&post=50582"}],"version-history":[{"count":0,"href":"https:\/\/quehacerpolitico.mx\/index.php?rest_route=\/wp\/v2\/posts\/50582\/revisions"}],"wp:featuredmedia":[{"embeddable":true,"href":"https:\/\/quehacerpolitico.mx\/index.php?rest_route=\/wp\/v2\/media\/50583"}],"wp:attachment":[{"href":"https:\/\/quehacerpolitico.mx\/index.php?rest_route=%2Fwp%2Fv2%2Fmedia&parent=50582"}],"wp:term":[{"taxonomy":"category","embeddable":true,"href":"https:\/\/quehacerpolitico.mx\/index.php?rest_route=%2Fwp%2Fv2%2Fcategories&post=50582"},{"taxonomy":"post_tag","embeddable":true,"href":"https:\/\/quehacerpolitico.mx\/index.php?rest_route=%2Fwp%2Fv2%2Ftags&post=50582"}],"curies":[{"name":"wp","href":"https:\/\/api.w.org\/{rel}","templated":true}]}}