{"id":50578,"date":"2020-01-24T00:05:23","date_gmt":"2020-01-24T00:05:23","guid":{"rendered":"http:\/\/quehacerpolitico.mx\/?p=50578"},"modified":"2020-01-24T00:05:23","modified_gmt":"2020-01-24T00:05:23","slug":"sheinbaum-da-banderazo-a-la-segunda-parte-del-programa-si-al-desarme-si-a-la-paz","status":"publish","type":"post","link":"https:\/\/quehacerpolitico.mx\/?p=50578","title":{"rendered":"Sheinbaum da banderazo a la segunda parte del programa Si al desarme Si a La Paz"},"content":{"rendered":"<p>Sheinbaum da banderazo a la segunda parte del programa Si al desarme Si a La Paz<br \/>\nPor Redacci\u00f3n QP<\/p>\n<p>\u201cPara este 2020 tiene un presupuesto de 15 millones de pesos; y la meta es destruir, igual que el a\u00f1o pasado 2019, m\u00e1s de 4 mil 500 armas\u201d, indic\u00f3 la titular Rosa Icela Rodr\u00edguez<\/p>\n<p>El Gobierno de la <strong>Ciudad de M\u00e9xico<\/strong> inform\u00f3 que para 2020 destinar\u00e1 15 millones de pesos al programa que tiene como objetivo recaudar armas de manera an\u00f3nima y voluntaria \u201c<strong>S\u00ed al desarme, s\u00ed a La Paz<\/strong>\u201d.<\/p>\n<p><strong>Rosa Icela Rodr\u00edguez<\/strong>, titular de la Secretar\u00eda de Gobierno detall\u00f3 que la meta para 2020 es recolectar m\u00e1s de 4 mil 500 armas.<\/p>\n<p>\u201cPara este 2020 tiene un presupuesto de 15 millones de pesos; y la meta es destruir, igual que el a\u00f1o pasado 2019, m\u00e1s de 4 mil 500 armas\u201d, indic\u00f3.<\/p>\n<blockquote class=\"twitter-tweet\" data-width=\"550\" data-dnt=\"true\">\n<p lang=\"es\" dir=\"ltr\">En el acto, develamos &quot;Molino para la paz&quot;, la escultura ganadora del concurso <a href=\"https:\/\/twitter.com\/hashtag\/S%C3%ADAlDesarmeS%C3%ADALaPaz?src=hash&amp;ref_src=twsrc%5Etfw\">#S\u00edAlDesarmeS\u00edALaPaz<\/a>\ud83d\udd4a\ufe0f, obra de Miguel \u00c1ngel Campos Ortiz. <a href=\"https:\/\/t.co\/S0LKAuXzIt\">pic.twitter.com\/S0LKAuXzIt<\/a><\/p>\n<p>&mdash; Gobierno de la Ciudad de M\u00e9xico (@GobCDMX) <a href=\"https:\/\/twitter.com\/GobCDMX\/status\/1220412485100081152?ref_src=twsrc%5Etfw\">January 23, 2020<\/a><\/p><\/blockquote>\n<p><script async src=\"https:\/\/platform.twitter.com\/widgets.js\" charset=\"utf-8\"><\/script><\/p>\n<p>De igual forma mencion\u00f3 que se est\u00e1n reforzando las visitas casa por casa, en los parques, en las escuelas,lugares de mayor afluencia, hablando cara a cara, con padres y madres de familia, abuelos, abuelas, ni\u00f1as y ni\u00f1os, haciendo conciencia sobre los riesgos de tener armas de fuego en casa.<\/p>\n<p>Destac\u00f3 que las autoridades correspondientes estar\u00e1n recibiendo a toda la poblaci\u00f3n interesada, de 10 de la ma\u00f1ana a 2 de la tarde, en el atrio de la Bas\u00edlica de Guadalupe, ubicada en la alcald\u00eda <strong>Gustavo A. Madero<\/strong> a partir de hoy y hasta el 4 de febrero.<\/p>\n<p>Rosa Icela record\u00f3 a los interesados que el programa es totalmente an\u00f3nimo, no se investiga a nadie y no se pregunta sobre el origen de las armas.<\/p>\n<p>\u201cEstaremos recorriendo las 16 alcald\u00edas. Por ejemplo, en 2019 instalamos 57 m\u00f3dulos en 53 atrios de parroquias; estuvimos en toda la ciudad, y cuando fue necesario reforzar el programa, como en Iztapalapa donde hubo diversos eventos, se instalaron 18 m\u00f3dulos en diferentes atrios, con una presencia permanente en esta zona, desde el mes de abril, hasta diciembre\u201d, acot\u00f3.<\/p>\n<blockquote class=\"twitter-tweet\" data-width=\"550\" data-dnt=\"true\">\n<p lang=\"es\" dir=\"ltr\"><a href=\"https:\/\/twitter.com\/hashtag\/Envivo?src=hash&amp;ref_src=twsrc%5Etfw\">#Envivo<\/a>  Inicio de la segunda etapa de <a href=\"https:\/\/twitter.com\/hashtag\/S%C3%ADAlDesarmeS%C3%ADALaPaz?src=hash&amp;ref_src=twsrc%5Etfw\">#S\u00edAlDesarmeS\u00edALaPaz<\/a>\ud83d\udd4a; con la <a href=\"https:\/\/twitter.com\/hashtag\/JefaDeGobierno?src=hash&amp;ref_src=twsrc%5Etfw\">#JefaDeGobierno<\/a>, parte de su gabinete, el presidente del <a href=\"https:\/\/twitter.com\/PJCDMX?ref_src=twsrc%5Etfw\">@PJCDMX<\/a>, el comandante de la 1ra Zona Militar de <a href=\"https:\/\/twitter.com\/SEDENAmx?ref_src=twsrc%5Etfw\">@SEDENAmx<\/a>, el presidente del <a href=\"https:\/\/twitter.com\/elconsejomx?ref_src=twsrc%5Etfw\">@elconsejomx<\/a> y <a href=\"https:\/\/twitter.com\/TuAlcaldiaGAM?ref_src=twsrc%5Etfw\">@TuAlcaldiaGAM<\/a> <a href=\"https:\/\/t.co\/iUb3SspxmL\">https:\/\/t.co\/iUb3SspxmL<\/a><\/p>\n<p>&mdash; Gobierno de la Ciudad de M\u00e9xico (@GobCDMX) <a href=\"https:\/\/twitter.com\/GobCDMX\/status\/1220390971050868736?ref_src=twsrc%5Etfw\">January 23, 2020<\/a><\/p><\/blockquote>\n<p><script async src=\"https:\/\/platform.twitter.com\/widgets.js\" charset=\"utf-8\"><\/script><\/p>\n<p>Finalmente resalt\u00f3 que en 2019 se lograron recuperar 4 mil 768 armas de fuego, as\u00ed como 934 mil cartuchos y municiones, arsenal que fue destruido por elementos del Ej\u00e9rcito Mexicano \u00a0y que representa el 90% del total de las armas recabadas y destruidas en el pa\u00eds, por programas preventivos.<\/p>\n<p>Por su parte la jefa de Gobierno de la <strong>Ciudad de M\u00e9xico, Claudia Sheinbaum<\/strong> destac\u00f3 que retirar estas armas de los hogares de las familias es promover La Paz en la Ciudad de M\u00e9xico.<\/p>\n","protected":false},"excerpt":{"rendered":"<p>Sheinbaum da banderazo a la segunda parte del programa Si al desarme Si a La&#8230;<\/p>\n","protected":false},"author":2,"featured_media":50580,"comment_status":"open","ping_status":"open","sticky":false,"template":"","format":"standard","meta":{"_monsterinsights_skip_tracking":false,"_monsterinsights_sitenote_active":false,"_monsterinsights_sitenote_note":"","_monsterinsights_sitenote_category":0,"footnotes":""},"categories":[55],"tags":[],"class_list":["post-50578","post","type-post","status-publish","format-standard","has-post-thumbnail","hentry","category-cdmx"],"yoast_head":"<!-- This site is optimized with the Yoast SEO plugin v27.3 - https:\/\/yoast.com\/product\/yoast-seo-wordpress\/ -->\n<title>Sheinbaum da banderazo a la segunda parte del programa Si al desarme Si a La Paz -<\/title>\n<meta name=\"robots\" content=\"index, follow, max-snippet:-1, max-image-preview:large, max-video-preview:-1\" \/>\n<link rel=\"canonical\" href=\"https:\/\/quehacerpolitico.mx\/?p=50578\" \/>\n<meta property=\"og:locale\" content=\"es_MX\" \/>\n<meta property=\"og:type\" content=\"article\" \/>\n<meta property=\"og:title\" content=\"Sheinbaum da banderazo a la segunda parte del programa Si al desarme Si a La Paz -\" \/>\n<meta property=\"og:description\" content=\"Sheinbaum da banderazo a la segunda parte del programa Si al desarme Si a La...\" \/>\n<meta property=\"og:url\" content=\"https:\/\/quehacerpolitico.mx\/?p=50578\" \/>\n<meta property=\"article:published_time\" content=\"2020-01-24T00:05:23+00:00\" \/>\n<meta property=\"og:image\" content=\"https:\/\/quehacerpolitico.mx\/wp-content\/uploads\/2020\/01\/9DA6D360-3120-470A-BE01-CE166FB8FBB0.jpeg\" \/>\n\t<meta property=\"og:image:width\" content=\"1368\" \/>\n\t<meta property=\"og:image:height\" content=\"912\" \/>\n\t<meta property=\"og:image:type\" content=\"image\/jpeg\" \/>\n<meta name=\"author\" content=\"Redacci\u00f3n QP\" \/>\n<meta name=\"twitter:card\" content=\"summary_large_image\" \/>\n<meta name=\"twitter:label1\" content=\"Escrito por\" \/>\n\t<meta name=\"twitter:data1\" content=\"Redacci\u00f3n QP\" \/>\n\t<meta name=\"twitter:label2\" content=\"Tiempo de lectura\" \/>\n\t<meta name=\"twitter:data2\" content=\"2 minutos\" \/>\n<script type=\"application\/ld+json\" class=\"yoast-schema-graph\">{\"@context\":\"https:\\\/\\\/schema.org\",\"@graph\":[{\"@type\":\"Article\",\"@id\":\"https:\\\/\\\/quehacerpolitico.mx\\\/?p=50578#article\",\"isPartOf\":{\"@id\":\"https:\\\/\\\/quehacerpolitico.mx\\\/?p=50578\"},\"author\":{\"name\":\"Redacci\u00f3n QP\",\"@id\":\"https:\\\/\\\/quehacerpolitico.mx\\\/#\\\/schema\\\/person\\\/496d8ad2d1d3f8036101dca7ee39e585\"},\"headline\":\"Sheinbaum da banderazo a la segunda parte del programa Si al desarme Si a La Paz\",\"datePublished\":\"2020-01-24T00:05:23+00:00\",\"mainEntityOfPage\":{\"@id\":\"https:\\\/\\\/quehacerpolitico.mx\\\/?p=50578\"},\"wordCount\":433,\"commentCount\":0,\"image\":{\"@id\":\"https:\\\/\\\/quehacerpolitico.mx\\\/?p=50578#primaryimage\"},\"thumbnailUrl\":\"https:\\\/\\\/quehacerpolitico.mx\\\/wp-content\\\/uploads\\\/2020\\\/01\\\/9DA6D360-3120-470A-BE01-CE166FB8FBB0.jpeg\",\"articleSection\":[\"CDMX\"],\"inLanguage\":\"es\",\"potentialAction\":[{\"@type\":\"CommentAction\",\"name\":\"Comment\",\"target\":[\"https:\\\/\\\/quehacerpolitico.mx\\\/?p=50578#respond\"]}]},{\"@type\":\"WebPage\",\"@id\":\"https:\\\/\\\/quehacerpolitico.mx\\\/?p=50578\",\"url\":\"https:\\\/\\\/quehacerpolitico.mx\\\/?p=50578\",\"name\":\"Sheinbaum da banderazo a la segunda parte del programa Si al desarme Si a La Paz -\",\"isPartOf\":{\"@id\":\"https:\\\/\\\/quehacerpolitico.mx\\\/#website\"},\"primaryImageOfPage\":{\"@id\":\"https:\\\/\\\/quehacerpolitico.mx\\\/?p=50578#primaryimage\"},\"image\":{\"@id\":\"https:\\\/\\\/quehacerpolitico.mx\\\/?p=50578#primaryimage\"},\"thumbnailUrl\":\"https:\\\/\\\/quehacerpolitico.mx\\\/wp-content\\\/uploads\\\/2020\\\/01\\\/9DA6D360-3120-470A-BE01-CE166FB8FBB0.jpeg\",\"datePublished\":\"2020-01-24T00:05:23+00:00\",\"author\":{\"@id\":\"https:\\\/\\\/quehacerpolitico.mx\\\/#\\\/schema\\\/person\\\/496d8ad2d1d3f8036101dca7ee39e585\"},\"breadcrumb\":{\"@id\":\"https:\\\/\\\/quehacerpolitico.mx\\\/?p=50578#breadcrumb\"},\"inLanguage\":\"es\",\"potentialAction\":[{\"@type\":\"ReadAction\",\"target\":[\"https:\\\/\\\/quehacerpolitico.mx\\\/?p=50578\"]}]},{\"@type\":\"ImageObject\",\"inLanguage\":\"es\",\"@id\":\"https:\\\/\\\/quehacerpolitico.mx\\\/?p=50578#primaryimage\",\"url\":\"https:\\\/\\\/quehacerpolitico.mx\\\/wp-content\\\/uploads\\\/2020\\\/01\\\/9DA6D360-3120-470A-BE01-CE166FB8FBB0.jpeg\",\"contentUrl\":\"https:\\\/\\\/quehacerpolitico.mx\\\/wp-content\\\/uploads\\\/2020\\\/01\\\/9DA6D360-3120-470A-BE01-CE166FB8FBB0.jpeg\",\"width\":1368,\"height\":912},{\"@type\":\"BreadcrumbList\",\"@id\":\"https:\\\/\\\/quehacerpolitico.mx\\\/?p=50578#breadcrumb\",\"itemListElement\":[{\"@type\":\"ListItem\",\"position\":1,\"name\":\"Inicio\",\"item\":\"https:\\\/\\\/quehacerpolitico.mx\\\/\"},{\"@type\":\"ListItem\",\"position\":2,\"name\":\"Sheinbaum da banderazo a la segunda parte del programa Si al desarme Si a La Paz\"}]},{\"@type\":\"WebSite\",\"@id\":\"https:\\\/\\\/quehacerpolitico.mx\\\/#website\",\"url\":\"https:\\\/\\\/quehacerpolitico.mx\\\/\",\"name\":\"\",\"description\":\"\",\"potentialAction\":[{\"@type\":\"SearchAction\",\"target\":{\"@type\":\"EntryPoint\",\"urlTemplate\":\"https:\\\/\\\/quehacerpolitico.mx\\\/?s={search_term_string}\"},\"query-input\":{\"@type\":\"PropertyValueSpecification\",\"valueRequired\":true,\"valueName\":\"search_term_string\"}}],\"inLanguage\":\"es\"},{\"@type\":\"Person\",\"@id\":\"https:\\\/\\\/quehacerpolitico.mx\\\/#\\\/schema\\\/person\\\/496d8ad2d1d3f8036101dca7ee39e585\",\"name\":\"Redacci\u00f3n QP\",\"image\":{\"@type\":\"ImageObject\",\"inLanguage\":\"es\",\"@id\":\"https:\\\/\\\/secure.gravatar.com\\\/avatar\\\/c7164ed6fdec453195284ad24a5ae5b6e1eed2b848477fa2a4787ba9adf39a41?s=96&d=mm&r=g\",\"url\":\"https:\\\/\\\/secure.gravatar.com\\\/avatar\\\/c7164ed6fdec453195284ad24a5ae5b6e1eed2b848477fa2a4787ba9adf39a41?s=96&d=mm&r=g\",\"contentUrl\":\"https:\\\/\\\/secure.gravatar.com\\\/avatar\\\/c7164ed6fdec453195284ad24a5ae5b6e1eed2b848477fa2a4787ba9adf39a41?s=96&d=mm&r=g\",\"caption\":\"Redacci\u00f3n QP\"},\"url\":\"https:\\\/\\\/quehacerpolitico.mx\\\/?author=2\"}]}<\/script>\n<!-- \/ Yoast SEO plugin. -->","yoast_head_json":{"title":"Sheinbaum da banderazo a la segunda parte del programa Si al desarme Si a La Paz -","robots":{"index":"index","follow":"follow","max-snippet":"max-snippet:-1","max-image-preview":"max-image-preview:large","max-video-preview":"max-video-preview:-1"},"canonical":"https:\/\/quehacerpolitico.mx\/?p=50578","og_locale":"es_MX","og_type":"article","og_title":"Sheinbaum da banderazo a la segunda parte del programa Si al desarme Si a La Paz -","og_description":"Sheinbaum da banderazo a la segunda parte del programa Si al desarme Si a La...","og_url":"https:\/\/quehacerpolitico.mx\/?p=50578","article_published_time":"2020-01-24T00:05:23+00:00","og_image":[{"width":1368,"height":912,"url":"https:\/\/quehacerpolitico.mx\/wp-content\/uploads\/2020\/01\/9DA6D360-3120-470A-BE01-CE166FB8FBB0.jpeg","type":"image\/jpeg"}],"author":"Redacci\u00f3n QP","twitter_card":"summary_large_image","twitter_misc":{"Escrito por":"Redacci\u00f3n QP","Tiempo de lectura":"2 minutos"},"schema":{"@context":"https:\/\/schema.org","@graph":[{"@type":"Article","@id":"https:\/\/quehacerpolitico.mx\/?p=50578#article","isPartOf":{"@id":"https:\/\/quehacerpolitico.mx\/?p=50578"},"author":{"name":"Redacci\u00f3n QP","@id":"https:\/\/quehacerpolitico.mx\/#\/schema\/person\/496d8ad2d1d3f8036101dca7ee39e585"},"headline":"Sheinbaum da banderazo a la segunda parte del programa Si al desarme Si a La Paz","datePublished":"2020-01-24T00:05:23+00:00","mainEntityOfPage":{"@id":"https:\/\/quehacerpolitico.mx\/?p=50578"},"wordCount":433,"commentCount":0,"image":{"@id":"https:\/\/quehacerpolitico.mx\/?p=50578#primaryimage"},"thumbnailUrl":"https:\/\/quehacerpolitico.mx\/wp-content\/uploads\/2020\/01\/9DA6D360-3120-470A-BE01-CE166FB8FBB0.jpeg","articleSection":["CDMX"],"inLanguage":"es","potentialAction":[{"@type":"CommentAction","name":"Comment","target":["https:\/\/quehacerpolitico.mx\/?p=50578#respond"]}]},{"@type":"WebPage","@id":"https:\/\/quehacerpolitico.mx\/?p=50578","url":"https:\/\/quehacerpolitico.mx\/?p=50578","name":"Sheinbaum da banderazo a la segunda parte del programa Si al desarme Si a La Paz -","isPartOf":{"@id":"https:\/\/quehacerpolitico.mx\/#website"},"primaryImageOfPage":{"@id":"https:\/\/quehacerpolitico.mx\/?p=50578#primaryimage"},"image":{"@id":"https:\/\/quehacerpolitico.mx\/?p=50578#primaryimage"},"thumbnailUrl":"https:\/\/quehacerpolitico.mx\/wp-content\/uploads\/2020\/01\/9DA6D360-3120-470A-BE01-CE166FB8FBB0.jpeg","datePublished":"2020-01-24T00:05:23+00:00","author":{"@id":"https:\/\/quehacerpolitico.mx\/#\/schema\/person\/496d8ad2d1d3f8036101dca7ee39e585"},"breadcrumb":{"@id":"https:\/\/quehacerpolitico.mx\/?p=50578#breadcrumb"},"inLanguage":"es","potentialAction":[{"@type":"ReadAction","target":["https:\/\/quehacerpolitico.mx\/?p=50578"]}]},{"@type":"ImageObject","inLanguage":"es","@id":"https:\/\/quehacerpolitico.mx\/?p=50578#primaryimage","url":"https:\/\/quehacerpolitico.mx\/wp-content\/uploads\/2020\/01\/9DA6D360-3120-470A-BE01-CE166FB8FBB0.jpeg","contentUrl":"https:\/\/quehacerpolitico.mx\/wp-content\/uploads\/2020\/01\/9DA6D360-3120-470A-BE01-CE166FB8FBB0.jpeg","width":1368,"height":912},{"@type":"BreadcrumbList","@id":"https:\/\/quehacerpolitico.mx\/?p=50578#breadcrumb","itemListElement":[{"@type":"ListItem","position":1,"name":"Inicio","item":"https:\/\/quehacerpolitico.mx\/"},{"@type":"ListItem","position":2,"name":"Sheinbaum da banderazo a la segunda parte del programa Si al desarme Si a La Paz"}]},{"@type":"WebSite","@id":"https:\/\/quehacerpolitico.mx\/#website","url":"https:\/\/quehacerpolitico.mx\/","name":"","description":"","potentialAction":[{"@type":"SearchAction","target":{"@type":"EntryPoint","urlTemplate":"https:\/\/quehacerpolitico.mx\/?s={search_term_string}"},"query-input":{"@type":"PropertyValueSpecification","valueRequired":true,"valueName":"search_term_string"}}],"inLanguage":"es"},{"@type":"Person","@id":"https:\/\/quehacerpolitico.mx\/#\/schema\/person\/496d8ad2d1d3f8036101dca7ee39e585","name":"Redacci\u00f3n QP","image":{"@type":"ImageObject","inLanguage":"es","@id":"https:\/\/secure.gravatar.com\/avatar\/c7164ed6fdec453195284ad24a5ae5b6e1eed2b848477fa2a4787ba9adf39a41?s=96&d=mm&r=g","url":"https:\/\/secure.gravatar.com\/avatar\/c7164ed6fdec453195284ad24a5ae5b6e1eed2b848477fa2a4787ba9adf39a41?s=96&d=mm&r=g","contentUrl":"https:\/\/secure.gravatar.com\/avatar\/c7164ed6fdec453195284ad24a5ae5b6e1eed2b848477fa2a4787ba9adf39a41?s=96&d=mm&r=g","caption":"Redacci\u00f3n QP"},"url":"https:\/\/quehacerpolitico.mx\/?author=2"}]}},"featured_image_urls":{"full":["https:\/\/quehacerpolitico.mx\/wp-content\/uploads\/2020\/01\/9DA6D360-3120-470A-BE01-CE166FB8FBB0.jpeg",1368,912,false],"thumbnail":["https:\/\/quehacerpolitico.mx\/wp-content\/uploads\/2020\/01\/9DA6D360-3120-470A-BE01-CE166FB8FBB0-150x150.jpeg",150,150,true],"medium":["https:\/\/quehacerpolitico.mx\/wp-content\/uploads\/2020\/01\/9DA6D360-3120-470A-BE01-CE166FB8FBB0-300x200.jpeg",300,200,true],"medium_large":["https:\/\/quehacerpolitico.mx\/wp-content\/uploads\/2020\/01\/9DA6D360-3120-470A-BE01-CE166FB8FBB0-768x512.jpeg",640,427,true],"large":["https:\/\/quehacerpolitico.mx\/wp-content\/uploads\/2020\/01\/9DA6D360-3120-470A-BE01-CE166FB8FBB0-1024x683.jpeg",640,427,true],"1536x1536":["https:\/\/quehacerpolitico.mx\/wp-content\/uploads\/2020\/01\/9DA6D360-3120-470A-BE01-CE166FB8FBB0.jpeg",1368,912,false],"2048x2048":["https:\/\/quehacerpolitico.mx\/wp-content\/uploads\/2020\/01\/9DA6D360-3120-470A-BE01-CE166FB8FBB0.jpeg",1368,912,false],"covernews-featured":["https:\/\/quehacerpolitico.mx\/wp-content\/uploads\/2020\/01\/9DA6D360-3120-470A-BE01-CE166FB8FBB0.jpeg",1024,683,false],"covernews-medium":["https:\/\/quehacerpolitico.mx\/wp-content\/uploads\/2020\/01\/9DA6D360-3120-470A-BE01-CE166FB8FBB0.jpeg",510,340,false]},"author_info":{"display_name":"Redacci\u00f3n QP","author_link":"https:\/\/quehacerpolitico.mx\/?author=2"},"category_info":"<a href=\"https:\/\/quehacerpolitico.mx\/?cat=55\" rel=\"category\">CDMX<\/a>","tag_info":"CDMX","comment_count":"0","_links":{"self":[{"href":"https:\/\/quehacerpolitico.mx\/index.php?rest_route=\/wp\/v2\/posts\/50578","targetHints":{"allow":["GET"]}}],"collection":[{"href":"https:\/\/quehacerpolitico.mx\/index.php?rest_route=\/wp\/v2\/posts"}],"about":[{"href":"https:\/\/quehacerpolitico.mx\/index.php?rest_route=\/wp\/v2\/types\/post"}],"author":[{"embeddable":true,"href":"https:\/\/quehacerpolitico.mx\/index.php?rest_route=\/wp\/v2\/users\/2"}],"replies":[{"embeddable":true,"href":"https:\/\/quehacerpolitico.mx\/index.php?rest_route=%2Fwp%2Fv2%2Fcomments&post=50578"}],"version-history":[{"count":0,"href":"https:\/\/quehacerpolitico.mx\/index.php?rest_route=\/wp\/v2\/posts\/50578\/revisions"}],"wp:featuredmedia":[{"embeddable":true,"href":"https:\/\/quehacerpolitico.mx\/index.php?rest_route=\/wp\/v2\/media\/50580"}],"wp:attachment":[{"href":"https:\/\/quehacerpolitico.mx\/index.php?rest_route=%2Fwp%2Fv2%2Fmedia&parent=50578"}],"wp:term":[{"taxonomy":"category","embeddable":true,"href":"https:\/\/quehacerpolitico.mx\/index.php?rest_route=%2Fwp%2Fv2%2Fcategories&post=50578"},{"taxonomy":"post_tag","embeddable":true,"href":"https:\/\/quehacerpolitico.mx\/index.php?rest_route=%2Fwp%2Fv2%2Ftags&post=50578"}],"curies":[{"name":"wp","href":"https:\/\/api.w.org\/{rel}","templated":true}]}}