{"id":50573,"date":"2020-01-23T23:34:58","date_gmt":"2020-01-23T23:34:58","guid":{"rendered":"http:\/\/quehacerpolitico.mx\/?p=50573"},"modified":"2020-01-23T23:34:58","modified_gmt":"2020-01-23T23:34:58","slug":"migrantes-cruzan-de-forma-irregular-a-mexico-la-gn-los-aguarda","status":"publish","type":"post","link":"https:\/\/quehacerpolitico.mx\/?p=50573","title":{"rendered":"Migrantes cruzan de forma irregular a M\u00e9xico; la GN los aguarda"},"content":{"rendered":"<h1 class=\"news-title\">Migrantes cruzan de forma irregular a M\u00e9xico; la GN los aguarda<br \/>\nPor Redacci\u00f3n QP<\/h1>\n<p>Cientos de centroamericanos que viajan en caravana ingresan por Chiapas\u00a0con la consigna de marchar pac\u00edficamente hacia EU<\/p>\n<div class=\"mod-photogallery\" data-pagination=\".swiper-pagination\" data-id=\"article-photogallery\">\n<div class=\"swiper-container swiper-container-horizontal\">\n<div class=\"swiper-wrapper\">\n<figure class=\"swiper-slide swiper-image active swiper-slide-active\" data-index=\"0\"><figcaption class=\"swiper-caption\">Migrantes cruzaron por el r\u00edo Suchiate a Ciudad Hidalgo, Chiapas, desde la localidad guatemalteca de Tec\u00fan Um\u00e1n. AFP\/A. Estrella<\/p>\n<\/figcaption><\/figure>\n<figure class=\"swiper-slide swiper-image swiper-slide-next\" data-index=\"0\">\n<div class=\"swiper-responsive\" data-openfullscreen=\"\"><button class=\"swiper-fullscreen icon icon__fullscreen_outline\"><\/button><img loading=\"lazy\" decoding=\"async\" title=\"AFP\/A. Estrella\" src=\"https:\/\/www.informador.mx\/__export\/1579816493824\/sites\/elinformador\/img\/2020\/01\/23\/23caravanaafp2.jpg_1970638775.jpg\" alt=\"AFP\/A. Estrella\" width=\"320\" height=\"320\" data-fullscreen=\"\/__export\/1579816493824\/sites\/elinformador\/img\/2020\/01\/23\/23caravanaafp2.jpg_1709026569.jpg\" \/><\/div><figcaption class=\"swiper-caption\">AFP\/A. Estrella<\/p>\n<\/figcaption><\/figure>\n<figure class=\"swiper-slide swiper-image\" data-index=\"0\">\n<div class=\"swiper-responsive\" data-openfullscreen=\"\"><button class=\"swiper-fullscreen icon icon__fullscreen_outline\"><\/button><img loading=\"lazy\" decoding=\"async\" title=\"Elementos de la Guardia Nacional se despliegan por una carretera de Ciudad Hidalgo. AFP\/A. Estrella\" src=\"https:\/\/www.informador.mx\/__export\/1579816480758\/sites\/elinformador\/img\/2020\/01\/23\/23gnfp.jpg_1970638775.jpg\" alt=\"Elementos de la Guardia Nacional se despliegan por una carretera de Ciudad Hidalgo. AFP\/A. Estrella\" width=\"320\" height=\"320\" data-fullscreen=\"\/__export\/1579816480758\/sites\/elinformador\/img\/2020\/01\/23\/23gnfp.jpg_1709026569.jpg\" \/><\/div><figcaption class=\"swiper-caption\">Elementos de la Guardia Nacional se despliegan por una carretera de Ciudad Hidalgo. AFP\/A. Estrella<\/p>\n<\/figcaption><\/figure>\n<figure class=\"swiper-slide swiper-image\" data-index=\"0\">\n<div class=\"swiper-responsive\" data-openfullscreen=\"\"><button class=\"swiper-fullscreen icon icon__fullscreen_outline\"><\/button><img loading=\"lazy\" decoding=\"async\" title=\"Cientos integrantes de a la llamada caravana migrante caminan por la localidad de Frontera Hidalgo, Chiapas. EFE\/J. Blanco\" src=\"https:\/\/www.informador.mx\/__export\/1579816496259\/sites\/elinformador\/img\/2020\/01\/23\/23caravanaefe.jpg_1970638775.jpg\" alt=\"Cientos integrantes de a la llamada caravana migrante caminan por la localidad de Frontera Hidalgo, Chiapas. EFE\/J. Blanco\" width=\"320\" height=\"320\" data-fullscreen=\"\/__export\/1579816496259\/sites\/elinformador\/img\/2020\/01\/23\/23caravanaefe.jpg_1709026569.jpg\" \/><\/div><figcaption class=\"swiper-caption\">Cientos integrantes de a la llamada caravana migrante caminan por la localidad de Frontera Hidalgo, Chiapas. EFE\/J. Blanco<\/p>\n<\/figcaption><\/figure>\n<figure class=\"swiper-slide swiper-image\" data-index=\"0\">\n<div class=\"swiper-responsive\" data-openfullscreen=\"\"><button class=\"swiper-fullscreen icon icon__fullscreen_outline\"><\/button><img loading=\"lazy\" decoding=\"async\" title=\"AFP\/A. Estrella\" src=\"https:\/\/www.informador.mx\/__export\/1579816522447\/sites\/elinformador\/img\/2020\/01\/23\/23gnafp2.jpg_1970638775.jpg\" alt=\"AFP\/A. Estrella\" width=\"320\" height=\"320\" data-fullscreen=\"\/__export\/1579816522447\/sites\/elinformador\/img\/2020\/01\/23\/23gnafp2.jpg_1709026569.jpg\" \/><\/div><figcaption class=\"swiper-caption\">AFP\/A. Estrella<\/p>\n<\/figcaption><\/figure>\n<\/div>\n<\/div>\n<\/div>\n<div class=\"news-body row\">\n<div id=\"div-gpt-ad-1570031775227-0\" data-google-query-id=\"CM6smLjvmucCFUw-TwodWNICqA\">\n<div id=\"google_ads_iframe_\/1001694\/1x1Seed_0__container__\"><strong>Cientos de migrantes centroamericanos que este jueves ingresaron a M\u00e9xico<\/strong> desde Guatemala aprovechando la ausencia de fuerzas del orden en la frontera, <strong>avanzan hacia un control de seguridad desplegado<\/strong> por el Gobierno mexicano, que incluye a la Guardia Nacional.<\/div>\n<\/div>\n<p>Los migrantes que viajan en caravanas\u00a0lograron cruzar a territorio mexicano durante la madrugada desde la localidad guatemalteca de Tec\u00fan Um\u00e1n con la consigna de <strong>marchar pac\u00edficamente<\/strong> en su camino hacia Estados Unidos y la petici\u00f3n de que el Presidente mexicano Andr\u00e9s Manuel L\u00f3pez Obrador los escuche.<\/p>\n<blockquote class=\"twitter-tweet\" data-width=\"550\" data-dnt=\"true\">\n<p lang=\"es\" dir=\"ltr\">Al que madruga&#8230;<\/p>\n<p>Ante la ausencia de la Guardia Nacional, m\u00e1s de mil migrantes \ud83c\udded\ud83c\uddf3 \ud83c\uddf8\ud83c\uddfb integrantes de la <a href=\"https:\/\/twitter.com\/hashtag\/Caravana2020?src=hash&amp;ref_src=twsrc%5Etfw\">#Caravana2020<\/a> lograron cruzar a M\u00e9xico por el r\u00edo Suchiate. <\/p>\n<p>Se dirigen por la carretera a Tapachula.<\/p>\n<p>V\u00eda <a href=\"https:\/\/twitter.com\/aztecahonduras?ref_src=twsrc%5Etfw\">@aztecahonduras<\/a> <a href=\"https:\/\/t.co\/GXoFWjBG3X\">pic.twitter.com\/GXoFWjBG3X<\/a><\/p>\n<p>&mdash; Ruido en la Red (@RuidoEnLaRed) <a href=\"https:\/\/twitter.com\/RuidoEnLaRed\/status\/1220352370795843584?ref_src=twsrc%5Etfw\">January 23, 2020<\/a><\/p><\/blockquote>\n<p><script async src=\"https:\/\/platform.twitter.com\/widgets.js\" charset=\"utf-8\"><\/script><\/p>\n<p>Sin embargo, un equipo de la AFP observ\u00f3 kil\u00f3metros adelante, en un cruce carretero, el despliegue de al menos <strong>300 elementos<\/strong> de la Guardia Nacional y varios autobuses del Instituto Nacional de Migraci\u00f3n, que se utilizan regularmente para trasladar a los migrantes indocumentados y proceder a su deportaci\u00f3n.<\/p>\n<blockquote class=\"twitter-tweet\" data-width=\"550\" data-dnt=\"true\">\n<p lang=\"es\" dir=\"ltr\">Dicen que respetan los DDHH&#8230;<\/p>\n<p>Dicen que M\u00e9xico no es el muro de Trump&#8230;<\/p>\n<p>Dicen&#8230;<\/p>\n<p>As\u00ed la Guardia Nacional con la <a href=\"https:\/\/twitter.com\/hashtag\/CaravanaMigrante?src=hash&amp;ref_src=twsrc%5Etfw\">#CaravanaMigrante<\/a> en Chiapas.<a href=\"https:\/\/t.co\/pfLEnIT9Eq\">pic.twitter.com\/pfLEnIT9Eq<\/a><\/p>\n<p>&mdash; Ruido en la Red (@RuidoEnLaRed) <a href=\"https:\/\/twitter.com\/RuidoEnLaRed\/status\/1220483913791037442?ref_src=twsrc%5Etfw\">January 23, 2020<\/a><\/p><\/blockquote>\n<p><script async src=\"https:\/\/platform.twitter.com\/widgets.js\" charset=\"utf-8\"><\/script><\/p>\n<p>&#8220;Hemos entrado de forma pac\u00edfica, estamos dispuestos, que el Instituto de Migraci\u00f3n o el gobierno <strong>nos apoye extendiendo un permiso<\/strong>para pasar por lo menos (a los estados sure\u00f1os de) Chiapas, Oaxaca para trabajar&#8221;, dijo un joven centroamericano, que rechaz\u00f3 identificarse pero que ha asumido una suerte de liderazgo de la caravana.<\/p>\n<p>Entre los migrantes se distribuyeron documentos para solicitar refugio en M\u00e9xico, aunque no ten\u00edan membrete oficial.<\/p>\n<div class=\"banner\">\n<div id=\"div-gpt-ad-1556909760762-0\" data-google-query-id=\"CMqsmLjvmucCFUw-TwodWNICqA\">\n<p>Unos kil\u00f3metros antes de este cruce, los migrantes <strong>improvisaron un campamento<\/strong>, donde llegaron oficiales que se presentaron como parte del cuerpo de Migraci\u00f3n y de la Comisi\u00f3n de Refugiados y les ofrecieron abordar autobuses para <strong>trasladarlos a otro sitio<\/strong> donde presentar sus solicitudes.<\/p>\n<p>Los migrantes rechazaron la oferta y entre ellos advert\u00edan que prefer\u00edan permanecer en el sitio para pernoctar.<\/p>\n<p>&#8220;Queremos hablar con el Presidente L\u00f3pez Obrador directamente&#8221;, se le\u00eda en una enorme pancarta de tela que se destacaba en la larga columna, mientras otros mostraban las banderas de sus pa\u00edses.<\/p>\n<div>\n<figure class=\"image\"><img decoding=\"async\" title=\"\" src=\"https:\/\/www.informador.mx\/export\/sites\/elinformador\/img\/2020\/01\/23\/23caravanaefe2.jpg_347421144.jpg\" alt=\"\" hspace=\"5\" vspace=\"5\" data-height=\"466\" data-size=\"w:3400,h:2267\" data-width=\"700\" \/><figcaption>EFE\/J. Blanco<\/figcaption><\/figure>\n<\/div>\n<p><strong>La multitud atraves\u00f3 sin contratiempo el r\u00edo Suchiate<\/strong>, frontera natural entre Guatemala y M\u00e9xico y que en esta \u00e9poca del a\u00f1o es poco caudaloso.<\/p>\n<p>En pocos minutos alcanz\u00f3 una carretera que conduce de Ciudad Hidalgo, en el estado de Chiapas, a la ciudad de Tapachula. Hab\u00eda presencia de algunas patrullas, pero sin detener el avance del grupo.<\/p>\n<p>El lunes pasado, unos 500 migrantes consiguieron cruzar a M\u00e9xico por la misma zona, a pesar de los gases lacrim\u00f3genos que les lanzaban guardias nacionales, a quienes respondieron arrojando piedras. Pero ese grupo fue detenido m\u00e1s tarde en un control de carreteras.<\/p>\n<h4>Sin agua, sin alimentos<\/h4>\n<p>&#8220;Nadie nos va a levantar la mano a nosotros. Si ellos (Guardia Nacional) vienen y nos golpean, nosotros no vamos a responder, quien viola derechos humanos son ellos&#8221;, manifest\u00f3 el joven migrante que asumi\u00f3 el liderazgo del grupo.<\/p>\n<p>A media ma\u00f1ana, cuando el sol y el calor ya eran inclementes, la columna detuvo su marcha para resguardarse a la sombra que ofrec\u00edan los \u00e1rboles en las orillas de la carretera.<\/p>\n<p>La caminata de los migrantes, que llevan sus escasas pertenencias a cuestas y algunos, sobre todo las mujeres, cargan a sus hijos, se hac\u00eda m\u00e1s exigente al no llevar ni agua ni alimentos.<\/p>\n<div>\n<figure class=\"image\"><img decoding=\"async\" title=\"\" src=\"https:\/\/www.informador.mx\/export\/sites\/elinformador\/img\/2020\/01\/23\/23caravanaafp3.jpg_348344665.jpg\" alt=\"\" hspace=\"5\" vspace=\"5\" data-height=\"465\" data-size=\"w:4928,h:3280\" data-width=\"700\" \/><\/p>\n<div class=\"seedtag-gohan seedtag-adunit st-in-image\">\n<div class=\"st-container\"><\/div>\n<\/div><figcaption>Un descanso en la ruta a Tapachula. AFP\/A. Estrella<\/figcaption><\/figure>\n<\/div>\n<p>La llamada <strong>caravana 2020 sali\u00f3 el 14 de enero<\/strong>de Honduras y, a su paso por Guatemala, sus filas han ido creciendo con la llegada de guatemaltecos, salvadore\u00f1os y nicarag\u00fcenses.<\/p>\n<p><strong>M\u00e1s de tres mil 500 <\/strong>migrantes integran el grupo, seg\u00fan estimaciones de autoridades migratorias centroamericanas.<\/p>\n<p>El pasado fin de semana, el grueso de la caravana logr\u00f3 ingresar a M\u00e9xico bajo controles de autoridades migratorias, quienes les ofrecieron diversas opciones como pedir refugio o aceptar trabajos en programas sociales, en el sur de M\u00e9xico y en sus pa\u00edses.<\/p>\n<p>Sin embargo, los migrantes piden que les permitan circular libremente por M\u00e9xico para llegar a Estados Unidos, donde quieren pedir refugio alegando que escapan de la violencia y la pobreza de sus pa\u00edses.<\/p>\n<p>El mi\u00e9rcoles, autoridades migratorias mexicanas informaron que el lunes detuvieron a m\u00e1s de dos mil\u00a0migrantes en situaci\u00f3n irregular y que cientos de ellos ya hab\u00edan sido devueltos a sus pa\u00edses.<\/p>\n<p>Tras las multitudinarias caravanas de finales de 2018 y principios de 2019, el presidente estadounidense Donald Trump amenaz\u00f3 a M\u00e9xico con sanciones comerciales si no tomaba medidas para detener la oleada migratoria.<\/p>\n<p>L\u00f3pez Obrador despleg\u00f3 entonces unos 26 milmilitares en sus fronteras norte y sur.<\/p>\n<p>Con informaci\u00f3n de AFP<\/p>\n<\/div>\n<\/div>\n<\/div>\n","protected":false},"excerpt":{"rendered":"<p>Migrantes cruzan de forma irregular a M\u00e9xico; la GN los aguarda Por Redacci\u00f3n QP Cientos&#8230;<\/p>\n","protected":false},"author":2,"featured_media":50576,"comment_status":"open","ping_status":"open","sticky":false,"template":"","format":"standard","meta":{"_monsterinsights_skip_tracking":false,"_monsterinsights_sitenote_active":false,"_monsterinsights_sitenote_note":"","_monsterinsights_sitenote_category":0,"footnotes":""},"categories":[2],"tags":[],"class_list":["post-50573","post","type-post","status-publish","format-standard","has-post-thumbnail","hentry","category-noticias"],"yoast_head":"<!-- This site is optimized with the Yoast SEO plugin v27.3 - https:\/\/yoast.com\/product\/yoast-seo-wordpress\/ -->\n<title>Migrantes cruzan de forma irregular a M\u00e9xico; la GN los aguarda -<\/title>\n<meta name=\"robots\" content=\"index, follow, max-snippet:-1, max-image-preview:large, max-video-preview:-1\" \/>\n<link rel=\"canonical\" href=\"https:\/\/quehacerpolitico.mx\/?p=50573\" \/>\n<meta property=\"og:locale\" content=\"es_MX\" \/>\n<meta property=\"og:type\" content=\"article\" \/>\n<meta property=\"og:title\" content=\"Migrantes cruzan de forma irregular a M\u00e9xico; la GN los aguarda -\" \/>\n<meta property=\"og:description\" content=\"Migrantes cruzan de forma irregular a M\u00e9xico; la GN los aguarda Por Redacci\u00f3n QP Cientos...\" \/>\n<meta property=\"og:url\" content=\"https:\/\/quehacerpolitico.mx\/?p=50573\" \/>\n<meta property=\"article:published_time\" content=\"2020-01-23T23:34:58+00:00\" \/>\n<meta property=\"og:image\" content=\"https:\/\/quehacerpolitico.mx\/wp-content\/uploads\/2020\/01\/DDE3060E-5F5A-4DB5-8CA9-339D678CD3BF.jpeg\" \/>\n\t<meta property=\"og:image:width\" content=\"320\" \/>\n\t<meta property=\"og:image:height\" content=\"305\" \/>\n\t<meta property=\"og:image:type\" content=\"image\/jpeg\" \/>\n<meta name=\"author\" content=\"Redacci\u00f3n QP\" \/>\n<meta name=\"twitter:card\" content=\"summary_large_image\" \/>\n<meta name=\"twitter:label1\" content=\"Escrito por\" \/>\n\t<meta name=\"twitter:data1\" content=\"Redacci\u00f3n QP\" \/>\n\t<meta name=\"twitter:label2\" content=\"Tiempo de lectura\" \/>\n\t<meta name=\"twitter:data2\" content=\"4 minutos\" \/>\n<script type=\"application\/ld+json\" class=\"yoast-schema-graph\">{\"@context\":\"https:\\\/\\\/schema.org\",\"@graph\":[{\"@type\":\"Article\",\"@id\":\"https:\\\/\\\/quehacerpolitico.mx\\\/?p=50573#article\",\"isPartOf\":{\"@id\":\"https:\\\/\\\/quehacerpolitico.mx\\\/?p=50573\"},\"author\":{\"name\":\"Redacci\u00f3n QP\",\"@id\":\"https:\\\/\\\/quehacerpolitico.mx\\\/#\\\/schema\\\/person\\\/496d8ad2d1d3f8036101dca7ee39e585\"},\"headline\":\"Migrantes cruzan de forma irregular a M\u00e9xico; la GN los aguarda\",\"datePublished\":\"2020-01-23T23:34:58+00:00\",\"mainEntityOfPage\":{\"@id\":\"https:\\\/\\\/quehacerpolitico.mx\\\/?p=50573\"},\"wordCount\":876,\"commentCount\":0,\"image\":{\"@id\":\"https:\\\/\\\/quehacerpolitico.mx\\\/?p=50573#primaryimage\"},\"thumbnailUrl\":\"https:\\\/\\\/quehacerpolitico.mx\\\/wp-content\\\/uploads\\\/2020\\\/01\\\/DDE3060E-5F5A-4DB5-8CA9-339D678CD3BF.jpeg\",\"articleSection\":[\"Noticias\"],\"inLanguage\":\"es\",\"potentialAction\":[{\"@type\":\"CommentAction\",\"name\":\"Comment\",\"target\":[\"https:\\\/\\\/quehacerpolitico.mx\\\/?p=50573#respond\"]}]},{\"@type\":\"WebPage\",\"@id\":\"https:\\\/\\\/quehacerpolitico.mx\\\/?p=50573\",\"url\":\"https:\\\/\\\/quehacerpolitico.mx\\\/?p=50573\",\"name\":\"Migrantes cruzan de forma irregular a M\u00e9xico; la GN los aguarda -\",\"isPartOf\":{\"@id\":\"https:\\\/\\\/quehacerpolitico.mx\\\/#website\"},\"primaryImageOfPage\":{\"@id\":\"https:\\\/\\\/quehacerpolitico.mx\\\/?p=50573#primaryimage\"},\"image\":{\"@id\":\"https:\\\/\\\/quehacerpolitico.mx\\\/?p=50573#primaryimage\"},\"thumbnailUrl\":\"https:\\\/\\\/quehacerpolitico.mx\\\/wp-content\\\/uploads\\\/2020\\\/01\\\/DDE3060E-5F5A-4DB5-8CA9-339D678CD3BF.jpeg\",\"datePublished\":\"2020-01-23T23:34:58+00:00\",\"author\":{\"@id\":\"https:\\\/\\\/quehacerpolitico.mx\\\/#\\\/schema\\\/person\\\/496d8ad2d1d3f8036101dca7ee39e585\"},\"breadcrumb\":{\"@id\":\"https:\\\/\\\/quehacerpolitico.mx\\\/?p=50573#breadcrumb\"},\"inLanguage\":\"es\",\"potentialAction\":[{\"@type\":\"ReadAction\",\"target\":[\"https:\\\/\\\/quehacerpolitico.mx\\\/?p=50573\"]}]},{\"@type\":\"ImageObject\",\"inLanguage\":\"es\",\"@id\":\"https:\\\/\\\/quehacerpolitico.mx\\\/?p=50573#primaryimage\",\"url\":\"https:\\\/\\\/quehacerpolitico.mx\\\/wp-content\\\/uploads\\\/2020\\\/01\\\/DDE3060E-5F5A-4DB5-8CA9-339D678CD3BF.jpeg\",\"contentUrl\":\"https:\\\/\\\/quehacerpolitico.mx\\\/wp-content\\\/uploads\\\/2020\\\/01\\\/DDE3060E-5F5A-4DB5-8CA9-339D678CD3BF.jpeg\",\"width\":320,\"height\":305},{\"@type\":\"BreadcrumbList\",\"@id\":\"https:\\\/\\\/quehacerpolitico.mx\\\/?p=50573#breadcrumb\",\"itemListElement\":[{\"@type\":\"ListItem\",\"position\":1,\"name\":\"Inicio\",\"item\":\"https:\\\/\\\/quehacerpolitico.mx\\\/\"},{\"@type\":\"ListItem\",\"position\":2,\"name\":\"Migrantes cruzan de forma irregular a M\u00e9xico; la GN los aguarda\"}]},{\"@type\":\"WebSite\",\"@id\":\"https:\\\/\\\/quehacerpolitico.mx\\\/#website\",\"url\":\"https:\\\/\\\/quehacerpolitico.mx\\\/\",\"name\":\"\",\"description\":\"\",\"potentialAction\":[{\"@type\":\"SearchAction\",\"target\":{\"@type\":\"EntryPoint\",\"urlTemplate\":\"https:\\\/\\\/quehacerpolitico.mx\\\/?s={search_term_string}\"},\"query-input\":{\"@type\":\"PropertyValueSpecification\",\"valueRequired\":true,\"valueName\":\"search_term_string\"}}],\"inLanguage\":\"es\"},{\"@type\":\"Person\",\"@id\":\"https:\\\/\\\/quehacerpolitico.mx\\\/#\\\/schema\\\/person\\\/496d8ad2d1d3f8036101dca7ee39e585\",\"name\":\"Redacci\u00f3n QP\",\"image\":{\"@type\":\"ImageObject\",\"inLanguage\":\"es\",\"@id\":\"https:\\\/\\\/secure.gravatar.com\\\/avatar\\\/c7164ed6fdec453195284ad24a5ae5b6e1eed2b848477fa2a4787ba9adf39a41?s=96&d=mm&r=g\",\"url\":\"https:\\\/\\\/secure.gravatar.com\\\/avatar\\\/c7164ed6fdec453195284ad24a5ae5b6e1eed2b848477fa2a4787ba9adf39a41?s=96&d=mm&r=g\",\"contentUrl\":\"https:\\\/\\\/secure.gravatar.com\\\/avatar\\\/c7164ed6fdec453195284ad24a5ae5b6e1eed2b848477fa2a4787ba9adf39a41?s=96&d=mm&r=g\",\"caption\":\"Redacci\u00f3n QP\"},\"url\":\"https:\\\/\\\/quehacerpolitico.mx\\\/?author=2\"}]}<\/script>\n<!-- \/ Yoast SEO plugin. -->","yoast_head_json":{"title":"Migrantes cruzan de forma irregular a M\u00e9xico; la GN los aguarda -","robots":{"index":"index","follow":"follow","max-snippet":"max-snippet:-1","max-image-preview":"max-image-preview:large","max-video-preview":"max-video-preview:-1"},"canonical":"https:\/\/quehacerpolitico.mx\/?p=50573","og_locale":"es_MX","og_type":"article","og_title":"Migrantes cruzan de forma irregular a M\u00e9xico; la GN los aguarda -","og_description":"Migrantes cruzan de forma irregular a M\u00e9xico; la GN los aguarda Por Redacci\u00f3n QP Cientos...","og_url":"https:\/\/quehacerpolitico.mx\/?p=50573","article_published_time":"2020-01-23T23:34:58+00:00","og_image":[{"width":320,"height":305,"url":"https:\/\/quehacerpolitico.mx\/wp-content\/uploads\/2020\/01\/DDE3060E-5F5A-4DB5-8CA9-339D678CD3BF.jpeg","type":"image\/jpeg"}],"author":"Redacci\u00f3n QP","twitter_card":"summary_large_image","twitter_misc":{"Escrito por":"Redacci\u00f3n QP","Tiempo de lectura":"4 minutos"},"schema":{"@context":"https:\/\/schema.org","@graph":[{"@type":"Article","@id":"https:\/\/quehacerpolitico.mx\/?p=50573#article","isPartOf":{"@id":"https:\/\/quehacerpolitico.mx\/?p=50573"},"author":{"name":"Redacci\u00f3n QP","@id":"https:\/\/quehacerpolitico.mx\/#\/schema\/person\/496d8ad2d1d3f8036101dca7ee39e585"},"headline":"Migrantes cruzan de forma irregular a M\u00e9xico; la GN los aguarda","datePublished":"2020-01-23T23:34:58+00:00","mainEntityOfPage":{"@id":"https:\/\/quehacerpolitico.mx\/?p=50573"},"wordCount":876,"commentCount":0,"image":{"@id":"https:\/\/quehacerpolitico.mx\/?p=50573#primaryimage"},"thumbnailUrl":"https:\/\/quehacerpolitico.mx\/wp-content\/uploads\/2020\/01\/DDE3060E-5F5A-4DB5-8CA9-339D678CD3BF.jpeg","articleSection":["Noticias"],"inLanguage":"es","potentialAction":[{"@type":"CommentAction","name":"Comment","target":["https:\/\/quehacerpolitico.mx\/?p=50573#respond"]}]},{"@type":"WebPage","@id":"https:\/\/quehacerpolitico.mx\/?p=50573","url":"https:\/\/quehacerpolitico.mx\/?p=50573","name":"Migrantes cruzan de forma irregular a M\u00e9xico; la GN los aguarda -","isPartOf":{"@id":"https:\/\/quehacerpolitico.mx\/#website"},"primaryImageOfPage":{"@id":"https:\/\/quehacerpolitico.mx\/?p=50573#primaryimage"},"image":{"@id":"https:\/\/quehacerpolitico.mx\/?p=50573#primaryimage"},"thumbnailUrl":"https:\/\/quehacerpolitico.mx\/wp-content\/uploads\/2020\/01\/DDE3060E-5F5A-4DB5-8CA9-339D678CD3BF.jpeg","datePublished":"2020-01-23T23:34:58+00:00","author":{"@id":"https:\/\/quehacerpolitico.mx\/#\/schema\/person\/496d8ad2d1d3f8036101dca7ee39e585"},"breadcrumb":{"@id":"https:\/\/quehacerpolitico.mx\/?p=50573#breadcrumb"},"inLanguage":"es","potentialAction":[{"@type":"ReadAction","target":["https:\/\/quehacerpolitico.mx\/?p=50573"]}]},{"@type":"ImageObject","inLanguage":"es","@id":"https:\/\/quehacerpolitico.mx\/?p=50573#primaryimage","url":"https:\/\/quehacerpolitico.mx\/wp-content\/uploads\/2020\/01\/DDE3060E-5F5A-4DB5-8CA9-339D678CD3BF.jpeg","contentUrl":"https:\/\/quehacerpolitico.mx\/wp-content\/uploads\/2020\/01\/DDE3060E-5F5A-4DB5-8CA9-339D678CD3BF.jpeg","width":320,"height":305},{"@type":"BreadcrumbList","@id":"https:\/\/quehacerpolitico.mx\/?p=50573#breadcrumb","itemListElement":[{"@type":"ListItem","position":1,"name":"Inicio","item":"https:\/\/quehacerpolitico.mx\/"},{"@type":"ListItem","position":2,"name":"Migrantes cruzan de forma irregular a M\u00e9xico; la GN los aguarda"}]},{"@type":"WebSite","@id":"https:\/\/quehacerpolitico.mx\/#website","url":"https:\/\/quehacerpolitico.mx\/","name":"","description":"","potentialAction":[{"@type":"SearchAction","target":{"@type":"EntryPoint","urlTemplate":"https:\/\/quehacerpolitico.mx\/?s={search_term_string}"},"query-input":{"@type":"PropertyValueSpecification","valueRequired":true,"valueName":"search_term_string"}}],"inLanguage":"es"},{"@type":"Person","@id":"https:\/\/quehacerpolitico.mx\/#\/schema\/person\/496d8ad2d1d3f8036101dca7ee39e585","name":"Redacci\u00f3n QP","image":{"@type":"ImageObject","inLanguage":"es","@id":"https:\/\/secure.gravatar.com\/avatar\/c7164ed6fdec453195284ad24a5ae5b6e1eed2b848477fa2a4787ba9adf39a41?s=96&d=mm&r=g","url":"https:\/\/secure.gravatar.com\/avatar\/c7164ed6fdec453195284ad24a5ae5b6e1eed2b848477fa2a4787ba9adf39a41?s=96&d=mm&r=g","contentUrl":"https:\/\/secure.gravatar.com\/avatar\/c7164ed6fdec453195284ad24a5ae5b6e1eed2b848477fa2a4787ba9adf39a41?s=96&d=mm&r=g","caption":"Redacci\u00f3n QP"},"url":"https:\/\/quehacerpolitico.mx\/?author=2"}]}},"featured_image_urls":{"full":["https:\/\/quehacerpolitico.mx\/wp-content\/uploads\/2020\/01\/DDE3060E-5F5A-4DB5-8CA9-339D678CD3BF.jpeg",320,305,false],"thumbnail":["https:\/\/quehacerpolitico.mx\/wp-content\/uploads\/2020\/01\/DDE3060E-5F5A-4DB5-8CA9-339D678CD3BF-150x150.jpeg",150,150,true],"medium":["https:\/\/quehacerpolitico.mx\/wp-content\/uploads\/2020\/01\/DDE3060E-5F5A-4DB5-8CA9-339D678CD3BF-300x286.jpeg",300,286,true],"medium_large":["https:\/\/quehacerpolitico.mx\/wp-content\/uploads\/2020\/01\/DDE3060E-5F5A-4DB5-8CA9-339D678CD3BF.jpeg",320,305,false],"large":["https:\/\/quehacerpolitico.mx\/wp-content\/uploads\/2020\/01\/DDE3060E-5F5A-4DB5-8CA9-339D678CD3BF.jpeg",320,305,false],"1536x1536":["https:\/\/quehacerpolitico.mx\/wp-content\/uploads\/2020\/01\/DDE3060E-5F5A-4DB5-8CA9-339D678CD3BF.jpeg",320,305,false],"2048x2048":["https:\/\/quehacerpolitico.mx\/wp-content\/uploads\/2020\/01\/DDE3060E-5F5A-4DB5-8CA9-339D678CD3BF.jpeg",320,305,false],"covernews-featured":["https:\/\/quehacerpolitico.mx\/wp-content\/uploads\/2020\/01\/DDE3060E-5F5A-4DB5-8CA9-339D678CD3BF.jpeg",320,305,false],"covernews-medium":["https:\/\/quehacerpolitico.mx\/wp-content\/uploads\/2020\/01\/DDE3060E-5F5A-4DB5-8CA9-339D678CD3BF.jpeg",320,305,false]},"author_info":{"display_name":"Redacci\u00f3n QP","author_link":"https:\/\/quehacerpolitico.mx\/?author=2"},"category_info":"<a href=\"https:\/\/quehacerpolitico.mx\/?cat=2\" rel=\"category\">Noticias<\/a>","tag_info":"Noticias","comment_count":"0","_links":{"self":[{"href":"https:\/\/quehacerpolitico.mx\/index.php?rest_route=\/wp\/v2\/posts\/50573","targetHints":{"allow":["GET"]}}],"collection":[{"href":"https:\/\/quehacerpolitico.mx\/index.php?rest_route=\/wp\/v2\/posts"}],"about":[{"href":"https:\/\/quehacerpolitico.mx\/index.php?rest_route=\/wp\/v2\/types\/post"}],"author":[{"embeddable":true,"href":"https:\/\/quehacerpolitico.mx\/index.php?rest_route=\/wp\/v2\/users\/2"}],"replies":[{"embeddable":true,"href":"https:\/\/quehacerpolitico.mx\/index.php?rest_route=%2Fwp%2Fv2%2Fcomments&post=50573"}],"version-history":[{"count":0,"href":"https:\/\/quehacerpolitico.mx\/index.php?rest_route=\/wp\/v2\/posts\/50573\/revisions"}],"wp:featuredmedia":[{"embeddable":true,"href":"https:\/\/quehacerpolitico.mx\/index.php?rest_route=\/wp\/v2\/media\/50576"}],"wp:attachment":[{"href":"https:\/\/quehacerpolitico.mx\/index.php?rest_route=%2Fwp%2Fv2%2Fmedia&parent=50573"}],"wp:term":[{"taxonomy":"category","embeddable":true,"href":"https:\/\/quehacerpolitico.mx\/index.php?rest_route=%2Fwp%2Fv2%2Fcategories&post=50573"},{"taxonomy":"post_tag","embeddable":true,"href":"https:\/\/quehacerpolitico.mx\/index.php?rest_route=%2Fwp%2Fv2%2Ftags&post=50573"}],"curies":[{"name":"wp","href":"https:\/\/api.w.org\/{rel}","templated":true}]}}