{"id":50566,"date":"2020-01-23T23:00:47","date_gmt":"2020-01-23T23:00:47","guid":{"rendered":"http:\/\/quehacerpolitico.mx\/?p=50566"},"modified":"2020-01-23T23:00:47","modified_gmt":"2020-01-23T23:00:47","slug":"apedrean-la-presidencia-municipal-y-queman-patrullas-en-amozoc","status":"publish","type":"post","link":"https:\/\/quehacerpolitico.mx\/?p=50566","title":{"rendered":"Apedrean la presidencia municipal y queman patrullas en Amozoc"},"content":{"rendered":"<h1 class=\"news-title\">Apedrean la presidencia municipal y queman patrullas en Amozoc<br \/>\nPor Redacci\u00f3n QP<\/h1>\n<p>Habitantes de este municipio poblano exigen la destituci\u00f3n de su alcalde, Mario de la Rosa Romero<\/p>\n<p>Habitantes del municipio de Amozoc\u00a0apedrearon este jueves la presidencia municipal para pedir la destituci\u00f3n de su alcalde, Mario de la Rosa Romero, por presuntos incumplimientos en materia de seguridad<\/p>\n<blockquote class=\"twitter-tweet\" data-width=\"550\" data-dnt=\"true\">\n<p lang=\"es\" dir=\"ltr\">\ud83d\udd34<a href=\"https:\/\/twitter.com\/hashtag\/%C3%9AltimaHora?src=hash&amp;ref_src=twsrc%5Etfw\">#\u00daltimaHora<\/a> Con violencia pobladores piden quitar a alcalde en <a href=\"https:\/\/twitter.com\/hashtag\/Amozoc?src=hash&amp;ref_src=twsrc%5Etfw\">#Amozoc<\/a>, Puebla; exigen la destituci\u00f3n por el alza en robos, secuestros, y desvi\u00f3 de recursos. <a href=\"https:\/\/twitter.com\/hashtag\/TelediarioEnEl6?src=hash&amp;ref_src=twsrc%5Etfw\">#TelediarioEnEl6<\/a> con <a href=\"https:\/\/twitter.com\/azucenau?ref_src=twsrc%5Etfw\">@azucenau<\/a> y <a href=\"https:\/\/twitter.com\/janupi?ref_src=twsrc%5Etfw\">@janupi<\/a> | <a href=\"https:\/\/twitter.com\/hashtag\/EnDirecto?src=hash&amp;ref_src=twsrc%5Etfw\">#EnDirecto<\/a>  <a href=\"https:\/\/t.co\/VqUPqVxLBf\">https:\/\/t.co\/VqUPqVxLBf<\/a> <a href=\"https:\/\/t.co\/TqWDYAp26a\">pic.twitter.com\/TqWDYAp26a<\/a><\/p>\n<p>&mdash; @telediario (@telediario) <a href=\"https:\/\/twitter.com\/telediario\/status\/1220444927512993792?ref_src=twsrc%5Etfw\">January 23, 2020<\/a><\/p><\/blockquote>\n<p><script async src=\"https:\/\/platform.twitter.com\/widgets.js\" charset=\"utf-8\"><\/script><\/p>\n<p>Versiones de medios de comunicaci\u00f3n locales se\u00f1alaron que los inconformes bloquearon las carreteras Puebla-Tehuac\u00e1n y Acajete-Oriental, ya que <strong>acusan al alcalde de nepotismo y propiciar el alza de los delitos en dicho municipio.<\/strong><\/p>\n<blockquote class=\"twitter-tweet\" data-width=\"550\" data-dnt=\"true\">\n<p lang=\"es\" dir=\"ltr\">Habitantes de <a href=\"https:\/\/twitter.com\/hashtag\/Amozoc?src=hash&amp;ref_src=twsrc%5Etfw\">#Amozoc<\/a>, <a href=\"https:\/\/twitter.com\/hashtag\/Puebla?src=hash&amp;ref_src=twsrc%5Etfw\">#Puebla<\/a>, se enfrentaron con polic\u00edas estatales y quemaron veh\u00edculos, en un intento por tomar el palacio municipal; los pobladores acusaron extorsi\u00f3n por parte de autoridades.<a href=\"https:\/\/t.co\/fGApUxFdPQ\">https:\/\/t.co\/fGApUxFdPQ<\/a><\/p>\n<p>\ud83d\udcf9 <a href=\"https:\/\/twitter.com\/hashtag\/RRSS?src=hash&amp;ref_src=twsrc%5Etfw\">#RRSS<\/a> <a href=\"https:\/\/t.co\/EUegYLxuGB\">pic.twitter.com\/EUegYLxuGB<\/a><\/p>\n<p>&mdash; H\u00e9ctor Jim\u00e9nez Land\u00edn (@JimenezLandin) <a href=\"https:\/\/twitter.com\/JimenezLandin\/status\/1220467484760969222?ref_src=twsrc%5Etfw\">January 23, 2020<\/a><\/p><\/blockquote>\n<p><script async src=\"https:\/\/platform.twitter.com\/widgets.js\" charset=\"utf-8\"><\/script><\/p>\n<div id=\"teads_ad\">\n<div id=\"div-gpt-ad-1548262875188-0\" data-google-query-id=\"CL_o3rPnmucCFUPcwAoddNoONw\">A las afueras del palacio municipal de Amozoc, los manifestantes\u00a0refirieron que <strong>est\u00e1n hartos de los asaltos y extorsiones a manos de los elementos de la Polic\u00eda Municipal, por lo que prendieron fuego a algunas patrullas de la corporaci\u00f3n.<\/strong><\/div>\n<div data-google-query-id=\"CL_o3rPnmucCFUPcwAoddNoONw\">\n<p>Los quejosos tambi\u00e9n acusaron al alcalde De la Rosa de no trabajar y de no solucionar ning\u00fan problema que aqueja a Amozoc.<\/p>\n<blockquote class=\"twitter-tweet\" data-width=\"550\" data-dnt=\"true\">\n<p lang=\"es\" dir=\"ltr\">\ud83d\udd34 <a href=\"https:\/\/twitter.com\/hashtag\/EnDirecto?src=hash&amp;ref_src=twsrc%5Etfw\">#EnDirecto<\/a> Arriba la guardia nacional a Amozoc, Puebla ya que manifestantes exigen la destituci\u00f3n  de Mario de la Rosa, debido a la ola de inseguridad en la zona.<a href=\"https:\/\/twitter.com\/hashtag\/TelediarioEnEl6?src=hash&amp;ref_src=twsrc%5Etfw\">#TelediarioEnEl6<\/a> con <a href=\"https:\/\/twitter.com\/azucenau?ref_src=twsrc%5Etfw\">@azucenau<\/a> y <a href=\"https:\/\/twitter.com\/janupi?ref_src=twsrc%5Etfw\">@janupi<\/a> | <a href=\"https:\/\/twitter.com\/hashtag\/EnDirecto?src=hash&amp;ref_src=twsrc%5Etfw\">#EnDirecto<\/a> <a href=\"https:\/\/t.co\/VqUPqVxLBf\">https:\/\/t.co\/VqUPqVxLBf<\/a> <a href=\"https:\/\/t.co\/VfZefDb8kx\">pic.twitter.com\/VfZefDb8kx<\/a><\/p>\n<p>&mdash; @telediario (@telediario) <a href=\"https:\/\/twitter.com\/telediario\/status\/1220451652932722702?ref_src=twsrc%5Etfw\">January 23, 2020<\/a><\/p><\/blockquote>\n<p><script async src=\"https:\/\/platform.twitter.com\/widgets.js\" charset=\"utf-8\"><\/script><\/p>\n<p>Sobre los hechos, personal de Comunicaci\u00f3n Social del municipio inform\u00f3 que la situaci\u00f3n est\u00e1 en calma despu\u00e9s de las protestas de habitantes de Amozoc.<\/p>\n<div class=\"banner\">\n<div id=\"div-gpt-ad-1556909760762-0\" data-google-query-id=\"CL7o3rPnmucCFUPcwAoddNoONw\">Con Informaci\u00f3n de NTX<\/div>\n<\/div>\n<\/div>\n<\/div>\n","protected":false},"excerpt":{"rendered":"<p>Apedrean la presidencia municipal y queman patrullas en Amozoc Por Redacci\u00f3n QP Habitantes de este&#8230;<\/p>\n","protected":false},"author":2,"featured_media":50568,"comment_status":"open","ping_status":"open","sticky":false,"template":"","format":"standard","meta":{"_monsterinsights_skip_tracking":false,"_monsterinsights_sitenote_active":false,"_monsterinsights_sitenote_note":"","_monsterinsights_sitenote_category":0,"footnotes":""},"categories":[2],"tags":[],"class_list":["post-50566","post","type-post","status-publish","format-standard","has-post-thumbnail","hentry","category-noticias"],"yoast_head":"<!-- This site is optimized with the Yoast SEO plugin v27.3 - https:\/\/yoast.com\/product\/yoast-seo-wordpress\/ -->\n<title>Apedrean la presidencia municipal y queman patrullas en Amozoc -<\/title>\n<meta name=\"robots\" content=\"index, follow, max-snippet:-1, max-image-preview:large, max-video-preview:-1\" \/>\n<link rel=\"canonical\" href=\"https:\/\/quehacerpolitico.mx\/?p=50566\" \/>\n<meta property=\"og:locale\" content=\"es_MX\" \/>\n<meta property=\"og:type\" content=\"article\" \/>\n<meta property=\"og:title\" content=\"Apedrean la presidencia municipal y queman patrullas en Amozoc -\" \/>\n<meta property=\"og:description\" content=\"Apedrean la presidencia municipal y queman patrullas en Amozoc Por Redacci\u00f3n QP Habitantes de este...\" \/>\n<meta property=\"og:url\" content=\"https:\/\/quehacerpolitico.mx\/?p=50566\" \/>\n<meta property=\"article:published_time\" content=\"2020-01-23T23:00:47+00:00\" \/>\n<meta property=\"og:image\" content=\"https:\/\/quehacerpolitico.mx\/wp-content\/uploads\/2020\/01\/79E857AE-9C37-4A04-AE44-E532EB9D9B19.jpeg\" \/>\n\t<meta property=\"og:image:width\" content=\"320\" \/>\n\t<meta property=\"og:image:height\" content=\"305\" \/>\n\t<meta property=\"og:image:type\" content=\"image\/jpeg\" \/>\n<meta name=\"author\" content=\"Redacci\u00f3n QP\" \/>\n<meta name=\"twitter:card\" content=\"summary_large_image\" \/>\n<meta name=\"twitter:label1\" content=\"Escrito por\" \/>\n\t<meta name=\"twitter:data1\" content=\"Redacci\u00f3n QP\" \/>\n\t<meta name=\"twitter:label2\" content=\"Tiempo de lectura\" \/>\n\t<meta name=\"twitter:data2\" content=\"1 minuto\" \/>\n<script type=\"application\/ld+json\" class=\"yoast-schema-graph\">{\"@context\":\"https:\\\/\\\/schema.org\",\"@graph\":[{\"@type\":\"Article\",\"@id\":\"https:\\\/\\\/quehacerpolitico.mx\\\/?p=50566#article\",\"isPartOf\":{\"@id\":\"https:\\\/\\\/quehacerpolitico.mx\\\/?p=50566\"},\"author\":{\"name\":\"Redacci\u00f3n QP\",\"@id\":\"https:\\\/\\\/quehacerpolitico.mx\\\/#\\\/schema\\\/person\\\/496d8ad2d1d3f8036101dca7ee39e585\"},\"headline\":\"Apedrean la presidencia municipal y queman patrullas en Amozoc\",\"datePublished\":\"2020-01-23T23:00:47+00:00\",\"mainEntityOfPage\":{\"@id\":\"https:\\\/\\\/quehacerpolitico.mx\\\/?p=50566\"},\"wordCount\":222,\"commentCount\":0,\"image\":{\"@id\":\"https:\\\/\\\/quehacerpolitico.mx\\\/?p=50566#primaryimage\"},\"thumbnailUrl\":\"https:\\\/\\\/quehacerpolitico.mx\\\/wp-content\\\/uploads\\\/2020\\\/01\\\/79E857AE-9C37-4A04-AE44-E532EB9D9B19.jpeg\",\"articleSection\":[\"Noticias\"],\"inLanguage\":\"es\",\"potentialAction\":[{\"@type\":\"CommentAction\",\"name\":\"Comment\",\"target\":[\"https:\\\/\\\/quehacerpolitico.mx\\\/?p=50566#respond\"]}]},{\"@type\":\"WebPage\",\"@id\":\"https:\\\/\\\/quehacerpolitico.mx\\\/?p=50566\",\"url\":\"https:\\\/\\\/quehacerpolitico.mx\\\/?p=50566\",\"name\":\"Apedrean la presidencia municipal y queman patrullas en Amozoc -\",\"isPartOf\":{\"@id\":\"https:\\\/\\\/quehacerpolitico.mx\\\/#website\"},\"primaryImageOfPage\":{\"@id\":\"https:\\\/\\\/quehacerpolitico.mx\\\/?p=50566#primaryimage\"},\"image\":{\"@id\":\"https:\\\/\\\/quehacerpolitico.mx\\\/?p=50566#primaryimage\"},\"thumbnailUrl\":\"https:\\\/\\\/quehacerpolitico.mx\\\/wp-content\\\/uploads\\\/2020\\\/01\\\/79E857AE-9C37-4A04-AE44-E532EB9D9B19.jpeg\",\"datePublished\":\"2020-01-23T23:00:47+00:00\",\"author\":{\"@id\":\"https:\\\/\\\/quehacerpolitico.mx\\\/#\\\/schema\\\/person\\\/496d8ad2d1d3f8036101dca7ee39e585\"},\"breadcrumb\":{\"@id\":\"https:\\\/\\\/quehacerpolitico.mx\\\/?p=50566#breadcrumb\"},\"inLanguage\":\"es\",\"potentialAction\":[{\"@type\":\"ReadAction\",\"target\":[\"https:\\\/\\\/quehacerpolitico.mx\\\/?p=50566\"]}]},{\"@type\":\"ImageObject\",\"inLanguage\":\"es\",\"@id\":\"https:\\\/\\\/quehacerpolitico.mx\\\/?p=50566#primaryimage\",\"url\":\"https:\\\/\\\/quehacerpolitico.mx\\\/wp-content\\\/uploads\\\/2020\\\/01\\\/79E857AE-9C37-4A04-AE44-E532EB9D9B19.jpeg\",\"contentUrl\":\"https:\\\/\\\/quehacerpolitico.mx\\\/wp-content\\\/uploads\\\/2020\\\/01\\\/79E857AE-9C37-4A04-AE44-E532EB9D9B19.jpeg\",\"width\":320,\"height\":305},{\"@type\":\"BreadcrumbList\",\"@id\":\"https:\\\/\\\/quehacerpolitico.mx\\\/?p=50566#breadcrumb\",\"itemListElement\":[{\"@type\":\"ListItem\",\"position\":1,\"name\":\"Inicio\",\"item\":\"https:\\\/\\\/quehacerpolitico.mx\\\/\"},{\"@type\":\"ListItem\",\"position\":2,\"name\":\"Apedrean la presidencia municipal y queman patrullas en Amozoc\"}]},{\"@type\":\"WebSite\",\"@id\":\"https:\\\/\\\/quehacerpolitico.mx\\\/#website\",\"url\":\"https:\\\/\\\/quehacerpolitico.mx\\\/\",\"name\":\"\",\"description\":\"\",\"potentialAction\":[{\"@type\":\"SearchAction\",\"target\":{\"@type\":\"EntryPoint\",\"urlTemplate\":\"https:\\\/\\\/quehacerpolitico.mx\\\/?s={search_term_string}\"},\"query-input\":{\"@type\":\"PropertyValueSpecification\",\"valueRequired\":true,\"valueName\":\"search_term_string\"}}],\"inLanguage\":\"es\"},{\"@type\":\"Person\",\"@id\":\"https:\\\/\\\/quehacerpolitico.mx\\\/#\\\/schema\\\/person\\\/496d8ad2d1d3f8036101dca7ee39e585\",\"name\":\"Redacci\u00f3n QP\",\"image\":{\"@type\":\"ImageObject\",\"inLanguage\":\"es\",\"@id\":\"https:\\\/\\\/secure.gravatar.com\\\/avatar\\\/c7164ed6fdec453195284ad24a5ae5b6e1eed2b848477fa2a4787ba9adf39a41?s=96&d=mm&r=g\",\"url\":\"https:\\\/\\\/secure.gravatar.com\\\/avatar\\\/c7164ed6fdec453195284ad24a5ae5b6e1eed2b848477fa2a4787ba9adf39a41?s=96&d=mm&r=g\",\"contentUrl\":\"https:\\\/\\\/secure.gravatar.com\\\/avatar\\\/c7164ed6fdec453195284ad24a5ae5b6e1eed2b848477fa2a4787ba9adf39a41?s=96&d=mm&r=g\",\"caption\":\"Redacci\u00f3n QP\"},\"url\":\"https:\\\/\\\/quehacerpolitico.mx\\\/?author=2\"}]}<\/script>\n<!-- \/ Yoast SEO plugin. -->","yoast_head_json":{"title":"Apedrean la presidencia municipal y queman patrullas en Amozoc -","robots":{"index":"index","follow":"follow","max-snippet":"max-snippet:-1","max-image-preview":"max-image-preview:large","max-video-preview":"max-video-preview:-1"},"canonical":"https:\/\/quehacerpolitico.mx\/?p=50566","og_locale":"es_MX","og_type":"article","og_title":"Apedrean la presidencia municipal y queman patrullas en Amozoc -","og_description":"Apedrean la presidencia municipal y queman patrullas en Amozoc Por Redacci\u00f3n QP Habitantes de este...","og_url":"https:\/\/quehacerpolitico.mx\/?p=50566","article_published_time":"2020-01-23T23:00:47+00:00","og_image":[{"width":320,"height":305,"url":"https:\/\/quehacerpolitico.mx\/wp-content\/uploads\/2020\/01\/79E857AE-9C37-4A04-AE44-E532EB9D9B19.jpeg","type":"image\/jpeg"}],"author":"Redacci\u00f3n QP","twitter_card":"summary_large_image","twitter_misc":{"Escrito por":"Redacci\u00f3n QP","Tiempo de lectura":"1 minuto"},"schema":{"@context":"https:\/\/schema.org","@graph":[{"@type":"Article","@id":"https:\/\/quehacerpolitico.mx\/?p=50566#article","isPartOf":{"@id":"https:\/\/quehacerpolitico.mx\/?p=50566"},"author":{"name":"Redacci\u00f3n QP","@id":"https:\/\/quehacerpolitico.mx\/#\/schema\/person\/496d8ad2d1d3f8036101dca7ee39e585"},"headline":"Apedrean la presidencia municipal y queman patrullas en Amozoc","datePublished":"2020-01-23T23:00:47+00:00","mainEntityOfPage":{"@id":"https:\/\/quehacerpolitico.mx\/?p=50566"},"wordCount":222,"commentCount":0,"image":{"@id":"https:\/\/quehacerpolitico.mx\/?p=50566#primaryimage"},"thumbnailUrl":"https:\/\/quehacerpolitico.mx\/wp-content\/uploads\/2020\/01\/79E857AE-9C37-4A04-AE44-E532EB9D9B19.jpeg","articleSection":["Noticias"],"inLanguage":"es","potentialAction":[{"@type":"CommentAction","name":"Comment","target":["https:\/\/quehacerpolitico.mx\/?p=50566#respond"]}]},{"@type":"WebPage","@id":"https:\/\/quehacerpolitico.mx\/?p=50566","url":"https:\/\/quehacerpolitico.mx\/?p=50566","name":"Apedrean la presidencia municipal y queman patrullas en Amozoc -","isPartOf":{"@id":"https:\/\/quehacerpolitico.mx\/#website"},"primaryImageOfPage":{"@id":"https:\/\/quehacerpolitico.mx\/?p=50566#primaryimage"},"image":{"@id":"https:\/\/quehacerpolitico.mx\/?p=50566#primaryimage"},"thumbnailUrl":"https:\/\/quehacerpolitico.mx\/wp-content\/uploads\/2020\/01\/79E857AE-9C37-4A04-AE44-E532EB9D9B19.jpeg","datePublished":"2020-01-23T23:00:47+00:00","author":{"@id":"https:\/\/quehacerpolitico.mx\/#\/schema\/person\/496d8ad2d1d3f8036101dca7ee39e585"},"breadcrumb":{"@id":"https:\/\/quehacerpolitico.mx\/?p=50566#breadcrumb"},"inLanguage":"es","potentialAction":[{"@type":"ReadAction","target":["https:\/\/quehacerpolitico.mx\/?p=50566"]}]},{"@type":"ImageObject","inLanguage":"es","@id":"https:\/\/quehacerpolitico.mx\/?p=50566#primaryimage","url":"https:\/\/quehacerpolitico.mx\/wp-content\/uploads\/2020\/01\/79E857AE-9C37-4A04-AE44-E532EB9D9B19.jpeg","contentUrl":"https:\/\/quehacerpolitico.mx\/wp-content\/uploads\/2020\/01\/79E857AE-9C37-4A04-AE44-E532EB9D9B19.jpeg","width":320,"height":305},{"@type":"BreadcrumbList","@id":"https:\/\/quehacerpolitico.mx\/?p=50566#breadcrumb","itemListElement":[{"@type":"ListItem","position":1,"name":"Inicio","item":"https:\/\/quehacerpolitico.mx\/"},{"@type":"ListItem","position":2,"name":"Apedrean la presidencia municipal y queman patrullas en Amozoc"}]},{"@type":"WebSite","@id":"https:\/\/quehacerpolitico.mx\/#website","url":"https:\/\/quehacerpolitico.mx\/","name":"","description":"","potentialAction":[{"@type":"SearchAction","target":{"@type":"EntryPoint","urlTemplate":"https:\/\/quehacerpolitico.mx\/?s={search_term_string}"},"query-input":{"@type":"PropertyValueSpecification","valueRequired":true,"valueName":"search_term_string"}}],"inLanguage":"es"},{"@type":"Person","@id":"https:\/\/quehacerpolitico.mx\/#\/schema\/person\/496d8ad2d1d3f8036101dca7ee39e585","name":"Redacci\u00f3n QP","image":{"@type":"ImageObject","inLanguage":"es","@id":"https:\/\/secure.gravatar.com\/avatar\/c7164ed6fdec453195284ad24a5ae5b6e1eed2b848477fa2a4787ba9adf39a41?s=96&d=mm&r=g","url":"https:\/\/secure.gravatar.com\/avatar\/c7164ed6fdec453195284ad24a5ae5b6e1eed2b848477fa2a4787ba9adf39a41?s=96&d=mm&r=g","contentUrl":"https:\/\/secure.gravatar.com\/avatar\/c7164ed6fdec453195284ad24a5ae5b6e1eed2b848477fa2a4787ba9adf39a41?s=96&d=mm&r=g","caption":"Redacci\u00f3n QP"},"url":"https:\/\/quehacerpolitico.mx\/?author=2"}]}},"featured_image_urls":{"full":["https:\/\/quehacerpolitico.mx\/wp-content\/uploads\/2020\/01\/79E857AE-9C37-4A04-AE44-E532EB9D9B19.jpeg",320,305,false],"thumbnail":["https:\/\/quehacerpolitico.mx\/wp-content\/uploads\/2020\/01\/79E857AE-9C37-4A04-AE44-E532EB9D9B19-150x150.jpeg",150,150,true],"medium":["https:\/\/quehacerpolitico.mx\/wp-content\/uploads\/2020\/01\/79E857AE-9C37-4A04-AE44-E532EB9D9B19-300x286.jpeg",300,286,true],"medium_large":["https:\/\/quehacerpolitico.mx\/wp-content\/uploads\/2020\/01\/79E857AE-9C37-4A04-AE44-E532EB9D9B19.jpeg",320,305,false],"large":["https:\/\/quehacerpolitico.mx\/wp-content\/uploads\/2020\/01\/79E857AE-9C37-4A04-AE44-E532EB9D9B19.jpeg",320,305,false],"1536x1536":["https:\/\/quehacerpolitico.mx\/wp-content\/uploads\/2020\/01\/79E857AE-9C37-4A04-AE44-E532EB9D9B19.jpeg",320,305,false],"2048x2048":["https:\/\/quehacerpolitico.mx\/wp-content\/uploads\/2020\/01\/79E857AE-9C37-4A04-AE44-E532EB9D9B19.jpeg",320,305,false],"covernews-featured":["https:\/\/quehacerpolitico.mx\/wp-content\/uploads\/2020\/01\/79E857AE-9C37-4A04-AE44-E532EB9D9B19.jpeg",320,305,false],"covernews-medium":["https:\/\/quehacerpolitico.mx\/wp-content\/uploads\/2020\/01\/79E857AE-9C37-4A04-AE44-E532EB9D9B19.jpeg",320,305,false]},"author_info":{"display_name":"Redacci\u00f3n QP","author_link":"https:\/\/quehacerpolitico.mx\/?author=2"},"category_info":"<a href=\"https:\/\/quehacerpolitico.mx\/?cat=2\" rel=\"category\">Noticias<\/a>","tag_info":"Noticias","comment_count":"0","_links":{"self":[{"href":"https:\/\/quehacerpolitico.mx\/index.php?rest_route=\/wp\/v2\/posts\/50566","targetHints":{"allow":["GET"]}}],"collection":[{"href":"https:\/\/quehacerpolitico.mx\/index.php?rest_route=\/wp\/v2\/posts"}],"about":[{"href":"https:\/\/quehacerpolitico.mx\/index.php?rest_route=\/wp\/v2\/types\/post"}],"author":[{"embeddable":true,"href":"https:\/\/quehacerpolitico.mx\/index.php?rest_route=\/wp\/v2\/users\/2"}],"replies":[{"embeddable":true,"href":"https:\/\/quehacerpolitico.mx\/index.php?rest_route=%2Fwp%2Fv2%2Fcomments&post=50566"}],"version-history":[{"count":0,"href":"https:\/\/quehacerpolitico.mx\/index.php?rest_route=\/wp\/v2\/posts\/50566\/revisions"}],"wp:featuredmedia":[{"embeddable":true,"href":"https:\/\/quehacerpolitico.mx\/index.php?rest_route=\/wp\/v2\/media\/50568"}],"wp:attachment":[{"href":"https:\/\/quehacerpolitico.mx\/index.php?rest_route=%2Fwp%2Fv2%2Fmedia&parent=50566"}],"wp:term":[{"taxonomy":"category","embeddable":true,"href":"https:\/\/quehacerpolitico.mx\/index.php?rest_route=%2Fwp%2Fv2%2Fcategories&post=50566"},{"taxonomy":"post_tag","embeddable":true,"href":"https:\/\/quehacerpolitico.mx\/index.php?rest_route=%2Fwp%2Fv2%2Ftags&post=50566"}],"curies":[{"name":"wp","href":"https:\/\/api.w.org\/{rel}","templated":true}]}}