{"id":50560,"date":"2020-01-23T22:36:12","date_gmt":"2020-01-23T22:36:12","guid":{"rendered":"http:\/\/quehacerpolitico.mx\/?p=50560"},"modified":"2020-01-23T22:36:12","modified_gmt":"2020-01-23T22:36:12","slug":"internacionales-carolina-alonso-romei-democratas-argumentan-sobre-el-cargo-de-abuso-de-poder-contra-trump","status":"publish","type":"post","link":"https:\/\/quehacerpolitico.mx\/?p=50560","title":{"rendered":"Internacionales\/\/\/Carolina Alonso Romei\/\/\/Dem\u00f3cratas argumentan sobre el cargo de abuso de poder contra Trump"},"content":{"rendered":"<h1 class=\"news-title\">Dem\u00f3cratas argumentan sobre el cargo de abuso de poder contra Trump<br \/>\nPor Carolina Alonso Romei<\/h1>\n<p>Internacionalista<\/p>\n<div class=\"news-subtitle\">\n<p>Fiscales intervienen en el tercer d\u00eda del juicio pol\u00edtico al presidente de Estados Unidos<\/p>\n<\/div>\n<div class=\"social-share-box normal\">\n<p>Los legisladores dem\u00f3cratas que hacen de fiscales en el juicio pol\u00edtico al presidente de Estados Unidos, Donald Trump, comenzaron este jueves la exposici\u00f3n de los <strong>argumentos que sustentan la acusaci\u00f3n de abuso de poder<\/strong>contra el mandatario por presiones a Ucrania.<\/p>\n<p>&#8220;El presidente est\u00e1 acusado de abuso de poder por solicitar a una naci\u00f3n extranjera <strong>interferir en nuestras elecciones para su propio inter\u00e9s<\/strong>&#8220;, dijo uno de los fiscales del caso, <strong>Jerrold Nadler<\/strong>, presidente del Comit\u00e9 Judicial de la C\u00e1mara Baja.<\/p>\n<div id=\"teads_ad\">\n<div id=\"div-gpt-ad-1548262875188-0\" data-google-query-id=\"CK-0s8HjmucCFcbEwAodR_gA9Q\">\n<div id=\"google_ads_iframe_\/1001694\/INF_intext_1_0__container__\">Este caso se desencaden\u00f3 despu\u00e9s de una queja de un informante a los servicios de Inteligencia tras una llamada telef\u00f3nica en julio entre Trump y su hom\u00f3logo de Ucrania, Volod\u00edmir Zelenski, en que el estadounidense pidi\u00f3 al ucraniano que investigara a uno de sus rivales pol\u00edticos, el exvicepresidente Joe Biden, y su hijo Hunter por presunta corrupci\u00f3n en este pa\u00eds.<\/div>\n<div>\n<p>Nadler insisti\u00f3 en que <strong>&#8220;Trump fue a\u00fan m\u00e1s lejos&#8221;<\/strong>, al retener asistencia militar a Ucrania y condicionar una reuni\u00f3n en la Casa Blanca a que Kiev iniciara las pesquisas contra los Biden.<\/p>\n<p>Para el dem\u00f3crata, esta es la primera vez en la historia de Estados Unidos\u00a0que un presidente ha pedido ayuda a una naci\u00f3n extranjera para que le ayude a &#8220;hacer trampas&#8221; en las elecciones.<\/p>\n<p>&#8220;Las pruebas muestran que el presidente puso por delante su inter\u00e9s pol\u00edtico personal -agreg\u00f3 Nadler-. Esta conducta no es &#8216;Estados Unidos, primero&#8217; es <strong>&#8216;Donald Trump, primero'&#8221;<\/strong>.<\/p>\n<p>Este es el <strong>tercer d\u00eda del juicio pol\u00edtico al presidente,<\/strong> acusado de dos cargos, abuso de poder y obstrucci\u00f3n al Congreso, &#8220;las acusaciones m\u00e1s graves jam\u00e1s presentadas contra un presidente&#8221;, seg\u00fan Nadler.<\/p>\n<p>Antes de la intervenci\u00f3n de Nadler, el jefe del equipo &#8220;fiscal&#8221;, Adam Schiff, presidente del Comit\u00e9 de Inteligencia de la C\u00e1mara Baja, record\u00f3 que la acusaci\u00f3n todav\u00eda tiene 16 horas y 42 minutos para presentar sus argumentos, antes de que lo haga la defensa de Trump.<\/p>\n<p>En ese sentido, indic\u00f3 que, despu\u00e9s de haber expuesto este mi\u00e9rcoles la cronolog\u00eda de los hechos, los fiscales desgranar\u00e1n entre hoy y ma\u00f1ana la acusaci\u00f3n de abuso de poder, y que el viernes comenzar\u00e1n a desarrollar sus argumentos sobre el otro cargo, el de obstrucci\u00f3n al Congreso.<\/p>\n<p>Con informaci\u00f3n de EFE<\/p>\n<\/div>\n<\/div>\n<\/div>\n<\/div>\n","protected":false},"excerpt":{"rendered":"<p>Dem\u00f3cratas argumentan sobre el cargo de abuso de poder contra Trump Por Carolina Alonso Romei&#8230;<\/p>\n","protected":false},"author":2,"featured_media":50561,"comment_status":"open","ping_status":"open","sticky":false,"template":"","format":"standard","meta":{"_monsterinsights_skip_tracking":false,"_monsterinsights_sitenote_active":false,"_monsterinsights_sitenote_note":"","_monsterinsights_sitenote_category":0,"footnotes":""},"categories":[1],"tags":[],"class_list":["post-50560","post","type-post","status-publish","format-standard","has-post-thumbnail","hentry","category-sin-categoria"],"yoast_head":"<!-- This site is optimized with the Yoast SEO plugin v27.3 - https:\/\/yoast.com\/product\/yoast-seo-wordpress\/ -->\n<title>Internacionales\/\/\/Carolina Alonso Romei\/\/\/Dem\u00f3cratas argumentan sobre el cargo de abuso de poder contra Trump -<\/title>\n<meta name=\"robots\" content=\"index, follow, max-snippet:-1, max-image-preview:large, max-video-preview:-1\" \/>\n<link rel=\"canonical\" href=\"https:\/\/quehacerpolitico.mx\/?p=50560\" \/>\n<meta property=\"og:locale\" content=\"es_MX\" \/>\n<meta property=\"og:type\" content=\"article\" \/>\n<meta property=\"og:title\" content=\"Internacionales\/\/\/Carolina Alonso Romei\/\/\/Dem\u00f3cratas argumentan sobre el cargo de abuso de poder contra Trump -\" \/>\n<meta property=\"og:description\" content=\"Dem\u00f3cratas argumentan sobre el cargo de abuso de poder contra Trump Por Carolina Alonso Romei...\" \/>\n<meta property=\"og:url\" content=\"https:\/\/quehacerpolitico.mx\/?p=50560\" \/>\n<meta property=\"article:published_time\" content=\"2020-01-23T22:36:12+00:00\" \/>\n<meta property=\"og:image\" content=\"https:\/\/quehacerpolitico.mx\/wp-content\/uploads\/2020\/01\/6B807E2C-DB25-4ACF-AEEB-7E5AFDBE92FE.jpeg\" \/>\n\t<meta property=\"og:image:width\" content=\"320\" \/>\n\t<meta property=\"og:image:height\" content=\"305\" \/>\n\t<meta property=\"og:image:type\" content=\"image\/jpeg\" \/>\n<meta name=\"author\" content=\"Redacci\u00f3n QP\" \/>\n<meta name=\"twitter:card\" content=\"summary_large_image\" \/>\n<meta name=\"twitter:label1\" content=\"Escrito por\" \/>\n\t<meta name=\"twitter:data1\" content=\"Redacci\u00f3n QP\" \/>\n\t<meta name=\"twitter:label2\" content=\"Tiempo de lectura\" \/>\n\t<meta name=\"twitter:data2\" content=\"2 minutos\" \/>\n<script type=\"application\/ld+json\" class=\"yoast-schema-graph\">{\"@context\":\"https:\\\/\\\/schema.org\",\"@graph\":[{\"@type\":\"Article\",\"@id\":\"https:\\\/\\\/quehacerpolitico.mx\\\/?p=50560#article\",\"isPartOf\":{\"@id\":\"https:\\\/\\\/quehacerpolitico.mx\\\/?p=50560\"},\"author\":{\"name\":\"Redacci\u00f3n QP\",\"@id\":\"https:\\\/\\\/quehacerpolitico.mx\\\/#\\\/schema\\\/person\\\/496d8ad2d1d3f8036101dca7ee39e585\"},\"headline\":\"Internacionales\\\/\\\/\\\/Carolina Alonso Romei\\\/\\\/\\\/Dem\u00f3cratas argumentan sobre el cargo de abuso de poder contra Trump\",\"datePublished\":\"2020-01-23T22:36:12+00:00\",\"mainEntityOfPage\":{\"@id\":\"https:\\\/\\\/quehacerpolitico.mx\\\/?p=50560\"},\"wordCount\":447,\"commentCount\":0,\"image\":{\"@id\":\"https:\\\/\\\/quehacerpolitico.mx\\\/?p=50560#primaryimage\"},\"thumbnailUrl\":\"https:\\\/\\\/quehacerpolitico.mx\\\/wp-content\\\/uploads\\\/2020\\\/01\\\/6B807E2C-DB25-4ACF-AEEB-7E5AFDBE92FE.jpeg\",\"articleSection\":[\"Internacionales\"],\"inLanguage\":\"es\",\"potentialAction\":[{\"@type\":\"CommentAction\",\"name\":\"Comment\",\"target\":[\"https:\\\/\\\/quehacerpolitico.mx\\\/?p=50560#respond\"]}]},{\"@type\":\"WebPage\",\"@id\":\"https:\\\/\\\/quehacerpolitico.mx\\\/?p=50560\",\"url\":\"https:\\\/\\\/quehacerpolitico.mx\\\/?p=50560\",\"name\":\"Internacionales\\\/\\\/\\\/Carolina Alonso Romei\\\/\\\/\\\/Dem\u00f3cratas argumentan sobre el cargo de abuso de poder contra Trump -\",\"isPartOf\":{\"@id\":\"https:\\\/\\\/quehacerpolitico.mx\\\/#website\"},\"primaryImageOfPage\":{\"@id\":\"https:\\\/\\\/quehacerpolitico.mx\\\/?p=50560#primaryimage\"},\"image\":{\"@id\":\"https:\\\/\\\/quehacerpolitico.mx\\\/?p=50560#primaryimage\"},\"thumbnailUrl\":\"https:\\\/\\\/quehacerpolitico.mx\\\/wp-content\\\/uploads\\\/2020\\\/01\\\/6B807E2C-DB25-4ACF-AEEB-7E5AFDBE92FE.jpeg\",\"datePublished\":\"2020-01-23T22:36:12+00:00\",\"author\":{\"@id\":\"https:\\\/\\\/quehacerpolitico.mx\\\/#\\\/schema\\\/person\\\/496d8ad2d1d3f8036101dca7ee39e585\"},\"breadcrumb\":{\"@id\":\"https:\\\/\\\/quehacerpolitico.mx\\\/?p=50560#breadcrumb\"},\"inLanguage\":\"es\",\"potentialAction\":[{\"@type\":\"ReadAction\",\"target\":[\"https:\\\/\\\/quehacerpolitico.mx\\\/?p=50560\"]}]},{\"@type\":\"ImageObject\",\"inLanguage\":\"es\",\"@id\":\"https:\\\/\\\/quehacerpolitico.mx\\\/?p=50560#primaryimage\",\"url\":\"https:\\\/\\\/quehacerpolitico.mx\\\/wp-content\\\/uploads\\\/2020\\\/01\\\/6B807E2C-DB25-4ACF-AEEB-7E5AFDBE92FE.jpeg\",\"contentUrl\":\"https:\\\/\\\/quehacerpolitico.mx\\\/wp-content\\\/uploads\\\/2020\\\/01\\\/6B807E2C-DB25-4ACF-AEEB-7E5AFDBE92FE.jpeg\",\"width\":320,\"height\":305},{\"@type\":\"BreadcrumbList\",\"@id\":\"https:\\\/\\\/quehacerpolitico.mx\\\/?p=50560#breadcrumb\",\"itemListElement\":[{\"@type\":\"ListItem\",\"position\":1,\"name\":\"Inicio\",\"item\":\"https:\\\/\\\/quehacerpolitico.mx\\\/\"},{\"@type\":\"ListItem\",\"position\":2,\"name\":\"Internacionales\\\/\\\/\\\/Carolina Alonso Romei\\\/\\\/\\\/Dem\u00f3cratas argumentan sobre el cargo de abuso de poder contra Trump\"}]},{\"@type\":\"WebSite\",\"@id\":\"https:\\\/\\\/quehacerpolitico.mx\\\/#website\",\"url\":\"https:\\\/\\\/quehacerpolitico.mx\\\/\",\"name\":\"\",\"description\":\"\",\"potentialAction\":[{\"@type\":\"SearchAction\",\"target\":{\"@type\":\"EntryPoint\",\"urlTemplate\":\"https:\\\/\\\/quehacerpolitico.mx\\\/?s={search_term_string}\"},\"query-input\":{\"@type\":\"PropertyValueSpecification\",\"valueRequired\":true,\"valueName\":\"search_term_string\"}}],\"inLanguage\":\"es\"},{\"@type\":\"Person\",\"@id\":\"https:\\\/\\\/quehacerpolitico.mx\\\/#\\\/schema\\\/person\\\/496d8ad2d1d3f8036101dca7ee39e585\",\"name\":\"Redacci\u00f3n QP\",\"image\":{\"@type\":\"ImageObject\",\"inLanguage\":\"es\",\"@id\":\"https:\\\/\\\/secure.gravatar.com\\\/avatar\\\/c7164ed6fdec453195284ad24a5ae5b6e1eed2b848477fa2a4787ba9adf39a41?s=96&d=mm&r=g\",\"url\":\"https:\\\/\\\/secure.gravatar.com\\\/avatar\\\/c7164ed6fdec453195284ad24a5ae5b6e1eed2b848477fa2a4787ba9adf39a41?s=96&d=mm&r=g\",\"contentUrl\":\"https:\\\/\\\/secure.gravatar.com\\\/avatar\\\/c7164ed6fdec453195284ad24a5ae5b6e1eed2b848477fa2a4787ba9adf39a41?s=96&d=mm&r=g\",\"caption\":\"Redacci\u00f3n QP\"},\"url\":\"https:\\\/\\\/quehacerpolitico.mx\\\/?author=2\"}]}<\/script>\n<!-- \/ Yoast SEO plugin. -->","yoast_head_json":{"title":"Internacionales\/\/\/Carolina Alonso Romei\/\/\/Dem\u00f3cratas argumentan sobre el cargo de abuso de poder contra Trump -","robots":{"index":"index","follow":"follow","max-snippet":"max-snippet:-1","max-image-preview":"max-image-preview:large","max-video-preview":"max-video-preview:-1"},"canonical":"https:\/\/quehacerpolitico.mx\/?p=50560","og_locale":"es_MX","og_type":"article","og_title":"Internacionales\/\/\/Carolina Alonso Romei\/\/\/Dem\u00f3cratas argumentan sobre el cargo de abuso de poder contra Trump -","og_description":"Dem\u00f3cratas argumentan sobre el cargo de abuso de poder contra Trump Por Carolina Alonso Romei...","og_url":"https:\/\/quehacerpolitico.mx\/?p=50560","article_published_time":"2020-01-23T22:36:12+00:00","og_image":[{"width":320,"height":305,"url":"https:\/\/quehacerpolitico.mx\/wp-content\/uploads\/2020\/01\/6B807E2C-DB25-4ACF-AEEB-7E5AFDBE92FE.jpeg","type":"image\/jpeg"}],"author":"Redacci\u00f3n QP","twitter_card":"summary_large_image","twitter_misc":{"Escrito por":"Redacci\u00f3n QP","Tiempo de lectura":"2 minutos"},"schema":{"@context":"https:\/\/schema.org","@graph":[{"@type":"Article","@id":"https:\/\/quehacerpolitico.mx\/?p=50560#article","isPartOf":{"@id":"https:\/\/quehacerpolitico.mx\/?p=50560"},"author":{"name":"Redacci\u00f3n QP","@id":"https:\/\/quehacerpolitico.mx\/#\/schema\/person\/496d8ad2d1d3f8036101dca7ee39e585"},"headline":"Internacionales\/\/\/Carolina Alonso Romei\/\/\/Dem\u00f3cratas argumentan sobre el cargo de abuso de poder contra Trump","datePublished":"2020-01-23T22:36:12+00:00","mainEntityOfPage":{"@id":"https:\/\/quehacerpolitico.mx\/?p=50560"},"wordCount":447,"commentCount":0,"image":{"@id":"https:\/\/quehacerpolitico.mx\/?p=50560#primaryimage"},"thumbnailUrl":"https:\/\/quehacerpolitico.mx\/wp-content\/uploads\/2020\/01\/6B807E2C-DB25-4ACF-AEEB-7E5AFDBE92FE.jpeg","articleSection":["Internacionales"],"inLanguage":"es","potentialAction":[{"@type":"CommentAction","name":"Comment","target":["https:\/\/quehacerpolitico.mx\/?p=50560#respond"]}]},{"@type":"WebPage","@id":"https:\/\/quehacerpolitico.mx\/?p=50560","url":"https:\/\/quehacerpolitico.mx\/?p=50560","name":"Internacionales\/\/\/Carolina Alonso Romei\/\/\/Dem\u00f3cratas argumentan sobre el cargo de abuso de poder contra Trump -","isPartOf":{"@id":"https:\/\/quehacerpolitico.mx\/#website"},"primaryImageOfPage":{"@id":"https:\/\/quehacerpolitico.mx\/?p=50560#primaryimage"},"image":{"@id":"https:\/\/quehacerpolitico.mx\/?p=50560#primaryimage"},"thumbnailUrl":"https:\/\/quehacerpolitico.mx\/wp-content\/uploads\/2020\/01\/6B807E2C-DB25-4ACF-AEEB-7E5AFDBE92FE.jpeg","datePublished":"2020-01-23T22:36:12+00:00","author":{"@id":"https:\/\/quehacerpolitico.mx\/#\/schema\/person\/496d8ad2d1d3f8036101dca7ee39e585"},"breadcrumb":{"@id":"https:\/\/quehacerpolitico.mx\/?p=50560#breadcrumb"},"inLanguage":"es","potentialAction":[{"@type":"ReadAction","target":["https:\/\/quehacerpolitico.mx\/?p=50560"]}]},{"@type":"ImageObject","inLanguage":"es","@id":"https:\/\/quehacerpolitico.mx\/?p=50560#primaryimage","url":"https:\/\/quehacerpolitico.mx\/wp-content\/uploads\/2020\/01\/6B807E2C-DB25-4ACF-AEEB-7E5AFDBE92FE.jpeg","contentUrl":"https:\/\/quehacerpolitico.mx\/wp-content\/uploads\/2020\/01\/6B807E2C-DB25-4ACF-AEEB-7E5AFDBE92FE.jpeg","width":320,"height":305},{"@type":"BreadcrumbList","@id":"https:\/\/quehacerpolitico.mx\/?p=50560#breadcrumb","itemListElement":[{"@type":"ListItem","position":1,"name":"Inicio","item":"https:\/\/quehacerpolitico.mx\/"},{"@type":"ListItem","position":2,"name":"Internacionales\/\/\/Carolina Alonso Romei\/\/\/Dem\u00f3cratas argumentan sobre el cargo de abuso de poder contra Trump"}]},{"@type":"WebSite","@id":"https:\/\/quehacerpolitico.mx\/#website","url":"https:\/\/quehacerpolitico.mx\/","name":"","description":"","potentialAction":[{"@type":"SearchAction","target":{"@type":"EntryPoint","urlTemplate":"https:\/\/quehacerpolitico.mx\/?s={search_term_string}"},"query-input":{"@type":"PropertyValueSpecification","valueRequired":true,"valueName":"search_term_string"}}],"inLanguage":"es"},{"@type":"Person","@id":"https:\/\/quehacerpolitico.mx\/#\/schema\/person\/496d8ad2d1d3f8036101dca7ee39e585","name":"Redacci\u00f3n QP","image":{"@type":"ImageObject","inLanguage":"es","@id":"https:\/\/secure.gravatar.com\/avatar\/c7164ed6fdec453195284ad24a5ae5b6e1eed2b848477fa2a4787ba9adf39a41?s=96&d=mm&r=g","url":"https:\/\/secure.gravatar.com\/avatar\/c7164ed6fdec453195284ad24a5ae5b6e1eed2b848477fa2a4787ba9adf39a41?s=96&d=mm&r=g","contentUrl":"https:\/\/secure.gravatar.com\/avatar\/c7164ed6fdec453195284ad24a5ae5b6e1eed2b848477fa2a4787ba9adf39a41?s=96&d=mm&r=g","caption":"Redacci\u00f3n QP"},"url":"https:\/\/quehacerpolitico.mx\/?author=2"}]}},"featured_image_urls":{"full":["https:\/\/quehacerpolitico.mx\/wp-content\/uploads\/2020\/01\/6B807E2C-DB25-4ACF-AEEB-7E5AFDBE92FE.jpeg",320,305,false],"thumbnail":["https:\/\/quehacerpolitico.mx\/wp-content\/uploads\/2020\/01\/6B807E2C-DB25-4ACF-AEEB-7E5AFDBE92FE-150x150.jpeg",150,150,true],"medium":["https:\/\/quehacerpolitico.mx\/wp-content\/uploads\/2020\/01\/6B807E2C-DB25-4ACF-AEEB-7E5AFDBE92FE-300x286.jpeg",300,286,true],"medium_large":["https:\/\/quehacerpolitico.mx\/wp-content\/uploads\/2020\/01\/6B807E2C-DB25-4ACF-AEEB-7E5AFDBE92FE.jpeg",320,305,false],"large":["https:\/\/quehacerpolitico.mx\/wp-content\/uploads\/2020\/01\/6B807E2C-DB25-4ACF-AEEB-7E5AFDBE92FE.jpeg",320,305,false],"1536x1536":["https:\/\/quehacerpolitico.mx\/wp-content\/uploads\/2020\/01\/6B807E2C-DB25-4ACF-AEEB-7E5AFDBE92FE.jpeg",320,305,false],"2048x2048":["https:\/\/quehacerpolitico.mx\/wp-content\/uploads\/2020\/01\/6B807E2C-DB25-4ACF-AEEB-7E5AFDBE92FE.jpeg",320,305,false],"covernews-featured":["https:\/\/quehacerpolitico.mx\/wp-content\/uploads\/2020\/01\/6B807E2C-DB25-4ACF-AEEB-7E5AFDBE92FE.jpeg",320,305,false],"covernews-medium":["https:\/\/quehacerpolitico.mx\/wp-content\/uploads\/2020\/01\/6B807E2C-DB25-4ACF-AEEB-7E5AFDBE92FE.jpeg",320,305,false]},"author_info":{"display_name":"Redacci\u00f3n QP","author_link":"https:\/\/quehacerpolitico.mx\/?author=2"},"category_info":"<a href=\"https:\/\/quehacerpolitico.mx\/?cat=1\" rel=\"category\">Internacionales<\/a>","tag_info":"Internacionales","comment_count":"0","_links":{"self":[{"href":"https:\/\/quehacerpolitico.mx\/index.php?rest_route=\/wp\/v2\/posts\/50560","targetHints":{"allow":["GET"]}}],"collection":[{"href":"https:\/\/quehacerpolitico.mx\/index.php?rest_route=\/wp\/v2\/posts"}],"about":[{"href":"https:\/\/quehacerpolitico.mx\/index.php?rest_route=\/wp\/v2\/types\/post"}],"author":[{"embeddable":true,"href":"https:\/\/quehacerpolitico.mx\/index.php?rest_route=\/wp\/v2\/users\/2"}],"replies":[{"embeddable":true,"href":"https:\/\/quehacerpolitico.mx\/index.php?rest_route=%2Fwp%2Fv2%2Fcomments&post=50560"}],"version-history":[{"count":0,"href":"https:\/\/quehacerpolitico.mx\/index.php?rest_route=\/wp\/v2\/posts\/50560\/revisions"}],"wp:featuredmedia":[{"embeddable":true,"href":"https:\/\/quehacerpolitico.mx\/index.php?rest_route=\/wp\/v2\/media\/50561"}],"wp:attachment":[{"href":"https:\/\/quehacerpolitico.mx\/index.php?rest_route=%2Fwp%2Fv2%2Fmedia&parent=50560"}],"wp:term":[{"taxonomy":"category","embeddable":true,"href":"https:\/\/quehacerpolitico.mx\/index.php?rest_route=%2Fwp%2Fv2%2Fcategories&post=50560"},{"taxonomy":"post_tag","embeddable":true,"href":"https:\/\/quehacerpolitico.mx\/index.php?rest_route=%2Fwp%2Fv2%2Ftags&post=50560"}],"curies":[{"name":"wp","href":"https:\/\/api.w.org\/{rel}","templated":true}]}}